{"id":10476,"date":"2020-01-19T17:41:13","date_gmt":"2020-01-19T16:41:13","guid":{"rendered":"https:\/\/ozinzen.com\/blog\/?p=10476"},"modified":"2020-01-20T11:44:30","modified_gmt":"2020-01-20T10:44:30","slug":"des-feministes-radicalisees-sopposent-au-fait-quun-homme-puisse-devenir-femme-par-simple-declaration","status":"publish","type":"post","link":"https:\/\/ozinzen.com\/blog\/des-feministes-radicalisees-sopposent-au-fait-quun-homme-puisse-devenir-femme-par-simple-declaration\/","title":{"rendered":"Des f\u00e9ministes radicalis\u00e9es s&rsquo;opposent au fait qu&rsquo;un homme puisse devenir femme par simple d\u00e9claration"},"content":{"rendered":"\n<figure class=\"wp-block-image size-large\"><img loading=\"lazy\" decoding=\"async\" width=\"1024\" height=\"683\" src=\"https:\/\/ozinzen.com\/blog\/wp-content\/uploads\/2020\/01\/f\u00e9ministe-typique-1024x683.jpg\" alt=\"\" class=\"wp-image-10479\" srcset=\"https:\/\/ozinzen.com\/blog\/wp-content\/uploads\/2020\/01\/f\u00e9ministe-typique-1024x683.jpg 1024w, https:\/\/ozinzen.com\/blog\/wp-content\/uploads\/2020\/01\/f\u00e9ministe-typique-300x200.jpg 300w, https:\/\/ozinzen.com\/blog\/wp-content\/uploads\/2020\/01\/f\u00e9ministe-typique-768x513.jpg 768w, https:\/\/ozinzen.com\/blog\/wp-content\/uploads\/2020\/01\/f\u00e9ministe-typique.jpg 1536w\" sizes=\"auto, (max-width: 1024px) 100vw, 1024px\" \/><\/figure>\n\n\n\n<p>En juillet 2018 au Canada, l&rsquo;activiste transgenre Jessica\nYaniv a port\u00e9 plainte pour discrimination contre une esth\u00e9ticienne qui avait\nrefus\u00e9 de lui faire une \u00e9pilation br\u00e9silienne.<\/p>\n\n\n\n<p>Yaniv est une femme trans, et lorsqu&rsquo;elle a pr\u00e9cis\u00e9 qu&rsquo;elle\navait des organes g\u00e9nitaux masculins, l&rsquo;esth\u00e9ticienne a annul\u00e9 le rendez-vous.\nCette derni\u00e8re a expliqu\u00e9 qu&rsquo;\u00e9piler des organes g\u00e9nitaux masculins la mettait\nmal \u00e0 l&rsquo;aise et qu&rsquo;elle n&rsquo;\u00e9tait pas form\u00e9e \u00e0 ce genre d&rsquo;\u00e9pilation intime.<\/p>\n\n\n\n<!--more-->\n\n\n\n<p>Pour Yaniv, il s&rsquo;agissait d&rsquo;une discrimination transphobe;\nen octobre 2018, un tribunal de Colombie-Britannique a pourtant donn\u00e9 raison \u00e0\nl&rsquo;esth\u00e9ticienne. Selon son avocat, \u00abaucune femme ne devrait \u00eatre oblig\u00e9e de\ntoucher des organes g\u00e9nitaux masculins contre son gr\u00e9, quel que soit le genre\nde la personne\u00bb.<\/p>\n\n\n\n<p>La plainte de Jessica Yaniv est extr\u00eame et a \u00e9t\u00e9 critiqu\u00e9e\npar d&rsquo;autres activistes trans au Canada, mais son proc\u00e8s permet de comprendre\nle d\u00e9bat qui fait rage entre f\u00e9ministes radicales et activistes trans,\nnotamment en Am\u00e9rique du Nord et en Angleterre.<\/p>\n\n\n\n<p>Si, comme Yaniv, une personne n\u00e9e homme peut se dire femme,\ndonc d\u00e9terminer son propre genre et demander l&rsquo;acc\u00e8s \u00e0 certains espaces ou\nservices, les droits des personnes trans repr\u00e9sentent-ils alors une menace pour\nles droits des femmes?<\/p>\n\n\n\n<p>C&rsquo;est ce que pensent certaines f\u00e9ministes radicales, qui se\nd\u00e9crivent comme \u00abgender critical\u00bb (\u00abcritiques de la notion de genre\u00bb) et que\nleurs adversaires qualifient de \u00abTERF\u00bb, pour \u00abtrans exclusionary radical\nfeminists\u00bb, soit des f\u00e9ministes radicales excluant les personnes trans.<\/p>\n\n\n\n<p>Le cas Yaniv montre que l&rsquo;id\u00e9e que \u00ables femmes trans sont\ndes femmes\u00bb, le slogan revendiqu\u00e9 par les activistes, peut s&rsquo;av\u00e9rer compliqu\u00e9e\ndans certains cas pratiques pr\u00e9cis \u2013le sport de comp\u00e9tition est un autre\nexemple controvers\u00e9.<\/p>\n\n\n\n<p><strong>Reconnaissance de genre<\/strong><\/p>\n\n\n\n<p>En Angleterre, les f\u00e9ministes critiques du genre s&rsquo;opposent\nactuellement \u00e0 une proposition de r\u00e9forme de la loi sur la reconnaissance de\ngenre. Si cette r\u00e9forme est adopt\u00e9e, la perception personnelle d&rsquo;identit\u00e9 de\ngenre sera suffisante pour changer l\u00e9galement de sexe.<\/p>\n\n\n\n<p>Dans sa forme actuelle, la loi britannique permet le\nchangement de sexe l\u00e9gal uniquement si la personne qui fait la demande dispose\nd&rsquo;un diagnostic m\u00e9dical de dysphorie de genre et a v\u00e9cu en tant que personne\ntrans pendant deux ans.<\/p>\n\n\n\n<p>Les activistes trans pensent que ces obligations sont\nexcessives, alors que les f\u00e9ministes radicales s&rsquo;opposent au fait que l&rsquo;on\npuisse devenir femme aux yeux de la loi par simple d\u00e9claration. Leur d\u00e9finition\nde la femme est bas\u00e9e sur des propri\u00e9t\u00e9s biologiques communes, comme les\nchromosomes, l&rsquo;anatomie et les hormones.<\/p>\n\n\n\n<p>\u00abPour le mouvement trans, le fait d&rsquo;\u00eatre une femme (ou un\nhomme) est une question de perception personnelle, alors que pour les\nf\u00e9ministes radicales, c&rsquo;est une condition mat\u00e9rielle\u00bb, r\u00e9sumait la journaliste\nMichelle Goldberg dans un article de Slate.com.<\/p>\n\n\n\n<p>[\u2026]<\/p>\n\n\n\n<p>Si les femmes trans ne sont pas reconnues comme femmes,\nelles sont alors exclues des espaces r\u00e9serv\u00e9s aux femmes, par exemple les\nrefuges pour femmes victimes de violence conjugale, les prisons ou les\ntoilettes s\u00e9par\u00e9es.<\/p>\n\n\n\n<p>[\u2026]<\/p>\n\n\n\n<p><strong>\u00c9pineuse question sportive<\/strong><\/p>\n\n\n\n<p>Si les f\u00e9ministes \u00abgender critical\u00bb peuvent \u00eatre extr\u00eames\ndans leur n\u00e9gation de l&rsquo;existence d&rsquo;une identit\u00e9 de genre, certaines activistes\ntrans refusent la prise en compte des distinctions biologiques entre hommes et\nfemmes de mani\u00e8re qui peut \u00eatre controvers\u00e9e, notamment dans le contexte\nsportif.<\/p>\n\n\n\n<p>Alors que la plupart des sports de comp\u00e9tition ainsi que les\nJeux olympiques requi\u00e8rent que les femmes athl\u00e8tes trans suivent des\ntraitements pour r\u00e9duire leur taux de testost\u00e9rone, ce n&rsquo;est pas le cas des\nsports pratiqu\u00e9s dans les lyc\u00e9es am\u00e9ricains.<\/p>\n\n\n\n<p>Dans le Connecticut, trois jeunes filles athl\u00e8tes ont\nr\u00e9cemment port\u00e9 plainte contre ces r\u00e8gles. Elles avancent que deux sportives\ntrans de leur ligue d&rsquo;athl\u00e9tisme remportent syst\u00e9matiquement les comp\u00e9titions\net que c&rsquo;est injuste, dans un contexte o\u00f9 ces performances sportives peuvent\nd\u00e9terminer l&rsquo;obtention de bourses dans des universit\u00e9s.<\/p>\n\n\n\n<p>L&rsquo;une des plaignantes assure qu&rsquo;elle soutient le droit de\nces \u00e9l\u00e8ves trans \u00e0 exprimer leur identit\u00e9 de genre comme elles le souhaitent,\nmais que dans le domaine sportif, il faut des r\u00e8gles suppl\u00e9mentaires pour que\nla comp\u00e9tition soit \u00e9quitable.<\/p>\n\n\n\n<p>Les athl\u00e8tes trans sont divis\u00e9es sur le sujet. Selon Joanna\nHarper, une coureuse trans britannique qui a conseill\u00e9 le Comit\u00e9 olympique, la\nr\u00e8gle du taux de testost\u00e9rone sous 5 nanomoles par litre de sang est une bonne\nsolution, m\u00eame s&rsquo;il faudrait mener plus de recherches.<\/p>\n\n\n\n<p>De son c\u00f4t\u00e9, l&rsquo;athl\u00e8te trans Rachel McKinnon, professeure de\nphilophie et championne de cyclisme, voit l&rsquo;obligation \u00e0 suivre un traitement\ncomme une violation de ses droits humains.<\/p>\n\n\n\n<p>Alors que les activistes trans consid\u00e8rent l&rsquo;insistance sur\nles diff\u00e9rences biologiques entre hommes et femmes comme excluante, les\nf\u00e9ministes \u00abgender critical\u00bb sont persuad\u00e9es que le mouvement trans m\u00e8ne \u00e0\nl&rsquo;invisibilisation des femmes.<\/p>\n\n\n\n<p>Il y a quelques mois, lorsqu&rsquo;une marque de serviettes\nhygi\u00e9niques a enlev\u00e9 le signe de la femme de son emballage parce que des\nactivistes trans ont affirm\u00e9 que cela excluait les hommes trans (dont certains\nont des vagins), des f\u00e9ministes radicales se sont insurg\u00e9es. La militante Julie\nBindel a d\u00e9nonc\u00e9 un climat visant \u00e0 \u00abl&rsquo;\u00e9limination totale de la biologie des\nfemmes\u00bb.<\/p>\n\n\n\n<p><strong>Champ de mines<\/strong><\/p>\n\n\n\n<p>Il s&rsquo;agit d&rsquo;une exag\u00e9ration, mais Julie Bindel met le doigt\nsur une certaine r\u00e9alit\u00e9: dans certains contextes, la simple utilisation du mot\n\u00abfemme\u00bb est d\u00e9sormais consid\u00e9r\u00e9e comme excluante, ce qui m\u00e8ne \u00e0 des\nformulations qui peuvent sonner \u00e9trangement, comme lorsqu&rsquo;une organisation\nanglaise de recherche contre le cancer a tweet\u00e9 que le d\u00e9pistage du cancer du\ncol de l&rsquo;ut\u00e9rus concernait \u00abtoutes les personnes entre 25 et 64 ans qui ont un\nut\u00e9rus\u00bb, une paraphrase qui permettait d&rsquo;\u00e9viter de dire \u00abfemmes\u00bb.<\/p>\n\n\n\n<p>En r\u00e8gle g\u00e9n\u00e9rale, la fa\u00e7on dont chacun\u00b7e parle de genre et\nde sexe est devenu un champ de mines, particuli\u00e8rement dans le milieu\nuniversitaire. Plusieurs universit\u00e9s britanniques ont annul\u00e9 des \u00e9v\u00e9nements\navec des f\u00e9ministes \u00abTERF\u00bb \u00e0 la suite de pressions d&rsquo;activistes trans.<\/p>\n\n\n\n<p>En mars 2019, apr\u00e8s des menaces, l&rsquo;Open University a d\u00fb\nannuler une conf\u00e9rence sur la prison en Angleterre, car l&rsquo;association\norganisatrice avait pour position que les d\u00e9tenues trans devaient \u00eatre s\u00e9par\u00e9es\ndes femmes cisgenres.<\/p>\n\n\n\n<p>En 2017 aux \u00c9tats-Unis, une jeune professeure de\nphilosophie, Rebecca Tuvel, a fait l&rsquo;objet de harc\u00e8lement pour un article sur\nle transracialisme (publi\u00e9 dans la revue Hypatia) qui posait la question des\ndiff\u00e9rences entre le cas d&rsquo;une femme trans comme Caitlyn Jenner et celui de\nRachel Dolezal, une femme blanche qui se consid\u00e8re comme afro-am\u00e9ricaine.<\/p>\n\n\n\n<p>Son texte n&rsquo;avait pas pour but de remettre en question la validit\u00e9 de l&rsquo;exp\u00e9rience trans, mais l&rsquo;article a d\u00e9cha\u00een\u00e9 les foudres des activistes (elle a \u00e9t\u00e9 accus\u00e9e d&rsquo;\u00eatre raciste et transphobe) et plusieurs profs ont sign\u00e9 une lettre pour demander que l&rsquo;article soit retir\u00e9.<\/p>\n\n\n\n<p><strong><a href=\"http:\/\/www.slate.fr\/story\/185381\/feminisme-feministes-critiques-genre-gender-critical-terf-activistes-trans-definition-femme\" target=\"_blank\" rel=\"noreferrer noopener\" aria-label=\"Extrait de Slate (s\u2019ouvre dans un nouvel onglet)\">Extrait de Slate<\/a><\/strong><\/p>\n","protected":false},"excerpt":{"rendered":"<p>En juillet 2018 au Canada, l&rsquo;activiste transgenre Jessica Yaniv a port\u00e9 plainte pour discrimination contre une esth\u00e9ticienne qui avait refus\u00e9 de lui faire une \u00e9pilation br\u00e9silienne. Yaniv est une femme trans, et lorsqu&rsquo;elle a pr\u00e9cis\u00e9 qu&rsquo;elle avait des organes g\u00e9nitaux masculins, l&rsquo;esth\u00e9ticienne a annul\u00e9 le rendez-vous. Cette derni\u00e8re a expliqu\u00e9 qu&rsquo;\u00e9piler des organes g\u00e9nitaux masculins [&hellip;]<\/p>\n","protected":false},"author":2,"featured_media":10479,"comment_status":"closed","ping_status":"closed","sticky":false,"template":"","format":"standard","meta":{"_genesis_hide_title":false,"_genesis_hide_breadcrumbs":false,"_genesis_hide_singular_image":false,"_genesis_hide_footer_widgets":false,"_genesis_custom_body_class":"","_genesis_custom_post_class":"","_genesis_layout":"","footnotes":""},"categories":[55],"tags":[],"class_list":{"0":"post-10476","1":"post","2":"type-post","3":"status-publish","4":"format-standard","5":"has-post-thumbnail","7":"category-societe","8":"entry"},"yoast_head":"<!-- This site is optimized with the Yoast SEO plugin v27.1.1 - https:\/\/yoast.com\/product\/yoast-seo-wordpress\/ -->\n<title>Des f\u00e9ministes radicalis\u00e9es s&#039;opposent au fait qu&#039;un homme puisse devenir femme par simple d\u00e9claration - Ozinzen<\/title>\n<meta name=\"description\" content=\"En juillet 2018 au Canada, l&#039;activiste transgenre Jessica Yaniv a port\u00e9 plainte pour discrimination contre une esth\u00e9ticienne qui avait refus\u00e9 de lui faire\" \/>\n<meta name=\"robots\" content=\"index, follow, max-snippet:-1, max-image-preview:large, max-video-preview:-1\" \/>\n<link rel=\"canonical\" href=\"https:\/\/ozinzen.com\/blog\/des-feministes-radicalisees-sopposent-au-fait-quun-homme-puisse-devenir-femme-par-simple-declaration\/\" \/>\n<meta property=\"og:locale\" content=\"fr_FR\" \/>\n<meta property=\"og:type\" content=\"article\" \/>\n<meta property=\"og:title\" content=\"Des f\u00e9ministes radicalis\u00e9es s&#039;opposent au fait qu&#039;un homme puisse devenir femme par simple d\u00e9claration - Ozinzen\" \/>\n<meta property=\"og:description\" content=\"En juillet 2018 au Canada, l&#039;activiste transgenre Jessica Yaniv a port\u00e9 plainte pour discrimination contre une esth\u00e9ticienne qui avait refus\u00e9 de lui faire\" \/>\n<meta property=\"og:url\" content=\"https:\/\/ozinzen.com\/blog\/des-feministes-radicalisees-sopposent-au-fait-quun-homme-puisse-devenir-femme-par-simple-declaration\/\" \/>\n<meta property=\"og:site_name\" content=\"Ozinzen\" \/>\n<meta property=\"article:published_time\" content=\"2020-01-19T16:41:13+00:00\" \/>\n<meta property=\"article:modified_time\" content=\"2020-01-20T10:44:30+00:00\" \/>\n<meta property=\"og:image\" content=\"https:\/\/ozinzen.com\/blog\/wp-content\/uploads\/2020\/01\/f\u00e9ministe-typique.jpg\" \/>\n\t<meta property=\"og:image:width\" content=\"1536\" \/>\n\t<meta property=\"og:image:height\" content=\"1025\" \/>\n\t<meta property=\"og:image:type\" content=\"image\/jpeg\" \/>\n<meta name=\"author\" content=\"Marc Sigrist\" \/>\n<meta name=\"twitter:card\" content=\"summary_large_image\" \/>\n<meta name=\"twitter:creator\" content=\"@ozinzen\" \/>\n<meta name=\"twitter:site\" content=\"@ozinzen\" \/>\n<meta name=\"twitter:label1\" content=\"\u00c9crit par\" \/>\n\t<meta name=\"twitter:data1\" content=\"Marc Sigrist\" \/>\n\t<meta name=\"twitter:label2\" content=\"Dur\u00e9e de lecture estim\u00e9e\" \/>\n\t<meta name=\"twitter:data2\" content=\"6 minutes\" \/>\n<script type=\"application\/ld+json\" class=\"yoast-schema-graph\">{\"@context\":\"https:\/\/schema.org\",\"@graph\":[{\"@type\":\"Article\",\"@id\":\"https:\/\/ozinzen.com\/blog\/des-feministes-radicalisees-sopposent-au-fait-quun-homme-puisse-devenir-femme-par-simple-declaration\/#article\",\"isPartOf\":{\"@id\":\"https:\/\/ozinzen.com\/blog\/des-feministes-radicalisees-sopposent-au-fait-quun-homme-puisse-devenir-femme-par-simple-declaration\/\"},\"author\":{\"name\":\"Marc Sigrist\",\"@id\":\"https:\/\/ozinzen.com\/blog\/#\/schema\/person\/c3f9b942ea7cfc90188ae840a2cf2fb1\"},\"headline\":\"Des f\u00e9ministes radicalis\u00e9es s&rsquo;opposent au fait qu&rsquo;un homme puisse devenir femme par simple d\u00e9claration\",\"datePublished\":\"2020-01-19T16:41:13+00:00\",\"dateModified\":\"2020-01-20T10:44:30+00:00\",\"mainEntityOfPage\":{\"@id\":\"https:\/\/ozinzen.com\/blog\/des-feministes-radicalisees-sopposent-au-fait-quun-homme-puisse-devenir-femme-par-simple-declaration\/\"},\"wordCount\":1202,\"publisher\":{\"@id\":\"https:\/\/ozinzen.com\/blog\/#organization\"},\"image\":{\"@id\":\"https:\/\/ozinzen.com\/blog\/des-feministes-radicalisees-sopposent-au-fait-quun-homme-puisse-devenir-femme-par-simple-declaration\/#primaryimage\"},\"thumbnailUrl\":\"https:\/\/ozinzen.com\/blog\/wp-content\/uploads\/2020\/01\/f\u00e9ministe-typique.jpg\",\"articleSection\":[\"Soci\u00e9t\u00e9\"],\"inLanguage\":\"fr-FR\"},{\"@type\":\"WebPage\",\"@id\":\"https:\/\/ozinzen.com\/blog\/des-feministes-radicalisees-sopposent-au-fait-quun-homme-puisse-devenir-femme-par-simple-declaration\/\",\"url\":\"https:\/\/ozinzen.com\/blog\/des-feministes-radicalisees-sopposent-au-fait-quun-homme-puisse-devenir-femme-par-simple-declaration\/\",\"name\":\"Des f\u00e9ministes radicalis\u00e9es s'opposent au fait qu'un homme puisse devenir femme par simple d\u00e9claration - Ozinzen\",\"isPartOf\":{\"@id\":\"https:\/\/ozinzen.com\/blog\/#website\"},\"primaryImageOfPage\":{\"@id\":\"https:\/\/ozinzen.com\/blog\/des-feministes-radicalisees-sopposent-au-fait-quun-homme-puisse-devenir-femme-par-simple-declaration\/#primaryimage\"},\"image\":{\"@id\":\"https:\/\/ozinzen.com\/blog\/des-feministes-radicalisees-sopposent-au-fait-quun-homme-puisse-devenir-femme-par-simple-declaration\/#primaryimage\"},\"thumbnailUrl\":\"https:\/\/ozinzen.com\/blog\/wp-content\/uploads\/2020\/01\/f\u00e9ministe-typique.jpg\",\"datePublished\":\"2020-01-19T16:41:13+00:00\",\"dateModified\":\"2020-01-20T10:44:30+00:00\",\"description\":\"En juillet 2018 au Canada, l'activiste transgenre Jessica Yaniv a port\u00e9 plainte pour discrimination contre une esth\u00e9ticienne qui avait refus\u00e9 de lui faire\",\"breadcrumb\":{\"@id\":\"https:\/\/ozinzen.com\/blog\/des-feministes-radicalisees-sopposent-au-fait-quun-homme-puisse-devenir-femme-par-simple-declaration\/#breadcrumb\"},\"inLanguage\":\"fr-FR\",\"potentialAction\":[{\"@type\":\"ReadAction\",\"target\":[\"https:\/\/ozinzen.com\/blog\/des-feministes-radicalisees-sopposent-au-fait-quun-homme-puisse-devenir-femme-par-simple-declaration\/\"]}]},{\"@type\":\"ImageObject\",\"inLanguage\":\"fr-FR\",\"@id\":\"https:\/\/ozinzen.com\/blog\/des-feministes-radicalisees-sopposent-au-fait-quun-homme-puisse-devenir-femme-par-simple-declaration\/#primaryimage\",\"url\":\"https:\/\/ozinzen.com\/blog\/wp-content\/uploads\/2020\/01\/f\u00e9ministe-typique.jpg\",\"contentUrl\":\"https:\/\/ozinzen.com\/blog\/wp-content\/uploads\/2020\/01\/f\u00e9ministe-typique.jpg\",\"width\":1536,\"height\":1025},{\"@type\":\"BreadcrumbList\",\"@id\":\"https:\/\/ozinzen.com\/blog\/des-feministes-radicalisees-sopposent-au-fait-quun-homme-puisse-devenir-femme-par-simple-declaration\/#breadcrumb\",\"itemListElement\":[{\"@type\":\"ListItem\",\"position\":1,\"name\":\"Accueil\",\"item\":\"https:\/\/ozinzen.com\/blog\/\"},{\"@type\":\"ListItem\",\"position\":2,\"name\":\"Des f\u00e9ministes radicalis\u00e9es s&#8217;opposent au fait qu&#8217;un homme puisse devenir femme par simple d\u00e9claration\"}]},{\"@type\":\"WebSite\",\"@id\":\"https:\/\/ozinzen.com\/blog\/#website\",\"url\":\"https:\/\/ozinzen.com\/blog\/\",\"name\":\"Ozinzen\",\"description\":\"Mode de vie et sant\u00e9\",\"publisher\":{\"@id\":\"https:\/\/ozinzen.com\/blog\/#organization\"},\"potentialAction\":[{\"@type\":\"SearchAction\",\"target\":{\"@type\":\"EntryPoint\",\"urlTemplate\":\"https:\/\/ozinzen.com\/blog\/?s={search_term_string}\"},\"query-input\":{\"@type\":\"PropertyValueSpecification\",\"valueRequired\":true,\"valueName\":\"search_term_string\"}}],\"inLanguage\":\"fr-FR\"},{\"@type\":\"Organization\",\"@id\":\"https:\/\/ozinzen.com\/blog\/#organization\",\"name\":\"Ozinzen\",\"url\":\"https:\/\/ozinzen.com\/blog\/\",\"logo\":{\"@type\":\"ImageObject\",\"inLanguage\":\"fr-FR\",\"@id\":\"https:\/\/ozinzen.com\/blog\/#\/schema\/logo\/image\/\",\"url\":\"https:\/\/ozinzen.com\/blog\/wp-content\/uploads\/2023\/01\/ozinzen.png\",\"contentUrl\":\"https:\/\/ozinzen.com\/blog\/wp-content\/uploads\/2023\/01\/ozinzen.png\",\"width\":64,\"height\":64,\"caption\":\"Ozinzen\"},\"image\":{\"@id\":\"https:\/\/ozinzen.com\/blog\/#\/schema\/logo\/image\/\"},\"sameAs\":[\"https:\/\/x.com\/ozinzen\"]},{\"@type\":\"Person\",\"@id\":\"https:\/\/ozinzen.com\/blog\/#\/schema\/person\/c3f9b942ea7cfc90188ae840a2cf2fb1\",\"name\":\"Marc Sigrist\",\"image\":{\"@type\":\"ImageObject\",\"inLanguage\":\"fr-FR\",\"@id\":\"https:\/\/ozinzen.com\/blog\/#\/schema\/person\/image\/\",\"url\":\"https:\/\/secure.gravatar.com\/avatar\/187f82243f15c243b39ac53fcbd3ac6ae072d40425f7b43c2878b6fb120dbb31?s=96&d=mm&r=g\",\"contentUrl\":\"https:\/\/secure.gravatar.com\/avatar\/187f82243f15c243b39ac53fcbd3ac6ae072d40425f7b43c2878b6fb120dbb31?s=96&d=mm&r=g\",\"caption\":\"Marc Sigrist\"}}]}<\/script>\n<!-- \/ Yoast SEO plugin. -->","yoast_head_json":{"title":"Des f\u00e9ministes radicalis\u00e9es s'opposent au fait qu'un homme puisse devenir femme par simple d\u00e9claration - Ozinzen","description":"En juillet 2018 au Canada, l'activiste transgenre Jessica Yaniv a port\u00e9 plainte pour discrimination contre une esth\u00e9ticienne qui avait refus\u00e9 de lui faire","robots":{"index":"index","follow":"follow","max-snippet":"max-snippet:-1","max-image-preview":"max-image-preview:large","max-video-preview":"max-video-preview:-1"},"canonical":"https:\/\/ozinzen.com\/blog\/des-feministes-radicalisees-sopposent-au-fait-quun-homme-puisse-devenir-femme-par-simple-declaration\/","og_locale":"fr_FR","og_type":"article","og_title":"Des f\u00e9ministes radicalis\u00e9es s'opposent au fait qu'un homme puisse devenir femme par simple d\u00e9claration - Ozinzen","og_description":"En juillet 2018 au Canada, l'activiste transgenre Jessica Yaniv a port\u00e9 plainte pour discrimination contre une esth\u00e9ticienne qui avait refus\u00e9 de lui faire","og_url":"https:\/\/ozinzen.com\/blog\/des-feministes-radicalisees-sopposent-au-fait-quun-homme-puisse-devenir-femme-par-simple-declaration\/","og_site_name":"Ozinzen","article_published_time":"2020-01-19T16:41:13+00:00","article_modified_time":"2020-01-20T10:44:30+00:00","og_image":[{"width":1536,"height":1025,"url":"https:\/\/ozinzen.com\/blog\/wp-content\/uploads\/2020\/01\/f\u00e9ministe-typique.jpg","type":"image\/jpeg"}],"author":"Marc Sigrist","twitter_card":"summary_large_image","twitter_creator":"@ozinzen","twitter_site":"@ozinzen","twitter_misc":{"\u00c9crit par":"Marc Sigrist","Dur\u00e9e de lecture estim\u00e9e":"6 minutes"},"schema":{"@context":"https:\/\/schema.org","@graph":[{"@type":"Article","@id":"https:\/\/ozinzen.com\/blog\/des-feministes-radicalisees-sopposent-au-fait-quun-homme-puisse-devenir-femme-par-simple-declaration\/#article","isPartOf":{"@id":"https:\/\/ozinzen.com\/blog\/des-feministes-radicalisees-sopposent-au-fait-quun-homme-puisse-devenir-femme-par-simple-declaration\/"},"author":{"name":"Marc Sigrist","@id":"https:\/\/ozinzen.com\/blog\/#\/schema\/person\/c3f9b942ea7cfc90188ae840a2cf2fb1"},"headline":"Des f\u00e9ministes radicalis\u00e9es s&rsquo;opposent au fait qu&rsquo;un homme puisse devenir femme par simple d\u00e9claration","datePublished":"2020-01-19T16:41:13+00:00","dateModified":"2020-01-20T10:44:30+00:00","mainEntityOfPage":{"@id":"https:\/\/ozinzen.com\/blog\/des-feministes-radicalisees-sopposent-au-fait-quun-homme-puisse-devenir-femme-par-simple-declaration\/"},"wordCount":1202,"publisher":{"@id":"https:\/\/ozinzen.com\/blog\/#organization"},"image":{"@id":"https:\/\/ozinzen.com\/blog\/des-feministes-radicalisees-sopposent-au-fait-quun-homme-puisse-devenir-femme-par-simple-declaration\/#primaryimage"},"thumbnailUrl":"https:\/\/ozinzen.com\/blog\/wp-content\/uploads\/2020\/01\/f\u00e9ministe-typique.jpg","articleSection":["Soci\u00e9t\u00e9"],"inLanguage":"fr-FR"},{"@type":"WebPage","@id":"https:\/\/ozinzen.com\/blog\/des-feministes-radicalisees-sopposent-au-fait-quun-homme-puisse-devenir-femme-par-simple-declaration\/","url":"https:\/\/ozinzen.com\/blog\/des-feministes-radicalisees-sopposent-au-fait-quun-homme-puisse-devenir-femme-par-simple-declaration\/","name":"Des f\u00e9ministes radicalis\u00e9es s'opposent au fait qu'un homme puisse devenir femme par simple d\u00e9claration - Ozinzen","isPartOf":{"@id":"https:\/\/ozinzen.com\/blog\/#website"},"primaryImageOfPage":{"@id":"https:\/\/ozinzen.com\/blog\/des-feministes-radicalisees-sopposent-au-fait-quun-homme-puisse-devenir-femme-par-simple-declaration\/#primaryimage"},"image":{"@id":"https:\/\/ozinzen.com\/blog\/des-feministes-radicalisees-sopposent-au-fait-quun-homme-puisse-devenir-femme-par-simple-declaration\/#primaryimage"},"thumbnailUrl":"https:\/\/ozinzen.com\/blog\/wp-content\/uploads\/2020\/01\/f\u00e9ministe-typique.jpg","datePublished":"2020-01-19T16:41:13+00:00","dateModified":"2020-01-20T10:44:30+00:00","description":"En juillet 2018 au Canada, l'activiste transgenre Jessica Yaniv a port\u00e9 plainte pour discrimination contre une esth\u00e9ticienne qui avait refus\u00e9 de lui faire","breadcrumb":{"@id":"https:\/\/ozinzen.com\/blog\/des-feministes-radicalisees-sopposent-au-fait-quun-homme-puisse-devenir-femme-par-simple-declaration\/#breadcrumb"},"inLanguage":"fr-FR","potentialAction":[{"@type":"ReadAction","target":["https:\/\/ozinzen.com\/blog\/des-feministes-radicalisees-sopposent-au-fait-quun-homme-puisse-devenir-femme-par-simple-declaration\/"]}]},{"@type":"ImageObject","inLanguage":"fr-FR","@id":"https:\/\/ozinzen.com\/blog\/des-feministes-radicalisees-sopposent-au-fait-quun-homme-puisse-devenir-femme-par-simple-declaration\/#primaryimage","url":"https:\/\/ozinzen.com\/blog\/wp-content\/uploads\/2020\/01\/f\u00e9ministe-typique.jpg","contentUrl":"https:\/\/ozinzen.com\/blog\/wp-content\/uploads\/2020\/01\/f\u00e9ministe-typique.jpg","width":1536,"height":1025},{"@type":"BreadcrumbList","@id":"https:\/\/ozinzen.com\/blog\/des-feministes-radicalisees-sopposent-au-fait-quun-homme-puisse-devenir-femme-par-simple-declaration\/#breadcrumb","itemListElement":[{"@type":"ListItem","position":1,"name":"Accueil","item":"https:\/\/ozinzen.com\/blog\/"},{"@type":"ListItem","position":2,"name":"Des f\u00e9ministes radicalis\u00e9es s&#8217;opposent au fait qu&#8217;un homme puisse devenir femme par simple d\u00e9claration"}]},{"@type":"WebSite","@id":"https:\/\/ozinzen.com\/blog\/#website","url":"https:\/\/ozinzen.com\/blog\/","name":"Ozinzen","description":"Mode de vie et sant\u00e9","publisher":{"@id":"https:\/\/ozinzen.com\/blog\/#organization"},"potentialAction":[{"@type":"SearchAction","target":{"@type":"EntryPoint","urlTemplate":"https:\/\/ozinzen.com\/blog\/?s={search_term_string}"},"query-input":{"@type":"PropertyValueSpecification","valueRequired":true,"valueName":"search_term_string"}}],"inLanguage":"fr-FR"},{"@type":"Organization","@id":"https:\/\/ozinzen.com\/blog\/#organization","name":"Ozinzen","url":"https:\/\/ozinzen.com\/blog\/","logo":{"@type":"ImageObject","inLanguage":"fr-FR","@id":"https:\/\/ozinzen.com\/blog\/#\/schema\/logo\/image\/","url":"https:\/\/ozinzen.com\/blog\/wp-content\/uploads\/2023\/01\/ozinzen.png","contentUrl":"https:\/\/ozinzen.com\/blog\/wp-content\/uploads\/2023\/01\/ozinzen.png","width":64,"height":64,"caption":"Ozinzen"},"image":{"@id":"https:\/\/ozinzen.com\/blog\/#\/schema\/logo\/image\/"},"sameAs":["https:\/\/x.com\/ozinzen"]},{"@type":"Person","@id":"https:\/\/ozinzen.com\/blog\/#\/schema\/person\/c3f9b942ea7cfc90188ae840a2cf2fb1","name":"Marc Sigrist","image":{"@type":"ImageObject","inLanguage":"fr-FR","@id":"https:\/\/ozinzen.com\/blog\/#\/schema\/person\/image\/","url":"https:\/\/secure.gravatar.com\/avatar\/187f82243f15c243b39ac53fcbd3ac6ae072d40425f7b43c2878b6fb120dbb31?s=96&d=mm&r=g","contentUrl":"https:\/\/secure.gravatar.com\/avatar\/187f82243f15c243b39ac53fcbd3ac6ae072d40425f7b43c2878b6fb120dbb31?s=96&d=mm&r=g","caption":"Marc Sigrist"}}]}},"amp_enabled":true,"_links":{"self":[{"href":"https:\/\/ozinzen.com\/blog\/wp-json\/wp\/v2\/posts\/10476","targetHints":{"allow":["GET"]}}],"collection":[{"href":"https:\/\/ozinzen.com\/blog\/wp-json\/wp\/v2\/posts"}],"about":[{"href":"https:\/\/ozinzen.com\/blog\/wp-json\/wp\/v2\/types\/post"}],"author":[{"embeddable":true,"href":"https:\/\/ozinzen.com\/blog\/wp-json\/wp\/v2\/users\/2"}],"replies":[{"embeddable":true,"href":"https:\/\/ozinzen.com\/blog\/wp-json\/wp\/v2\/comments?post=10476"}],"version-history":[{"count":6,"href":"https:\/\/ozinzen.com\/blog\/wp-json\/wp\/v2\/posts\/10476\/revisions"}],"predecessor-version":[{"id":10483,"href":"https:\/\/ozinzen.com\/blog\/wp-json\/wp\/v2\/posts\/10476\/revisions\/10483"}],"wp:featuredmedia":[{"embeddable":true,"href":"https:\/\/ozinzen.com\/blog\/wp-json\/wp\/v2\/media\/10479"}],"wp:attachment":[{"href":"https:\/\/ozinzen.com\/blog\/wp-json\/wp\/v2\/media?parent=10476"}],"wp:term":[{"taxonomy":"category","embeddable":true,"href":"https:\/\/ozinzen.com\/blog\/wp-json\/wp\/v2\/categories?post=10476"},{"taxonomy":"post_tag","embeddable":true,"href":"https:\/\/ozinzen.com\/blog\/wp-json\/wp\/v2\/tags?post=10476"}],"curies":[{"name":"wp","href":"https:\/\/api.w.org\/{rel}","templated":true}]}}