{"id":10589,"date":"2020-03-14T13:04:06","date_gmt":"2020-03-14T12:04:06","guid":{"rendered":"https:\/\/ozinzen.com\/blog\/?p=10589"},"modified":"2020-03-20T08:49:03","modified_gmt":"2020-03-20T07:49:03","slug":"coronavirus-la-situation-tragique-subie-par-litalie-a-laquelle-la-france-lespagne-et-lallemagne-vont-devoir-faire-face-dans-les-prochains-jours","status":"publish","type":"post","link":"https:\/\/ozinzen.com\/blog\/coronavirus-la-situation-tragique-subie-par-litalie-a-laquelle-la-france-lespagne-et-lallemagne-vont-devoir-faire-face-dans-les-prochains-jours\/","title":{"rendered":"Coronavirus : la situation tragique subie par l\u2019Italie, \u00e0 laquelle la France, l\u2019Espagne et l\u2019Allemagne vont devoir faire face dans les prochains jours"},"content":{"rendered":"\n<figure class=\"wp-block-image size-large\"><img loading=\"lazy\" decoding=\"async\" width=\"474\" height=\"266\" src=\"https:\/\/ozinzen.com\/blog\/wp-content\/uploads\/2020\/03\/coronavirus.jpg\" alt=\"\" class=\"wp-image-10590\" srcset=\"https:\/\/ozinzen.com\/blog\/wp-content\/uploads\/2020\/03\/coronavirus.jpg 474w, https:\/\/ozinzen.com\/blog\/wp-content\/uploads\/2020\/03\/coronavirus-300x168.jpg 300w\" sizes=\"auto, (max-width: 474px) 100vw, 474px\" \/><\/figure>\n\n\n\n<p>Un document publi\u00e9 par la Soci\u00e9t\u00e9 italienne d\u2019anesth\u00e9sie,\nd\u2019analg\u00e9sie, de r\u00e9animation et de th\u00e9rapie intensive (Siaarti) refl\u00e8te la\nsituation catastrophique dans laquelle sont plong\u00e9s les h\u00f4pitaux des r\u00e9gions du\nnord du pays, les plus touch\u00e9es par le virus Covid-19 qui progresse \u00e0 une\nrapidit\u00e9 exponentielle.<\/p>\n\n\n\n<!--more-->\n\n\n\n<p>Bien que le syst\u00e8me sanitaire public en Lombardie, en\n\u00c9milie-Romagne et dans le Pi\u00e9mont soit consid\u00e9r\u00e9 comme le plus efficace\nd\u2019Italie, les unit\u00e9s de th\u00e9rapies intensives y sont d\u00e9sormais satur\u00e9es.<\/p>\n\n\n\n<p><strong>S\u00e9lection dramatique dans les unit\u00e9s de soin<\/strong><\/p>\n\n\n\n<p>Dans ce document intitul\u00e9 \u00ab\u2009Recommandations d\u2019\u00e9thique\nclinique pour l\u2019admission de patients dans des unit\u00e9s de th\u00e9rapie intensive et\npour leur suspension dans des conditions exceptionnelles de d\u00e9s\u00e9quilibre entre\nn\u00e9cessit\u00e9s et ressources disponibles\u2009\u00bb, il est indiqu\u00e9 que la pression \u00e0\nlaquelle sont soumis h\u00f4pitaux est telle que si l\u2019\u00e9pid\u00e9mie ne ralentit pas, il\nsera n\u00e9cessaire de fixer des crit\u00e8res de s\u00e9lection dans tout le pays<\/p>\n\n\n\n<p>\u00ab\u2009Dans le Nord, o\u00f9 plus de 500 patients sont en th\u00e9rapie\nintensive, nos confr\u00e8res qui travaillent pratiquement H 24, sont contraints\nd\u2019\u00e9valuer, au jour le jour, les cas qui peuvent avoir des chances de survivre\net ceux qui ont moins de probabilit\u00e9 de s\u2019en sortir. Cela vaut autant pour les\npersonnes atteintes de pathologies n\u00e9cessitant de soins intensifs que d\u2019une\nforme grave du coronavirus\u2009\u00bb, explique la pr\u00e9sidente de la Siaarti, Flavia\nPetrini.<\/p>\n\n\n\n<p>Et de pr\u00e9ciser\u2009: \u00ab\u2009Compte tenu du flux de malades qui\naugmente d\u2019heure en heure, du nombre restreint de lits de th\u00e9rapie intensive\n(moins de 6 000 dans les structures publiques) et du fait que de nombreux\nm\u00e9decins et infirmiers sont eux-m\u00eames atteints par le virus et en quarantaine,\nnous devons privil\u00e9gier les jeunes et ceux qui ont plus de chance de s\u2019en\nsortir.\u2009\u00bb<\/p>\n\n\n\n<p><strong>Une course contre la montre<\/strong><\/p>\n\n\n\n<p>Un m\u00e9decin de l\u2019h\u00f4pital de Cr\u00e9mone, en Lombardie, confirme\nsous couvert d\u2019anonymat le terrible dilemme. \u00ab\u2009Depuis ces derniers jours, nous\ndevons choisir qui intuber, entre un patient de 40 ans et un de 60 ans qui\nrisquent tous les deux de mourir. C\u2019est atroce et nous en pleurons, mais nous\nne disposons pas d\u2019appareils de ventilation artificielle en nombre suffisant.\u2009\u00bb<\/p>\n\n\n\n<p>Dimanche, peu apr\u00e8s la signature du d\u00e9cret de mise en\nquarantaine de la Lombardie et de 14 provinces, situ\u00e9es entre l\u2019\u00c9milie-Romagne,\nla V\u00e9n\u00e9tie et les Marches, soit 16 millions de personnes confin\u00e9es jusqu\u2019au 3\navril, le chef du gouvernement Giuseppe Conte a assur\u00e9, que \u00ab\u2009tout sera fait\npour pallier les carences\u2009\u00bb. Un pr\u00e9c\u00e9dent d\u00e9cret, dat\u00e9 du 6 mars, pr\u00e9voit le\nrecrutement de 20 000 m\u00e9decins infirmiers et aides-soignants, y compris parmi\ndes retrait\u00e9s et les professionnels exer\u00e7ant dans le priv\u00e9.<\/p>\n\n\n\n<p>Le nouveau d\u00e9cret, entr\u00e9 en vigueur le 8 mars, indique que\nl\u2019Italie va produire rapidement des centaines d\u2019appareils destin\u00e9s aux services\nde r\u00e9animation et augmenter de 50\u2009% le nombre de lits en th\u00e9rapie intensive.<\/p>\n\n\n\n<p><strong>Des mesures insuffisantes<\/strong><\/p>\n\n\n\n<p>\u00ab\u2009C\u2019est indispensable mais il y a des d\u00e9lais techniques \u00e0\nrespecter\u2009\u00bb, pr\u00e9cise le docteur Flavia Petrini. \u00ab\u2009On ne peut pas mettre des\nlits de th\u00e9rapie intensive n\u2019importe o\u00f9. L\u2019utilisation des salles d\u2019op\u00e9ration\nchirurgicales est envisageable comme solution tampon, mais cela retardera les\ninterventions programm\u00e9es pour d\u2019autres patients. En outre, nous aurons du mal\n\u00e0 recruter des anesth\u00e9sistes-r\u00e9animateurs. On emploie d\u00e9j\u00e0 des m\u00e9decins qui\nn\u2019ont pas encore achev\u00e9 leur cursus de sp\u00e9cialisation.\u2009\u00bb<\/p>\n\n\n\n<p>La situation est d\u2019autant plus alarmante que, malgr\u00e9 l\u2019appel\n\u00e0 l\u2019auto-responsabilit\u00e9 lanc\u00e9 par le pr\u00e9sident de la R\u00e9publique, Sergio\nMattarella, et r\u00e9it\u00e9r\u00e9 par Giuseppe Conte, le chef de la Protection civile,\nAngelo Borrelli et les \u00e9pid\u00e9miologies pr\u00e9sents sur les plateaux t\u00e9l\u00e9vis\u00e9s, les\nItaliens ne respectent pas tous les r\u00e8gles de comportement quotidien.<\/p>\n\n\n\n<p>Peu avant la signature du nouveau d\u00e9cret qui stipule que les\ncitoyens r\u00e9sidant dans les zones rouges doivent \u00ab\u2009\u00e9viter tout d\u00e9placement en\nentr\u00e9e ou sortie de leur commune, \u00e0 l\u2019exception des situations d\u2019urgence ou\nd\u2019exigence professionnelles impossibles \u00e0 diff\u00e9rer\u2009\u00bb, des centaines de Milanais\noriginaires du Mezzogiorno ont pris d\u2019assaut des trains de nuit en direction du\nSud, de Rome jusqu\u2019au bout de la Botte.<\/p>\n\n\n\n<p><strong>Le Sud de l\u2019Italie encore plus sous \u00e9quip\u00e9 que le Nord<\/strong><\/p>\n\n\n\n<p>\u00c0 Rome et dans le Latium, on d\u00e9nombre actuellement une\ncentaine de personnes contamin\u00e9es par le Covid-19 dont une dizaine dans un \u00e9tat\ngrave. Si la situation reste encore sous contr\u00f4le, les rues de la Ville\n\u00c9ternelle \u00e9taient dimanche semi-d\u00e9sertes. La cit\u00e9 du Vatican n\u2019a pas \u00e9t\u00e9\n\u00e9pargn\u00e9e, un cas a \u00e9t\u00e9 d\u00e9tect\u00e9 dans un dispensaire.<\/p>\n\n\n\n<p>Mais ce qui inqui\u00e8te les autorit\u00e9s, ce sont les sept r\u00e9gions\ndu Sud d\u00e9favoris\u00e9. De la Campanie \u00e0 la Calabre, en passant par les Pouilles et\nla Sicile. Dans ces r\u00e9gions, peupl\u00e9es de 21 millions d\u2019habitants, le syst\u00e8me\nsanitaire est chroniquement \u00e0 bout de souffle. Les structures hospitali\u00e8res\nsont d\u00e9grad\u00e9es, elles manquent de m\u00e9decins, d\u2019infirmiers, de brancardiers et de\nlits. La Calabre, par exemple, en compte 1,5 pour 1 000 habitants.<\/p>\n\n\n\n<p>\u00ab\u2009Ces r\u00e9gions ne sont pas encore fortement frapp\u00e9es par le virus, et du coup les gens n\u2019ont pas pris conscience du danger r\u00e9el\u2009\u00bb, d\u00e9plore le professeur Walter Ricciardi, conseiller du ministre de la Sant\u00e9, Roberto Speranza. Il faut s\u2019attendre, poursuit-il, \u00e0 une propagation de l\u2019\u00e9pid\u00e9mie dans toute l\u2019Italie\u2009: \u00ab\u2009On ne pas tout sceller militairement comme \u00e0 Wuhan, l\u2019Italie est un pays d\u00e9mocratique. Mais si le virus descend tr\u00e8s rapidement vers le Sud la situation sera ing\u00e9rable.\u2009\u00bb<\/p>\n\n\n\n<p><strong><a href=\"https:\/\/www.la-croix.com\/amp\/1201082772\" target=\"_blank\" rel=\"noreferrer noopener\" aria-label=\"Extrait de la-croix.com (s\u2019ouvre dans un nouvel onglet)\">Extrait de la-croix.com<\/a><\/strong><\/p>\n","protected":false},"excerpt":{"rendered":"<p>Un document publi\u00e9 par la Soci\u00e9t\u00e9 italienne d\u2019anesth\u00e9sie, d\u2019analg\u00e9sie, de r\u00e9animation et de th\u00e9rapie intensive (Siaarti) refl\u00e8te la situation catastrophique dans laquelle sont plong\u00e9s les h\u00f4pitaux des r\u00e9gions du nord du pays, les plus touch\u00e9es par le virus Covid-19 qui progresse \u00e0 une rapidit\u00e9 exponentielle.<\/p>\n","protected":false},"author":2,"featured_media":10590,"comment_status":"closed","ping_status":"closed","sticky":false,"template":"","format":"standard","meta":{"_genesis_hide_title":false,"_genesis_hide_breadcrumbs":false,"_genesis_hide_singular_image":false,"_genesis_hide_footer_widgets":false,"_genesis_custom_body_class":"","_genesis_custom_post_class":"","_genesis_layout":"","footnotes":""},"categories":[27],"tags":[],"class_list":{"0":"post-10589","1":"post","2":"type-post","3":"status-publish","4":"format-standard","5":"has-post-thumbnail","7":"category-sante","8":"entry"},"yoast_head":"<!-- This site is optimized with the Yoast SEO plugin v27.1.1 - https:\/\/yoast.com\/product\/yoast-seo-wordpress\/ -->\n<title>Coronavirus : la situation tragique subie par l\u2019Italie, \u00e0 laquelle la France, l\u2019Espagne et l\u2019Allemagne vont devoir faire face dans les prochains jours - Ozinzen<\/title>\n<meta name=\"description\" content=\"Un document publi\u00e9 par la Soci\u00e9t\u00e9 italienne d\u2019anesth\u00e9sie, d\u2019analg\u00e9sie, de r\u00e9animation et de th\u00e9rapie intensive (Siaarti) refl\u00e8te la situation\" \/>\n<meta name=\"robots\" content=\"index, follow, max-snippet:-1, max-image-preview:large, max-video-preview:-1\" \/>\n<link rel=\"canonical\" href=\"https:\/\/ozinzen.com\/blog\/coronavirus-la-situation-tragique-subie-par-litalie-a-laquelle-la-france-lespagne-et-lallemagne-vont-devoir-faire-face-dans-les-prochains-jours\/\" \/>\n<meta property=\"og:locale\" content=\"fr_FR\" \/>\n<meta property=\"og:type\" content=\"article\" \/>\n<meta property=\"og:title\" content=\"Coronavirus : la situation tragique subie par l\u2019Italie, \u00e0 laquelle la France, l\u2019Espagne et l\u2019Allemagne vont devoir faire face dans les prochains jours - Ozinzen\" \/>\n<meta property=\"og:description\" content=\"Un document publi\u00e9 par la Soci\u00e9t\u00e9 italienne d\u2019anesth\u00e9sie, d\u2019analg\u00e9sie, de r\u00e9animation et de th\u00e9rapie intensive (Siaarti) refl\u00e8te la situation\" \/>\n<meta property=\"og:url\" content=\"https:\/\/ozinzen.com\/blog\/coronavirus-la-situation-tragique-subie-par-litalie-a-laquelle-la-france-lespagne-et-lallemagne-vont-devoir-faire-face-dans-les-prochains-jours\/\" \/>\n<meta property=\"og:site_name\" content=\"Ozinzen\" \/>\n<meta property=\"article:published_time\" content=\"2020-03-14T12:04:06+00:00\" \/>\n<meta property=\"article:modified_time\" content=\"2020-03-20T07:49:03+00:00\" \/>\n<meta property=\"og:image\" content=\"https:\/\/ozinzen.com\/blog\/wp-content\/uploads\/2020\/03\/coronavirus.jpg\" \/>\n\t<meta property=\"og:image:width\" content=\"474\" \/>\n\t<meta property=\"og:image:height\" content=\"266\" \/>\n\t<meta property=\"og:image:type\" content=\"image\/jpeg\" \/>\n<meta name=\"author\" content=\"Marc Sigrist\" \/>\n<meta name=\"twitter:card\" content=\"summary_large_image\" \/>\n<meta name=\"twitter:creator\" content=\"@ozinzen\" \/>\n<meta name=\"twitter:site\" content=\"@ozinzen\" \/>\n<meta name=\"twitter:label1\" content=\"\u00c9crit par\" \/>\n\t<meta name=\"twitter:data1\" content=\"Marc Sigrist\" \/>\n\t<meta name=\"twitter:label2\" content=\"Dur\u00e9e de lecture estim\u00e9e\" \/>\n\t<meta name=\"twitter:data2\" content=\"5 minutes\" \/>\n<script type=\"application\/ld+json\" class=\"yoast-schema-graph\">{\"@context\":\"https:\/\/schema.org\",\"@graph\":[{\"@type\":\"Article\",\"@id\":\"https:\/\/ozinzen.com\/blog\/coronavirus-la-situation-tragique-subie-par-litalie-a-laquelle-la-france-lespagne-et-lallemagne-vont-devoir-faire-face-dans-les-prochains-jours\/#article\",\"isPartOf\":{\"@id\":\"https:\/\/ozinzen.com\/blog\/coronavirus-la-situation-tragique-subie-par-litalie-a-laquelle-la-france-lespagne-et-lallemagne-vont-devoir-faire-face-dans-les-prochains-jours\/\"},\"author\":{\"name\":\"Marc Sigrist\",\"@id\":\"https:\/\/ozinzen.com\/blog\/#\/schema\/person\/c3f9b942ea7cfc90188ae840a2cf2fb1\"},\"headline\":\"Coronavirus : la situation tragique subie par l\u2019Italie, \u00e0 laquelle la France, l\u2019Espagne et l\u2019Allemagne vont devoir faire face dans les prochains jours\",\"datePublished\":\"2020-03-14T12:04:06+00:00\",\"dateModified\":\"2020-03-20T07:49:03+00:00\",\"mainEntityOfPage\":{\"@id\":\"https:\/\/ozinzen.com\/blog\/coronavirus-la-situation-tragique-subie-par-litalie-a-laquelle-la-france-lespagne-et-lallemagne-vont-devoir-faire-face-dans-les-prochains-jours\/\"},\"wordCount\":1013,\"publisher\":{\"@id\":\"https:\/\/ozinzen.com\/blog\/#organization\"},\"image\":{\"@id\":\"https:\/\/ozinzen.com\/blog\/coronavirus-la-situation-tragique-subie-par-litalie-a-laquelle-la-france-lespagne-et-lallemagne-vont-devoir-faire-face-dans-les-prochains-jours\/#primaryimage\"},\"thumbnailUrl\":\"https:\/\/ozinzen.com\/blog\/wp-content\/uploads\/2020\/03\/coronavirus.jpg\",\"articleSection\":[\"Sant\u00e9\"],\"inLanguage\":\"fr-FR\"},{\"@type\":\"WebPage\",\"@id\":\"https:\/\/ozinzen.com\/blog\/coronavirus-la-situation-tragique-subie-par-litalie-a-laquelle-la-france-lespagne-et-lallemagne-vont-devoir-faire-face-dans-les-prochains-jours\/\",\"url\":\"https:\/\/ozinzen.com\/blog\/coronavirus-la-situation-tragique-subie-par-litalie-a-laquelle-la-france-lespagne-et-lallemagne-vont-devoir-faire-face-dans-les-prochains-jours\/\",\"name\":\"Coronavirus : la situation tragique subie par l\u2019Italie, \u00e0 laquelle la France, l\u2019Espagne et l\u2019Allemagne vont devoir faire face dans les prochains jours - Ozinzen\",\"isPartOf\":{\"@id\":\"https:\/\/ozinzen.com\/blog\/#website\"},\"primaryImageOfPage\":{\"@id\":\"https:\/\/ozinzen.com\/blog\/coronavirus-la-situation-tragique-subie-par-litalie-a-laquelle-la-france-lespagne-et-lallemagne-vont-devoir-faire-face-dans-les-prochains-jours\/#primaryimage\"},\"image\":{\"@id\":\"https:\/\/ozinzen.com\/blog\/coronavirus-la-situation-tragique-subie-par-litalie-a-laquelle-la-france-lespagne-et-lallemagne-vont-devoir-faire-face-dans-les-prochains-jours\/#primaryimage\"},\"thumbnailUrl\":\"https:\/\/ozinzen.com\/blog\/wp-content\/uploads\/2020\/03\/coronavirus.jpg\",\"datePublished\":\"2020-03-14T12:04:06+00:00\",\"dateModified\":\"2020-03-20T07:49:03+00:00\",\"description\":\"Un document publi\u00e9 par la Soci\u00e9t\u00e9 italienne d\u2019anesth\u00e9sie, d\u2019analg\u00e9sie, de r\u00e9animation et de th\u00e9rapie intensive (Siaarti) refl\u00e8te la situation\",\"breadcrumb\":{\"@id\":\"https:\/\/ozinzen.com\/blog\/coronavirus-la-situation-tragique-subie-par-litalie-a-laquelle-la-france-lespagne-et-lallemagne-vont-devoir-faire-face-dans-les-prochains-jours\/#breadcrumb\"},\"inLanguage\":\"fr-FR\",\"potentialAction\":[{\"@type\":\"ReadAction\",\"target\":[\"https:\/\/ozinzen.com\/blog\/coronavirus-la-situation-tragique-subie-par-litalie-a-laquelle-la-france-lespagne-et-lallemagne-vont-devoir-faire-face-dans-les-prochains-jours\/\"]}]},{\"@type\":\"ImageObject\",\"inLanguage\":\"fr-FR\",\"@id\":\"https:\/\/ozinzen.com\/blog\/coronavirus-la-situation-tragique-subie-par-litalie-a-laquelle-la-france-lespagne-et-lallemagne-vont-devoir-faire-face-dans-les-prochains-jours\/#primaryimage\",\"url\":\"https:\/\/ozinzen.com\/blog\/wp-content\/uploads\/2020\/03\/coronavirus.jpg\",\"contentUrl\":\"https:\/\/ozinzen.com\/blog\/wp-content\/uploads\/2020\/03\/coronavirus.jpg\",\"width\":474,\"height\":266},{\"@type\":\"BreadcrumbList\",\"@id\":\"https:\/\/ozinzen.com\/blog\/coronavirus-la-situation-tragique-subie-par-litalie-a-laquelle-la-france-lespagne-et-lallemagne-vont-devoir-faire-face-dans-les-prochains-jours\/#breadcrumb\",\"itemListElement\":[{\"@type\":\"ListItem\",\"position\":1,\"name\":\"Accueil\",\"item\":\"https:\/\/ozinzen.com\/blog\/\"},{\"@type\":\"ListItem\",\"position\":2,\"name\":\"Coronavirus : la situation tragique subie par l\u2019Italie, \u00e0 laquelle la France, l\u2019Espagne et l\u2019Allemagne vont devoir faire face dans les prochains jours\"}]},{\"@type\":\"WebSite\",\"@id\":\"https:\/\/ozinzen.com\/blog\/#website\",\"url\":\"https:\/\/ozinzen.com\/blog\/\",\"name\":\"Ozinzen\",\"description\":\"Mode de vie et sant\u00e9\",\"publisher\":{\"@id\":\"https:\/\/ozinzen.com\/blog\/#organization\"},\"potentialAction\":[{\"@type\":\"SearchAction\",\"target\":{\"@type\":\"EntryPoint\",\"urlTemplate\":\"https:\/\/ozinzen.com\/blog\/?s={search_term_string}\"},\"query-input\":{\"@type\":\"PropertyValueSpecification\",\"valueRequired\":true,\"valueName\":\"search_term_string\"}}],\"inLanguage\":\"fr-FR\"},{\"@type\":\"Organization\",\"@id\":\"https:\/\/ozinzen.com\/blog\/#organization\",\"name\":\"Ozinzen\",\"url\":\"https:\/\/ozinzen.com\/blog\/\",\"logo\":{\"@type\":\"ImageObject\",\"inLanguage\":\"fr-FR\",\"@id\":\"https:\/\/ozinzen.com\/blog\/#\/schema\/logo\/image\/\",\"url\":\"https:\/\/ozinzen.com\/blog\/wp-content\/uploads\/2023\/01\/ozinzen.png\",\"contentUrl\":\"https:\/\/ozinzen.com\/blog\/wp-content\/uploads\/2023\/01\/ozinzen.png\",\"width\":64,\"height\":64,\"caption\":\"Ozinzen\"},\"image\":{\"@id\":\"https:\/\/ozinzen.com\/blog\/#\/schema\/logo\/image\/\"},\"sameAs\":[\"https:\/\/x.com\/ozinzen\"]},{\"@type\":\"Person\",\"@id\":\"https:\/\/ozinzen.com\/blog\/#\/schema\/person\/c3f9b942ea7cfc90188ae840a2cf2fb1\",\"name\":\"Marc Sigrist\",\"image\":{\"@type\":\"ImageObject\",\"inLanguage\":\"fr-FR\",\"@id\":\"https:\/\/ozinzen.com\/blog\/#\/schema\/person\/image\/\",\"url\":\"https:\/\/secure.gravatar.com\/avatar\/187f82243f15c243b39ac53fcbd3ac6ae072d40425f7b43c2878b6fb120dbb31?s=96&d=mm&r=g\",\"contentUrl\":\"https:\/\/secure.gravatar.com\/avatar\/187f82243f15c243b39ac53fcbd3ac6ae072d40425f7b43c2878b6fb120dbb31?s=96&d=mm&r=g\",\"caption\":\"Marc Sigrist\"}}]}<\/script>\n<!-- \/ Yoast SEO plugin. -->","yoast_head_json":{"title":"Coronavirus : la situation tragique subie par l\u2019Italie, \u00e0 laquelle la France, l\u2019Espagne et l\u2019Allemagne vont devoir faire face dans les prochains jours - Ozinzen","description":"Un document publi\u00e9 par la Soci\u00e9t\u00e9 italienne d\u2019anesth\u00e9sie, d\u2019analg\u00e9sie, de r\u00e9animation et de th\u00e9rapie intensive (Siaarti) refl\u00e8te la situation","robots":{"index":"index","follow":"follow","max-snippet":"max-snippet:-1","max-image-preview":"max-image-preview:large","max-video-preview":"max-video-preview:-1"},"canonical":"https:\/\/ozinzen.com\/blog\/coronavirus-la-situation-tragique-subie-par-litalie-a-laquelle-la-france-lespagne-et-lallemagne-vont-devoir-faire-face-dans-les-prochains-jours\/","og_locale":"fr_FR","og_type":"article","og_title":"Coronavirus : la situation tragique subie par l\u2019Italie, \u00e0 laquelle la France, l\u2019Espagne et l\u2019Allemagne vont devoir faire face dans les prochains jours - Ozinzen","og_description":"Un document publi\u00e9 par la Soci\u00e9t\u00e9 italienne d\u2019anesth\u00e9sie, d\u2019analg\u00e9sie, de r\u00e9animation et de th\u00e9rapie intensive (Siaarti) refl\u00e8te la situation","og_url":"https:\/\/ozinzen.com\/blog\/coronavirus-la-situation-tragique-subie-par-litalie-a-laquelle-la-france-lespagne-et-lallemagne-vont-devoir-faire-face-dans-les-prochains-jours\/","og_site_name":"Ozinzen","article_published_time":"2020-03-14T12:04:06+00:00","article_modified_time":"2020-03-20T07:49:03+00:00","og_image":[{"width":474,"height":266,"url":"https:\/\/ozinzen.com\/blog\/wp-content\/uploads\/2020\/03\/coronavirus.jpg","type":"image\/jpeg"}],"author":"Marc Sigrist","twitter_card":"summary_large_image","twitter_creator":"@ozinzen","twitter_site":"@ozinzen","twitter_misc":{"\u00c9crit par":"Marc Sigrist","Dur\u00e9e de lecture estim\u00e9e":"5 minutes"},"schema":{"@context":"https:\/\/schema.org","@graph":[{"@type":"Article","@id":"https:\/\/ozinzen.com\/blog\/coronavirus-la-situation-tragique-subie-par-litalie-a-laquelle-la-france-lespagne-et-lallemagne-vont-devoir-faire-face-dans-les-prochains-jours\/#article","isPartOf":{"@id":"https:\/\/ozinzen.com\/blog\/coronavirus-la-situation-tragique-subie-par-litalie-a-laquelle-la-france-lespagne-et-lallemagne-vont-devoir-faire-face-dans-les-prochains-jours\/"},"author":{"name":"Marc Sigrist","@id":"https:\/\/ozinzen.com\/blog\/#\/schema\/person\/c3f9b942ea7cfc90188ae840a2cf2fb1"},"headline":"Coronavirus : la situation tragique subie par l\u2019Italie, \u00e0 laquelle la France, l\u2019Espagne et l\u2019Allemagne vont devoir faire face dans les prochains jours","datePublished":"2020-03-14T12:04:06+00:00","dateModified":"2020-03-20T07:49:03+00:00","mainEntityOfPage":{"@id":"https:\/\/ozinzen.com\/blog\/coronavirus-la-situation-tragique-subie-par-litalie-a-laquelle-la-france-lespagne-et-lallemagne-vont-devoir-faire-face-dans-les-prochains-jours\/"},"wordCount":1013,"publisher":{"@id":"https:\/\/ozinzen.com\/blog\/#organization"},"image":{"@id":"https:\/\/ozinzen.com\/blog\/coronavirus-la-situation-tragique-subie-par-litalie-a-laquelle-la-france-lespagne-et-lallemagne-vont-devoir-faire-face-dans-les-prochains-jours\/#primaryimage"},"thumbnailUrl":"https:\/\/ozinzen.com\/blog\/wp-content\/uploads\/2020\/03\/coronavirus.jpg","articleSection":["Sant\u00e9"],"inLanguage":"fr-FR"},{"@type":"WebPage","@id":"https:\/\/ozinzen.com\/blog\/coronavirus-la-situation-tragique-subie-par-litalie-a-laquelle-la-france-lespagne-et-lallemagne-vont-devoir-faire-face-dans-les-prochains-jours\/","url":"https:\/\/ozinzen.com\/blog\/coronavirus-la-situation-tragique-subie-par-litalie-a-laquelle-la-france-lespagne-et-lallemagne-vont-devoir-faire-face-dans-les-prochains-jours\/","name":"Coronavirus : la situation tragique subie par l\u2019Italie, \u00e0 laquelle la France, l\u2019Espagne et l\u2019Allemagne vont devoir faire face dans les prochains jours - Ozinzen","isPartOf":{"@id":"https:\/\/ozinzen.com\/blog\/#website"},"primaryImageOfPage":{"@id":"https:\/\/ozinzen.com\/blog\/coronavirus-la-situation-tragique-subie-par-litalie-a-laquelle-la-france-lespagne-et-lallemagne-vont-devoir-faire-face-dans-les-prochains-jours\/#primaryimage"},"image":{"@id":"https:\/\/ozinzen.com\/blog\/coronavirus-la-situation-tragique-subie-par-litalie-a-laquelle-la-france-lespagne-et-lallemagne-vont-devoir-faire-face-dans-les-prochains-jours\/#primaryimage"},"thumbnailUrl":"https:\/\/ozinzen.com\/blog\/wp-content\/uploads\/2020\/03\/coronavirus.jpg","datePublished":"2020-03-14T12:04:06+00:00","dateModified":"2020-03-20T07:49:03+00:00","description":"Un document publi\u00e9 par la Soci\u00e9t\u00e9 italienne d\u2019anesth\u00e9sie, d\u2019analg\u00e9sie, de r\u00e9animation et de th\u00e9rapie intensive (Siaarti) refl\u00e8te la situation","breadcrumb":{"@id":"https:\/\/ozinzen.com\/blog\/coronavirus-la-situation-tragique-subie-par-litalie-a-laquelle-la-france-lespagne-et-lallemagne-vont-devoir-faire-face-dans-les-prochains-jours\/#breadcrumb"},"inLanguage":"fr-FR","potentialAction":[{"@type":"ReadAction","target":["https:\/\/ozinzen.com\/blog\/coronavirus-la-situation-tragique-subie-par-litalie-a-laquelle-la-france-lespagne-et-lallemagne-vont-devoir-faire-face-dans-les-prochains-jours\/"]}]},{"@type":"ImageObject","inLanguage":"fr-FR","@id":"https:\/\/ozinzen.com\/blog\/coronavirus-la-situation-tragique-subie-par-litalie-a-laquelle-la-france-lespagne-et-lallemagne-vont-devoir-faire-face-dans-les-prochains-jours\/#primaryimage","url":"https:\/\/ozinzen.com\/blog\/wp-content\/uploads\/2020\/03\/coronavirus.jpg","contentUrl":"https:\/\/ozinzen.com\/blog\/wp-content\/uploads\/2020\/03\/coronavirus.jpg","width":474,"height":266},{"@type":"BreadcrumbList","@id":"https:\/\/ozinzen.com\/blog\/coronavirus-la-situation-tragique-subie-par-litalie-a-laquelle-la-france-lespagne-et-lallemagne-vont-devoir-faire-face-dans-les-prochains-jours\/#breadcrumb","itemListElement":[{"@type":"ListItem","position":1,"name":"Accueil","item":"https:\/\/ozinzen.com\/blog\/"},{"@type":"ListItem","position":2,"name":"Coronavirus : la situation tragique subie par l\u2019Italie, \u00e0 laquelle la France, l\u2019Espagne et l\u2019Allemagne vont devoir faire face dans les prochains jours"}]},{"@type":"WebSite","@id":"https:\/\/ozinzen.com\/blog\/#website","url":"https:\/\/ozinzen.com\/blog\/","name":"Ozinzen","description":"Mode de vie et sant\u00e9","publisher":{"@id":"https:\/\/ozinzen.com\/blog\/#organization"},"potentialAction":[{"@type":"SearchAction","target":{"@type":"EntryPoint","urlTemplate":"https:\/\/ozinzen.com\/blog\/?s={search_term_string}"},"query-input":{"@type":"PropertyValueSpecification","valueRequired":true,"valueName":"search_term_string"}}],"inLanguage":"fr-FR"},{"@type":"Organization","@id":"https:\/\/ozinzen.com\/blog\/#organization","name":"Ozinzen","url":"https:\/\/ozinzen.com\/blog\/","logo":{"@type":"ImageObject","inLanguage":"fr-FR","@id":"https:\/\/ozinzen.com\/blog\/#\/schema\/logo\/image\/","url":"https:\/\/ozinzen.com\/blog\/wp-content\/uploads\/2023\/01\/ozinzen.png","contentUrl":"https:\/\/ozinzen.com\/blog\/wp-content\/uploads\/2023\/01\/ozinzen.png","width":64,"height":64,"caption":"Ozinzen"},"image":{"@id":"https:\/\/ozinzen.com\/blog\/#\/schema\/logo\/image\/"},"sameAs":["https:\/\/x.com\/ozinzen"]},{"@type":"Person","@id":"https:\/\/ozinzen.com\/blog\/#\/schema\/person\/c3f9b942ea7cfc90188ae840a2cf2fb1","name":"Marc Sigrist","image":{"@type":"ImageObject","inLanguage":"fr-FR","@id":"https:\/\/ozinzen.com\/blog\/#\/schema\/person\/image\/","url":"https:\/\/secure.gravatar.com\/avatar\/187f82243f15c243b39ac53fcbd3ac6ae072d40425f7b43c2878b6fb120dbb31?s=96&d=mm&r=g","contentUrl":"https:\/\/secure.gravatar.com\/avatar\/187f82243f15c243b39ac53fcbd3ac6ae072d40425f7b43c2878b6fb120dbb31?s=96&d=mm&r=g","caption":"Marc Sigrist"}}]}},"amp_enabled":true,"_links":{"self":[{"href":"https:\/\/ozinzen.com\/blog\/wp-json\/wp\/v2\/posts\/10589","targetHints":{"allow":["GET"]}}],"collection":[{"href":"https:\/\/ozinzen.com\/blog\/wp-json\/wp\/v2\/posts"}],"about":[{"href":"https:\/\/ozinzen.com\/blog\/wp-json\/wp\/v2\/types\/post"}],"author":[{"embeddable":true,"href":"https:\/\/ozinzen.com\/blog\/wp-json\/wp\/v2\/users\/2"}],"replies":[{"embeddable":true,"href":"https:\/\/ozinzen.com\/blog\/wp-json\/wp\/v2\/comments?post=10589"}],"version-history":[{"count":3,"href":"https:\/\/ozinzen.com\/blog\/wp-json\/wp\/v2\/posts\/10589\/revisions"}],"predecessor-version":[{"id":10593,"href":"https:\/\/ozinzen.com\/blog\/wp-json\/wp\/v2\/posts\/10589\/revisions\/10593"}],"wp:featuredmedia":[{"embeddable":true,"href":"https:\/\/ozinzen.com\/blog\/wp-json\/wp\/v2\/media\/10590"}],"wp:attachment":[{"href":"https:\/\/ozinzen.com\/blog\/wp-json\/wp\/v2\/media?parent=10589"}],"wp:term":[{"taxonomy":"category","embeddable":true,"href":"https:\/\/ozinzen.com\/blog\/wp-json\/wp\/v2\/categories?post=10589"},{"taxonomy":"post_tag","embeddable":true,"href":"https:\/\/ozinzen.com\/blog\/wp-json\/wp\/v2\/tags?post=10589"}],"curies":[{"name":"wp","href":"https:\/\/api.w.org\/{rel}","templated":true}]}}