{"id":10873,"date":"2020-09-21T10:48:47","date_gmt":"2020-09-21T08:48:47","guid":{"rendered":"https:\/\/ozinzen.com\/blog\/?p=10873"},"modified":"2022-04-30T17:37:31","modified_gmt":"2022-04-30T15:37:31","slug":"des-jeunes-femmes-montrent-leurs-transformations-personnelles-apres-avoir-quitte-la-maison-familiale","status":"publish","type":"post","link":"https:\/\/ozinzen.com\/blog\/des-jeunes-femmes-montrent-leurs-transformations-personnelles-apres-avoir-quitte-la-maison-familiale\/","title":{"rendered":"Des jeunes femmes montrent leurs transformations personnelles apr\u00e8s avoir quitt\u00e9 le foyer familial"},"content":{"rendered":"\n<figure class=\"wp-block-image size-large\"><img loading=\"lazy\" decoding=\"async\" width=\"768\" height=\"1024\" src=\"https:\/\/ozinzen.com\/blog\/wp-content\/uploads\/2020\/09\/sjw-768x1024.jpg\" alt=\"\" class=\"wp-image-10881\" srcset=\"https:\/\/ozinzen.com\/blog\/wp-content\/uploads\/2020\/09\/sjw-768x1024.jpg 768w, https:\/\/ozinzen.com\/blog\/wp-content\/uploads\/2020\/09\/sjw-225x300.jpg 225w, https:\/\/ozinzen.com\/blog\/wp-content\/uploads\/2020\/09\/sjw.jpg 900w\" sizes=\"auto, (max-width: 768px) 100vw, 768px\" \/><\/figure>\n\n\n\n<p>Une utilisatrice de TikTok, r\u00e9pondant au pseudo de <strong>cherryemojigirl<\/strong>, a lanc\u00e9 une tendance qui consiste \u00e0 montrer ses transformations personnelles apr\u00e8s avoir quitt\u00e9 le foyer familial afin de \u00ab pouvoir s&rsquo;exprimer \u00bb plus librement. <\/p>\n\n\n\n<!--more-->\n\n\n\n<figure class=\"wp-block-embed is-type-video is-provider-tiktok wp-block-embed-tiktok\"><div class=\"wp-block-embed__wrapper\">\nhttps:\/\/www.tiktok.com\/@cherryemojigirl\/video\/6859180348090207493\n<\/div><\/figure>\n\n\n\n<p>Dans une vid\u00e9o montrant son propre parcours, elle demande si d&rsquo;autres ont v\u00e9cu la m\u00eame exp\u00e9rience.<\/p>\n\n\n\n<figure class=\"wp-block-embed is-type-video is-provider-tiktok wp-block-embed-tiktok\"><div class=\"wp-block-embed__wrapper\">\nhttps:\/\/www.tiktok.com\/@amanda_mccafferty\/video\/6860593043276385542\n<\/div><\/figure>\n\n\n\n<p><br>\u00ab\u00a0Est-ce que quelqu&rsquo;un d&rsquo;autre a grandi dans un foyer vraiment conservateur, et au lyc\u00e9e vous avez fini par \u00eatre int\u00e9gr\u00e9 dans le groupe populaire d&rsquo;amis BCBG, et vous avez juste eu l&rsquo;air de quelqu&rsquo;un de basique, non pas qu&rsquo;il y ait quelque chose de mal \u00e0 cela, mais ce n&rsquo;\u00e9tait tout simplement pas vous, donc \u00e0 la minute o\u00f9 vous avez quitt\u00e9 la maison de vos parents, vous avez juste\u2026 fait ceci\u00a0\u00bb, dit-elle, en terminant par une vid\u00e9o de son \u00e9tat actuel.<\/p>\n\n\n\n<figure class=\"wp-block-embed is-type-video is-provider-tiktok wp-block-embed-tiktok\"><div class=\"wp-block-embed__wrapper\">\nhttps:\/\/www.tiktok.com\/@thiiiisfoolia5150\/video\/6863995397661068549\n<\/div><\/figure>\n\n\n\n<p><br>Des utilisateurs de TikTok et d&rsquo;Instagram ont partag\u00e9 leurs propres histoires. Sur TikTok en particulier, des utilisateurs partagent leurs photos du lyc\u00e9e avec des v\u00eatements et des coiffures assez conventionnels, pour finir par une vid\u00e9o montrant leur apparence actuelle.<\/p>\n\n\n\n<figure class=\"wp-block-embed is-type-video is-provider-tiktok wp-block-embed-tiktok\"><div class=\"wp-block-embed__wrapper\">\nhttps:\/\/www.tiktok.com\/@moodie.maggie\/video\/6859450779724434693\n<\/div><\/figure>\n\n\n\n<p><br>Jay Burleigh, une de ces utilisatrices des r\u00e9seaux sociaux, t\u00e9moigne pour BuzzFeed. Apr\u00e8s avoir quitt\u00e9 l&rsquo;universit\u00e9, elle s&rsquo;est trouv\u00e9e en mesure d&rsquo;examiner son genre et sa sexualit\u00e9, lib\u00e9r\u00e9e de ses craintes ant\u00e9rieures.<\/p>\n\n\n\n<figure class=\"wp-block-embed is-type-video is-provider-tiktok wp-block-embed-tiktok\"><div class=\"wp-block-embed__wrapper\">\n<blockquote class=\"tiktok-embed\" cite=\"https:\/\/www.tiktok.com\/@jaybaebae96\/video\/6863898362127682822\" data-video-id=\"6863898362127682822\" data-embed-from=\"oembed\" style=\"max-width:605px; min-width:325px;\"> <section> <a target=\"_blank\" title=\"@jaybaebae96\" href=\"https:\/\/www.tiktok.com\/@jaybaebae96?refer=embed\">@jaybaebae96<\/a> <p>If you\u2019re from hs and seeing this, yes I know I wasn\u2019t cool but I\u2019m on ~top~ now. <a title=\"iykyk\" target=\"_blank\" href=\"https:\/\/www.tiktok.com\/tag\/iykyk?refer=embed\">#iykyk<\/a> <a title=\"gaytiktok\" target=\"_blank\" href=\"https:\/\/www.tiktok.com\/tag\/gaytiktok?refer=embed\">#gaytiktok<\/a> <a title=\"lesbian\" target=\"_blank\" href=\"https:\/\/www.tiktok.com\/tag\/lesbian?refer=embed\">#lesbian<\/a> <a title=\"lesbiantiktok\" target=\"_blank\" href=\"https:\/\/www.tiktok.com\/tag\/lesbiantiktok?refer=embed\">#lesbiantiktok<\/a> <a title=\"lgbt\" target=\"_blank\" href=\"https:\/\/www.tiktok.com\/tag\/lgbt?refer=embed\">#lgbt<\/a> <a title=\"lgbtq\" target=\"_blank\" href=\"https:\/\/www.tiktok.com\/tag\/lgbtq?refer=embed\">#lgbtq<\/a> <a title=\"fyp\" target=\"_blank\" href=\"https:\/\/www.tiktok.com\/tag\/fyp?refer=embed\">#fyp<\/a> <a title=\"glowup\" target=\"_blank\" href=\"https:\/\/www.tiktok.com\/tag\/glowup?refer=embed\">#glowup<\/a><\/p> <a target=\"_blank\" title=\"\u266c original sound - Jay -\" href=\"https:\/\/www.tiktok.com\/?refer=embed\">\u266c original sound &#8211; Jay &#8211; <\/a> <\/section> <\/blockquote> <script async src=\"https:\/\/www.tiktok.com\/embed.js\"><\/script>\n<\/div><\/figure>\n\n\n\n<p><br>\u00ab\u00a0J&rsquo;ai enfin pu m&rsquo;ouvrir \u00e0 ces pens\u00e9es et croyances progressistes et explorer r\u00e9ellement ma sexualit\u00e9\u00a0\u00bb, a-t-elle d\u00e9clar\u00e9. Elle a quitt\u00e9 sa famille \u00e0 22 ans et passe maintenant son temps \u00e0 se battre pour la justice sociale et les droits de l&rsquo;homme.<\/p>\n","protected":false},"excerpt":{"rendered":"<p>Une utilisatrice de TikTok, r\u00e9pondant au pseudo de cherryemojigirl, a lanc\u00e9 une tendance qui consiste \u00e0 montrer ses transformations personnelles apr\u00e8s avoir quitt\u00e9 le foyer familial afin de \u00ab pouvoir s&rsquo;exprimer \u00bb plus librement.<\/p>\n","protected":false},"author":2,"featured_media":10881,"comment_status":"closed","ping_status":"closed","sticky":false,"template":"","format":"standard","meta":{"_genesis_hide_title":false,"_genesis_hide_breadcrumbs":false,"_genesis_hide_singular_image":false,"_genesis_hide_footer_widgets":false,"_genesis_custom_body_class":"","_genesis_custom_post_class":"","_genesis_layout":"","footnotes":""},"categories":[55],"tags":[],"class_list":{"0":"post-10873","1":"post","2":"type-post","3":"status-publish","4":"format-standard","5":"has-post-thumbnail","7":"category-societe","8":"entry"},"yoast_head":"<!-- This site is optimized with the Yoast SEO plugin v27.1.1 - https:\/\/yoast.com\/product\/yoast-seo-wordpress\/ -->\n<title>Des jeunes femmes montrent leurs transformations personnelles apr\u00e8s avoir quitt\u00e9 le foyer familial - Ozinzen<\/title>\n<meta name=\"description\" content=\"Une utilisatrice de TikTok, r\u00e9pondant au pseudo de cherryemojigirl, a lanc\u00e9 une tendance qui consiste \u00e0 montrer ses transformations personnelles apr\u00e8s\" \/>\n<meta name=\"robots\" content=\"index, follow, max-snippet:-1, max-image-preview:large, max-video-preview:-1\" \/>\n<link rel=\"canonical\" href=\"https:\/\/ozinzen.com\/blog\/des-jeunes-femmes-montrent-leurs-transformations-personnelles-apres-avoir-quitte-la-maison-familiale\/\" \/>\n<meta property=\"og:locale\" content=\"fr_FR\" \/>\n<meta property=\"og:type\" content=\"article\" \/>\n<meta property=\"og:title\" content=\"Des jeunes femmes montrent leurs transformations personnelles apr\u00e8s avoir quitt\u00e9 le foyer familial - Ozinzen\" \/>\n<meta property=\"og:description\" content=\"Une utilisatrice de TikTok, r\u00e9pondant au pseudo de cherryemojigirl, a lanc\u00e9 une tendance qui consiste \u00e0 montrer ses transformations personnelles apr\u00e8s\" \/>\n<meta property=\"og:url\" content=\"https:\/\/ozinzen.com\/blog\/des-jeunes-femmes-montrent-leurs-transformations-personnelles-apres-avoir-quitte-la-maison-familiale\/\" \/>\n<meta property=\"og:site_name\" content=\"Ozinzen\" \/>\n<meta property=\"article:published_time\" content=\"2020-09-21T08:48:47+00:00\" \/>\n<meta property=\"article:modified_time\" content=\"2022-04-30T15:37:31+00:00\" \/>\n<meta property=\"og:image\" content=\"https:\/\/ozinzen.com\/blog\/wp-content\/uploads\/2020\/09\/sjw.jpg\" \/>\n\t<meta property=\"og:image:width\" content=\"900\" \/>\n\t<meta property=\"og:image:height\" content=\"1200\" \/>\n\t<meta property=\"og:image:type\" content=\"image\/jpeg\" \/>\n<meta name=\"author\" content=\"Marc Sigrist\" \/>\n<meta name=\"twitter:card\" content=\"summary_large_image\" \/>\n<meta name=\"twitter:creator\" content=\"@ozinzen\" \/>\n<meta name=\"twitter:site\" content=\"@ozinzen\" \/>\n<meta name=\"twitter:label1\" content=\"\u00c9crit par\" \/>\n\t<meta name=\"twitter:data1\" content=\"Marc Sigrist\" \/>\n\t<meta name=\"twitter:label2\" content=\"Dur\u00e9e de lecture estim\u00e9e\" \/>\n\t<meta name=\"twitter:data2\" content=\"2 minutes\" \/>\n<script type=\"application\/ld+json\" class=\"yoast-schema-graph\">{\"@context\":\"https:\/\/schema.org\",\"@graph\":[{\"@type\":\"Article\",\"@id\":\"https:\/\/ozinzen.com\/blog\/des-jeunes-femmes-montrent-leurs-transformations-personnelles-apres-avoir-quitte-la-maison-familiale\/#article\",\"isPartOf\":{\"@id\":\"https:\/\/ozinzen.com\/blog\/des-jeunes-femmes-montrent-leurs-transformations-personnelles-apres-avoir-quitte-la-maison-familiale\/\"},\"author\":{\"name\":\"Marc Sigrist\",\"@id\":\"https:\/\/ozinzen.com\/blog\/#\/schema\/person\/c3f9b942ea7cfc90188ae840a2cf2fb1\"},\"headline\":\"Des jeunes femmes montrent leurs transformations personnelles apr\u00e8s avoir quitt\u00e9 le foyer familial\",\"datePublished\":\"2020-09-21T08:48:47+00:00\",\"dateModified\":\"2022-04-30T15:37:31+00:00\",\"mainEntityOfPage\":{\"@id\":\"https:\/\/ozinzen.com\/blog\/des-jeunes-femmes-montrent-leurs-transformations-personnelles-apres-avoir-quitte-la-maison-familiale\/\"},\"wordCount\":305,\"publisher\":{\"@id\":\"https:\/\/ozinzen.com\/blog\/#organization\"},\"image\":{\"@id\":\"https:\/\/ozinzen.com\/blog\/des-jeunes-femmes-montrent-leurs-transformations-personnelles-apres-avoir-quitte-la-maison-familiale\/#primaryimage\"},\"thumbnailUrl\":\"https:\/\/ozinzen.com\/blog\/wp-content\/uploads\/2020\/09\/sjw.jpg\",\"articleSection\":[\"Soci\u00e9t\u00e9\"],\"inLanguage\":\"fr-FR\"},{\"@type\":\"WebPage\",\"@id\":\"https:\/\/ozinzen.com\/blog\/des-jeunes-femmes-montrent-leurs-transformations-personnelles-apres-avoir-quitte-la-maison-familiale\/\",\"url\":\"https:\/\/ozinzen.com\/blog\/des-jeunes-femmes-montrent-leurs-transformations-personnelles-apres-avoir-quitte-la-maison-familiale\/\",\"name\":\"Des jeunes femmes montrent leurs transformations personnelles apr\u00e8s avoir quitt\u00e9 le foyer familial - Ozinzen\",\"isPartOf\":{\"@id\":\"https:\/\/ozinzen.com\/blog\/#website\"},\"primaryImageOfPage\":{\"@id\":\"https:\/\/ozinzen.com\/blog\/des-jeunes-femmes-montrent-leurs-transformations-personnelles-apres-avoir-quitte-la-maison-familiale\/#primaryimage\"},\"image\":{\"@id\":\"https:\/\/ozinzen.com\/blog\/des-jeunes-femmes-montrent-leurs-transformations-personnelles-apres-avoir-quitte-la-maison-familiale\/#primaryimage\"},\"thumbnailUrl\":\"https:\/\/ozinzen.com\/blog\/wp-content\/uploads\/2020\/09\/sjw.jpg\",\"datePublished\":\"2020-09-21T08:48:47+00:00\",\"dateModified\":\"2022-04-30T15:37:31+00:00\",\"description\":\"Une utilisatrice de TikTok, r\u00e9pondant au pseudo de cherryemojigirl, a lanc\u00e9 une tendance qui consiste \u00e0 montrer ses transformations personnelles apr\u00e8s\",\"breadcrumb\":{\"@id\":\"https:\/\/ozinzen.com\/blog\/des-jeunes-femmes-montrent-leurs-transformations-personnelles-apres-avoir-quitte-la-maison-familiale\/#breadcrumb\"},\"inLanguage\":\"fr-FR\",\"potentialAction\":[{\"@type\":\"ReadAction\",\"target\":[\"https:\/\/ozinzen.com\/blog\/des-jeunes-femmes-montrent-leurs-transformations-personnelles-apres-avoir-quitte-la-maison-familiale\/\"]}]},{\"@type\":\"ImageObject\",\"inLanguage\":\"fr-FR\",\"@id\":\"https:\/\/ozinzen.com\/blog\/des-jeunes-femmes-montrent-leurs-transformations-personnelles-apres-avoir-quitte-la-maison-familiale\/#primaryimage\",\"url\":\"https:\/\/ozinzen.com\/blog\/wp-content\/uploads\/2020\/09\/sjw.jpg\",\"contentUrl\":\"https:\/\/ozinzen.com\/blog\/wp-content\/uploads\/2020\/09\/sjw.jpg\",\"width\":900,\"height\":1200},{\"@type\":\"BreadcrumbList\",\"@id\":\"https:\/\/ozinzen.com\/blog\/des-jeunes-femmes-montrent-leurs-transformations-personnelles-apres-avoir-quitte-la-maison-familiale\/#breadcrumb\",\"itemListElement\":[{\"@type\":\"ListItem\",\"position\":1,\"name\":\"Accueil\",\"item\":\"https:\/\/ozinzen.com\/blog\/\"},{\"@type\":\"ListItem\",\"position\":2,\"name\":\"Des jeunes femmes montrent leurs transformations personnelles apr\u00e8s avoir quitt\u00e9 le foyer familial\"}]},{\"@type\":\"WebSite\",\"@id\":\"https:\/\/ozinzen.com\/blog\/#website\",\"url\":\"https:\/\/ozinzen.com\/blog\/\",\"name\":\"Ozinzen\",\"description\":\"Mode de vie et sant\u00e9\",\"publisher\":{\"@id\":\"https:\/\/ozinzen.com\/blog\/#organization\"},\"potentialAction\":[{\"@type\":\"SearchAction\",\"target\":{\"@type\":\"EntryPoint\",\"urlTemplate\":\"https:\/\/ozinzen.com\/blog\/?s={search_term_string}\"},\"query-input\":{\"@type\":\"PropertyValueSpecification\",\"valueRequired\":true,\"valueName\":\"search_term_string\"}}],\"inLanguage\":\"fr-FR\"},{\"@type\":\"Organization\",\"@id\":\"https:\/\/ozinzen.com\/blog\/#organization\",\"name\":\"Ozinzen\",\"url\":\"https:\/\/ozinzen.com\/blog\/\",\"logo\":{\"@type\":\"ImageObject\",\"inLanguage\":\"fr-FR\",\"@id\":\"https:\/\/ozinzen.com\/blog\/#\/schema\/logo\/image\/\",\"url\":\"https:\/\/ozinzen.com\/blog\/wp-content\/uploads\/2023\/01\/ozinzen.png\",\"contentUrl\":\"https:\/\/ozinzen.com\/blog\/wp-content\/uploads\/2023\/01\/ozinzen.png\",\"width\":64,\"height\":64,\"caption\":\"Ozinzen\"},\"image\":{\"@id\":\"https:\/\/ozinzen.com\/blog\/#\/schema\/logo\/image\/\"},\"sameAs\":[\"https:\/\/x.com\/ozinzen\"]},{\"@type\":\"Person\",\"@id\":\"https:\/\/ozinzen.com\/blog\/#\/schema\/person\/c3f9b942ea7cfc90188ae840a2cf2fb1\",\"name\":\"Marc Sigrist\",\"image\":{\"@type\":\"ImageObject\",\"inLanguage\":\"fr-FR\",\"@id\":\"https:\/\/ozinzen.com\/blog\/#\/schema\/person\/image\/\",\"url\":\"https:\/\/secure.gravatar.com\/avatar\/187f82243f15c243b39ac53fcbd3ac6ae072d40425f7b43c2878b6fb120dbb31?s=96&d=mm&r=g\",\"contentUrl\":\"https:\/\/secure.gravatar.com\/avatar\/187f82243f15c243b39ac53fcbd3ac6ae072d40425f7b43c2878b6fb120dbb31?s=96&d=mm&r=g\",\"caption\":\"Marc Sigrist\"}}]}<\/script>\n<!-- \/ Yoast SEO plugin. -->","yoast_head_json":{"title":"Des jeunes femmes montrent leurs transformations personnelles apr\u00e8s avoir quitt\u00e9 le foyer familial - Ozinzen","description":"Une utilisatrice de TikTok, r\u00e9pondant au pseudo de cherryemojigirl, a lanc\u00e9 une tendance qui consiste \u00e0 montrer ses transformations personnelles apr\u00e8s","robots":{"index":"index","follow":"follow","max-snippet":"max-snippet:-1","max-image-preview":"max-image-preview:large","max-video-preview":"max-video-preview:-1"},"canonical":"https:\/\/ozinzen.com\/blog\/des-jeunes-femmes-montrent-leurs-transformations-personnelles-apres-avoir-quitte-la-maison-familiale\/","og_locale":"fr_FR","og_type":"article","og_title":"Des jeunes femmes montrent leurs transformations personnelles apr\u00e8s avoir quitt\u00e9 le foyer familial - Ozinzen","og_description":"Une utilisatrice de TikTok, r\u00e9pondant au pseudo de cherryemojigirl, a lanc\u00e9 une tendance qui consiste \u00e0 montrer ses transformations personnelles apr\u00e8s","og_url":"https:\/\/ozinzen.com\/blog\/des-jeunes-femmes-montrent-leurs-transformations-personnelles-apres-avoir-quitte-la-maison-familiale\/","og_site_name":"Ozinzen","article_published_time":"2020-09-21T08:48:47+00:00","article_modified_time":"2022-04-30T15:37:31+00:00","og_image":[{"width":900,"height":1200,"url":"https:\/\/ozinzen.com\/blog\/wp-content\/uploads\/2020\/09\/sjw.jpg","type":"image\/jpeg"}],"author":"Marc Sigrist","twitter_card":"summary_large_image","twitter_creator":"@ozinzen","twitter_site":"@ozinzen","twitter_misc":{"\u00c9crit par":"Marc Sigrist","Dur\u00e9e de lecture estim\u00e9e":"2 minutes"},"schema":{"@context":"https:\/\/schema.org","@graph":[{"@type":"Article","@id":"https:\/\/ozinzen.com\/blog\/des-jeunes-femmes-montrent-leurs-transformations-personnelles-apres-avoir-quitte-la-maison-familiale\/#article","isPartOf":{"@id":"https:\/\/ozinzen.com\/blog\/des-jeunes-femmes-montrent-leurs-transformations-personnelles-apres-avoir-quitte-la-maison-familiale\/"},"author":{"name":"Marc Sigrist","@id":"https:\/\/ozinzen.com\/blog\/#\/schema\/person\/c3f9b942ea7cfc90188ae840a2cf2fb1"},"headline":"Des jeunes femmes montrent leurs transformations personnelles apr\u00e8s avoir quitt\u00e9 le foyer familial","datePublished":"2020-09-21T08:48:47+00:00","dateModified":"2022-04-30T15:37:31+00:00","mainEntityOfPage":{"@id":"https:\/\/ozinzen.com\/blog\/des-jeunes-femmes-montrent-leurs-transformations-personnelles-apres-avoir-quitte-la-maison-familiale\/"},"wordCount":305,"publisher":{"@id":"https:\/\/ozinzen.com\/blog\/#organization"},"image":{"@id":"https:\/\/ozinzen.com\/blog\/des-jeunes-femmes-montrent-leurs-transformations-personnelles-apres-avoir-quitte-la-maison-familiale\/#primaryimage"},"thumbnailUrl":"https:\/\/ozinzen.com\/blog\/wp-content\/uploads\/2020\/09\/sjw.jpg","articleSection":["Soci\u00e9t\u00e9"],"inLanguage":"fr-FR"},{"@type":"WebPage","@id":"https:\/\/ozinzen.com\/blog\/des-jeunes-femmes-montrent-leurs-transformations-personnelles-apres-avoir-quitte-la-maison-familiale\/","url":"https:\/\/ozinzen.com\/blog\/des-jeunes-femmes-montrent-leurs-transformations-personnelles-apres-avoir-quitte-la-maison-familiale\/","name":"Des jeunes femmes montrent leurs transformations personnelles apr\u00e8s avoir quitt\u00e9 le foyer familial - Ozinzen","isPartOf":{"@id":"https:\/\/ozinzen.com\/blog\/#website"},"primaryImageOfPage":{"@id":"https:\/\/ozinzen.com\/blog\/des-jeunes-femmes-montrent-leurs-transformations-personnelles-apres-avoir-quitte-la-maison-familiale\/#primaryimage"},"image":{"@id":"https:\/\/ozinzen.com\/blog\/des-jeunes-femmes-montrent-leurs-transformations-personnelles-apres-avoir-quitte-la-maison-familiale\/#primaryimage"},"thumbnailUrl":"https:\/\/ozinzen.com\/blog\/wp-content\/uploads\/2020\/09\/sjw.jpg","datePublished":"2020-09-21T08:48:47+00:00","dateModified":"2022-04-30T15:37:31+00:00","description":"Une utilisatrice de TikTok, r\u00e9pondant au pseudo de cherryemojigirl, a lanc\u00e9 une tendance qui consiste \u00e0 montrer ses transformations personnelles apr\u00e8s","breadcrumb":{"@id":"https:\/\/ozinzen.com\/blog\/des-jeunes-femmes-montrent-leurs-transformations-personnelles-apres-avoir-quitte-la-maison-familiale\/#breadcrumb"},"inLanguage":"fr-FR","potentialAction":[{"@type":"ReadAction","target":["https:\/\/ozinzen.com\/blog\/des-jeunes-femmes-montrent-leurs-transformations-personnelles-apres-avoir-quitte-la-maison-familiale\/"]}]},{"@type":"ImageObject","inLanguage":"fr-FR","@id":"https:\/\/ozinzen.com\/blog\/des-jeunes-femmes-montrent-leurs-transformations-personnelles-apres-avoir-quitte-la-maison-familiale\/#primaryimage","url":"https:\/\/ozinzen.com\/blog\/wp-content\/uploads\/2020\/09\/sjw.jpg","contentUrl":"https:\/\/ozinzen.com\/blog\/wp-content\/uploads\/2020\/09\/sjw.jpg","width":900,"height":1200},{"@type":"BreadcrumbList","@id":"https:\/\/ozinzen.com\/blog\/des-jeunes-femmes-montrent-leurs-transformations-personnelles-apres-avoir-quitte-la-maison-familiale\/#breadcrumb","itemListElement":[{"@type":"ListItem","position":1,"name":"Accueil","item":"https:\/\/ozinzen.com\/blog\/"},{"@type":"ListItem","position":2,"name":"Des jeunes femmes montrent leurs transformations personnelles apr\u00e8s avoir quitt\u00e9 le foyer familial"}]},{"@type":"WebSite","@id":"https:\/\/ozinzen.com\/blog\/#website","url":"https:\/\/ozinzen.com\/blog\/","name":"Ozinzen","description":"Mode de vie et sant\u00e9","publisher":{"@id":"https:\/\/ozinzen.com\/blog\/#organization"},"potentialAction":[{"@type":"SearchAction","target":{"@type":"EntryPoint","urlTemplate":"https:\/\/ozinzen.com\/blog\/?s={search_term_string}"},"query-input":{"@type":"PropertyValueSpecification","valueRequired":true,"valueName":"search_term_string"}}],"inLanguage":"fr-FR"},{"@type":"Organization","@id":"https:\/\/ozinzen.com\/blog\/#organization","name":"Ozinzen","url":"https:\/\/ozinzen.com\/blog\/","logo":{"@type":"ImageObject","inLanguage":"fr-FR","@id":"https:\/\/ozinzen.com\/blog\/#\/schema\/logo\/image\/","url":"https:\/\/ozinzen.com\/blog\/wp-content\/uploads\/2023\/01\/ozinzen.png","contentUrl":"https:\/\/ozinzen.com\/blog\/wp-content\/uploads\/2023\/01\/ozinzen.png","width":64,"height":64,"caption":"Ozinzen"},"image":{"@id":"https:\/\/ozinzen.com\/blog\/#\/schema\/logo\/image\/"},"sameAs":["https:\/\/x.com\/ozinzen"]},{"@type":"Person","@id":"https:\/\/ozinzen.com\/blog\/#\/schema\/person\/c3f9b942ea7cfc90188ae840a2cf2fb1","name":"Marc Sigrist","image":{"@type":"ImageObject","inLanguage":"fr-FR","@id":"https:\/\/ozinzen.com\/blog\/#\/schema\/person\/image\/","url":"https:\/\/secure.gravatar.com\/avatar\/187f82243f15c243b39ac53fcbd3ac6ae072d40425f7b43c2878b6fb120dbb31?s=96&d=mm&r=g","contentUrl":"https:\/\/secure.gravatar.com\/avatar\/187f82243f15c243b39ac53fcbd3ac6ae072d40425f7b43c2878b6fb120dbb31?s=96&d=mm&r=g","caption":"Marc Sigrist"}}]}},"amp_enabled":true,"_links":{"self":[{"href":"https:\/\/ozinzen.com\/blog\/wp-json\/wp\/v2\/posts\/10873","targetHints":{"allow":["GET"]}}],"collection":[{"href":"https:\/\/ozinzen.com\/blog\/wp-json\/wp\/v2\/posts"}],"about":[{"href":"https:\/\/ozinzen.com\/blog\/wp-json\/wp\/v2\/types\/post"}],"author":[{"embeddable":true,"href":"https:\/\/ozinzen.com\/blog\/wp-json\/wp\/v2\/users\/2"}],"replies":[{"embeddable":true,"href":"https:\/\/ozinzen.com\/blog\/wp-json\/wp\/v2\/comments?post=10873"}],"version-history":[{"count":7,"href":"https:\/\/ozinzen.com\/blog\/wp-json\/wp\/v2\/posts\/10873\/revisions"}],"predecessor-version":[{"id":11766,"href":"https:\/\/ozinzen.com\/blog\/wp-json\/wp\/v2\/posts\/10873\/revisions\/11766"}],"wp:featuredmedia":[{"embeddable":true,"href":"https:\/\/ozinzen.com\/blog\/wp-json\/wp\/v2\/media\/10881"}],"wp:attachment":[{"href":"https:\/\/ozinzen.com\/blog\/wp-json\/wp\/v2\/media?parent=10873"}],"wp:term":[{"taxonomy":"category","embeddable":true,"href":"https:\/\/ozinzen.com\/blog\/wp-json\/wp\/v2\/categories?post=10873"},{"taxonomy":"post_tag","embeddable":true,"href":"https:\/\/ozinzen.com\/blog\/wp-json\/wp\/v2\/tags?post=10873"}],"curies":[{"name":"wp","href":"https:\/\/api.w.org\/{rel}","templated":true}]}}