{"id":10973,"date":"2020-10-10T10:16:34","date_gmt":"2020-10-10T08:16:34","guid":{"rendered":"https:\/\/ozinzen.com\/blog\/?p=10973"},"modified":"2020-10-29T18:16:23","modified_gmt":"2020-10-29T17:16:23","slug":"la-generation-snowflake-a-luniversite-refus-du-dialogue-safe-space-et-hysterisation-du-debat","status":"publish","type":"post","link":"https:\/\/ozinzen.com\/blog\/la-generation-snowflake-a-luniversite-refus-du-dialogue-safe-space-et-hysterisation-du-debat\/","title":{"rendered":"La g\u00e9n\u00e9ration snowflake \u00e0 l\u2019universit\u00e9 : refus du dialogue, safe space et hyst\u00e9risation du d\u00e9bat"},"content":{"rendered":"\n<figure class=\"wp-block-image size-large\"><img loading=\"lazy\" decoding=\"async\" width=\"600\" height=\"322\" src=\"https:\/\/ozinzen.com\/blog\/wp-content\/uploads\/2020\/10\/snowflake.png\" alt=\"\" class=\"wp-image-10974\" srcset=\"https:\/\/ozinzen.com\/blog\/wp-content\/uploads\/2020\/10\/snowflake.png 600w, https:\/\/ozinzen.com\/blog\/wp-content\/uploads\/2020\/10\/snowflake-300x161.png 300w\" sizes=\"auto, (max-width: 600px) 100vw, 600px\" \/><\/figure>\n\n\n\n<p>Les universit\u00e9s am\u00e9ricaines vivent depuis quelques ann\u00e9es une profonde crise de culture, marqu\u00e9e par la mont\u00e9e en puissance de l&rsquo;intol\u00e9rance et de l&rsquo;activisme politique. Cette hyst\u00e9risation du d\u00e9bat est-elle le reflet des revendications d&rsquo;une g\u00e9n\u00e9ration d&rsquo;\u00e9tudiants plus narcissique et plus fragile ?<\/p>\n\n\n\n<!--more-->\n\n\n\n<p><strong>Hypersensibilit\u00e9, besoin exacerb\u00e9 de protection, la g\u00e9n\u00e9ration Snowflakes a-t-elle l&rsquo;\u00e9piderme plus mince ?<\/strong><\/p>\n\n\n\n<p>Pour expliquer la mont\u00e9e de l\u2019intol\u00e9rance, d\u2019une logique conflictuelle et de l\u2019apparent remplacement des savoirs authentiques par l\u2019activisme politique militant sur les campus nord-am\u00e9ricains, <strong>il y a deux pistes : <\/strong>celle suivie par celle des politologues. Ils mettent en cause l&rsquo;\u00e9cart\u00e8lement id\u00e9ologique et l&rsquo;hyst\u00e9risation du d\u00e9bat politique. Celle des psychologues. Ils s&rsquo;inqui\u00e8tent des r\u00e9sultats d&rsquo;une \u00e9ducation qui, pour favoriser \u00ab\u00a0l&rsquo;estime de soi\u00a0\u00bb, a bloqu\u00e9 la capacit\u00e9 de se remettre en question.<\/p>\n\n\n\n<p>La plus courante est celle qui est explor\u00e9e par les politologues et sociologues. Dans The Madness of Crowds, le jeune th\u00e9oricien conservateur britannique Douglas Murray&nbsp; analyse brillamment comment la \u00ab\u00a0politique des identit\u00e9s\u00a0\u00bb et \u00ab\u00a0l\u2019intersectionnalisme\u00a0\u00bb ont colonis\u00e9 les d\u00e9partements de sciences sociales. Il montre comment le r\u00e9cit de l\u2019exp\u00e9rience personnelle d\u2019\u00e9tudiants appartenant \u00e0 des cat\u00e9gories sociales, ethniques ou sexuelles cat\u00e9goris\u00e9es comme \u00ab\u00a0domin\u00e9es\u00a0\u00bb a donn\u00e9 naissance \u00e0 des pseudo-savoirs. En leur sein, des querelles de chapelles&nbsp; et des concurrences personnelles alimentent la surench\u00e8re et la radicalisation.<\/p>\n\n\n\n<p>[\u2026]<\/p>\n\n\n\n<p><strong>G\u00e9n\u00e9ration snowflakes<\/strong><\/p>\n\n\n\n<p>Mais il y a, je l\u2019ai montr\u00e9 au cours de mes chroniques de cette semaine, une autre mani\u00e8re de rendre compte de ces d\u00e9rives : la psychologie. Jonathan Haidt, on l\u2019a vu, met clairement en cause les deux facteurs qui, \u00e0 ses yeux, ont contribu\u00e9 \u00e0 doter la nouvelle \u00ab\u00a0g\u00e9n\u00e9ration Z\u00a0\u00bb, celle qui suit les Millennials, d\u2019une extr\u00eame susceptibilit\u00e9 politique : l\u2019hyperprotection dont a \u00e9t\u00e9 entour\u00e9e son enfance : elle n\u2019a pas accumul\u00e9 les exp\u00e9riences qui permettent de quitter pour de bon les rivages de l\u2019enfance ; l\u2019iPhone, l\u2019habitude acquise tr\u00e8s t\u00f4t de communiquer avec ses semblables par les moyens des technologies num\u00e9riques. C&rsquo;est pourquoi il pr\u00e9f\u00e8re l&rsquo;expression \u00ab\u00a0iGeneration\u00a0\u00bb, forg\u00e9e par la psychologue Jean Twenge.<\/p>\n\n\n\n<p>C\u2019est aussi la piste qu\u2019a suivie Claire Fox, ancienne militante communiste britannique, pr\u00e9sidente du think tank Academy of Ideas. C\u2019est dans son livre I find that offensive qu\u2019est apparue l\u2019expression \u00ab\u00a0snowflakes\u00a0\u00bb. Claire Fox l\u2019aurait tir\u00e9e d\u2019une r\u00e9plique du film Fight Club. L\u2019un des protagonistes y lance : \u00ab\u00a0Tu n\u2019es pas sp\u00e9cial. _Tu n\u2019es pas un flocon de neige splendide et unique_. Tu es fait de la m\u00eame mati\u00e8re organique et pourrissante que chacun d\u2019entre nous.\u00a0\u00bb<\/p>\n\n\n\n<p>L\u2019expression, appliqu\u00e9e \u00e0 la g\u00e9n\u00e9ration Z (des personnes n\u00e9es apr\u00e8s 1995), est utilis\u00e9e pour stigmatiser la fragilit\u00e9 \u00e9motionnelle qui leur est pr\u00eat\u00e9e. Claire Fox l\u2019a rendue si populaire qu\u2019elle figure aux dictionnaires : Le Collins a r\u00e9cemment ajout\u00e9 une entr\u00e9e \u00ab\u00a0Snowflake generation\u00a0\u00bb.<\/p>\n\n\n\n<p><strong>Un narcissisme exacerb\u00e9&#8230; facilement offens\u00e9 ?<\/strong><\/p>\n\n\n\n<p>Que disait Claire Fox ? Que la nouvelle g\u00e9n\u00e9ration lui paraissait \u00ab\u00a0facilement offens\u00e9e\u00a0\u00bb et avait \u00ab\u00a0l\u2019\u00e9piderme mince\u00a0\u00bb. \u00ab\u00a0Cette fragilit\u00e9 g\u00e9n\u00e9rationnelle est un v\u00e9ritable ph\u00e9nom\u00e8ne\u00a0\u00bb d\u2019apr\u00e8s elle. Et c\u2019est elle qui explique le refus du dialogue, le recours aux \u00ab\u00a0safe spaces\u00a0\u00bb o\u00f9 les \u00e9tudiants exigent d\u00e9sormais de \u00ab\u00a0se r\u00e9fugier\u00a0\u00bb sur des coussins, en \u00e9coutant des \u00ab\u00a0musiques apaisantes\u00a0\u00bb lorsqu\u2019un orateur dont ils d\u00e9sapprouvent les id\u00e9es \u2013 mais qu\u2019ils ne sont pas parvenus \u00e0 faire \u00ab\u00a0d\u00e9sinviter\u00a0\u00bb vient parler dans leur universit\u00e9.<\/p>\n\n\n\n<p>Claire Fox met en cause un changement dans les m\u00e9thodes \u00e9ducatives. Des parents et des instituteurs trop protecteurs ont \u00e9pargn\u00e9 \u00e0 cette g\u00e9n\u00e9ration les exp\u00e9riences qui permettent l\u2019acc\u00e8s \u00e0 une maturit\u00e9 affective adulte. Ses membres demeureraient ainsi bloqu\u00e9s \u00e0 un stade de d\u00e9veloppement psychique.<\/p>\n\n\n\n<p>\u00ab\u00a0Les mots me tuent\u00a0\u00bb entend-on sur les campus. Tout est pr\u00e9texte \u00e0 censure, \u00e0 \u00ab\u00a0annulation\u00a0\u00bb (cancel culture). Cette g\u00e9n\u00e9ration a subi une \u00e9ducation influenc\u00e9e par les th\u00e9oriciens de \u00ab\u00a0l\u2019estime de soi\u00a0\u00bb. Ils ont grandi sans b\u00e9n\u00e9ficier des critiques positives qui auraient pu les faire s\u2019am\u00e9liorer. On a cultiv\u00e9 leur narcissisme. D\u2019o\u00f9 cette hypersensibilit\u00e9 des snowflakes. Elle est combin\u00e9e \u00e0 un sentiment tout aussi fort d\u2019avoir des droits, que les autres ont des \u00ab\u00a0dettes\u00a0\u00bb envers eux.<\/p>\n\n\n\n<p><strong><a href=\"https:\/\/www.franceculture.fr\/sociologie\/generation-flocons-de-neige\" target=\"_blank\" rel=\"noreferrer noopener\">Extrait de franceculture.fr<\/a><\/strong><\/p>\n","protected":false},"excerpt":{"rendered":"<p>Les universit\u00e9s am\u00e9ricaines vivent depuis quelques ann\u00e9es une profonde crise de culture, marqu\u00e9e par la mont\u00e9e en puissance de l&rsquo;intol\u00e9rance et de l&rsquo;activisme politique. Cette hyst\u00e9risation du d\u00e9bat est-elle le reflet des revendications d&rsquo;une g\u00e9n\u00e9ration d&rsquo;\u00e9tudiants plus narcissique et plus fragile ?<\/p>\n","protected":false},"author":2,"featured_media":10974,"comment_status":"closed","ping_status":"closed","sticky":false,"template":"","format":"standard","meta":{"_genesis_hide_title":false,"_genesis_hide_breadcrumbs":false,"_genesis_hide_singular_image":false,"_genesis_hide_footer_widgets":false,"_genesis_custom_body_class":"","_genesis_custom_post_class":"","_genesis_layout":"","footnotes":""},"categories":[55],"tags":[],"class_list":{"0":"post-10973","1":"post","2":"type-post","3":"status-publish","4":"format-standard","5":"has-post-thumbnail","7":"category-societe","8":"entry"},"yoast_head":"<!-- This site is optimized with the Yoast SEO plugin v27.1.1 - https:\/\/yoast.com\/product\/yoast-seo-wordpress\/ -->\n<title>La g\u00e9n\u00e9ration snowflake \u00e0 l\u2019universit\u00e9 : refus du dialogue, safe space et hyst\u00e9risation du d\u00e9bat - Ozinzen<\/title>\n<meta name=\"description\" content=\"Les universit\u00e9s am\u00e9ricaines vivent depuis quelques ann\u00e9es une profonde crise de culture, marqu\u00e9e par la mont\u00e9e en puissance de l&#039;intol\u00e9rance et de\" \/>\n<meta name=\"robots\" content=\"index, follow, max-snippet:-1, max-image-preview:large, max-video-preview:-1\" \/>\n<link rel=\"canonical\" href=\"https:\/\/ozinzen.com\/blog\/la-generation-snowflake-a-luniversite-refus-du-dialogue-safe-space-et-hysterisation-du-debat\/\" \/>\n<meta property=\"og:locale\" content=\"fr_FR\" \/>\n<meta property=\"og:type\" content=\"article\" \/>\n<meta property=\"og:title\" content=\"La g\u00e9n\u00e9ration snowflake \u00e0 l\u2019universit\u00e9 : refus du dialogue, safe space et hyst\u00e9risation du d\u00e9bat - Ozinzen\" \/>\n<meta property=\"og:description\" content=\"Les universit\u00e9s am\u00e9ricaines vivent depuis quelques ann\u00e9es une profonde crise de culture, marqu\u00e9e par la mont\u00e9e en puissance de l&#039;intol\u00e9rance et de\" \/>\n<meta property=\"og:url\" content=\"https:\/\/ozinzen.com\/blog\/la-generation-snowflake-a-luniversite-refus-du-dialogue-safe-space-et-hysterisation-du-debat\/\" \/>\n<meta property=\"og:site_name\" content=\"Ozinzen\" \/>\n<meta property=\"article:published_time\" content=\"2020-10-10T08:16:34+00:00\" \/>\n<meta property=\"article:modified_time\" content=\"2020-10-29T17:16:23+00:00\" \/>\n<meta property=\"og:image\" content=\"https:\/\/ozinzen.com\/blog\/wp-content\/uploads\/2020\/10\/snowflake.png\" \/>\n\t<meta property=\"og:image:width\" content=\"600\" \/>\n\t<meta property=\"og:image:height\" content=\"322\" \/>\n\t<meta property=\"og:image:type\" content=\"image\/png\" \/>\n<meta name=\"author\" content=\"Marc Sigrist\" \/>\n<meta name=\"twitter:card\" content=\"summary_large_image\" \/>\n<meta name=\"twitter:creator\" content=\"@ozinzen\" \/>\n<meta name=\"twitter:site\" content=\"@ozinzen\" \/>\n<meta name=\"twitter:label1\" content=\"\u00c9crit par\" \/>\n\t<meta name=\"twitter:data1\" content=\"Marc Sigrist\" \/>\n\t<meta name=\"twitter:label2\" content=\"Dur\u00e9e de lecture estim\u00e9e\" \/>\n\t<meta name=\"twitter:data2\" content=\"4 minutes\" \/>\n<script type=\"application\/ld+json\" class=\"yoast-schema-graph\">{\"@context\":\"https:\/\/schema.org\",\"@graph\":[{\"@type\":\"Article\",\"@id\":\"https:\/\/ozinzen.com\/blog\/la-generation-snowflake-a-luniversite-refus-du-dialogue-safe-space-et-hysterisation-du-debat\/#article\",\"isPartOf\":{\"@id\":\"https:\/\/ozinzen.com\/blog\/la-generation-snowflake-a-luniversite-refus-du-dialogue-safe-space-et-hysterisation-du-debat\/\"},\"author\":{\"name\":\"Marc Sigrist\",\"@id\":\"https:\/\/ozinzen.com\/blog\/#\/schema\/person\/c3f9b942ea7cfc90188ae840a2cf2fb1\"},\"headline\":\"La g\u00e9n\u00e9ration snowflake \u00e0 l\u2019universit\u00e9 : refus du dialogue, safe space et hyst\u00e9risation du d\u00e9bat\",\"datePublished\":\"2020-10-10T08:16:34+00:00\",\"dateModified\":\"2020-10-29T17:16:23+00:00\",\"mainEntityOfPage\":{\"@id\":\"https:\/\/ozinzen.com\/blog\/la-generation-snowflake-a-luniversite-refus-du-dialogue-safe-space-et-hysterisation-du-debat\/\"},\"wordCount\":781,\"publisher\":{\"@id\":\"https:\/\/ozinzen.com\/blog\/#organization\"},\"image\":{\"@id\":\"https:\/\/ozinzen.com\/blog\/la-generation-snowflake-a-luniversite-refus-du-dialogue-safe-space-et-hysterisation-du-debat\/#primaryimage\"},\"thumbnailUrl\":\"https:\/\/ozinzen.com\/blog\/wp-content\/uploads\/2020\/10\/snowflake.png\",\"articleSection\":[\"Soci\u00e9t\u00e9\"],\"inLanguage\":\"fr-FR\"},{\"@type\":\"WebPage\",\"@id\":\"https:\/\/ozinzen.com\/blog\/la-generation-snowflake-a-luniversite-refus-du-dialogue-safe-space-et-hysterisation-du-debat\/\",\"url\":\"https:\/\/ozinzen.com\/blog\/la-generation-snowflake-a-luniversite-refus-du-dialogue-safe-space-et-hysterisation-du-debat\/\",\"name\":\"La g\u00e9n\u00e9ration snowflake \u00e0 l\u2019universit\u00e9 : refus du dialogue, safe space et hyst\u00e9risation du d\u00e9bat - Ozinzen\",\"isPartOf\":{\"@id\":\"https:\/\/ozinzen.com\/blog\/#website\"},\"primaryImageOfPage\":{\"@id\":\"https:\/\/ozinzen.com\/blog\/la-generation-snowflake-a-luniversite-refus-du-dialogue-safe-space-et-hysterisation-du-debat\/#primaryimage\"},\"image\":{\"@id\":\"https:\/\/ozinzen.com\/blog\/la-generation-snowflake-a-luniversite-refus-du-dialogue-safe-space-et-hysterisation-du-debat\/#primaryimage\"},\"thumbnailUrl\":\"https:\/\/ozinzen.com\/blog\/wp-content\/uploads\/2020\/10\/snowflake.png\",\"datePublished\":\"2020-10-10T08:16:34+00:00\",\"dateModified\":\"2020-10-29T17:16:23+00:00\",\"description\":\"Les universit\u00e9s am\u00e9ricaines vivent depuis quelques ann\u00e9es une profonde crise de culture, marqu\u00e9e par la mont\u00e9e en puissance de l'intol\u00e9rance et de\",\"breadcrumb\":{\"@id\":\"https:\/\/ozinzen.com\/blog\/la-generation-snowflake-a-luniversite-refus-du-dialogue-safe-space-et-hysterisation-du-debat\/#breadcrumb\"},\"inLanguage\":\"fr-FR\",\"potentialAction\":[{\"@type\":\"ReadAction\",\"target\":[\"https:\/\/ozinzen.com\/blog\/la-generation-snowflake-a-luniversite-refus-du-dialogue-safe-space-et-hysterisation-du-debat\/\"]}]},{\"@type\":\"ImageObject\",\"inLanguage\":\"fr-FR\",\"@id\":\"https:\/\/ozinzen.com\/blog\/la-generation-snowflake-a-luniversite-refus-du-dialogue-safe-space-et-hysterisation-du-debat\/#primaryimage\",\"url\":\"https:\/\/ozinzen.com\/blog\/wp-content\/uploads\/2020\/10\/snowflake.png\",\"contentUrl\":\"https:\/\/ozinzen.com\/blog\/wp-content\/uploads\/2020\/10\/snowflake.png\",\"width\":600,\"height\":322},{\"@type\":\"BreadcrumbList\",\"@id\":\"https:\/\/ozinzen.com\/blog\/la-generation-snowflake-a-luniversite-refus-du-dialogue-safe-space-et-hysterisation-du-debat\/#breadcrumb\",\"itemListElement\":[{\"@type\":\"ListItem\",\"position\":1,\"name\":\"Accueil\",\"item\":\"https:\/\/ozinzen.com\/blog\/\"},{\"@type\":\"ListItem\",\"position\":2,\"name\":\"La g\u00e9n\u00e9ration snowflake \u00e0 l\u2019universit\u00e9 : refus du dialogue, safe space et hyst\u00e9risation du d\u00e9bat\"}]},{\"@type\":\"WebSite\",\"@id\":\"https:\/\/ozinzen.com\/blog\/#website\",\"url\":\"https:\/\/ozinzen.com\/blog\/\",\"name\":\"Ozinzen\",\"description\":\"Mode de vie et sant\u00e9\",\"publisher\":{\"@id\":\"https:\/\/ozinzen.com\/blog\/#organization\"},\"potentialAction\":[{\"@type\":\"SearchAction\",\"target\":{\"@type\":\"EntryPoint\",\"urlTemplate\":\"https:\/\/ozinzen.com\/blog\/?s={search_term_string}\"},\"query-input\":{\"@type\":\"PropertyValueSpecification\",\"valueRequired\":true,\"valueName\":\"search_term_string\"}}],\"inLanguage\":\"fr-FR\"},{\"@type\":\"Organization\",\"@id\":\"https:\/\/ozinzen.com\/blog\/#organization\",\"name\":\"Ozinzen\",\"url\":\"https:\/\/ozinzen.com\/blog\/\",\"logo\":{\"@type\":\"ImageObject\",\"inLanguage\":\"fr-FR\",\"@id\":\"https:\/\/ozinzen.com\/blog\/#\/schema\/logo\/image\/\",\"url\":\"https:\/\/ozinzen.com\/blog\/wp-content\/uploads\/2023\/01\/ozinzen.png\",\"contentUrl\":\"https:\/\/ozinzen.com\/blog\/wp-content\/uploads\/2023\/01\/ozinzen.png\",\"width\":64,\"height\":64,\"caption\":\"Ozinzen\"},\"image\":{\"@id\":\"https:\/\/ozinzen.com\/blog\/#\/schema\/logo\/image\/\"},\"sameAs\":[\"https:\/\/x.com\/ozinzen\"]},{\"@type\":\"Person\",\"@id\":\"https:\/\/ozinzen.com\/blog\/#\/schema\/person\/c3f9b942ea7cfc90188ae840a2cf2fb1\",\"name\":\"Marc Sigrist\",\"image\":{\"@type\":\"ImageObject\",\"inLanguage\":\"fr-FR\",\"@id\":\"https:\/\/ozinzen.com\/blog\/#\/schema\/person\/image\/\",\"url\":\"https:\/\/secure.gravatar.com\/avatar\/187f82243f15c243b39ac53fcbd3ac6ae072d40425f7b43c2878b6fb120dbb31?s=96&d=mm&r=g\",\"contentUrl\":\"https:\/\/secure.gravatar.com\/avatar\/187f82243f15c243b39ac53fcbd3ac6ae072d40425f7b43c2878b6fb120dbb31?s=96&d=mm&r=g\",\"caption\":\"Marc Sigrist\"}}]}<\/script>\n<!-- \/ Yoast SEO plugin. -->","yoast_head_json":{"title":"La g\u00e9n\u00e9ration snowflake \u00e0 l\u2019universit\u00e9 : refus du dialogue, safe space et hyst\u00e9risation du d\u00e9bat - Ozinzen","description":"Les universit\u00e9s am\u00e9ricaines vivent depuis quelques ann\u00e9es une profonde crise de culture, marqu\u00e9e par la mont\u00e9e en puissance de l'intol\u00e9rance et de","robots":{"index":"index","follow":"follow","max-snippet":"max-snippet:-1","max-image-preview":"max-image-preview:large","max-video-preview":"max-video-preview:-1"},"canonical":"https:\/\/ozinzen.com\/blog\/la-generation-snowflake-a-luniversite-refus-du-dialogue-safe-space-et-hysterisation-du-debat\/","og_locale":"fr_FR","og_type":"article","og_title":"La g\u00e9n\u00e9ration snowflake \u00e0 l\u2019universit\u00e9 : refus du dialogue, safe space et hyst\u00e9risation du d\u00e9bat - Ozinzen","og_description":"Les universit\u00e9s am\u00e9ricaines vivent depuis quelques ann\u00e9es une profonde crise de culture, marqu\u00e9e par la mont\u00e9e en puissance de l'intol\u00e9rance et de","og_url":"https:\/\/ozinzen.com\/blog\/la-generation-snowflake-a-luniversite-refus-du-dialogue-safe-space-et-hysterisation-du-debat\/","og_site_name":"Ozinzen","article_published_time":"2020-10-10T08:16:34+00:00","article_modified_time":"2020-10-29T17:16:23+00:00","og_image":[{"width":600,"height":322,"url":"https:\/\/ozinzen.com\/blog\/wp-content\/uploads\/2020\/10\/snowflake.png","type":"image\/png"}],"author":"Marc Sigrist","twitter_card":"summary_large_image","twitter_creator":"@ozinzen","twitter_site":"@ozinzen","twitter_misc":{"\u00c9crit par":"Marc Sigrist","Dur\u00e9e de lecture estim\u00e9e":"4 minutes"},"schema":{"@context":"https:\/\/schema.org","@graph":[{"@type":"Article","@id":"https:\/\/ozinzen.com\/blog\/la-generation-snowflake-a-luniversite-refus-du-dialogue-safe-space-et-hysterisation-du-debat\/#article","isPartOf":{"@id":"https:\/\/ozinzen.com\/blog\/la-generation-snowflake-a-luniversite-refus-du-dialogue-safe-space-et-hysterisation-du-debat\/"},"author":{"name":"Marc Sigrist","@id":"https:\/\/ozinzen.com\/blog\/#\/schema\/person\/c3f9b942ea7cfc90188ae840a2cf2fb1"},"headline":"La g\u00e9n\u00e9ration snowflake \u00e0 l\u2019universit\u00e9 : refus du dialogue, safe space et hyst\u00e9risation du d\u00e9bat","datePublished":"2020-10-10T08:16:34+00:00","dateModified":"2020-10-29T17:16:23+00:00","mainEntityOfPage":{"@id":"https:\/\/ozinzen.com\/blog\/la-generation-snowflake-a-luniversite-refus-du-dialogue-safe-space-et-hysterisation-du-debat\/"},"wordCount":781,"publisher":{"@id":"https:\/\/ozinzen.com\/blog\/#organization"},"image":{"@id":"https:\/\/ozinzen.com\/blog\/la-generation-snowflake-a-luniversite-refus-du-dialogue-safe-space-et-hysterisation-du-debat\/#primaryimage"},"thumbnailUrl":"https:\/\/ozinzen.com\/blog\/wp-content\/uploads\/2020\/10\/snowflake.png","articleSection":["Soci\u00e9t\u00e9"],"inLanguage":"fr-FR"},{"@type":"WebPage","@id":"https:\/\/ozinzen.com\/blog\/la-generation-snowflake-a-luniversite-refus-du-dialogue-safe-space-et-hysterisation-du-debat\/","url":"https:\/\/ozinzen.com\/blog\/la-generation-snowflake-a-luniversite-refus-du-dialogue-safe-space-et-hysterisation-du-debat\/","name":"La g\u00e9n\u00e9ration snowflake \u00e0 l\u2019universit\u00e9 : refus du dialogue, safe space et hyst\u00e9risation du d\u00e9bat - Ozinzen","isPartOf":{"@id":"https:\/\/ozinzen.com\/blog\/#website"},"primaryImageOfPage":{"@id":"https:\/\/ozinzen.com\/blog\/la-generation-snowflake-a-luniversite-refus-du-dialogue-safe-space-et-hysterisation-du-debat\/#primaryimage"},"image":{"@id":"https:\/\/ozinzen.com\/blog\/la-generation-snowflake-a-luniversite-refus-du-dialogue-safe-space-et-hysterisation-du-debat\/#primaryimage"},"thumbnailUrl":"https:\/\/ozinzen.com\/blog\/wp-content\/uploads\/2020\/10\/snowflake.png","datePublished":"2020-10-10T08:16:34+00:00","dateModified":"2020-10-29T17:16:23+00:00","description":"Les universit\u00e9s am\u00e9ricaines vivent depuis quelques ann\u00e9es une profonde crise de culture, marqu\u00e9e par la mont\u00e9e en puissance de l'intol\u00e9rance et de","breadcrumb":{"@id":"https:\/\/ozinzen.com\/blog\/la-generation-snowflake-a-luniversite-refus-du-dialogue-safe-space-et-hysterisation-du-debat\/#breadcrumb"},"inLanguage":"fr-FR","potentialAction":[{"@type":"ReadAction","target":["https:\/\/ozinzen.com\/blog\/la-generation-snowflake-a-luniversite-refus-du-dialogue-safe-space-et-hysterisation-du-debat\/"]}]},{"@type":"ImageObject","inLanguage":"fr-FR","@id":"https:\/\/ozinzen.com\/blog\/la-generation-snowflake-a-luniversite-refus-du-dialogue-safe-space-et-hysterisation-du-debat\/#primaryimage","url":"https:\/\/ozinzen.com\/blog\/wp-content\/uploads\/2020\/10\/snowflake.png","contentUrl":"https:\/\/ozinzen.com\/blog\/wp-content\/uploads\/2020\/10\/snowflake.png","width":600,"height":322},{"@type":"BreadcrumbList","@id":"https:\/\/ozinzen.com\/blog\/la-generation-snowflake-a-luniversite-refus-du-dialogue-safe-space-et-hysterisation-du-debat\/#breadcrumb","itemListElement":[{"@type":"ListItem","position":1,"name":"Accueil","item":"https:\/\/ozinzen.com\/blog\/"},{"@type":"ListItem","position":2,"name":"La g\u00e9n\u00e9ration snowflake \u00e0 l\u2019universit\u00e9 : refus du dialogue, safe space et hyst\u00e9risation du d\u00e9bat"}]},{"@type":"WebSite","@id":"https:\/\/ozinzen.com\/blog\/#website","url":"https:\/\/ozinzen.com\/blog\/","name":"Ozinzen","description":"Mode de vie et sant\u00e9","publisher":{"@id":"https:\/\/ozinzen.com\/blog\/#organization"},"potentialAction":[{"@type":"SearchAction","target":{"@type":"EntryPoint","urlTemplate":"https:\/\/ozinzen.com\/blog\/?s={search_term_string}"},"query-input":{"@type":"PropertyValueSpecification","valueRequired":true,"valueName":"search_term_string"}}],"inLanguage":"fr-FR"},{"@type":"Organization","@id":"https:\/\/ozinzen.com\/blog\/#organization","name":"Ozinzen","url":"https:\/\/ozinzen.com\/blog\/","logo":{"@type":"ImageObject","inLanguage":"fr-FR","@id":"https:\/\/ozinzen.com\/blog\/#\/schema\/logo\/image\/","url":"https:\/\/ozinzen.com\/blog\/wp-content\/uploads\/2023\/01\/ozinzen.png","contentUrl":"https:\/\/ozinzen.com\/blog\/wp-content\/uploads\/2023\/01\/ozinzen.png","width":64,"height":64,"caption":"Ozinzen"},"image":{"@id":"https:\/\/ozinzen.com\/blog\/#\/schema\/logo\/image\/"},"sameAs":["https:\/\/x.com\/ozinzen"]},{"@type":"Person","@id":"https:\/\/ozinzen.com\/blog\/#\/schema\/person\/c3f9b942ea7cfc90188ae840a2cf2fb1","name":"Marc Sigrist","image":{"@type":"ImageObject","inLanguage":"fr-FR","@id":"https:\/\/ozinzen.com\/blog\/#\/schema\/person\/image\/","url":"https:\/\/secure.gravatar.com\/avatar\/187f82243f15c243b39ac53fcbd3ac6ae072d40425f7b43c2878b6fb120dbb31?s=96&d=mm&r=g","contentUrl":"https:\/\/secure.gravatar.com\/avatar\/187f82243f15c243b39ac53fcbd3ac6ae072d40425f7b43c2878b6fb120dbb31?s=96&d=mm&r=g","caption":"Marc Sigrist"}}]}},"amp_enabled":true,"_links":{"self":[{"href":"https:\/\/ozinzen.com\/blog\/wp-json\/wp\/v2\/posts\/10973","targetHints":{"allow":["GET"]}}],"collection":[{"href":"https:\/\/ozinzen.com\/blog\/wp-json\/wp\/v2\/posts"}],"about":[{"href":"https:\/\/ozinzen.com\/blog\/wp-json\/wp\/v2\/types\/post"}],"author":[{"embeddable":true,"href":"https:\/\/ozinzen.com\/blog\/wp-json\/wp\/v2\/users\/2"}],"replies":[{"embeddable":true,"href":"https:\/\/ozinzen.com\/blog\/wp-json\/wp\/v2\/comments?post=10973"}],"version-history":[{"count":2,"href":"https:\/\/ozinzen.com\/blog\/wp-json\/wp\/v2\/posts\/10973\/revisions"}],"predecessor-version":[{"id":10976,"href":"https:\/\/ozinzen.com\/blog\/wp-json\/wp\/v2\/posts\/10973\/revisions\/10976"}],"wp:featuredmedia":[{"embeddable":true,"href":"https:\/\/ozinzen.com\/blog\/wp-json\/wp\/v2\/media\/10974"}],"wp:attachment":[{"href":"https:\/\/ozinzen.com\/blog\/wp-json\/wp\/v2\/media?parent=10973"}],"wp:term":[{"taxonomy":"category","embeddable":true,"href":"https:\/\/ozinzen.com\/blog\/wp-json\/wp\/v2\/categories?post=10973"},{"taxonomy":"post_tag","embeddable":true,"href":"https:\/\/ozinzen.com\/blog\/wp-json\/wp\/v2\/tags?post=10973"}],"curies":[{"name":"wp","href":"https:\/\/api.w.org\/{rel}","templated":true}]}}