{"id":10986,"date":"2020-11-10T17:11:11","date_gmt":"2020-11-10T16:11:11","guid":{"rendered":"https:\/\/ozinzen.com\/blog\/?p=10986"},"modified":"2022-05-16T16:46:11","modified_gmt":"2022-05-16T14:46:11","slug":"comment-amenager-son-bureau-pour-le-teletravail-il-faut-bien-choisir-le-mobilier-et-le-materiel-informatique","status":"publish","type":"post","link":"https:\/\/ozinzen.com\/blog\/comment-amenager-son-bureau-pour-le-teletravail-il-faut-bien-choisir-le-mobilier-et-le-materiel-informatique\/","title":{"rendered":"Comment am\u00e9nager son bureau pour le t\u00e9l\u00e9travail : il faut bien choisir le mobilier et le mat\u00e9riel informatique"},"content":{"rendered":"\n<figure class=\"wp-block-image size-large\"><img loading=\"lazy\" decoding=\"async\" width=\"1024\" height=\"510\" src=\"https:\/\/ozinzen.com\/blog\/wp-content\/uploads\/2020\/11\/teletravail-depuis-chez-soi-1024x510.jpg\" alt=\"\" class=\"wp-image-10987\" srcset=\"https:\/\/ozinzen.com\/blog\/wp-content\/uploads\/2020\/11\/teletravail-depuis-chez-soi-1024x510.jpg 1024w, https:\/\/ozinzen.com\/blog\/wp-content\/uploads\/2020\/11\/teletravail-depuis-chez-soi-300x150.jpg 300w, https:\/\/ozinzen.com\/blog\/wp-content\/uploads\/2020\/11\/teletravail-depuis-chez-soi-768x383.jpg 768w, https:\/\/ozinzen.com\/blog\/wp-content\/uploads\/2020\/11\/teletravail-depuis-chez-soi.jpg 1200w\" sizes=\"auto, (max-width: 1024px) 100vw, 1024px\" \/><\/figure>\n\n\n\n<p>Des millions de travailleurs ont fait leur premier pas dans le monde du t\u00e9l\u00e9travail au cours des derni\u00e8res ann\u00e9es.<\/p>\n\n\n\n<!--more-->\n\n\n\n<p>Si vous cherchez un nouveau job 100% t\u00e9l\u00e9travail, vous pouvez consulter le site <strong><a href=\"https:\/\/expedijob.com\/\" target=\"_blank\" rel=\"noreferrer noopener\">expedijob<\/a><\/strong>. Ce site recense des offres d\u2019emplois internationales pour ceux qui souhaitent travailler en ligne.<\/p>\n\n\n\n<p>Quand vous travaillez \u00e0 distance, vous avez des exigences diff\u00e9rentes de celles d\u2019un bureau ordinaire. Par exemple, vous passerez probablement plus de temps \u00e0 faire des appels vid\u00e9o et vous devrez d\u00e9cider vous-m\u00eame du si\u00e8ge que vous voulez utiliser.<\/p>\n\n\n\n<p><strong>Un bureau pratique pour le t\u00e9l\u00e9travail<\/strong><\/p>\n\n\n\n<p>Travailler depuis son canap\u00e9 peut sembler passionnant au d\u00e9but, mais ce n&rsquo;est pas le meilleur environnement pour bosser. Si possible il faut investir dans un \u00e9quipement appropri\u00e9 et il faut un endroit pour s\u00e9parer le travail et les loisirs.<\/p>\n\n\n\n<p><strong>Un bon si\u00e8ge<\/strong><\/p>\n\n\n\n<p>Un si\u00e8ge confortable est d\u2019abord un si\u00e8ge adapt\u00e9 \u00e0 votre taille. La hauteur du si\u00e8ge doit \u00eatre approximativement \u00e9gale \u00e0 la hauteur des genoux, afin de pouvoir poser les pieds \u00e0 plat sur le plancher.<\/p>\n\n\n\n<p>Il est essentiel de bien soutenir votre dos, surtout si vous avez tendance \u00e0 avoir mal au dos.<\/p>\n\n\n\n<p>Certaines personnes aiment les si\u00e8ges de gaming (\u00e0 destination des accros aux jeux vid\u00e9os) pour leur confort. Un si\u00e8ge de gaming qui semble un peu trop color\u00e9 pour un open-space pourrait convenir parfaitement pour s\u2019assoir \u00e0 la maison.<\/p>\n\n\n\n<p><strong>S\u2019installer devant son ordinateur portable<\/strong><\/p>\n\n\n\n<p>Pour \u00e9viter de se bousiller le dos en travaillant de longues heures sur un ordinateur portable, il est recommand\u00e9 d\u2019avoir un clavier externe.<\/p>\n\n\n\n<p>Vous pouvez brancher un clavier externe sur votre ordinateur portable, et ainsi poser l\u2019ordinateur \u00e0 la distance qui vous convient le mieux. Il suffit de placer un bloc de papier sous l\u2019ordinateur portable pour ajuster la hauteur de l\u2019ordinateur \u00e0 celle de vos yeux. Si vous voulez une solution moins bricol\u00e9e, il existe des supports d\u2019ordinateurs portables pour r\u00e9gler la hauteur.<\/p>\n\n\n\n<p>Le fait d\u2019avoir un clavier d\u2019appoint vous permet de vous offrir un clavier plus ergonomique que celui de l\u2019ordinateur portable. Un clavier est un accessoire peu co\u00fbteux.<\/p>\n\n\n\n<p>Si l\u2019ordinateur portable n\u2019est pas utilis\u00e9 avec un \u00e9cran secondaire ou un clavier d\u2019appoint, il n\u2019y a pas de solution v\u00e9ritablement ergonomique \u00e0 son utilisation.<\/p>\n\n\n\n<p><strong>Une webcam de qualit\u00e9<\/strong><\/p>\n\n\n\n<p>En tant que travailleur \u00e0 distance, vous allez passer la majorit\u00e9 du temps que vous passiez auparavant dans une salle de r\u00e9union devant une webcam. Si vous voulez cr\u00e9er une bonne exp\u00e9rience, vous pouvez investir dans du bon mat\u00e9riel.<\/p>\n\n\n\n<p>La plupart des ordinateurs portables sont \u00e9quip\u00e9s d&rsquo;une webcam int\u00e9gr\u00e9e. Le probl\u00e8me ? Dans de nombreux cas, m\u00eame avec les derniers MacBooks, ils fonctionnent \u00e0 720p ou 480p (c&rsquo;est-\u00e0-dire affichant 720\/480 pixels de largeur) \u00e0 un maximum de 30 FPS ou moins (c&rsquo;est-\u00e0-dire des images par seconde). C&rsquo;est suffisant pour la plupart des cas d&rsquo;utilisation, mais ce n&rsquo;est pas non plus une exp\u00e9rience forc\u00e9ment agr\u00e9able. De plus la cam\u00e9ra int\u00e9gr\u00e9e dans le portable vous filmera souvent de c\u00f4t\u00e9, de dessous ou avec un autre angle peu flatteur.<\/p>\n\n\n\n<p>Une webcam de bonne qualit\u00e9 n&rsquo;est pas ch\u00e8re. La plupart d&rsquo;entre elles fonctionnent \u00e0 1080p ou parfois m\u00eame \u00e0 4k \u00e0 60FPS, ce qui rend votre image plus nette, et plus fluide gr\u00e2ce aux nombres d\u2019images par seconde. Vous pouvez placer cette cam\u00e9ra o\u00f9 vous voulez, le mieux est de donner l&rsquo;impression que vous regardez votre interlocuteur, et non pas que vous regardez quelque part sur le c\u00f4t\u00e9.<\/p>\n\n\n\n<p>Si vous souhaitez b\u00e9n\u00e9ficier d\u2019une qualit\u00e9 extra, il existe des moyens de brancher des appareils photo DSLR \u00e0 votre installation de vid\u00e9oconf\u00e9rence.<\/p>\n\n\n\n<p><strong>Un bon microphone et un bon casque<\/strong><\/p>\n\n\n\n<p>En tant que participant \u00e0 une r\u00e9union, il n&rsquo;y a rien de pire que les gens qui se joignent \u00e0 la r\u00e9union avec leurs \u00e9couteurs bon march\u00e9 ou qui crient sur les microphones internes de leurs ordinateurs portables. Cela conduit souvent \u00e0 une mauvaise qualit\u00e9 audio, \u00e0 des \u00e9chos et \u00e0 des malentendus. Un bon investissement serait donc des \u00e9couteurs et un microphone.<\/p>\n\n\n\n<p>Les casques sp\u00e9cialement con\u00e7us pour les vid\u00e9oconf\u00e9rences (avec un microphone sur le c\u00f4t\u00e9 du casque) qui offrent une grande qualit\u00e9 audio sont souvent chers et lourds. Il est difficile de trouver un bon \u00e9quilibre entre la qualit\u00e9 de la parole et celle de l&rsquo;\u00e9coute. Si vous voulez les deux, cela va vous co\u00fbter cher ! Une bonne solution consiste \u00e0 utiliser vos \u00e9couteurs pr\u00e9f\u00e9r\u00e9s et \u00e0 acheter un microphone externe.<\/p>\n\n\n\n<p>L&rsquo;avantage est que vous pouvez continuer \u00e0 utiliser vos \u00e9couteurs ou Airpods pr\u00e9f\u00e9r\u00e9s pour \u00e9couter vos interlocuteurs. Cela fait moins de d\u00e9pense.<\/p>\n\n\n\n<p>Il y a d&rsquo;autres mat\u00e9riels informatiques que vous pourriez essayer d&rsquo;optimiser pour le t\u00e9l\u00e9travail, mais dans cet article il s&rsquo;agit d&rsquo;un kit de d\u00e9marrage, donc nous en resterons l\u00e0 pour le moment.<\/p>\n","protected":false},"excerpt":{"rendered":"<p>Des millions de travailleurs ont fait leur premier pas dans le monde du t\u00e9l\u00e9travail au cours des derni\u00e8res ann\u00e9es.<\/p>\n","protected":false},"author":2,"featured_media":10987,"comment_status":"closed","ping_status":"closed","sticky":false,"template":"","format":"standard","meta":{"_genesis_hide_title":false,"_genesis_hide_breadcrumbs":false,"_genesis_hide_singular_image":false,"_genesis_hide_footer_widgets":false,"_genesis_custom_body_class":"","_genesis_custom_post_class":"","_genesis_layout":"","footnotes":""},"categories":[27],"tags":[],"class_list":{"0":"post-10986","1":"post","2":"type-post","3":"status-publish","4":"format-standard","5":"has-post-thumbnail","7":"category-sante","8":"entry"},"yoast_head":"<!-- This site is optimized with the Yoast SEO plugin v27.1.1 - https:\/\/yoast.com\/product\/yoast-seo-wordpress\/ -->\n<title>Comment am\u00e9nager son bureau pour le t\u00e9l\u00e9travail : il faut bien choisir le mobilier et le mat\u00e9riel informatique - Ozinzen<\/title>\n<meta name=\"description\" content=\"Des millions de travailleurs ont fait leur premier pas dans le monde du t\u00e9l\u00e9travail au cours des derni\u00e8res ann\u00e9es. Si vous cherchez un nouveau job 100%\" \/>\n<meta name=\"robots\" content=\"index, follow, max-snippet:-1, max-image-preview:large, max-video-preview:-1\" \/>\n<link rel=\"canonical\" href=\"https:\/\/ozinzen.com\/blog\/comment-amenager-son-bureau-pour-le-teletravail-il-faut-bien-choisir-le-mobilier-et-le-materiel-informatique\/\" \/>\n<meta property=\"og:locale\" content=\"fr_FR\" \/>\n<meta property=\"og:type\" content=\"article\" \/>\n<meta property=\"og:title\" content=\"Comment am\u00e9nager son bureau pour le t\u00e9l\u00e9travail : il faut bien choisir le mobilier et le mat\u00e9riel informatique - Ozinzen\" \/>\n<meta property=\"og:description\" content=\"Des millions de travailleurs ont fait leur premier pas dans le monde du t\u00e9l\u00e9travail au cours des derni\u00e8res ann\u00e9es. Si vous cherchez un nouveau job 100%\" \/>\n<meta property=\"og:url\" content=\"https:\/\/ozinzen.com\/blog\/comment-amenager-son-bureau-pour-le-teletravail-il-faut-bien-choisir-le-mobilier-et-le-materiel-informatique\/\" \/>\n<meta property=\"og:site_name\" content=\"Ozinzen\" \/>\n<meta property=\"article:published_time\" content=\"2020-11-10T16:11:11+00:00\" \/>\n<meta property=\"article:modified_time\" content=\"2022-05-16T14:46:11+00:00\" \/>\n<meta property=\"og:image\" content=\"https:\/\/ozinzen.com\/blog\/wp-content\/uploads\/2020\/11\/teletravail-depuis-chez-soi.jpg\" \/>\n\t<meta property=\"og:image:width\" content=\"1200\" \/>\n\t<meta property=\"og:image:height\" content=\"598\" \/>\n\t<meta property=\"og:image:type\" content=\"image\/jpeg\" \/>\n<meta name=\"author\" content=\"Marc Sigrist\" \/>\n<meta name=\"twitter:card\" content=\"summary_large_image\" \/>\n<meta name=\"twitter:creator\" content=\"@ozinzen\" \/>\n<meta name=\"twitter:site\" content=\"@ozinzen\" \/>\n<meta name=\"twitter:label1\" content=\"\u00c9crit par\" \/>\n\t<meta name=\"twitter:data1\" content=\"Marc Sigrist\" \/>\n\t<meta name=\"twitter:label2\" content=\"Dur\u00e9e de lecture estim\u00e9e\" \/>\n\t<meta name=\"twitter:data2\" content=\"5 minutes\" \/>\n<script type=\"application\/ld+json\" class=\"yoast-schema-graph\">{\"@context\":\"https:\/\/schema.org\",\"@graph\":[{\"@type\":\"Article\",\"@id\":\"https:\/\/ozinzen.com\/blog\/comment-amenager-son-bureau-pour-le-teletravail-il-faut-bien-choisir-le-mobilier-et-le-materiel-informatique\/#article\",\"isPartOf\":{\"@id\":\"https:\/\/ozinzen.com\/blog\/comment-amenager-son-bureau-pour-le-teletravail-il-faut-bien-choisir-le-mobilier-et-le-materiel-informatique\/\"},\"author\":{\"name\":\"Marc Sigrist\",\"@id\":\"https:\/\/ozinzen.com\/blog\/#\/schema\/person\/c3f9b942ea7cfc90188ae840a2cf2fb1\"},\"headline\":\"Comment am\u00e9nager son bureau pour le t\u00e9l\u00e9travail : il faut bien choisir le mobilier et le mat\u00e9riel informatique\",\"datePublished\":\"2020-11-10T16:11:11+00:00\",\"dateModified\":\"2022-05-16T14:46:11+00:00\",\"mainEntityOfPage\":{\"@id\":\"https:\/\/ozinzen.com\/blog\/comment-amenager-son-bureau-pour-le-teletravail-il-faut-bien-choisir-le-mobilier-et-le-materiel-informatique\/\"},\"wordCount\":862,\"publisher\":{\"@id\":\"https:\/\/ozinzen.com\/blog\/#organization\"},\"image\":{\"@id\":\"https:\/\/ozinzen.com\/blog\/comment-amenager-son-bureau-pour-le-teletravail-il-faut-bien-choisir-le-mobilier-et-le-materiel-informatique\/#primaryimage\"},\"thumbnailUrl\":\"https:\/\/ozinzen.com\/blog\/wp-content\/uploads\/2020\/11\/teletravail-depuis-chez-soi.jpg\",\"articleSection\":[\"Sant\u00e9\"],\"inLanguage\":\"fr-FR\"},{\"@type\":\"WebPage\",\"@id\":\"https:\/\/ozinzen.com\/blog\/comment-amenager-son-bureau-pour-le-teletravail-il-faut-bien-choisir-le-mobilier-et-le-materiel-informatique\/\",\"url\":\"https:\/\/ozinzen.com\/blog\/comment-amenager-son-bureau-pour-le-teletravail-il-faut-bien-choisir-le-mobilier-et-le-materiel-informatique\/\",\"name\":\"Comment am\u00e9nager son bureau pour le t\u00e9l\u00e9travail : il faut bien choisir le mobilier et le mat\u00e9riel informatique - Ozinzen\",\"isPartOf\":{\"@id\":\"https:\/\/ozinzen.com\/blog\/#website\"},\"primaryImageOfPage\":{\"@id\":\"https:\/\/ozinzen.com\/blog\/comment-amenager-son-bureau-pour-le-teletravail-il-faut-bien-choisir-le-mobilier-et-le-materiel-informatique\/#primaryimage\"},\"image\":{\"@id\":\"https:\/\/ozinzen.com\/blog\/comment-amenager-son-bureau-pour-le-teletravail-il-faut-bien-choisir-le-mobilier-et-le-materiel-informatique\/#primaryimage\"},\"thumbnailUrl\":\"https:\/\/ozinzen.com\/blog\/wp-content\/uploads\/2020\/11\/teletravail-depuis-chez-soi.jpg\",\"datePublished\":\"2020-11-10T16:11:11+00:00\",\"dateModified\":\"2022-05-16T14:46:11+00:00\",\"description\":\"Des millions de travailleurs ont fait leur premier pas dans le monde du t\u00e9l\u00e9travail au cours des derni\u00e8res ann\u00e9es. Si vous cherchez un nouveau job 100%\",\"breadcrumb\":{\"@id\":\"https:\/\/ozinzen.com\/blog\/comment-amenager-son-bureau-pour-le-teletravail-il-faut-bien-choisir-le-mobilier-et-le-materiel-informatique\/#breadcrumb\"},\"inLanguage\":\"fr-FR\",\"potentialAction\":[{\"@type\":\"ReadAction\",\"target\":[\"https:\/\/ozinzen.com\/blog\/comment-amenager-son-bureau-pour-le-teletravail-il-faut-bien-choisir-le-mobilier-et-le-materiel-informatique\/\"]}]},{\"@type\":\"ImageObject\",\"inLanguage\":\"fr-FR\",\"@id\":\"https:\/\/ozinzen.com\/blog\/comment-amenager-son-bureau-pour-le-teletravail-il-faut-bien-choisir-le-mobilier-et-le-materiel-informatique\/#primaryimage\",\"url\":\"https:\/\/ozinzen.com\/blog\/wp-content\/uploads\/2020\/11\/teletravail-depuis-chez-soi.jpg\",\"contentUrl\":\"https:\/\/ozinzen.com\/blog\/wp-content\/uploads\/2020\/11\/teletravail-depuis-chez-soi.jpg\",\"width\":1200,\"height\":598,\"caption\":\"Man working at his desk on the beach\"},{\"@type\":\"BreadcrumbList\",\"@id\":\"https:\/\/ozinzen.com\/blog\/comment-amenager-son-bureau-pour-le-teletravail-il-faut-bien-choisir-le-mobilier-et-le-materiel-informatique\/#breadcrumb\",\"itemListElement\":[{\"@type\":\"ListItem\",\"position\":1,\"name\":\"Accueil\",\"item\":\"https:\/\/ozinzen.com\/blog\/\"},{\"@type\":\"ListItem\",\"position\":2,\"name\":\"Comment am\u00e9nager son bureau pour le t\u00e9l\u00e9travail : il faut bien choisir le mobilier et le mat\u00e9riel informatique\"}]},{\"@type\":\"WebSite\",\"@id\":\"https:\/\/ozinzen.com\/blog\/#website\",\"url\":\"https:\/\/ozinzen.com\/blog\/\",\"name\":\"Ozinzen\",\"description\":\"Mode de vie et sant\u00e9\",\"publisher\":{\"@id\":\"https:\/\/ozinzen.com\/blog\/#organization\"},\"potentialAction\":[{\"@type\":\"SearchAction\",\"target\":{\"@type\":\"EntryPoint\",\"urlTemplate\":\"https:\/\/ozinzen.com\/blog\/?s={search_term_string}\"},\"query-input\":{\"@type\":\"PropertyValueSpecification\",\"valueRequired\":true,\"valueName\":\"search_term_string\"}}],\"inLanguage\":\"fr-FR\"},{\"@type\":\"Organization\",\"@id\":\"https:\/\/ozinzen.com\/blog\/#organization\",\"name\":\"Ozinzen\",\"url\":\"https:\/\/ozinzen.com\/blog\/\",\"logo\":{\"@type\":\"ImageObject\",\"inLanguage\":\"fr-FR\",\"@id\":\"https:\/\/ozinzen.com\/blog\/#\/schema\/logo\/image\/\",\"url\":\"https:\/\/ozinzen.com\/blog\/wp-content\/uploads\/2023\/01\/ozinzen.png\",\"contentUrl\":\"https:\/\/ozinzen.com\/blog\/wp-content\/uploads\/2023\/01\/ozinzen.png\",\"width\":64,\"height\":64,\"caption\":\"Ozinzen\"},\"image\":{\"@id\":\"https:\/\/ozinzen.com\/blog\/#\/schema\/logo\/image\/\"},\"sameAs\":[\"https:\/\/x.com\/ozinzen\"]},{\"@type\":\"Person\",\"@id\":\"https:\/\/ozinzen.com\/blog\/#\/schema\/person\/c3f9b942ea7cfc90188ae840a2cf2fb1\",\"name\":\"Marc Sigrist\",\"image\":{\"@type\":\"ImageObject\",\"inLanguage\":\"fr-FR\",\"@id\":\"https:\/\/ozinzen.com\/blog\/#\/schema\/person\/image\/\",\"url\":\"https:\/\/secure.gravatar.com\/avatar\/187f82243f15c243b39ac53fcbd3ac6ae072d40425f7b43c2878b6fb120dbb31?s=96&d=mm&r=g\",\"contentUrl\":\"https:\/\/secure.gravatar.com\/avatar\/187f82243f15c243b39ac53fcbd3ac6ae072d40425f7b43c2878b6fb120dbb31?s=96&d=mm&r=g\",\"caption\":\"Marc Sigrist\"}}]}<\/script>\n<!-- \/ Yoast SEO plugin. -->","yoast_head_json":{"title":"Comment am\u00e9nager son bureau pour le t\u00e9l\u00e9travail : il faut bien choisir le mobilier et le mat\u00e9riel informatique - Ozinzen","description":"Des millions de travailleurs ont fait leur premier pas dans le monde du t\u00e9l\u00e9travail au cours des derni\u00e8res ann\u00e9es. Si vous cherchez un nouveau job 100%","robots":{"index":"index","follow":"follow","max-snippet":"max-snippet:-1","max-image-preview":"max-image-preview:large","max-video-preview":"max-video-preview:-1"},"canonical":"https:\/\/ozinzen.com\/blog\/comment-amenager-son-bureau-pour-le-teletravail-il-faut-bien-choisir-le-mobilier-et-le-materiel-informatique\/","og_locale":"fr_FR","og_type":"article","og_title":"Comment am\u00e9nager son bureau pour le t\u00e9l\u00e9travail : il faut bien choisir le mobilier et le mat\u00e9riel informatique - Ozinzen","og_description":"Des millions de travailleurs ont fait leur premier pas dans le monde du t\u00e9l\u00e9travail au cours des derni\u00e8res ann\u00e9es. Si vous cherchez un nouveau job 100%","og_url":"https:\/\/ozinzen.com\/blog\/comment-amenager-son-bureau-pour-le-teletravail-il-faut-bien-choisir-le-mobilier-et-le-materiel-informatique\/","og_site_name":"Ozinzen","article_published_time":"2020-11-10T16:11:11+00:00","article_modified_time":"2022-05-16T14:46:11+00:00","og_image":[{"width":1200,"height":598,"url":"https:\/\/ozinzen.com\/blog\/wp-content\/uploads\/2020\/11\/teletravail-depuis-chez-soi.jpg","type":"image\/jpeg"}],"author":"Marc Sigrist","twitter_card":"summary_large_image","twitter_creator":"@ozinzen","twitter_site":"@ozinzen","twitter_misc":{"\u00c9crit par":"Marc Sigrist","Dur\u00e9e de lecture estim\u00e9e":"5 minutes"},"schema":{"@context":"https:\/\/schema.org","@graph":[{"@type":"Article","@id":"https:\/\/ozinzen.com\/blog\/comment-amenager-son-bureau-pour-le-teletravail-il-faut-bien-choisir-le-mobilier-et-le-materiel-informatique\/#article","isPartOf":{"@id":"https:\/\/ozinzen.com\/blog\/comment-amenager-son-bureau-pour-le-teletravail-il-faut-bien-choisir-le-mobilier-et-le-materiel-informatique\/"},"author":{"name":"Marc Sigrist","@id":"https:\/\/ozinzen.com\/blog\/#\/schema\/person\/c3f9b942ea7cfc90188ae840a2cf2fb1"},"headline":"Comment am\u00e9nager son bureau pour le t\u00e9l\u00e9travail : il faut bien choisir le mobilier et le mat\u00e9riel informatique","datePublished":"2020-11-10T16:11:11+00:00","dateModified":"2022-05-16T14:46:11+00:00","mainEntityOfPage":{"@id":"https:\/\/ozinzen.com\/blog\/comment-amenager-son-bureau-pour-le-teletravail-il-faut-bien-choisir-le-mobilier-et-le-materiel-informatique\/"},"wordCount":862,"publisher":{"@id":"https:\/\/ozinzen.com\/blog\/#organization"},"image":{"@id":"https:\/\/ozinzen.com\/blog\/comment-amenager-son-bureau-pour-le-teletravail-il-faut-bien-choisir-le-mobilier-et-le-materiel-informatique\/#primaryimage"},"thumbnailUrl":"https:\/\/ozinzen.com\/blog\/wp-content\/uploads\/2020\/11\/teletravail-depuis-chez-soi.jpg","articleSection":["Sant\u00e9"],"inLanguage":"fr-FR"},{"@type":"WebPage","@id":"https:\/\/ozinzen.com\/blog\/comment-amenager-son-bureau-pour-le-teletravail-il-faut-bien-choisir-le-mobilier-et-le-materiel-informatique\/","url":"https:\/\/ozinzen.com\/blog\/comment-amenager-son-bureau-pour-le-teletravail-il-faut-bien-choisir-le-mobilier-et-le-materiel-informatique\/","name":"Comment am\u00e9nager son bureau pour le t\u00e9l\u00e9travail : il faut bien choisir le mobilier et le mat\u00e9riel informatique - Ozinzen","isPartOf":{"@id":"https:\/\/ozinzen.com\/blog\/#website"},"primaryImageOfPage":{"@id":"https:\/\/ozinzen.com\/blog\/comment-amenager-son-bureau-pour-le-teletravail-il-faut-bien-choisir-le-mobilier-et-le-materiel-informatique\/#primaryimage"},"image":{"@id":"https:\/\/ozinzen.com\/blog\/comment-amenager-son-bureau-pour-le-teletravail-il-faut-bien-choisir-le-mobilier-et-le-materiel-informatique\/#primaryimage"},"thumbnailUrl":"https:\/\/ozinzen.com\/blog\/wp-content\/uploads\/2020\/11\/teletravail-depuis-chez-soi.jpg","datePublished":"2020-11-10T16:11:11+00:00","dateModified":"2022-05-16T14:46:11+00:00","description":"Des millions de travailleurs ont fait leur premier pas dans le monde du t\u00e9l\u00e9travail au cours des derni\u00e8res ann\u00e9es. Si vous cherchez un nouveau job 100%","breadcrumb":{"@id":"https:\/\/ozinzen.com\/blog\/comment-amenager-son-bureau-pour-le-teletravail-il-faut-bien-choisir-le-mobilier-et-le-materiel-informatique\/#breadcrumb"},"inLanguage":"fr-FR","potentialAction":[{"@type":"ReadAction","target":["https:\/\/ozinzen.com\/blog\/comment-amenager-son-bureau-pour-le-teletravail-il-faut-bien-choisir-le-mobilier-et-le-materiel-informatique\/"]}]},{"@type":"ImageObject","inLanguage":"fr-FR","@id":"https:\/\/ozinzen.com\/blog\/comment-amenager-son-bureau-pour-le-teletravail-il-faut-bien-choisir-le-mobilier-et-le-materiel-informatique\/#primaryimage","url":"https:\/\/ozinzen.com\/blog\/wp-content\/uploads\/2020\/11\/teletravail-depuis-chez-soi.jpg","contentUrl":"https:\/\/ozinzen.com\/blog\/wp-content\/uploads\/2020\/11\/teletravail-depuis-chez-soi.jpg","width":1200,"height":598,"caption":"Man working at his desk on the beach"},{"@type":"BreadcrumbList","@id":"https:\/\/ozinzen.com\/blog\/comment-amenager-son-bureau-pour-le-teletravail-il-faut-bien-choisir-le-mobilier-et-le-materiel-informatique\/#breadcrumb","itemListElement":[{"@type":"ListItem","position":1,"name":"Accueil","item":"https:\/\/ozinzen.com\/blog\/"},{"@type":"ListItem","position":2,"name":"Comment am\u00e9nager son bureau pour le t\u00e9l\u00e9travail : il faut bien choisir le mobilier et le mat\u00e9riel informatique"}]},{"@type":"WebSite","@id":"https:\/\/ozinzen.com\/blog\/#website","url":"https:\/\/ozinzen.com\/blog\/","name":"Ozinzen","description":"Mode de vie et sant\u00e9","publisher":{"@id":"https:\/\/ozinzen.com\/blog\/#organization"},"potentialAction":[{"@type":"SearchAction","target":{"@type":"EntryPoint","urlTemplate":"https:\/\/ozinzen.com\/blog\/?s={search_term_string}"},"query-input":{"@type":"PropertyValueSpecification","valueRequired":true,"valueName":"search_term_string"}}],"inLanguage":"fr-FR"},{"@type":"Organization","@id":"https:\/\/ozinzen.com\/blog\/#organization","name":"Ozinzen","url":"https:\/\/ozinzen.com\/blog\/","logo":{"@type":"ImageObject","inLanguage":"fr-FR","@id":"https:\/\/ozinzen.com\/blog\/#\/schema\/logo\/image\/","url":"https:\/\/ozinzen.com\/blog\/wp-content\/uploads\/2023\/01\/ozinzen.png","contentUrl":"https:\/\/ozinzen.com\/blog\/wp-content\/uploads\/2023\/01\/ozinzen.png","width":64,"height":64,"caption":"Ozinzen"},"image":{"@id":"https:\/\/ozinzen.com\/blog\/#\/schema\/logo\/image\/"},"sameAs":["https:\/\/x.com\/ozinzen"]},{"@type":"Person","@id":"https:\/\/ozinzen.com\/blog\/#\/schema\/person\/c3f9b942ea7cfc90188ae840a2cf2fb1","name":"Marc Sigrist","image":{"@type":"ImageObject","inLanguage":"fr-FR","@id":"https:\/\/ozinzen.com\/blog\/#\/schema\/person\/image\/","url":"https:\/\/secure.gravatar.com\/avatar\/187f82243f15c243b39ac53fcbd3ac6ae072d40425f7b43c2878b6fb120dbb31?s=96&d=mm&r=g","contentUrl":"https:\/\/secure.gravatar.com\/avatar\/187f82243f15c243b39ac53fcbd3ac6ae072d40425f7b43c2878b6fb120dbb31?s=96&d=mm&r=g","caption":"Marc Sigrist"}}]}},"amp_enabled":true,"_links":{"self":[{"href":"https:\/\/ozinzen.com\/blog\/wp-json\/wp\/v2\/posts\/10986","targetHints":{"allow":["GET"]}}],"collection":[{"href":"https:\/\/ozinzen.com\/blog\/wp-json\/wp\/v2\/posts"}],"about":[{"href":"https:\/\/ozinzen.com\/blog\/wp-json\/wp\/v2\/types\/post"}],"author":[{"embeddable":true,"href":"https:\/\/ozinzen.com\/blog\/wp-json\/wp\/v2\/users\/2"}],"replies":[{"embeddable":true,"href":"https:\/\/ozinzen.com\/blog\/wp-json\/wp\/v2\/comments?post=10986"}],"version-history":[{"count":10,"href":"https:\/\/ozinzen.com\/blog\/wp-json\/wp\/v2\/posts\/10986\/revisions"}],"predecessor-version":[{"id":10999,"href":"https:\/\/ozinzen.com\/blog\/wp-json\/wp\/v2\/posts\/10986\/revisions\/10999"}],"wp:featuredmedia":[{"embeddable":true,"href":"https:\/\/ozinzen.com\/blog\/wp-json\/wp\/v2\/media\/10987"}],"wp:attachment":[{"href":"https:\/\/ozinzen.com\/blog\/wp-json\/wp\/v2\/media?parent=10986"}],"wp:term":[{"taxonomy":"category","embeddable":true,"href":"https:\/\/ozinzen.com\/blog\/wp-json\/wp\/v2\/categories?post=10986"},{"taxonomy":"post_tag","embeddable":true,"href":"https:\/\/ozinzen.com\/blog\/wp-json\/wp\/v2\/tags?post=10986"}],"curies":[{"name":"wp","href":"https:\/\/api.w.org\/{rel}","templated":true}]}}