{"id":11368,"date":"2021-07-25T11:16:36","date_gmt":"2021-07-25T09:16:36","guid":{"rendered":"https:\/\/ozinzen.com\/blog\/?p=11368"},"modified":"2021-07-28T08:54:30","modified_gmt":"2021-07-28T06:54:30","slug":"gibraltar-100-de-la-population-a-ete-vaccinee-contre-le-covid-mais-les-contaminations-augmentent-depuis-debut-juillet","status":"publish","type":"post","link":"https:\/\/ozinzen.com\/blog\/gibraltar-100-de-la-population-a-ete-vaccinee-contre-le-covid-mais-les-contaminations-augmentent-depuis-debut-juillet\/","title":{"rendered":"Gibraltar : 100% de la population a \u00e9t\u00e9 vaccin\u00e9e contre le covid, mais les contaminations augmentent depuis d\u00e9but juillet"},"content":{"rendered":"\n<figure class=\"wp-block-image size-large\"><a href=\"https:\/\/ozinzen.com\/blog\/wp-content\/uploads\/2021\/07\/gibraltar.jpg\"><img loading=\"lazy\" decoding=\"async\" width=\"790\" height=\"395\" src=\"https:\/\/ozinzen.com\/blog\/wp-content\/uploads\/2021\/07\/gibraltar.jpg\" alt=\"\" class=\"wp-image-11370\" srcset=\"https:\/\/ozinzen.com\/blog\/wp-content\/uploads\/2021\/07\/gibraltar.jpg 790w, https:\/\/ozinzen.com\/blog\/wp-content\/uploads\/2021\/07\/gibraltar-300x150.jpg 300w, https:\/\/ozinzen.com\/blog\/wp-content\/uploads\/2021\/07\/gibraltar-768x384.jpg 768w\" sizes=\"auto, (max-width: 790px) 100vw, 790px\" \/><\/a><\/figure>\n\n\n\n<p>Gibraltar compte environ 34 000 habitants, vaccin\u00e9s \u00e0 100%. <\/p>\n\n\n\n<p>Cette enclave britannique situ\u00e9e au sud de l&rsquo;Espagne conna\u00eet pourtant une flamb\u00e9e de nouveaux cas depuis le d\u00e9but du mois de juillet. <\/p>\n\n\n\n<!--more-->\n\n\n\n<p><strong><a href=\"https:\/\/graphics.reuters.com\/world-coronavirus-tracker-and-maps\/countries-and-territories\/gibraltar\/\" target=\"_blank\" rel=\"noreferrer noopener\">Graphique mis \u00e0 jour par Reuters.<\/a><\/strong><\/p>\n\n\n\n<p>La vaccination int\u00e9grale n\u2019a donc pas emp\u00each\u00e9 une nouvelle \u00e9pid\u00e9mie. <\/p>\n\n\n\n<p>L\u2019explication est probablement que le vaccin fabriqu\u00e9 \u00e0 partir de la souche de Wuhan ne prot\u00e8ge pas totalement des variants. <\/p>\n\n\n\n<p>En revanche, cette hausse apparente des contaminations ne s\u2019accompagne d\u2019aucune mortalit\u00e9, ce qui signifie soit que le variant concern\u00e9 est moins l\u00e9tal, soit que la vaccination prot\u00e8ge effectivement des formes graves.<\/p>\n\n\n\n<p>Extrait d&rsquo;un article de <strong>Laurent Mucchielli<\/strong>, sociologue fran\u00e7ais, sur le site de <a href=\"https:\/\/blogs.mediapart.fr\/laurent-mucchielli\/blog\/200721\/la-vaccination-l-epreuve-des-faits-1ere-partie-les-chiffres-de-l-epidemie\" target=\"_blank\" rel=\"noreferrer noopener\">Mediapart<\/a>.<\/p>\n\n\n\n<p><\/p>\n","protected":false},"excerpt":{"rendered":"<p>Gibraltar compte environ 34 000 habitants, vaccin\u00e9s \u00e0 100%. Cette enclave britannique situ\u00e9e au sud de l&rsquo;Espagne conna\u00eet pourtant une flamb\u00e9e de nouveaux cas depuis le d\u00e9but du mois de juillet.<\/p>\n","protected":false},"author":2,"featured_media":11370,"comment_status":"closed","ping_status":"closed","sticky":false,"template":"","format":"standard","meta":{"_genesis_hide_title":false,"_genesis_hide_breadcrumbs":false,"_genesis_hide_singular_image":false,"_genesis_hide_footer_widgets":false,"_genesis_custom_body_class":"","_genesis_custom_post_class":"","_genesis_layout":"","footnotes":""},"categories":[27],"tags":[],"class_list":{"0":"post-11368","1":"post","2":"type-post","3":"status-publish","4":"format-standard","5":"has-post-thumbnail","7":"category-sante","8":"entry"},"yoast_head":"<!-- This site is optimized with the Yoast SEO plugin v27.1.1 - https:\/\/yoast.com\/product\/yoast-seo-wordpress\/ -->\n<title>Gibraltar : 100% de la population a \u00e9t\u00e9 vaccin\u00e9e contre le covid, mais les contaminations augmentent depuis d\u00e9but juillet - Ozinzen<\/title>\n<meta name=\"description\" content=\"Gibraltar compte environ 34 000 habitants, vaccin\u00e9s \u00e0 100%. Cette enclave britannique situ\u00e9e au sud de l&#039;Espagne conna\u00eet pourtant une flamb\u00e9e de nouveaux\" \/>\n<meta name=\"robots\" content=\"index, follow, max-snippet:-1, max-image-preview:large, max-video-preview:-1\" \/>\n<link rel=\"canonical\" href=\"https:\/\/ozinzen.com\/blog\/gibraltar-100-de-la-population-a-ete-vaccinee-contre-le-covid-mais-les-contaminations-augmentent-depuis-debut-juillet\/\" \/>\n<meta property=\"og:locale\" content=\"fr_FR\" \/>\n<meta property=\"og:type\" content=\"article\" \/>\n<meta property=\"og:title\" content=\"Gibraltar : 100% de la population a \u00e9t\u00e9 vaccin\u00e9e contre le covid, mais les contaminations augmentent depuis d\u00e9but juillet - Ozinzen\" \/>\n<meta property=\"og:description\" content=\"Gibraltar compte environ 34 000 habitants, vaccin\u00e9s \u00e0 100%. Cette enclave britannique situ\u00e9e au sud de l&#039;Espagne conna\u00eet pourtant une flamb\u00e9e de nouveaux\" \/>\n<meta property=\"og:url\" content=\"https:\/\/ozinzen.com\/blog\/gibraltar-100-de-la-population-a-ete-vaccinee-contre-le-covid-mais-les-contaminations-augmentent-depuis-debut-juillet\/\" \/>\n<meta property=\"og:site_name\" content=\"Ozinzen\" \/>\n<meta property=\"article:published_time\" content=\"2021-07-25T09:16:36+00:00\" \/>\n<meta property=\"article:modified_time\" content=\"2021-07-28T06:54:30+00:00\" \/>\n<meta property=\"og:image\" content=\"https:\/\/ozinzen.com\/blog\/wp-content\/uploads\/2021\/07\/gibraltar.jpg\" \/>\n\t<meta property=\"og:image:width\" content=\"790\" \/>\n\t<meta property=\"og:image:height\" content=\"395\" \/>\n\t<meta property=\"og:image:type\" content=\"image\/jpeg\" \/>\n<meta name=\"author\" content=\"Marc Sigrist\" \/>\n<meta name=\"twitter:card\" content=\"summary_large_image\" \/>\n<meta name=\"twitter:creator\" content=\"@ozinzen\" \/>\n<meta name=\"twitter:site\" content=\"@ozinzen\" \/>\n<meta name=\"twitter:label1\" content=\"\u00c9crit par\" \/>\n\t<meta name=\"twitter:data1\" content=\"Marc Sigrist\" \/>\n\t<meta name=\"twitter:label2\" content=\"Dur\u00e9e de lecture estim\u00e9e\" \/>\n\t<meta name=\"twitter:data2\" content=\"1 minute\" \/>\n<script type=\"application\/ld+json\" class=\"yoast-schema-graph\">{\"@context\":\"https:\/\/schema.org\",\"@graph\":[{\"@type\":\"Article\",\"@id\":\"https:\/\/ozinzen.com\/blog\/gibraltar-100-de-la-population-a-ete-vaccinee-contre-le-covid-mais-les-contaminations-augmentent-depuis-debut-juillet\/#article\",\"isPartOf\":{\"@id\":\"https:\/\/ozinzen.com\/blog\/gibraltar-100-de-la-population-a-ete-vaccinee-contre-le-covid-mais-les-contaminations-augmentent-depuis-debut-juillet\/\"},\"author\":{\"name\":\"Marc Sigrist\",\"@id\":\"https:\/\/ozinzen.com\/blog\/#\/schema\/person\/c3f9b942ea7cfc90188ae840a2cf2fb1\"},\"headline\":\"Gibraltar : 100% de la population a \u00e9t\u00e9 vaccin\u00e9e contre le covid, mais les contaminations augmentent depuis d\u00e9but juillet\",\"datePublished\":\"2021-07-25T09:16:36+00:00\",\"dateModified\":\"2021-07-28T06:54:30+00:00\",\"mainEntityOfPage\":{\"@id\":\"https:\/\/ozinzen.com\/blog\/gibraltar-100-de-la-population-a-ete-vaccinee-contre-le-covid-mais-les-contaminations-augmentent-depuis-debut-juillet\/\"},\"wordCount\":140,\"publisher\":{\"@id\":\"https:\/\/ozinzen.com\/blog\/#organization\"},\"image\":{\"@id\":\"https:\/\/ozinzen.com\/blog\/gibraltar-100-de-la-population-a-ete-vaccinee-contre-le-covid-mais-les-contaminations-augmentent-depuis-debut-juillet\/#primaryimage\"},\"thumbnailUrl\":\"https:\/\/ozinzen.com\/blog\/wp-content\/uploads\/2021\/07\/gibraltar.jpg\",\"articleSection\":[\"Sant\u00e9\"],\"inLanguage\":\"fr-FR\"},{\"@type\":\"WebPage\",\"@id\":\"https:\/\/ozinzen.com\/blog\/gibraltar-100-de-la-population-a-ete-vaccinee-contre-le-covid-mais-les-contaminations-augmentent-depuis-debut-juillet\/\",\"url\":\"https:\/\/ozinzen.com\/blog\/gibraltar-100-de-la-population-a-ete-vaccinee-contre-le-covid-mais-les-contaminations-augmentent-depuis-debut-juillet\/\",\"name\":\"Gibraltar : 100% de la population a \u00e9t\u00e9 vaccin\u00e9e contre le covid, mais les contaminations augmentent depuis d\u00e9but juillet - Ozinzen\",\"isPartOf\":{\"@id\":\"https:\/\/ozinzen.com\/blog\/#website\"},\"primaryImageOfPage\":{\"@id\":\"https:\/\/ozinzen.com\/blog\/gibraltar-100-de-la-population-a-ete-vaccinee-contre-le-covid-mais-les-contaminations-augmentent-depuis-debut-juillet\/#primaryimage\"},\"image\":{\"@id\":\"https:\/\/ozinzen.com\/blog\/gibraltar-100-de-la-population-a-ete-vaccinee-contre-le-covid-mais-les-contaminations-augmentent-depuis-debut-juillet\/#primaryimage\"},\"thumbnailUrl\":\"https:\/\/ozinzen.com\/blog\/wp-content\/uploads\/2021\/07\/gibraltar.jpg\",\"datePublished\":\"2021-07-25T09:16:36+00:00\",\"dateModified\":\"2021-07-28T06:54:30+00:00\",\"description\":\"Gibraltar compte environ 34 000 habitants, vaccin\u00e9s \u00e0 100%. Cette enclave britannique situ\u00e9e au sud de l'Espagne conna\u00eet pourtant une flamb\u00e9e de nouveaux\",\"breadcrumb\":{\"@id\":\"https:\/\/ozinzen.com\/blog\/gibraltar-100-de-la-population-a-ete-vaccinee-contre-le-covid-mais-les-contaminations-augmentent-depuis-debut-juillet\/#breadcrumb\"},\"inLanguage\":\"fr-FR\",\"potentialAction\":[{\"@type\":\"ReadAction\",\"target\":[\"https:\/\/ozinzen.com\/blog\/gibraltar-100-de-la-population-a-ete-vaccinee-contre-le-covid-mais-les-contaminations-augmentent-depuis-debut-juillet\/\"]}]},{\"@type\":\"ImageObject\",\"inLanguage\":\"fr-FR\",\"@id\":\"https:\/\/ozinzen.com\/blog\/gibraltar-100-de-la-population-a-ete-vaccinee-contre-le-covid-mais-les-contaminations-augmentent-depuis-debut-juillet\/#primaryimage\",\"url\":\"https:\/\/ozinzen.com\/blog\/wp-content\/uploads\/2021\/07\/gibraltar.jpg\",\"contentUrl\":\"https:\/\/ozinzen.com\/blog\/wp-content\/uploads\/2021\/07\/gibraltar.jpg\",\"width\":790,\"height\":395},{\"@type\":\"BreadcrumbList\",\"@id\":\"https:\/\/ozinzen.com\/blog\/gibraltar-100-de-la-population-a-ete-vaccinee-contre-le-covid-mais-les-contaminations-augmentent-depuis-debut-juillet\/#breadcrumb\",\"itemListElement\":[{\"@type\":\"ListItem\",\"position\":1,\"name\":\"Accueil\",\"item\":\"https:\/\/ozinzen.com\/blog\/\"},{\"@type\":\"ListItem\",\"position\":2,\"name\":\"Gibraltar : 100% de la population a \u00e9t\u00e9 vaccin\u00e9e contre le covid, mais les contaminations augmentent depuis d\u00e9but juillet\"}]},{\"@type\":\"WebSite\",\"@id\":\"https:\/\/ozinzen.com\/blog\/#website\",\"url\":\"https:\/\/ozinzen.com\/blog\/\",\"name\":\"Ozinzen\",\"description\":\"Mode de vie et sant\u00e9\",\"publisher\":{\"@id\":\"https:\/\/ozinzen.com\/blog\/#organization\"},\"potentialAction\":[{\"@type\":\"SearchAction\",\"target\":{\"@type\":\"EntryPoint\",\"urlTemplate\":\"https:\/\/ozinzen.com\/blog\/?s={search_term_string}\"},\"query-input\":{\"@type\":\"PropertyValueSpecification\",\"valueRequired\":true,\"valueName\":\"search_term_string\"}}],\"inLanguage\":\"fr-FR\"},{\"@type\":\"Organization\",\"@id\":\"https:\/\/ozinzen.com\/blog\/#organization\",\"name\":\"Ozinzen\",\"url\":\"https:\/\/ozinzen.com\/blog\/\",\"logo\":{\"@type\":\"ImageObject\",\"inLanguage\":\"fr-FR\",\"@id\":\"https:\/\/ozinzen.com\/blog\/#\/schema\/logo\/image\/\",\"url\":\"https:\/\/ozinzen.com\/blog\/wp-content\/uploads\/2023\/01\/ozinzen.png\",\"contentUrl\":\"https:\/\/ozinzen.com\/blog\/wp-content\/uploads\/2023\/01\/ozinzen.png\",\"width\":64,\"height\":64,\"caption\":\"Ozinzen\"},\"image\":{\"@id\":\"https:\/\/ozinzen.com\/blog\/#\/schema\/logo\/image\/\"},\"sameAs\":[\"https:\/\/x.com\/ozinzen\"]},{\"@type\":\"Person\",\"@id\":\"https:\/\/ozinzen.com\/blog\/#\/schema\/person\/c3f9b942ea7cfc90188ae840a2cf2fb1\",\"name\":\"Marc Sigrist\",\"image\":{\"@type\":\"ImageObject\",\"inLanguage\":\"fr-FR\",\"@id\":\"https:\/\/ozinzen.com\/blog\/#\/schema\/person\/image\/\",\"url\":\"https:\/\/secure.gravatar.com\/avatar\/187f82243f15c243b39ac53fcbd3ac6ae072d40425f7b43c2878b6fb120dbb31?s=96&d=mm&r=g\",\"contentUrl\":\"https:\/\/secure.gravatar.com\/avatar\/187f82243f15c243b39ac53fcbd3ac6ae072d40425f7b43c2878b6fb120dbb31?s=96&d=mm&r=g\",\"caption\":\"Marc Sigrist\"}}]}<\/script>\n<!-- \/ Yoast SEO plugin. -->","yoast_head_json":{"title":"Gibraltar : 100% de la population a \u00e9t\u00e9 vaccin\u00e9e contre le covid, mais les contaminations augmentent depuis d\u00e9but juillet - Ozinzen","description":"Gibraltar compte environ 34 000 habitants, vaccin\u00e9s \u00e0 100%. Cette enclave britannique situ\u00e9e au sud de l'Espagne conna\u00eet pourtant une flamb\u00e9e de nouveaux","robots":{"index":"index","follow":"follow","max-snippet":"max-snippet:-1","max-image-preview":"max-image-preview:large","max-video-preview":"max-video-preview:-1"},"canonical":"https:\/\/ozinzen.com\/blog\/gibraltar-100-de-la-population-a-ete-vaccinee-contre-le-covid-mais-les-contaminations-augmentent-depuis-debut-juillet\/","og_locale":"fr_FR","og_type":"article","og_title":"Gibraltar : 100% de la population a \u00e9t\u00e9 vaccin\u00e9e contre le covid, mais les contaminations augmentent depuis d\u00e9but juillet - Ozinzen","og_description":"Gibraltar compte environ 34 000 habitants, vaccin\u00e9s \u00e0 100%. Cette enclave britannique situ\u00e9e au sud de l'Espagne conna\u00eet pourtant une flamb\u00e9e de nouveaux","og_url":"https:\/\/ozinzen.com\/blog\/gibraltar-100-de-la-population-a-ete-vaccinee-contre-le-covid-mais-les-contaminations-augmentent-depuis-debut-juillet\/","og_site_name":"Ozinzen","article_published_time":"2021-07-25T09:16:36+00:00","article_modified_time":"2021-07-28T06:54:30+00:00","og_image":[{"width":790,"height":395,"url":"https:\/\/ozinzen.com\/blog\/wp-content\/uploads\/2021\/07\/gibraltar.jpg","type":"image\/jpeg"}],"author":"Marc Sigrist","twitter_card":"summary_large_image","twitter_creator":"@ozinzen","twitter_site":"@ozinzen","twitter_misc":{"\u00c9crit par":"Marc Sigrist","Dur\u00e9e de lecture estim\u00e9e":"1 minute"},"schema":{"@context":"https:\/\/schema.org","@graph":[{"@type":"Article","@id":"https:\/\/ozinzen.com\/blog\/gibraltar-100-de-la-population-a-ete-vaccinee-contre-le-covid-mais-les-contaminations-augmentent-depuis-debut-juillet\/#article","isPartOf":{"@id":"https:\/\/ozinzen.com\/blog\/gibraltar-100-de-la-population-a-ete-vaccinee-contre-le-covid-mais-les-contaminations-augmentent-depuis-debut-juillet\/"},"author":{"name":"Marc Sigrist","@id":"https:\/\/ozinzen.com\/blog\/#\/schema\/person\/c3f9b942ea7cfc90188ae840a2cf2fb1"},"headline":"Gibraltar : 100% de la population a \u00e9t\u00e9 vaccin\u00e9e contre le covid, mais les contaminations augmentent depuis d\u00e9but juillet","datePublished":"2021-07-25T09:16:36+00:00","dateModified":"2021-07-28T06:54:30+00:00","mainEntityOfPage":{"@id":"https:\/\/ozinzen.com\/blog\/gibraltar-100-de-la-population-a-ete-vaccinee-contre-le-covid-mais-les-contaminations-augmentent-depuis-debut-juillet\/"},"wordCount":140,"publisher":{"@id":"https:\/\/ozinzen.com\/blog\/#organization"},"image":{"@id":"https:\/\/ozinzen.com\/blog\/gibraltar-100-de-la-population-a-ete-vaccinee-contre-le-covid-mais-les-contaminations-augmentent-depuis-debut-juillet\/#primaryimage"},"thumbnailUrl":"https:\/\/ozinzen.com\/blog\/wp-content\/uploads\/2021\/07\/gibraltar.jpg","articleSection":["Sant\u00e9"],"inLanguage":"fr-FR"},{"@type":"WebPage","@id":"https:\/\/ozinzen.com\/blog\/gibraltar-100-de-la-population-a-ete-vaccinee-contre-le-covid-mais-les-contaminations-augmentent-depuis-debut-juillet\/","url":"https:\/\/ozinzen.com\/blog\/gibraltar-100-de-la-population-a-ete-vaccinee-contre-le-covid-mais-les-contaminations-augmentent-depuis-debut-juillet\/","name":"Gibraltar : 100% de la population a \u00e9t\u00e9 vaccin\u00e9e contre le covid, mais les contaminations augmentent depuis d\u00e9but juillet - Ozinzen","isPartOf":{"@id":"https:\/\/ozinzen.com\/blog\/#website"},"primaryImageOfPage":{"@id":"https:\/\/ozinzen.com\/blog\/gibraltar-100-de-la-population-a-ete-vaccinee-contre-le-covid-mais-les-contaminations-augmentent-depuis-debut-juillet\/#primaryimage"},"image":{"@id":"https:\/\/ozinzen.com\/blog\/gibraltar-100-de-la-population-a-ete-vaccinee-contre-le-covid-mais-les-contaminations-augmentent-depuis-debut-juillet\/#primaryimage"},"thumbnailUrl":"https:\/\/ozinzen.com\/blog\/wp-content\/uploads\/2021\/07\/gibraltar.jpg","datePublished":"2021-07-25T09:16:36+00:00","dateModified":"2021-07-28T06:54:30+00:00","description":"Gibraltar compte environ 34 000 habitants, vaccin\u00e9s \u00e0 100%. Cette enclave britannique situ\u00e9e au sud de l'Espagne conna\u00eet pourtant une flamb\u00e9e de nouveaux","breadcrumb":{"@id":"https:\/\/ozinzen.com\/blog\/gibraltar-100-de-la-population-a-ete-vaccinee-contre-le-covid-mais-les-contaminations-augmentent-depuis-debut-juillet\/#breadcrumb"},"inLanguage":"fr-FR","potentialAction":[{"@type":"ReadAction","target":["https:\/\/ozinzen.com\/blog\/gibraltar-100-de-la-population-a-ete-vaccinee-contre-le-covid-mais-les-contaminations-augmentent-depuis-debut-juillet\/"]}]},{"@type":"ImageObject","inLanguage":"fr-FR","@id":"https:\/\/ozinzen.com\/blog\/gibraltar-100-de-la-population-a-ete-vaccinee-contre-le-covid-mais-les-contaminations-augmentent-depuis-debut-juillet\/#primaryimage","url":"https:\/\/ozinzen.com\/blog\/wp-content\/uploads\/2021\/07\/gibraltar.jpg","contentUrl":"https:\/\/ozinzen.com\/blog\/wp-content\/uploads\/2021\/07\/gibraltar.jpg","width":790,"height":395},{"@type":"BreadcrumbList","@id":"https:\/\/ozinzen.com\/blog\/gibraltar-100-de-la-population-a-ete-vaccinee-contre-le-covid-mais-les-contaminations-augmentent-depuis-debut-juillet\/#breadcrumb","itemListElement":[{"@type":"ListItem","position":1,"name":"Accueil","item":"https:\/\/ozinzen.com\/blog\/"},{"@type":"ListItem","position":2,"name":"Gibraltar : 100% de la population a \u00e9t\u00e9 vaccin\u00e9e contre le covid, mais les contaminations augmentent depuis d\u00e9but juillet"}]},{"@type":"WebSite","@id":"https:\/\/ozinzen.com\/blog\/#website","url":"https:\/\/ozinzen.com\/blog\/","name":"Ozinzen","description":"Mode de vie et sant\u00e9","publisher":{"@id":"https:\/\/ozinzen.com\/blog\/#organization"},"potentialAction":[{"@type":"SearchAction","target":{"@type":"EntryPoint","urlTemplate":"https:\/\/ozinzen.com\/blog\/?s={search_term_string}"},"query-input":{"@type":"PropertyValueSpecification","valueRequired":true,"valueName":"search_term_string"}}],"inLanguage":"fr-FR"},{"@type":"Organization","@id":"https:\/\/ozinzen.com\/blog\/#organization","name":"Ozinzen","url":"https:\/\/ozinzen.com\/blog\/","logo":{"@type":"ImageObject","inLanguage":"fr-FR","@id":"https:\/\/ozinzen.com\/blog\/#\/schema\/logo\/image\/","url":"https:\/\/ozinzen.com\/blog\/wp-content\/uploads\/2023\/01\/ozinzen.png","contentUrl":"https:\/\/ozinzen.com\/blog\/wp-content\/uploads\/2023\/01\/ozinzen.png","width":64,"height":64,"caption":"Ozinzen"},"image":{"@id":"https:\/\/ozinzen.com\/blog\/#\/schema\/logo\/image\/"},"sameAs":["https:\/\/x.com\/ozinzen"]},{"@type":"Person","@id":"https:\/\/ozinzen.com\/blog\/#\/schema\/person\/c3f9b942ea7cfc90188ae840a2cf2fb1","name":"Marc Sigrist","image":{"@type":"ImageObject","inLanguage":"fr-FR","@id":"https:\/\/ozinzen.com\/blog\/#\/schema\/person\/image\/","url":"https:\/\/secure.gravatar.com\/avatar\/187f82243f15c243b39ac53fcbd3ac6ae072d40425f7b43c2878b6fb120dbb31?s=96&d=mm&r=g","contentUrl":"https:\/\/secure.gravatar.com\/avatar\/187f82243f15c243b39ac53fcbd3ac6ae072d40425f7b43c2878b6fb120dbb31?s=96&d=mm&r=g","caption":"Marc Sigrist"}}]}},"amp_enabled":true,"_links":{"self":[{"href":"https:\/\/ozinzen.com\/blog\/wp-json\/wp\/v2\/posts\/11368","targetHints":{"allow":["GET"]}}],"collection":[{"href":"https:\/\/ozinzen.com\/blog\/wp-json\/wp\/v2\/posts"}],"about":[{"href":"https:\/\/ozinzen.com\/blog\/wp-json\/wp\/v2\/types\/post"}],"author":[{"embeddable":true,"href":"https:\/\/ozinzen.com\/blog\/wp-json\/wp\/v2\/users\/2"}],"replies":[{"embeddable":true,"href":"https:\/\/ozinzen.com\/blog\/wp-json\/wp\/v2\/comments?post=11368"}],"version-history":[{"count":4,"href":"https:\/\/ozinzen.com\/blog\/wp-json\/wp\/v2\/posts\/11368\/revisions"}],"predecessor-version":[{"id":11373,"href":"https:\/\/ozinzen.com\/blog\/wp-json\/wp\/v2\/posts\/11368\/revisions\/11373"}],"wp:featuredmedia":[{"embeddable":true,"href":"https:\/\/ozinzen.com\/blog\/wp-json\/wp\/v2\/media\/11370"}],"wp:attachment":[{"href":"https:\/\/ozinzen.com\/blog\/wp-json\/wp\/v2\/media?parent=11368"}],"wp:term":[{"taxonomy":"category","embeddable":true,"href":"https:\/\/ozinzen.com\/blog\/wp-json\/wp\/v2\/categories?post=11368"},{"taxonomy":"post_tag","embeddable":true,"href":"https:\/\/ozinzen.com\/blog\/wp-json\/wp\/v2\/tags?post=11368"}],"curies":[{"name":"wp","href":"https:\/\/api.w.org\/{rel}","templated":true}]}}