{"id":11380,"date":"2021-07-30T09:25:03","date_gmt":"2021-07-30T07:25:03","guid":{"rendered":"https:\/\/ozinzen.com\/blog\/?p=11380"},"modified":"2021-08-15T16:25:58","modified_gmt":"2021-08-15T14:25:58","slug":"pourquoi-des-politiciennes-comme-sandrine-rousseau-considerent-elles-les-hommes-blancs-comme-des-ennemis","status":"publish","type":"post","link":"https:\/\/ozinzen.com\/blog\/pourquoi-des-politiciennes-comme-sandrine-rousseau-considerent-elles-les-hommes-blancs-comme-des-ennemis\/","title":{"rendered":"Pourquoi des politiciennes comme Sandrine Rousseau consid\u00e8rent-elles les \u201chommes blancs\u201d comme des ennemis ?"},"content":{"rendered":"\n<figure class=\"wp-block-image size-large\"><a href=\"https:\/\/ozinzen.com\/blog\/wp-content\/uploads\/2021\/07\/sandrine-rousseau-eelv.jpg\"><img loading=\"lazy\" decoding=\"async\" width=\"768\" height=\"466\" src=\"https:\/\/ozinzen.com\/blog\/wp-content\/uploads\/2021\/07\/sandrine-rousseau-eelv.jpg\" alt=\"\" class=\"wp-image-11382\" srcset=\"https:\/\/ozinzen.com\/blog\/wp-content\/uploads\/2021\/07\/sandrine-rousseau-eelv.jpg 768w, https:\/\/ozinzen.com\/blog\/wp-content\/uploads\/2021\/07\/sandrine-rousseau-eelv-300x182.jpg 300w\" sizes=\"auto, (max-width: 768px) 100vw, 768px\" \/><\/a><\/figure>\n\n\n\n<p><strong>Sandrine Rousseau<\/strong>, qui a \u00e9t\u00e9 Secr\u00e9taire nationale adjointe d&rsquo;Europe \u00c9cologie Les Verts (EELV), a l\u2019intention de se pr\u00e9senter \u00e0 la primaire en vue de l&rsquo;\u00e9lection pr\u00e9sidentielle de 2022.<\/p>\n\n\n\n<!--more-->\n\n\n\n<p>Sandrine Rousseau \u00e9tait invit\u00e9e dans l\u2019\u00e9mission hebdomadaire BackSeat sur Twitch le 22\/07\/2021.<\/p>\n\n\n\n<p>Au cours de cette \u00e9mission, Sandrine Rousseau a estim\u00e9 que le \u00ab courage politique \u00bb se construisait \u00e0 l\u2019issue d\u2019un \u00ab parcours personnel et d\u2019une id\u00e9ologie \u00bb. \u00ab C\u2019est pour cela que je crois beaucoup dans le r\u00f4le des femmes dans les ann\u00e9es \u00e0 venir. Je crois en les femmes par leur indignation de genres dans la soci\u00e9t\u00e9, tout comme les personnes noires et les personnes musulmanes \u00bb, a-t-elle d\u00e9clar\u00e9. Selon elle, \u00ab le changement politique passe par qui incarne le personnel politique \u00bb. La candidate a ainsi pr\u00e9venu qu\u2019elle allait \u00ab le dire de mani\u00e8re trash \u00bb. Et \u00ab sans doute que vous aurez beaucoup de r\u00e9actions \u00bb, s\u2019est adress\u00e9e Sandrine Rousseau aux journalistes de l\u2019\u00e9mission. \u00ab Moi, je ne fais pas confiance aujourd\u2019hui \u00e0 des personnes politiques, en l\u2019occurrence des hommes, qui n\u2019ont pas travers\u00e9 d\u2019\u00e9v\u00e9nements qui les ont d\u00e9stabilis\u00e9s dans leur vie pour mener ce qu\u2019on a \u00e0 mener. \u00bb<br>Elle dit encore : \u00ab Pour le dire autrement, l\u2019\u00e9cologie c\u2019est pas des hommes blancs \u00e0 v\u00e9lo dans les villes. Je ne veux pas que \u00e7a soit \u00e7a. \u00bb<\/p>\n\n\n\n<figure class=\"wp-block-embed is-type-rich is-provider-twitter wp-block-embed-twitter\"><div class=\"wp-block-embed__wrapper\">\n<blockquote class=\"twitter-tweet\" data-width=\"500\" data-dnt=\"true\"><p lang=\"fr\" dir=\"ltr\">\u00ab\u00a0L\u2019\u00e9cologie c\u2019est pas des hommes blancs \u00e0 v\u00e9lo dans les villes.\u00a0\u00bb<br>Sandrine Rousseau vient d\u2019envoyer bouler une bonne moiti\u00e9 de son \u00e9lectorat. <a href=\"https:\/\/t.co\/sHwlUU2ndk\">pic.twitter.com\/sHwlUU2ndk<\/a><\/p>&mdash; Aur\u00e9lie Drvn \u200fGgr (@AurelieDrvn) <a href=\"https:\/\/twitter.com\/AurelieDrvn\/status\/1420100597840326657?ref_src=twsrc%5Etfw\">July 27, 2021<\/a><\/blockquote><script async src=\"https:\/\/platform.twitter.com\/widgets.js\" charset=\"utf-8\"><\/script>\n<\/div><\/figure>\n\n\n\n<p>Le fait de penser que tous les hommes blancs n\u2019ont jamais d\u00fb affronter d\u2019\u00e9v\u00e9nements d\u00e9stabilisants montre que les \u201craisonnements\u201d de Sandrine Rousseau n\u2019ont pas de lien avec la raison, et sont plus de l\u2019ordre de la \u201cpens\u00e9e magique\u201d : \u201cSelon moi le monde doit \u00eatre comme \u00e7a, donc il est comme \u00e7a, peu importe les faits, la logique et la raison.\u201d<\/p>\n\n\n\n<p>\u00c9largissons le cadre, et demandons-nous pourquoi des gens d\u00e9clarent haut et fort dans les m\u00e9dias que tous les hommes blancs seraient intrins\u00e8quement mauvais, mauvais par nature.<\/p>\n\n\n\n<p><strong>Le premier fait <\/strong>est que la soci\u00e9t\u00e9 actuelle accorde des statuts de victimes \u00e0 certaines cat\u00e9gories de la population. Pour r\u00e9sumer, si on n\u2019est pas un homme blanc, on a droit \u00e0 un statut particulier qui serait justifi\u00e9 par tous les privil\u00e8ges auxquels auraient droit les hommes blancs, au statut de m\u00e9chant oppresseur des hommes blancs et \u00e0 tous les crimes commis par les hommes blancs \u00e0 travers l\u2019histoire.<\/p>\n\n\n\n<p><strong>Le second fait<\/strong> est que tout groupe politique qui cherche le pouvoir a besoin d\u2019un ennemi sur lequel faire peser les probl\u00e8mes de la soci\u00e9t\u00e9. Le groupe va alors se souder contre cet ennemi commun.<\/p>\n\n\n\n<p>Par exemple au moment de la r\u00e9volution culturelle chinoise, ceux-qui se consid\u00e9raient comme de \u201cbons communistes\u201d voulaient tuer ceux qu\u2019ils consid\u00e9raient comme de \u201cmauvais communistes\u201d. De nombreux actes de cannibalisme ont \u00e9t\u00e9 commis au cours de la r\u00e9volution culturelle, au nom du \u201cbien\u201d selon ceux qui ont tu\u00e9 les \u201cmauvais communistes\u201d.<\/p>\n\n\n\n<p>Tout groupe politique a besoin de gens critiquables en raison de leurs origines.<\/p>\n\n\n\n<p><strong>Le troisi\u00e8me fait<\/strong> est qu\u2019il est hautement risqu\u00e9 de critiquer tout groupe de personnes \u00ab\u00a0non-blanches\u00a0\u00bb. Toute critique peut entra\u00eener une mort sociale, avec par exemple la perte de son emploi pour celui qui a trop parl\u00e9. A la limite, les Chinois peuvent parfois \u00eatre critiqu\u00e9s car la Chine, devenue extr\u00eamement puissante, peut difficilement passer pour une victime. Toutefois les critiques restent concentr\u00e9es sur les hommes blancs.<\/p>\n\n\n\n<p>Ces trois faits se renforcent les uns les autres dans un cercle vicieux. Ce qui aboutit \u00e0 des cas comme Alice Coffin (\u00e9lue \u00e9cologiste au Conseil de Paris depuis 2020) qui est accueillie \u00e0 bras ouverts dans tous les m\u00e9dias pour dire qu\u2019il faut \u00e9liminer les hommes.<\/p>\n\n\n\n<p>L\u2019ironie de cette situation est que Sandrine Rousseau et Alice Coffin se per\u00e7oivent comme des r\u00e9sistantes affrontant les m\u00e9chants \u201chommes blancs\u201d, des femmes fortes \u00e0 l\u2019esprit libre, alors qu\u2019elles ne font que r\u00e9p\u00e9ter la norme actuelle dans la soci\u00e9t\u00e9.<\/p>\n\n\n\n<p>Leur comportement n\u2019a rien \u00e0 voir avec des r\u00e9sistants, ce sont juste des profiteurs qui ont trouv\u00e9 un bon filon pour pouvoir acc\u00e9der \u00e0 la gamelle.<\/p>\n\n\n\n<p>Des comportements fortement m\u00e9prisables.<\/p>\n","protected":false},"excerpt":{"rendered":"<p>Sandrine Rousseau, qui a \u00e9t\u00e9 Secr\u00e9taire nationale adjointe d&rsquo;Europe \u00c9cologie Les Verts (EELV), a l\u2019intention de se pr\u00e9senter \u00e0 la primaire en vue de l&rsquo;\u00e9lection pr\u00e9sidentielle de 2022.<\/p>\n","protected":false},"author":2,"featured_media":11382,"comment_status":"closed","ping_status":"closed","sticky":false,"template":"","format":"standard","meta":{"_genesis_hide_title":false,"_genesis_hide_breadcrumbs":false,"_genesis_hide_singular_image":false,"_genesis_hide_footer_widgets":false,"_genesis_custom_body_class":"","_genesis_custom_post_class":"","_genesis_layout":"","footnotes":""},"categories":[55],"tags":[],"class_list":{"0":"post-11380","1":"post","2":"type-post","3":"status-publish","4":"format-standard","5":"has-post-thumbnail","7":"category-societe","8":"entry"},"yoast_head":"<!-- This site is optimized with the Yoast SEO plugin v27.1.1 - https:\/\/yoast.com\/product\/yoast-seo-wordpress\/ -->\n<title>Pourquoi des politiciennes comme Sandrine Rousseau consid\u00e8rent-elles les \u201chommes blancs\u201d comme des ennemis ? - Ozinzen<\/title>\n<meta name=\"description\" content=\"Sandrine Rousseau, qui a \u00e9t\u00e9 Secr\u00e9taire nationale adjointe d&#039;Europe \u00c9cologie Les Verts (EELV), a l\u2019intention de se pr\u00e9senter \u00e0 la primaire en vue de\" \/>\n<meta name=\"robots\" content=\"index, follow, max-snippet:-1, max-image-preview:large, max-video-preview:-1\" \/>\n<link rel=\"canonical\" href=\"https:\/\/ozinzen.com\/blog\/pourquoi-des-politiciennes-comme-sandrine-rousseau-considerent-elles-les-hommes-blancs-comme-des-ennemis\/\" \/>\n<meta property=\"og:locale\" content=\"fr_FR\" \/>\n<meta property=\"og:type\" content=\"article\" \/>\n<meta property=\"og:title\" content=\"Pourquoi des politiciennes comme Sandrine Rousseau consid\u00e8rent-elles les \u201chommes blancs\u201d comme des ennemis ? - Ozinzen\" \/>\n<meta property=\"og:description\" content=\"Sandrine Rousseau, qui a \u00e9t\u00e9 Secr\u00e9taire nationale adjointe d&#039;Europe \u00c9cologie Les Verts (EELV), a l\u2019intention de se pr\u00e9senter \u00e0 la primaire en vue de\" \/>\n<meta property=\"og:url\" content=\"https:\/\/ozinzen.com\/blog\/pourquoi-des-politiciennes-comme-sandrine-rousseau-considerent-elles-les-hommes-blancs-comme-des-ennemis\/\" \/>\n<meta property=\"og:site_name\" content=\"Ozinzen\" \/>\n<meta property=\"article:published_time\" content=\"2021-07-30T07:25:03+00:00\" \/>\n<meta property=\"article:modified_time\" content=\"2021-08-15T14:25:58+00:00\" \/>\n<meta property=\"og:image\" content=\"https:\/\/ozinzen.com\/blog\/wp-content\/uploads\/2021\/07\/sandrine-rousseau-eelv.jpg\" \/>\n\t<meta property=\"og:image:width\" content=\"768\" \/>\n\t<meta property=\"og:image:height\" content=\"466\" \/>\n\t<meta property=\"og:image:type\" content=\"image\/jpeg\" \/>\n<meta name=\"author\" content=\"Marc Sigrist\" \/>\n<meta name=\"twitter:card\" content=\"summary_large_image\" \/>\n<meta name=\"twitter:creator\" content=\"@ozinzen\" \/>\n<meta name=\"twitter:site\" content=\"@ozinzen\" \/>\n<meta name=\"twitter:label1\" content=\"\u00c9crit par\" \/>\n\t<meta name=\"twitter:data1\" content=\"Marc Sigrist\" \/>\n\t<meta name=\"twitter:label2\" content=\"Dur\u00e9e de lecture estim\u00e9e\" \/>\n\t<meta name=\"twitter:data2\" content=\"4 minutes\" \/>\n<script type=\"application\/ld+json\" class=\"yoast-schema-graph\">{\"@context\":\"https:\/\/schema.org\",\"@graph\":[{\"@type\":\"Article\",\"@id\":\"https:\/\/ozinzen.com\/blog\/pourquoi-des-politiciennes-comme-sandrine-rousseau-considerent-elles-les-hommes-blancs-comme-des-ennemis\/#article\",\"isPartOf\":{\"@id\":\"https:\/\/ozinzen.com\/blog\/pourquoi-des-politiciennes-comme-sandrine-rousseau-considerent-elles-les-hommes-blancs-comme-des-ennemis\/\"},\"author\":{\"name\":\"Marc Sigrist\",\"@id\":\"https:\/\/ozinzen.com\/blog\/#\/schema\/person\/c3f9b942ea7cfc90188ae840a2cf2fb1\"},\"headline\":\"Pourquoi des politiciennes comme Sandrine Rousseau consid\u00e8rent-elles les \u201chommes blancs\u201d comme des ennemis ?\",\"datePublished\":\"2021-07-30T07:25:03+00:00\",\"dateModified\":\"2021-08-15T14:25:58+00:00\",\"mainEntityOfPage\":{\"@id\":\"https:\/\/ozinzen.com\/blog\/pourquoi-des-politiciennes-comme-sandrine-rousseau-considerent-elles-les-hommes-blancs-comme-des-ennemis\/\"},\"wordCount\":722,\"publisher\":{\"@id\":\"https:\/\/ozinzen.com\/blog\/#organization\"},\"image\":{\"@id\":\"https:\/\/ozinzen.com\/blog\/pourquoi-des-politiciennes-comme-sandrine-rousseau-considerent-elles-les-hommes-blancs-comme-des-ennemis\/#primaryimage\"},\"thumbnailUrl\":\"https:\/\/ozinzen.com\/blog\/wp-content\/uploads\/2021\/07\/sandrine-rousseau-eelv.jpg\",\"articleSection\":[\"Soci\u00e9t\u00e9\"],\"inLanguage\":\"fr-FR\"},{\"@type\":\"WebPage\",\"@id\":\"https:\/\/ozinzen.com\/blog\/pourquoi-des-politiciennes-comme-sandrine-rousseau-considerent-elles-les-hommes-blancs-comme-des-ennemis\/\",\"url\":\"https:\/\/ozinzen.com\/blog\/pourquoi-des-politiciennes-comme-sandrine-rousseau-considerent-elles-les-hommes-blancs-comme-des-ennemis\/\",\"name\":\"Pourquoi des politiciennes comme Sandrine Rousseau consid\u00e8rent-elles les \u201chommes blancs\u201d comme des ennemis ? - Ozinzen\",\"isPartOf\":{\"@id\":\"https:\/\/ozinzen.com\/blog\/#website\"},\"primaryImageOfPage\":{\"@id\":\"https:\/\/ozinzen.com\/blog\/pourquoi-des-politiciennes-comme-sandrine-rousseau-considerent-elles-les-hommes-blancs-comme-des-ennemis\/#primaryimage\"},\"image\":{\"@id\":\"https:\/\/ozinzen.com\/blog\/pourquoi-des-politiciennes-comme-sandrine-rousseau-considerent-elles-les-hommes-blancs-comme-des-ennemis\/#primaryimage\"},\"thumbnailUrl\":\"https:\/\/ozinzen.com\/blog\/wp-content\/uploads\/2021\/07\/sandrine-rousseau-eelv.jpg\",\"datePublished\":\"2021-07-30T07:25:03+00:00\",\"dateModified\":\"2021-08-15T14:25:58+00:00\",\"description\":\"Sandrine Rousseau, qui a \u00e9t\u00e9 Secr\u00e9taire nationale adjointe d'Europe \u00c9cologie Les Verts (EELV), a l\u2019intention de se pr\u00e9senter \u00e0 la primaire en vue de\",\"breadcrumb\":{\"@id\":\"https:\/\/ozinzen.com\/blog\/pourquoi-des-politiciennes-comme-sandrine-rousseau-considerent-elles-les-hommes-blancs-comme-des-ennemis\/#breadcrumb\"},\"inLanguage\":\"fr-FR\",\"potentialAction\":[{\"@type\":\"ReadAction\",\"target\":[\"https:\/\/ozinzen.com\/blog\/pourquoi-des-politiciennes-comme-sandrine-rousseau-considerent-elles-les-hommes-blancs-comme-des-ennemis\/\"]}]},{\"@type\":\"ImageObject\",\"inLanguage\":\"fr-FR\",\"@id\":\"https:\/\/ozinzen.com\/blog\/pourquoi-des-politiciennes-comme-sandrine-rousseau-considerent-elles-les-hommes-blancs-comme-des-ennemis\/#primaryimage\",\"url\":\"https:\/\/ozinzen.com\/blog\/wp-content\/uploads\/2021\/07\/sandrine-rousseau-eelv.jpg\",\"contentUrl\":\"https:\/\/ozinzen.com\/blog\/wp-content\/uploads\/2021\/07\/sandrine-rousseau-eelv.jpg\",\"width\":768,\"height\":466},{\"@type\":\"BreadcrumbList\",\"@id\":\"https:\/\/ozinzen.com\/blog\/pourquoi-des-politiciennes-comme-sandrine-rousseau-considerent-elles-les-hommes-blancs-comme-des-ennemis\/#breadcrumb\",\"itemListElement\":[{\"@type\":\"ListItem\",\"position\":1,\"name\":\"Accueil\",\"item\":\"https:\/\/ozinzen.com\/blog\/\"},{\"@type\":\"ListItem\",\"position\":2,\"name\":\"Pourquoi des politiciennes comme Sandrine Rousseau consid\u00e8rent-elles les \u201chommes blancs\u201d comme des ennemis ?\"}]},{\"@type\":\"WebSite\",\"@id\":\"https:\/\/ozinzen.com\/blog\/#website\",\"url\":\"https:\/\/ozinzen.com\/blog\/\",\"name\":\"Ozinzen\",\"description\":\"Mode de vie et sant\u00e9\",\"publisher\":{\"@id\":\"https:\/\/ozinzen.com\/blog\/#organization\"},\"potentialAction\":[{\"@type\":\"SearchAction\",\"target\":{\"@type\":\"EntryPoint\",\"urlTemplate\":\"https:\/\/ozinzen.com\/blog\/?s={search_term_string}\"},\"query-input\":{\"@type\":\"PropertyValueSpecification\",\"valueRequired\":true,\"valueName\":\"search_term_string\"}}],\"inLanguage\":\"fr-FR\"},{\"@type\":\"Organization\",\"@id\":\"https:\/\/ozinzen.com\/blog\/#organization\",\"name\":\"Ozinzen\",\"url\":\"https:\/\/ozinzen.com\/blog\/\",\"logo\":{\"@type\":\"ImageObject\",\"inLanguage\":\"fr-FR\",\"@id\":\"https:\/\/ozinzen.com\/blog\/#\/schema\/logo\/image\/\",\"url\":\"https:\/\/ozinzen.com\/blog\/wp-content\/uploads\/2023\/01\/ozinzen.png\",\"contentUrl\":\"https:\/\/ozinzen.com\/blog\/wp-content\/uploads\/2023\/01\/ozinzen.png\",\"width\":64,\"height\":64,\"caption\":\"Ozinzen\"},\"image\":{\"@id\":\"https:\/\/ozinzen.com\/blog\/#\/schema\/logo\/image\/\"},\"sameAs\":[\"https:\/\/x.com\/ozinzen\"]},{\"@type\":\"Person\",\"@id\":\"https:\/\/ozinzen.com\/blog\/#\/schema\/person\/c3f9b942ea7cfc90188ae840a2cf2fb1\",\"name\":\"Marc Sigrist\",\"image\":{\"@type\":\"ImageObject\",\"inLanguage\":\"fr-FR\",\"@id\":\"https:\/\/ozinzen.com\/blog\/#\/schema\/person\/image\/\",\"url\":\"https:\/\/secure.gravatar.com\/avatar\/187f82243f15c243b39ac53fcbd3ac6ae072d40425f7b43c2878b6fb120dbb31?s=96&d=mm&r=g\",\"contentUrl\":\"https:\/\/secure.gravatar.com\/avatar\/187f82243f15c243b39ac53fcbd3ac6ae072d40425f7b43c2878b6fb120dbb31?s=96&d=mm&r=g\",\"caption\":\"Marc Sigrist\"}}]}<\/script>\n<!-- \/ Yoast SEO plugin. -->","yoast_head_json":{"title":"Pourquoi des politiciennes comme Sandrine Rousseau consid\u00e8rent-elles les \u201chommes blancs\u201d comme des ennemis ? - Ozinzen","description":"Sandrine Rousseau, qui a \u00e9t\u00e9 Secr\u00e9taire nationale adjointe d'Europe \u00c9cologie Les Verts (EELV), a l\u2019intention de se pr\u00e9senter \u00e0 la primaire en vue de","robots":{"index":"index","follow":"follow","max-snippet":"max-snippet:-1","max-image-preview":"max-image-preview:large","max-video-preview":"max-video-preview:-1"},"canonical":"https:\/\/ozinzen.com\/blog\/pourquoi-des-politiciennes-comme-sandrine-rousseau-considerent-elles-les-hommes-blancs-comme-des-ennemis\/","og_locale":"fr_FR","og_type":"article","og_title":"Pourquoi des politiciennes comme Sandrine Rousseau consid\u00e8rent-elles les \u201chommes blancs\u201d comme des ennemis ? - Ozinzen","og_description":"Sandrine Rousseau, qui a \u00e9t\u00e9 Secr\u00e9taire nationale adjointe d'Europe \u00c9cologie Les Verts (EELV), a l\u2019intention de se pr\u00e9senter \u00e0 la primaire en vue de","og_url":"https:\/\/ozinzen.com\/blog\/pourquoi-des-politiciennes-comme-sandrine-rousseau-considerent-elles-les-hommes-blancs-comme-des-ennemis\/","og_site_name":"Ozinzen","article_published_time":"2021-07-30T07:25:03+00:00","article_modified_time":"2021-08-15T14:25:58+00:00","og_image":[{"width":768,"height":466,"url":"https:\/\/ozinzen.com\/blog\/wp-content\/uploads\/2021\/07\/sandrine-rousseau-eelv.jpg","type":"image\/jpeg"}],"author":"Marc Sigrist","twitter_card":"summary_large_image","twitter_creator":"@ozinzen","twitter_site":"@ozinzen","twitter_misc":{"\u00c9crit par":"Marc Sigrist","Dur\u00e9e de lecture estim\u00e9e":"4 minutes"},"schema":{"@context":"https:\/\/schema.org","@graph":[{"@type":"Article","@id":"https:\/\/ozinzen.com\/blog\/pourquoi-des-politiciennes-comme-sandrine-rousseau-considerent-elles-les-hommes-blancs-comme-des-ennemis\/#article","isPartOf":{"@id":"https:\/\/ozinzen.com\/blog\/pourquoi-des-politiciennes-comme-sandrine-rousseau-considerent-elles-les-hommes-blancs-comme-des-ennemis\/"},"author":{"name":"Marc Sigrist","@id":"https:\/\/ozinzen.com\/blog\/#\/schema\/person\/c3f9b942ea7cfc90188ae840a2cf2fb1"},"headline":"Pourquoi des politiciennes comme Sandrine Rousseau consid\u00e8rent-elles les \u201chommes blancs\u201d comme des ennemis ?","datePublished":"2021-07-30T07:25:03+00:00","dateModified":"2021-08-15T14:25:58+00:00","mainEntityOfPage":{"@id":"https:\/\/ozinzen.com\/blog\/pourquoi-des-politiciennes-comme-sandrine-rousseau-considerent-elles-les-hommes-blancs-comme-des-ennemis\/"},"wordCount":722,"publisher":{"@id":"https:\/\/ozinzen.com\/blog\/#organization"},"image":{"@id":"https:\/\/ozinzen.com\/blog\/pourquoi-des-politiciennes-comme-sandrine-rousseau-considerent-elles-les-hommes-blancs-comme-des-ennemis\/#primaryimage"},"thumbnailUrl":"https:\/\/ozinzen.com\/blog\/wp-content\/uploads\/2021\/07\/sandrine-rousseau-eelv.jpg","articleSection":["Soci\u00e9t\u00e9"],"inLanguage":"fr-FR"},{"@type":"WebPage","@id":"https:\/\/ozinzen.com\/blog\/pourquoi-des-politiciennes-comme-sandrine-rousseau-considerent-elles-les-hommes-blancs-comme-des-ennemis\/","url":"https:\/\/ozinzen.com\/blog\/pourquoi-des-politiciennes-comme-sandrine-rousseau-considerent-elles-les-hommes-blancs-comme-des-ennemis\/","name":"Pourquoi des politiciennes comme Sandrine Rousseau consid\u00e8rent-elles les \u201chommes blancs\u201d comme des ennemis ? - Ozinzen","isPartOf":{"@id":"https:\/\/ozinzen.com\/blog\/#website"},"primaryImageOfPage":{"@id":"https:\/\/ozinzen.com\/blog\/pourquoi-des-politiciennes-comme-sandrine-rousseau-considerent-elles-les-hommes-blancs-comme-des-ennemis\/#primaryimage"},"image":{"@id":"https:\/\/ozinzen.com\/blog\/pourquoi-des-politiciennes-comme-sandrine-rousseau-considerent-elles-les-hommes-blancs-comme-des-ennemis\/#primaryimage"},"thumbnailUrl":"https:\/\/ozinzen.com\/blog\/wp-content\/uploads\/2021\/07\/sandrine-rousseau-eelv.jpg","datePublished":"2021-07-30T07:25:03+00:00","dateModified":"2021-08-15T14:25:58+00:00","description":"Sandrine Rousseau, qui a \u00e9t\u00e9 Secr\u00e9taire nationale adjointe d'Europe \u00c9cologie Les Verts (EELV), a l\u2019intention de se pr\u00e9senter \u00e0 la primaire en vue de","breadcrumb":{"@id":"https:\/\/ozinzen.com\/blog\/pourquoi-des-politiciennes-comme-sandrine-rousseau-considerent-elles-les-hommes-blancs-comme-des-ennemis\/#breadcrumb"},"inLanguage":"fr-FR","potentialAction":[{"@type":"ReadAction","target":["https:\/\/ozinzen.com\/blog\/pourquoi-des-politiciennes-comme-sandrine-rousseau-considerent-elles-les-hommes-blancs-comme-des-ennemis\/"]}]},{"@type":"ImageObject","inLanguage":"fr-FR","@id":"https:\/\/ozinzen.com\/blog\/pourquoi-des-politiciennes-comme-sandrine-rousseau-considerent-elles-les-hommes-blancs-comme-des-ennemis\/#primaryimage","url":"https:\/\/ozinzen.com\/blog\/wp-content\/uploads\/2021\/07\/sandrine-rousseau-eelv.jpg","contentUrl":"https:\/\/ozinzen.com\/blog\/wp-content\/uploads\/2021\/07\/sandrine-rousseau-eelv.jpg","width":768,"height":466},{"@type":"BreadcrumbList","@id":"https:\/\/ozinzen.com\/blog\/pourquoi-des-politiciennes-comme-sandrine-rousseau-considerent-elles-les-hommes-blancs-comme-des-ennemis\/#breadcrumb","itemListElement":[{"@type":"ListItem","position":1,"name":"Accueil","item":"https:\/\/ozinzen.com\/blog\/"},{"@type":"ListItem","position":2,"name":"Pourquoi des politiciennes comme Sandrine Rousseau consid\u00e8rent-elles les \u201chommes blancs\u201d comme des ennemis ?"}]},{"@type":"WebSite","@id":"https:\/\/ozinzen.com\/blog\/#website","url":"https:\/\/ozinzen.com\/blog\/","name":"Ozinzen","description":"Mode de vie et sant\u00e9","publisher":{"@id":"https:\/\/ozinzen.com\/blog\/#organization"},"potentialAction":[{"@type":"SearchAction","target":{"@type":"EntryPoint","urlTemplate":"https:\/\/ozinzen.com\/blog\/?s={search_term_string}"},"query-input":{"@type":"PropertyValueSpecification","valueRequired":true,"valueName":"search_term_string"}}],"inLanguage":"fr-FR"},{"@type":"Organization","@id":"https:\/\/ozinzen.com\/blog\/#organization","name":"Ozinzen","url":"https:\/\/ozinzen.com\/blog\/","logo":{"@type":"ImageObject","inLanguage":"fr-FR","@id":"https:\/\/ozinzen.com\/blog\/#\/schema\/logo\/image\/","url":"https:\/\/ozinzen.com\/blog\/wp-content\/uploads\/2023\/01\/ozinzen.png","contentUrl":"https:\/\/ozinzen.com\/blog\/wp-content\/uploads\/2023\/01\/ozinzen.png","width":64,"height":64,"caption":"Ozinzen"},"image":{"@id":"https:\/\/ozinzen.com\/blog\/#\/schema\/logo\/image\/"},"sameAs":["https:\/\/x.com\/ozinzen"]},{"@type":"Person","@id":"https:\/\/ozinzen.com\/blog\/#\/schema\/person\/c3f9b942ea7cfc90188ae840a2cf2fb1","name":"Marc Sigrist","image":{"@type":"ImageObject","inLanguage":"fr-FR","@id":"https:\/\/ozinzen.com\/blog\/#\/schema\/person\/image\/","url":"https:\/\/secure.gravatar.com\/avatar\/187f82243f15c243b39ac53fcbd3ac6ae072d40425f7b43c2878b6fb120dbb31?s=96&d=mm&r=g","contentUrl":"https:\/\/secure.gravatar.com\/avatar\/187f82243f15c243b39ac53fcbd3ac6ae072d40425f7b43c2878b6fb120dbb31?s=96&d=mm&r=g","caption":"Marc Sigrist"}}]}},"amp_enabled":true,"_links":{"self":[{"href":"https:\/\/ozinzen.com\/blog\/wp-json\/wp\/v2\/posts\/11380","targetHints":{"allow":["GET"]}}],"collection":[{"href":"https:\/\/ozinzen.com\/blog\/wp-json\/wp\/v2\/posts"}],"about":[{"href":"https:\/\/ozinzen.com\/blog\/wp-json\/wp\/v2\/types\/post"}],"author":[{"embeddable":true,"href":"https:\/\/ozinzen.com\/blog\/wp-json\/wp\/v2\/users\/2"}],"replies":[{"embeddable":true,"href":"https:\/\/ozinzen.com\/blog\/wp-json\/wp\/v2\/comments?post=11380"}],"version-history":[{"count":10,"href":"https:\/\/ozinzen.com\/blog\/wp-json\/wp\/v2\/posts\/11380\/revisions"}],"predecessor-version":[{"id":11392,"href":"https:\/\/ozinzen.com\/blog\/wp-json\/wp\/v2\/posts\/11380\/revisions\/11392"}],"wp:featuredmedia":[{"embeddable":true,"href":"https:\/\/ozinzen.com\/blog\/wp-json\/wp\/v2\/media\/11382"}],"wp:attachment":[{"href":"https:\/\/ozinzen.com\/blog\/wp-json\/wp\/v2\/media?parent=11380"}],"wp:term":[{"taxonomy":"category","embeddable":true,"href":"https:\/\/ozinzen.com\/blog\/wp-json\/wp\/v2\/categories?post=11380"},{"taxonomy":"post_tag","embeddable":true,"href":"https:\/\/ozinzen.com\/blog\/wp-json\/wp\/v2\/tags?post=11380"}],"curies":[{"name":"wp","href":"https:\/\/api.w.org\/{rel}","templated":true}]}}