{"id":11631,"date":"2022-01-18T09:25:05","date_gmt":"2022-01-18T08:25:05","guid":{"rendered":"https:\/\/ozinzen.com\/blog\/?p=11631"},"modified":"2022-01-21T10:52:05","modified_gmt":"2022-01-21T09:52:05","slug":"un-woke-veut-interdire-la-parentalite-pour-supprimer-les-genres-et-la-suprematie-blanche","status":"publish","type":"post","link":"https:\/\/ozinzen.com\/blog\/un-woke-veut-interdire-la-parentalite-pour-supprimer-les-genres-et-la-suprematie-blanche\/","title":{"rendered":"Un woke veut interdire la parentalit\u00e9 pour supprimer les genres et la \u00ab\u00a0supr\u00e9matie blanche\u00a0\u00bb"},"content":{"rendered":"\n<figure class=\"wp-block-image size-full\"><a href=\"https:\/\/ozinzen.com\/blog\/wp-content\/uploads\/2022\/01\/woke.jpg\"><img loading=\"lazy\" decoding=\"async\" width=\"600\" height=\"338\" src=\"https:\/\/ozinzen.com\/blog\/wp-content\/uploads\/2022\/01\/woke.jpg\" alt=\"\" class=\"wp-image-11632\" srcset=\"https:\/\/ozinzen.com\/blog\/wp-content\/uploads\/2022\/01\/woke.jpg 600w, https:\/\/ozinzen.com\/blog\/wp-content\/uploads\/2022\/01\/woke-300x169.jpg 300w\" sizes=\"auto, (max-width: 600px) 100vw, 600px\" \/><\/a><\/figure>\n\n\n\n<p>Ce militant woke explique qu&rsquo;il faudrait abolir la parentalit\u00e9 pour plus d&rsquo;\u00e9quit\u00e9. Les parents devraient ainsi donner leurs enfants \u00e0 un SDF, par exemple&#8230;<\/p>\n\n\n\n<!--more-->\n\n\n\n<figure class=\"wp-block-embed is-type-video is-provider-youtube wp-block-embed-youtube wp-embed-aspect-16-9 wp-has-aspect-ratio\"><div class=\"wp-block-embed__wrapper\">\n<iframe loading=\"lazy\" title=\"IL FAUT ABOLIR LA PARENTALIT\u00c9 POUR PLUS D&#039;\u00c9QUIT\u00c9 ET AINSI LUTTER CONTRE LA SUPREMASSIE BLANCHE\" width=\"500\" height=\"281\" src=\"https:\/\/www.youtube.com\/embed\/_nvadZO5ceg?feature=oembed\" frameborder=\"0\" allow=\"accelerometer; autoplay; clipboard-write; encrypted-media; gyroscope; picture-in-picture; web-share\" referrerpolicy=\"strict-origin-when-cross-origin\" allowfullscreen><\/iframe>\n<\/div><\/figure>\n","protected":false},"excerpt":{"rendered":"<p>Ce militant woke explique qu&rsquo;il faudrait abolir la parentalit\u00e9 pour plus d&rsquo;\u00e9quit\u00e9. Les parents devraient ainsi donner leurs enfants \u00e0 un SDF, par exemple&#8230;<\/p>\n","protected":false},"author":2,"featured_media":11632,"comment_status":"closed","ping_status":"closed","sticky":false,"template":"","format":"standard","meta":{"_genesis_hide_title":false,"_genesis_hide_breadcrumbs":false,"_genesis_hide_singular_image":false,"_genesis_hide_footer_widgets":false,"_genesis_custom_body_class":"","_genesis_custom_post_class":"","_genesis_layout":"","footnotes":""},"categories":[55],"tags":[],"class_list":{"0":"post-11631","1":"post","2":"type-post","3":"status-publish","4":"format-standard","5":"has-post-thumbnail","7":"category-societe","8":"entry"},"yoast_head":"<!-- This site is optimized with the Yoast SEO plugin v27.1.1 - https:\/\/yoast.com\/product\/yoast-seo-wordpress\/ -->\n<title>Un woke veut interdire la parentalit\u00e9 pour supprimer les genres et la &quot;supr\u00e9matie blanche&quot; - Ozinzen<\/title>\n<meta name=\"description\" content=\"Ce militant woke explique qu&#039;il faudrait abolir la parentalit\u00e9 pour plus d&#039;\u00e9quit\u00e9. Les parents devraient ainsi donner leurs enfants \u00e0 un SDF, par\" \/>\n<meta name=\"robots\" content=\"index, follow, max-snippet:-1, max-image-preview:large, max-video-preview:-1\" \/>\n<link rel=\"canonical\" href=\"https:\/\/ozinzen.com\/blog\/un-woke-veut-interdire-la-parentalite-pour-supprimer-les-genres-et-la-suprematie-blanche\/\" \/>\n<meta property=\"og:locale\" content=\"fr_FR\" \/>\n<meta property=\"og:type\" content=\"article\" \/>\n<meta property=\"og:title\" content=\"Un woke veut interdire la parentalit\u00e9 pour supprimer les genres et la &quot;supr\u00e9matie blanche&quot; - Ozinzen\" \/>\n<meta property=\"og:description\" content=\"Ce militant woke explique qu&#039;il faudrait abolir la parentalit\u00e9 pour plus d&#039;\u00e9quit\u00e9. Les parents devraient ainsi donner leurs enfants \u00e0 un SDF, par\" \/>\n<meta property=\"og:url\" content=\"https:\/\/ozinzen.com\/blog\/un-woke-veut-interdire-la-parentalite-pour-supprimer-les-genres-et-la-suprematie-blanche\/\" \/>\n<meta property=\"og:site_name\" content=\"Ozinzen\" \/>\n<meta property=\"article:published_time\" content=\"2022-01-18T08:25:05+00:00\" \/>\n<meta property=\"article:modified_time\" content=\"2022-01-21T09:52:05+00:00\" \/>\n<meta property=\"og:image\" content=\"https:\/\/ozinzen.com\/blog\/wp-content\/uploads\/2022\/01\/woke.jpg\" \/>\n\t<meta property=\"og:image:width\" content=\"600\" \/>\n\t<meta property=\"og:image:height\" content=\"338\" \/>\n\t<meta property=\"og:image:type\" content=\"image\/jpeg\" \/>\n<meta name=\"author\" content=\"Marc Sigrist\" \/>\n<meta name=\"twitter:card\" content=\"summary_large_image\" \/>\n<meta name=\"twitter:creator\" content=\"@ozinzen\" \/>\n<meta name=\"twitter:site\" content=\"@ozinzen\" \/>\n<meta name=\"twitter:label1\" content=\"\u00c9crit par\" \/>\n\t<meta name=\"twitter:data1\" content=\"Marc Sigrist\" \/>\n\t<meta name=\"twitter:label2\" content=\"Dur\u00e9e de lecture estim\u00e9e\" \/>\n\t<meta name=\"twitter:data2\" content=\"1 minute\" \/>\n<script type=\"application\/ld+json\" class=\"yoast-schema-graph\">{\"@context\":\"https:\/\/schema.org\",\"@graph\":[{\"@type\":\"Article\",\"@id\":\"https:\/\/ozinzen.com\/blog\/un-woke-veut-interdire-la-parentalite-pour-supprimer-les-genres-et-la-suprematie-blanche\/#article\",\"isPartOf\":{\"@id\":\"https:\/\/ozinzen.com\/blog\/un-woke-veut-interdire-la-parentalite-pour-supprimer-les-genres-et-la-suprematie-blanche\/\"},\"author\":{\"name\":\"Marc Sigrist\",\"@id\":\"https:\/\/ozinzen.com\/blog\/#\/schema\/person\/c3f9b942ea7cfc90188ae840a2cf2fb1\"},\"headline\":\"Un woke veut interdire la parentalit\u00e9 pour supprimer les genres et la \u00ab\u00a0supr\u00e9matie blanche\u00a0\u00bb\",\"datePublished\":\"2022-01-18T08:25:05+00:00\",\"dateModified\":\"2022-01-21T09:52:05+00:00\",\"mainEntityOfPage\":{\"@id\":\"https:\/\/ozinzen.com\/blog\/un-woke-veut-interdire-la-parentalite-pour-supprimer-les-genres-et-la-suprematie-blanche\/\"},\"wordCount\":47,\"publisher\":{\"@id\":\"https:\/\/ozinzen.com\/blog\/#organization\"},\"image\":{\"@id\":\"https:\/\/ozinzen.com\/blog\/un-woke-veut-interdire-la-parentalite-pour-supprimer-les-genres-et-la-suprematie-blanche\/#primaryimage\"},\"thumbnailUrl\":\"https:\/\/ozinzen.com\/blog\/wp-content\/uploads\/2022\/01\/woke.jpg\",\"articleSection\":[\"Soci\u00e9t\u00e9\"],\"inLanguage\":\"fr-FR\"},{\"@type\":\"WebPage\",\"@id\":\"https:\/\/ozinzen.com\/blog\/un-woke-veut-interdire-la-parentalite-pour-supprimer-les-genres-et-la-suprematie-blanche\/\",\"url\":\"https:\/\/ozinzen.com\/blog\/un-woke-veut-interdire-la-parentalite-pour-supprimer-les-genres-et-la-suprematie-blanche\/\",\"name\":\"Un woke veut interdire la parentalit\u00e9 pour supprimer les genres et la \\\"supr\u00e9matie blanche\\\" - Ozinzen\",\"isPartOf\":{\"@id\":\"https:\/\/ozinzen.com\/blog\/#website\"},\"primaryImageOfPage\":{\"@id\":\"https:\/\/ozinzen.com\/blog\/un-woke-veut-interdire-la-parentalite-pour-supprimer-les-genres-et-la-suprematie-blanche\/#primaryimage\"},\"image\":{\"@id\":\"https:\/\/ozinzen.com\/blog\/un-woke-veut-interdire-la-parentalite-pour-supprimer-les-genres-et-la-suprematie-blanche\/#primaryimage\"},\"thumbnailUrl\":\"https:\/\/ozinzen.com\/blog\/wp-content\/uploads\/2022\/01\/woke.jpg\",\"datePublished\":\"2022-01-18T08:25:05+00:00\",\"dateModified\":\"2022-01-21T09:52:05+00:00\",\"description\":\"Ce militant woke explique qu'il faudrait abolir la parentalit\u00e9 pour plus d'\u00e9quit\u00e9. Les parents devraient ainsi donner leurs enfants \u00e0 un SDF, par\",\"breadcrumb\":{\"@id\":\"https:\/\/ozinzen.com\/blog\/un-woke-veut-interdire-la-parentalite-pour-supprimer-les-genres-et-la-suprematie-blanche\/#breadcrumb\"},\"inLanguage\":\"fr-FR\",\"potentialAction\":[{\"@type\":\"ReadAction\",\"target\":[\"https:\/\/ozinzen.com\/blog\/un-woke-veut-interdire-la-parentalite-pour-supprimer-les-genres-et-la-suprematie-blanche\/\"]}]},{\"@type\":\"ImageObject\",\"inLanguage\":\"fr-FR\",\"@id\":\"https:\/\/ozinzen.com\/blog\/un-woke-veut-interdire-la-parentalite-pour-supprimer-les-genres-et-la-suprematie-blanche\/#primaryimage\",\"url\":\"https:\/\/ozinzen.com\/blog\/wp-content\/uploads\/2022\/01\/woke.jpg\",\"contentUrl\":\"https:\/\/ozinzen.com\/blog\/wp-content\/uploads\/2022\/01\/woke.jpg\",\"width\":600,\"height\":338},{\"@type\":\"BreadcrumbList\",\"@id\":\"https:\/\/ozinzen.com\/blog\/un-woke-veut-interdire-la-parentalite-pour-supprimer-les-genres-et-la-suprematie-blanche\/#breadcrumb\",\"itemListElement\":[{\"@type\":\"ListItem\",\"position\":1,\"name\":\"Accueil\",\"item\":\"https:\/\/ozinzen.com\/blog\/\"},{\"@type\":\"ListItem\",\"position\":2,\"name\":\"Un woke veut interdire la parentalit\u00e9 pour supprimer les genres et la &#8220;supr\u00e9matie blanche&#8221;\"}]},{\"@type\":\"WebSite\",\"@id\":\"https:\/\/ozinzen.com\/blog\/#website\",\"url\":\"https:\/\/ozinzen.com\/blog\/\",\"name\":\"Ozinzen\",\"description\":\"Mode de vie et sant\u00e9\",\"publisher\":{\"@id\":\"https:\/\/ozinzen.com\/blog\/#organization\"},\"potentialAction\":[{\"@type\":\"SearchAction\",\"target\":{\"@type\":\"EntryPoint\",\"urlTemplate\":\"https:\/\/ozinzen.com\/blog\/?s={search_term_string}\"},\"query-input\":{\"@type\":\"PropertyValueSpecification\",\"valueRequired\":true,\"valueName\":\"search_term_string\"}}],\"inLanguage\":\"fr-FR\"},{\"@type\":\"Organization\",\"@id\":\"https:\/\/ozinzen.com\/blog\/#organization\",\"name\":\"Ozinzen\",\"url\":\"https:\/\/ozinzen.com\/blog\/\",\"logo\":{\"@type\":\"ImageObject\",\"inLanguage\":\"fr-FR\",\"@id\":\"https:\/\/ozinzen.com\/blog\/#\/schema\/logo\/image\/\",\"url\":\"https:\/\/ozinzen.com\/blog\/wp-content\/uploads\/2023\/01\/ozinzen.png\",\"contentUrl\":\"https:\/\/ozinzen.com\/blog\/wp-content\/uploads\/2023\/01\/ozinzen.png\",\"width\":64,\"height\":64,\"caption\":\"Ozinzen\"},\"image\":{\"@id\":\"https:\/\/ozinzen.com\/blog\/#\/schema\/logo\/image\/\"},\"sameAs\":[\"https:\/\/x.com\/ozinzen\"]},{\"@type\":\"Person\",\"@id\":\"https:\/\/ozinzen.com\/blog\/#\/schema\/person\/c3f9b942ea7cfc90188ae840a2cf2fb1\",\"name\":\"Marc Sigrist\",\"image\":{\"@type\":\"ImageObject\",\"inLanguage\":\"fr-FR\",\"@id\":\"https:\/\/ozinzen.com\/blog\/#\/schema\/person\/image\/\",\"url\":\"https:\/\/secure.gravatar.com\/avatar\/187f82243f15c243b39ac53fcbd3ac6ae072d40425f7b43c2878b6fb120dbb31?s=96&d=mm&r=g\",\"contentUrl\":\"https:\/\/secure.gravatar.com\/avatar\/187f82243f15c243b39ac53fcbd3ac6ae072d40425f7b43c2878b6fb120dbb31?s=96&d=mm&r=g\",\"caption\":\"Marc Sigrist\"}}]}<\/script>\n<!-- \/ Yoast SEO plugin. -->","yoast_head_json":{"title":"Un woke veut interdire la parentalit\u00e9 pour supprimer les genres et la \"supr\u00e9matie blanche\" - Ozinzen","description":"Ce militant woke explique qu'il faudrait abolir la parentalit\u00e9 pour plus d'\u00e9quit\u00e9. Les parents devraient ainsi donner leurs enfants \u00e0 un SDF, par","robots":{"index":"index","follow":"follow","max-snippet":"max-snippet:-1","max-image-preview":"max-image-preview:large","max-video-preview":"max-video-preview:-1"},"canonical":"https:\/\/ozinzen.com\/blog\/un-woke-veut-interdire-la-parentalite-pour-supprimer-les-genres-et-la-suprematie-blanche\/","og_locale":"fr_FR","og_type":"article","og_title":"Un woke veut interdire la parentalit\u00e9 pour supprimer les genres et la \"supr\u00e9matie blanche\" - Ozinzen","og_description":"Ce militant woke explique qu'il faudrait abolir la parentalit\u00e9 pour plus d'\u00e9quit\u00e9. Les parents devraient ainsi donner leurs enfants \u00e0 un SDF, par","og_url":"https:\/\/ozinzen.com\/blog\/un-woke-veut-interdire-la-parentalite-pour-supprimer-les-genres-et-la-suprematie-blanche\/","og_site_name":"Ozinzen","article_published_time":"2022-01-18T08:25:05+00:00","article_modified_time":"2022-01-21T09:52:05+00:00","og_image":[{"width":600,"height":338,"url":"https:\/\/ozinzen.com\/blog\/wp-content\/uploads\/2022\/01\/woke.jpg","type":"image\/jpeg"}],"author":"Marc Sigrist","twitter_card":"summary_large_image","twitter_creator":"@ozinzen","twitter_site":"@ozinzen","twitter_misc":{"\u00c9crit par":"Marc Sigrist","Dur\u00e9e de lecture estim\u00e9e":"1 minute"},"schema":{"@context":"https:\/\/schema.org","@graph":[{"@type":"Article","@id":"https:\/\/ozinzen.com\/blog\/un-woke-veut-interdire-la-parentalite-pour-supprimer-les-genres-et-la-suprematie-blanche\/#article","isPartOf":{"@id":"https:\/\/ozinzen.com\/blog\/un-woke-veut-interdire-la-parentalite-pour-supprimer-les-genres-et-la-suprematie-blanche\/"},"author":{"name":"Marc Sigrist","@id":"https:\/\/ozinzen.com\/blog\/#\/schema\/person\/c3f9b942ea7cfc90188ae840a2cf2fb1"},"headline":"Un woke veut interdire la parentalit\u00e9 pour supprimer les genres et la \u00ab\u00a0supr\u00e9matie blanche\u00a0\u00bb","datePublished":"2022-01-18T08:25:05+00:00","dateModified":"2022-01-21T09:52:05+00:00","mainEntityOfPage":{"@id":"https:\/\/ozinzen.com\/blog\/un-woke-veut-interdire-la-parentalite-pour-supprimer-les-genres-et-la-suprematie-blanche\/"},"wordCount":47,"publisher":{"@id":"https:\/\/ozinzen.com\/blog\/#organization"},"image":{"@id":"https:\/\/ozinzen.com\/blog\/un-woke-veut-interdire-la-parentalite-pour-supprimer-les-genres-et-la-suprematie-blanche\/#primaryimage"},"thumbnailUrl":"https:\/\/ozinzen.com\/blog\/wp-content\/uploads\/2022\/01\/woke.jpg","articleSection":["Soci\u00e9t\u00e9"],"inLanguage":"fr-FR"},{"@type":"WebPage","@id":"https:\/\/ozinzen.com\/blog\/un-woke-veut-interdire-la-parentalite-pour-supprimer-les-genres-et-la-suprematie-blanche\/","url":"https:\/\/ozinzen.com\/blog\/un-woke-veut-interdire-la-parentalite-pour-supprimer-les-genres-et-la-suprematie-blanche\/","name":"Un woke veut interdire la parentalit\u00e9 pour supprimer les genres et la \"supr\u00e9matie blanche\" - Ozinzen","isPartOf":{"@id":"https:\/\/ozinzen.com\/blog\/#website"},"primaryImageOfPage":{"@id":"https:\/\/ozinzen.com\/blog\/un-woke-veut-interdire-la-parentalite-pour-supprimer-les-genres-et-la-suprematie-blanche\/#primaryimage"},"image":{"@id":"https:\/\/ozinzen.com\/blog\/un-woke-veut-interdire-la-parentalite-pour-supprimer-les-genres-et-la-suprematie-blanche\/#primaryimage"},"thumbnailUrl":"https:\/\/ozinzen.com\/blog\/wp-content\/uploads\/2022\/01\/woke.jpg","datePublished":"2022-01-18T08:25:05+00:00","dateModified":"2022-01-21T09:52:05+00:00","description":"Ce militant woke explique qu'il faudrait abolir la parentalit\u00e9 pour plus d'\u00e9quit\u00e9. Les parents devraient ainsi donner leurs enfants \u00e0 un SDF, par","breadcrumb":{"@id":"https:\/\/ozinzen.com\/blog\/un-woke-veut-interdire-la-parentalite-pour-supprimer-les-genres-et-la-suprematie-blanche\/#breadcrumb"},"inLanguage":"fr-FR","potentialAction":[{"@type":"ReadAction","target":["https:\/\/ozinzen.com\/blog\/un-woke-veut-interdire-la-parentalite-pour-supprimer-les-genres-et-la-suprematie-blanche\/"]}]},{"@type":"ImageObject","inLanguage":"fr-FR","@id":"https:\/\/ozinzen.com\/blog\/un-woke-veut-interdire-la-parentalite-pour-supprimer-les-genres-et-la-suprematie-blanche\/#primaryimage","url":"https:\/\/ozinzen.com\/blog\/wp-content\/uploads\/2022\/01\/woke.jpg","contentUrl":"https:\/\/ozinzen.com\/blog\/wp-content\/uploads\/2022\/01\/woke.jpg","width":600,"height":338},{"@type":"BreadcrumbList","@id":"https:\/\/ozinzen.com\/blog\/un-woke-veut-interdire-la-parentalite-pour-supprimer-les-genres-et-la-suprematie-blanche\/#breadcrumb","itemListElement":[{"@type":"ListItem","position":1,"name":"Accueil","item":"https:\/\/ozinzen.com\/blog\/"},{"@type":"ListItem","position":2,"name":"Un woke veut interdire la parentalit\u00e9 pour supprimer les genres et la &#8220;supr\u00e9matie blanche&#8221;"}]},{"@type":"WebSite","@id":"https:\/\/ozinzen.com\/blog\/#website","url":"https:\/\/ozinzen.com\/blog\/","name":"Ozinzen","description":"Mode de vie et sant\u00e9","publisher":{"@id":"https:\/\/ozinzen.com\/blog\/#organization"},"potentialAction":[{"@type":"SearchAction","target":{"@type":"EntryPoint","urlTemplate":"https:\/\/ozinzen.com\/blog\/?s={search_term_string}"},"query-input":{"@type":"PropertyValueSpecification","valueRequired":true,"valueName":"search_term_string"}}],"inLanguage":"fr-FR"},{"@type":"Organization","@id":"https:\/\/ozinzen.com\/blog\/#organization","name":"Ozinzen","url":"https:\/\/ozinzen.com\/blog\/","logo":{"@type":"ImageObject","inLanguage":"fr-FR","@id":"https:\/\/ozinzen.com\/blog\/#\/schema\/logo\/image\/","url":"https:\/\/ozinzen.com\/blog\/wp-content\/uploads\/2023\/01\/ozinzen.png","contentUrl":"https:\/\/ozinzen.com\/blog\/wp-content\/uploads\/2023\/01\/ozinzen.png","width":64,"height":64,"caption":"Ozinzen"},"image":{"@id":"https:\/\/ozinzen.com\/blog\/#\/schema\/logo\/image\/"},"sameAs":["https:\/\/x.com\/ozinzen"]},{"@type":"Person","@id":"https:\/\/ozinzen.com\/blog\/#\/schema\/person\/c3f9b942ea7cfc90188ae840a2cf2fb1","name":"Marc Sigrist","image":{"@type":"ImageObject","inLanguage":"fr-FR","@id":"https:\/\/ozinzen.com\/blog\/#\/schema\/person\/image\/","url":"https:\/\/secure.gravatar.com\/avatar\/187f82243f15c243b39ac53fcbd3ac6ae072d40425f7b43c2878b6fb120dbb31?s=96&d=mm&r=g","contentUrl":"https:\/\/secure.gravatar.com\/avatar\/187f82243f15c243b39ac53fcbd3ac6ae072d40425f7b43c2878b6fb120dbb31?s=96&d=mm&r=g","caption":"Marc Sigrist"}}]}},"amp_enabled":true,"_links":{"self":[{"href":"https:\/\/ozinzen.com\/blog\/wp-json\/wp\/v2\/posts\/11631","targetHints":{"allow":["GET"]}}],"collection":[{"href":"https:\/\/ozinzen.com\/blog\/wp-json\/wp\/v2\/posts"}],"about":[{"href":"https:\/\/ozinzen.com\/blog\/wp-json\/wp\/v2\/types\/post"}],"author":[{"embeddable":true,"href":"https:\/\/ozinzen.com\/blog\/wp-json\/wp\/v2\/users\/2"}],"replies":[{"embeddable":true,"href":"https:\/\/ozinzen.com\/blog\/wp-json\/wp\/v2\/comments?post=11631"}],"version-history":[{"count":4,"href":"https:\/\/ozinzen.com\/blog\/wp-json\/wp\/v2\/posts\/11631\/revisions"}],"predecessor-version":[{"id":11636,"href":"https:\/\/ozinzen.com\/blog\/wp-json\/wp\/v2\/posts\/11631\/revisions\/11636"}],"wp:featuredmedia":[{"embeddable":true,"href":"https:\/\/ozinzen.com\/blog\/wp-json\/wp\/v2\/media\/11632"}],"wp:attachment":[{"href":"https:\/\/ozinzen.com\/blog\/wp-json\/wp\/v2\/media?parent=11631"}],"wp:term":[{"taxonomy":"category","embeddable":true,"href":"https:\/\/ozinzen.com\/blog\/wp-json\/wp\/v2\/categories?post=11631"},{"taxonomy":"post_tag","embeddable":true,"href":"https:\/\/ozinzen.com\/blog\/wp-json\/wp\/v2\/tags?post=11631"}],"curies":[{"name":"wp","href":"https:\/\/api.w.org\/{rel}","templated":true}]}}