{"id":12256,"date":"2025-09-09T09:26:11","date_gmt":"2025-09-09T07:26:11","guid":{"rendered":"https:\/\/ozinzen.com\/blog\/?p=12256"},"modified":"2025-09-09T09:29:18","modified_gmt":"2025-09-09T07:29:18","slug":"la-facturation-electronique-de-grands-changements-a-venir-pour-les-entreprises","status":"publish","type":"post","link":"https:\/\/ozinzen.com\/blog\/la-facturation-electronique-de-grands-changements-a-venir-pour-les-entreprises\/","title":{"rendered":"La Facturation \u00c9lectronique &#8211; de grands changements \u00e0 venir pour les entreprises"},"content":{"rendered":"\n<figure class=\"wp-block-image size-full\"><a href=\"https:\/\/ozinzen.com\/blog\/wp-content\/uploads\/2025\/09\/calendrier-facture-electronique.png\"><img loading=\"lazy\" decoding=\"async\" width=\"1024\" height=\"408\" src=\"https:\/\/ozinzen.com\/blog\/wp-content\/uploads\/2025\/09\/calendrier-facture-electronique.png\" alt=\"\" class=\"wp-image-12257\" srcset=\"https:\/\/ozinzen.com\/blog\/wp-content\/uploads\/2025\/09\/calendrier-facture-electronique.png 1024w, https:\/\/ozinzen.com\/blog\/wp-content\/uploads\/2025\/09\/calendrier-facture-electronique-300x120.png 300w, https:\/\/ozinzen.com\/blog\/wp-content\/uploads\/2025\/09\/calendrier-facture-electronique-768x306.png 768w\" sizes=\"auto, (max-width: 1024px) 100vw, 1024px\" \/><\/a><\/figure>\n\n\n\n<p><\/p>\n\n\n\n<p>La r\u00e9forme qui se pr\u00e9pare avec la facture \u00e9lectronique va avoir un impact important pour les entreprises.<\/p>\n\n\n\n<!--more-->\n\n\n\n<p><strong>Facture \u00e9lectronique : de quoi parle-t-on exactement ?<\/strong><\/p>\n\n\n\n<p>Premi\u00e8re chose \u00e0 clarifier : une facture \u00e9lectronique n&rsquo;est pas un simple PDF envoy\u00e9 par email. Cette confusion est courante.<\/p>\n\n\n\n<p>Pour l&rsquo;administration fiscale fran\u00e7aise, une facture \u00e9lectronique doit respecter trois r\u00e8gles :<\/p>\n\n\n\n<ol class=\"wp-block-list\">\n<li>Cr\u00e9ation d\u00e9mat\u00e9rialis\u00e9e<br>Elle doit \u00eatre cr\u00e9\u00e9e dans un format structur\u00e9 (pas de facture papier ou scann\u00e9e).<\/li>\n\n\n\n<li>Transmission s\u00e9curis\u00e9e<br>Sa transmission doit se faire via un canal s\u00e9curis\u00e9, une Plateforme Agr\u00e9\u00e9e (PA) reconnue par l&rsquo;administration.<\/li>\n\n\n\n<li>\u00catre exploitable automatiquement<br>Le destinataire doit pouvoir la traiter sans ressaisie manuelle, ce qui garantit l&rsquo;automatisation des processus.<\/li>\n<\/ol>\n\n\n\n<p>La diff\u00e9rence fondamentale r\u00e9side dans la structure des donn\u00e9es. Un PDF classique, m\u00eame parfaitement mis en forme, reste un document que les logiciels peinent \u00e0 d\u00e9crypter. Difficile d&rsquo;extraire automatiquement le montant HT, la TVA ou le SIRET !<\/p>\n\n\n\n<p>En revanche, les formats structur\u00e9s officiels permettent une v\u00e9ritable automatisation des processus de facturation.<\/p>\n\n\n\n<p><strong>Qui est concern\u00e9 par cette \u00e9volution ?<\/strong><br>Fini le temps o\u00f9 seules quelques grandes entreprises ou les march\u00e9s publics \u00e9taient concern\u00e9s. La facturation \u00e9lectronique va progressivement s&rsquo;imposer \u00e0 beaucoup d&rsquo;entreprises.<\/p>\n\n\n\n<p><strong>Pour les administrations publiques (B2G)<br><\/strong>Depuis 2020, c&rsquo;est d\u00e9j\u00e0 fait ! Toutes les entreprises qui facturent l&rsquo;\u00c9tat, les collectivit\u00e9s ou les \u00e9tablissements publics doivent utiliser la facture \u00e9lectronique.<\/p>\n\n\n\n<p><strong>Pour les \u00e9changes entre entreprises (B2B)<br><\/strong>C&rsquo;est le grand chantier \u00e0 venir. D\u00e8s 2026-2027, toutes les entreprises fran\u00e7aises assujetties \u00e0 la TVA devront :<br>&#8211; \u00c9mettre leurs factures en format \u00e9lectronique structur\u00e9 (e-invoicing)<br>&#8211; \u00c9mettre et recevoir les factures via une plateforme certifi\u00e9e (e-reporting : transmission instantan\u00e9e)<\/p>\n\n\n\n<p><strong>Vos nouvelles obligations en pratique<\/strong><br>Vous devrez utiliser une Plateforme Agr\u00e9\u00e9e (PA) immatricul\u00e9e par l&rsquo;administration fiscale. Cette plateforme fera le lien entre votre entreprise et le Portail Public de Facturation (PPF).<\/p>\n\n\n\n<blockquote class=\"wp-block-quote is-layout-flow wp-block-quote-is-layout-flow\">\n<p><strong>Important changement de nom pour les plateformes <\/strong><br>Les anciennes \u00ab\u00a0Plateformes de D\u00e9mat\u00e9rialisation Partenaires (PDP)\u00a0\u00bb deviennent officiellement des \u00ab\u00a0Plateformes Agr\u00e9\u00e9es (PA)\u00a0\u00bb. Ce changement refl\u00e8te l&rsquo;\u00e9volution du cadre r\u00e9glementaire et une harmonisation des termes utilis\u00e9s par l&rsquo;administration fiscale.<\/p>\n<\/blockquote>\n\n\n\n<p><strong>La plateforme s&rsquo;assure que vos factures :<\/strong><\/p>\n\n\n\n<ul class=\"wp-block-list\">\n<li>Respectent les formats requis (Factur-X, UBL, CII)<\/li>\n\n\n\n<li>Suivent le cycle de vie r\u00e9glementaire<\/li>\n\n\n\n<li>Arrivent de fa\u00e7on s\u00e9curis\u00e9e \u00e0 destination<\/li>\n<\/ul>\n\n\n\n<p><strong>Adapter votre organisation interne<\/strong><br>Vos outils actuels (facturation, comptabilit\u00e9, ERP) devront communiquer avec votre plateforme agr\u00e9\u00e9e. Vos \u00e9quipes apprendront \u00e0 g\u00e9rer les statuts de facturation, traiter les rejets et valider les mises \u00e0 jour.<\/p>\n\n\n\n<p><strong>Pourquoi cette r\u00e9forme ?<\/strong><br>L&rsquo;objectif d\u00e9passe la simple modernisation. Il s&rsquo;agit de :<\/p>\n\n\n\n<ul class=\"wp-block-list\">\n<li>Combattre la fraude \u00e0 la TVA gr\u00e2ce \u00e0 un meilleur contr\u00f4le<\/li>\n\n\n\n<li>Donner une vision \u00e9conomique en temps r\u00e9el \u00e0 l&rsquo;administration<\/li>\n\n\n\n<li>Acc\u00e9l\u00e9rer la transformation num\u00e9rique des TPE-PME<\/li>\n\n\n\n<li>R\u00e9duire les co\u00fbts administratifs li\u00e9s au papier<\/li>\n\n\n\n<li>Harmoniser les \u00e9changes commerciaux \u00e0 l&rsquo;\u00e9chelle nationale Le calendrier \u00e0 retenir<\/li>\n<\/ul>\n\n\n\n<p><strong>Apr\u00e8s plusieurs reports, voici les dates officielles :<\/strong><\/p>\n\n\n\n<p>Septembre 2026 : Les grandes entreprises et ETI devront \u00e9mettre des factures \u00e9lectroniques. Toutes les entreprises devront pouvoir en recevoir.<\/p>\n\n\n\n<p>Septembre 2027 : Les PME et micro-entreprises auront l&rsquo;obligation de l&rsquo;\u00e9mission de facture \u00e9lectronique.<\/p>\n\n\n\n<p><strong>Les b\u00e9n\u00e9fices concrets pour votre entreprise<\/strong><br>Au-del\u00e0 de l&rsquo;obligation r\u00e9glementaire, la facture \u00e9lectronique apporte des avantages :<\/p>\n\n\n\n<ul class=\"wp-block-list\">\n<li>Moins d&rsquo;erreurs gr\u00e2ce \u00e0 l&rsquo;automatisation<\/li>\n\n\n\n<li>Suivi pr\u00e9cis des paiements en temps r\u00e9el<\/li>\n\n\n\n<li>R\u00e9duction des t\u00e2ches administratives r\u00e9p\u00e9titives<\/li>\n\n\n\n<li>\u00c9conomies sur l&rsquo;impression et l&rsquo;envoi<\/li>\n\n\n\n<li>Tra\u00e7abilit\u00e9 renforc\u00e9e de tous vos \u00e9changes<\/li>\n\n\n\n<li>Automatisation possible pour votre comptabilit\u00e9 Les formats autoris\u00e9s<\/li>\n<\/ul>\n\n\n\n<p><strong>Trois formats sont reconnus par l&rsquo;administration :<\/strong><\/p>\n\n\n\n<p>Factur-X : Le format hybride fran\u00e7ais, combinant un PDF lisible et des donn\u00e9es XML. Id\u00e9al pour une transition en douceur.<\/p>\n\n\n\n<p>UBL : Standard europ\u00e9en tr\u00e8s r\u00e9pandu dans les \u00e9changes B2B internationaux.<\/p>\n\n\n\n<p>CII : Format international adapt\u00e9 aux \u00e9changes complexes, notamment \u00e0 l&rsquo;export.<\/p>\n\n\n\n<p><strong>Comment faire le bon choix ?<\/strong><br>Deux options principales s&rsquo;offrent \u00e0 vous :<\/p>\n\n\n\n<ol class=\"wp-block-list\">\n<li>Une plateforme agr\u00e9\u00e9e qui g\u00e8re la conversion, l&rsquo;envoi et la conformit\u00e9 technique.<\/li>\n\n\n\n<li>Un logiciel de gestion int\u00e9gr\u00e9 \u00e0 une plateforme agr\u00e9\u00e9e, qui vous permet de continuer \u00e0 travailler comme avant tout en respectant la r\u00e9glementation.<\/li>\n<\/ol>\n\n\n\n<p><strong>Combien cela va-t-il co\u00fbter ?<br><\/strong>Le site <a href=\"https:\/\/factureinfo.com\/\">Factureinfo permet de comparer les prix des services de facturation \u00e9lectronique.<\/a> Les tarifs peuvent \u00eatre gratuits pour certaines versions limit\u00e9es, ou \u00eatre de plusieurs centaines d&rsquo;euros par mois pour les plus chers.<\/p>\n\n\n\n<p><strong>Attention aux sanctions !<\/strong><br>Le non-respect de ces obligations n&rsquo;est pas sans cons\u00e9quences :<\/p>\n\n\n\n<ul class=\"wp-block-list\">\n<li>Rejet des factures par les plateformes<\/li>\n\n\n\n<li>Sanctions fiscales en cas de manquements r\u00e9p\u00e9t\u00e9s<\/li>\n\n\n\n<li>Blocage ou retards de paiement<\/li>\n<\/ul>\n\n\n\n<p><strong>Cette transition demande de l&rsquo;anticipation.<\/strong><\/p>\n","protected":false},"excerpt":{"rendered":"<p>La r\u00e9forme qui se pr\u00e9pare avec la facture \u00e9lectronique va avoir un impact important pour les entreprises.<\/p>\n","protected":false},"author":2,"featured_media":12257,"comment_status":"closed","ping_status":"closed","sticky":false,"template":"","format":"standard","meta":{"_genesis_hide_title":false,"_genesis_hide_breadcrumbs":false,"_genesis_hide_singular_image":false,"_genesis_hide_footer_widgets":false,"_genesis_custom_body_class":"","_genesis_custom_post_class":"","_genesis_layout":"","footnotes":""},"categories":[55],"tags":[],"class_list":{"0":"post-12256","1":"post","2":"type-post","3":"status-publish","4":"format-standard","5":"has-post-thumbnail","7":"category-societe","8":"entry"},"yoast_head":"<!-- This site is optimized with the Yoast SEO plugin v27.1.1 - https:\/\/yoast.com\/product\/yoast-seo-wordpress\/ -->\n<title>La Facturation \u00c9lectronique - de grands changements \u00e0 venir pour les entreprises - Ozinzen<\/title>\n<meta name=\"description\" content=\"La r\u00e9forme qui se pr\u00e9pare avec la facture \u00e9lectronique va avoir un impact important pour les entreprises. Facture \u00e9lectronique : de quoi parle-t-on\" \/>\n<meta name=\"robots\" content=\"index, follow, max-snippet:-1, max-image-preview:large, max-video-preview:-1\" \/>\n<link rel=\"canonical\" href=\"https:\/\/ozinzen.com\/blog\/la-facturation-electronique-de-grands-changements-a-venir-pour-les-entreprises\/\" \/>\n<meta property=\"og:locale\" content=\"fr_FR\" \/>\n<meta property=\"og:type\" content=\"article\" \/>\n<meta property=\"og:title\" content=\"La Facturation \u00c9lectronique - de grands changements \u00e0 venir pour les entreprises - Ozinzen\" \/>\n<meta property=\"og:description\" content=\"La r\u00e9forme qui se pr\u00e9pare avec la facture \u00e9lectronique va avoir un impact important pour les entreprises. Facture \u00e9lectronique : de quoi parle-t-on\" \/>\n<meta property=\"og:url\" content=\"https:\/\/ozinzen.com\/blog\/la-facturation-electronique-de-grands-changements-a-venir-pour-les-entreprises\/\" \/>\n<meta property=\"og:site_name\" content=\"Ozinzen\" \/>\n<meta property=\"article:published_time\" content=\"2025-09-09T07:26:11+00:00\" \/>\n<meta property=\"article:modified_time\" content=\"2025-09-09T07:29:18+00:00\" \/>\n<meta property=\"og:image\" content=\"https:\/\/ozinzen.com\/blog\/wp-content\/uploads\/2025\/09\/calendrier-facture-electronique.png\" \/>\n\t<meta property=\"og:image:width\" content=\"1024\" \/>\n\t<meta property=\"og:image:height\" content=\"408\" \/>\n\t<meta property=\"og:image:type\" content=\"image\/png\" \/>\n<meta name=\"author\" content=\"Marc Sigrist\" \/>\n<meta name=\"twitter:card\" content=\"summary_large_image\" \/>\n<meta name=\"twitter:creator\" content=\"@ozinzen\" \/>\n<meta name=\"twitter:site\" content=\"@ozinzen\" \/>\n<meta name=\"twitter:label1\" content=\"\u00c9crit par\" \/>\n\t<meta name=\"twitter:data1\" content=\"Marc Sigrist\" \/>\n\t<meta name=\"twitter:label2\" content=\"Dur\u00e9e de lecture estim\u00e9e\" \/>\n\t<meta name=\"twitter:data2\" content=\"4 minutes\" \/>\n<script type=\"application\/ld+json\" class=\"yoast-schema-graph\">{\"@context\":\"https:\/\/schema.org\",\"@graph\":[{\"@type\":\"Article\",\"@id\":\"https:\/\/ozinzen.com\/blog\/la-facturation-electronique-de-grands-changements-a-venir-pour-les-entreprises\/#article\",\"isPartOf\":{\"@id\":\"https:\/\/ozinzen.com\/blog\/la-facturation-electronique-de-grands-changements-a-venir-pour-les-entreprises\/\"},\"author\":{\"name\":\"Marc Sigrist\",\"@id\":\"https:\/\/ozinzen.com\/blog\/#\/schema\/person\/c3f9b942ea7cfc90188ae840a2cf2fb1\"},\"headline\":\"La Facturation \u00c9lectronique &#8211; de grands changements \u00e0 venir pour les entreprises\",\"datePublished\":\"2025-09-09T07:26:11+00:00\",\"dateModified\":\"2025-09-09T07:29:18+00:00\",\"mainEntityOfPage\":{\"@id\":\"https:\/\/ozinzen.com\/blog\/la-facturation-electronique-de-grands-changements-a-venir-pour-les-entreprises\/\"},\"wordCount\":773,\"publisher\":{\"@id\":\"https:\/\/ozinzen.com\/blog\/#organization\"},\"image\":{\"@id\":\"https:\/\/ozinzen.com\/blog\/la-facturation-electronique-de-grands-changements-a-venir-pour-les-entreprises\/#primaryimage\"},\"thumbnailUrl\":\"https:\/\/ozinzen.com\/blog\/wp-content\/uploads\/2025\/09\/calendrier-facture-electronique.png\",\"articleSection\":[\"Soci\u00e9t\u00e9\"],\"inLanguage\":\"fr-FR\"},{\"@type\":\"WebPage\",\"@id\":\"https:\/\/ozinzen.com\/blog\/la-facturation-electronique-de-grands-changements-a-venir-pour-les-entreprises\/\",\"url\":\"https:\/\/ozinzen.com\/blog\/la-facturation-electronique-de-grands-changements-a-venir-pour-les-entreprises\/\",\"name\":\"La Facturation \u00c9lectronique - de grands changements \u00e0 venir pour les entreprises - Ozinzen\",\"isPartOf\":{\"@id\":\"https:\/\/ozinzen.com\/blog\/#website\"},\"primaryImageOfPage\":{\"@id\":\"https:\/\/ozinzen.com\/blog\/la-facturation-electronique-de-grands-changements-a-venir-pour-les-entreprises\/#primaryimage\"},\"image\":{\"@id\":\"https:\/\/ozinzen.com\/blog\/la-facturation-electronique-de-grands-changements-a-venir-pour-les-entreprises\/#primaryimage\"},\"thumbnailUrl\":\"https:\/\/ozinzen.com\/blog\/wp-content\/uploads\/2025\/09\/calendrier-facture-electronique.png\",\"datePublished\":\"2025-09-09T07:26:11+00:00\",\"dateModified\":\"2025-09-09T07:29:18+00:00\",\"description\":\"La r\u00e9forme qui se pr\u00e9pare avec la facture \u00e9lectronique va avoir un impact important pour les entreprises. Facture \u00e9lectronique : de quoi parle-t-on\",\"breadcrumb\":{\"@id\":\"https:\/\/ozinzen.com\/blog\/la-facturation-electronique-de-grands-changements-a-venir-pour-les-entreprises\/#breadcrumb\"},\"inLanguage\":\"fr-FR\",\"potentialAction\":[{\"@type\":\"ReadAction\",\"target\":[\"https:\/\/ozinzen.com\/blog\/la-facturation-electronique-de-grands-changements-a-venir-pour-les-entreprises\/\"]}]},{\"@type\":\"ImageObject\",\"inLanguage\":\"fr-FR\",\"@id\":\"https:\/\/ozinzen.com\/blog\/la-facturation-electronique-de-grands-changements-a-venir-pour-les-entreprises\/#primaryimage\",\"url\":\"https:\/\/ozinzen.com\/blog\/wp-content\/uploads\/2025\/09\/calendrier-facture-electronique.png\",\"contentUrl\":\"https:\/\/ozinzen.com\/blog\/wp-content\/uploads\/2025\/09\/calendrier-facture-electronique.png\",\"width\":1024,\"height\":408},{\"@type\":\"BreadcrumbList\",\"@id\":\"https:\/\/ozinzen.com\/blog\/la-facturation-electronique-de-grands-changements-a-venir-pour-les-entreprises\/#breadcrumb\",\"itemListElement\":[{\"@type\":\"ListItem\",\"position\":1,\"name\":\"Accueil\",\"item\":\"https:\/\/ozinzen.com\/blog\/\"},{\"@type\":\"ListItem\",\"position\":2,\"name\":\"La Facturation \u00c9lectronique &#8211; de grands changements \u00e0 venir pour les entreprises\"}]},{\"@type\":\"WebSite\",\"@id\":\"https:\/\/ozinzen.com\/blog\/#website\",\"url\":\"https:\/\/ozinzen.com\/blog\/\",\"name\":\"Ozinzen\",\"description\":\"Mode de vie et sant\u00e9\",\"publisher\":{\"@id\":\"https:\/\/ozinzen.com\/blog\/#organization\"},\"potentialAction\":[{\"@type\":\"SearchAction\",\"target\":{\"@type\":\"EntryPoint\",\"urlTemplate\":\"https:\/\/ozinzen.com\/blog\/?s={search_term_string}\"},\"query-input\":{\"@type\":\"PropertyValueSpecification\",\"valueRequired\":true,\"valueName\":\"search_term_string\"}}],\"inLanguage\":\"fr-FR\"},{\"@type\":\"Organization\",\"@id\":\"https:\/\/ozinzen.com\/blog\/#organization\",\"name\":\"Ozinzen\",\"url\":\"https:\/\/ozinzen.com\/blog\/\",\"logo\":{\"@type\":\"ImageObject\",\"inLanguage\":\"fr-FR\",\"@id\":\"https:\/\/ozinzen.com\/blog\/#\/schema\/logo\/image\/\",\"url\":\"https:\/\/ozinzen.com\/blog\/wp-content\/uploads\/2023\/01\/ozinzen.png\",\"contentUrl\":\"https:\/\/ozinzen.com\/blog\/wp-content\/uploads\/2023\/01\/ozinzen.png\",\"width\":64,\"height\":64,\"caption\":\"Ozinzen\"},\"image\":{\"@id\":\"https:\/\/ozinzen.com\/blog\/#\/schema\/logo\/image\/\"},\"sameAs\":[\"https:\/\/x.com\/ozinzen\"]},{\"@type\":\"Person\",\"@id\":\"https:\/\/ozinzen.com\/blog\/#\/schema\/person\/c3f9b942ea7cfc90188ae840a2cf2fb1\",\"name\":\"Marc Sigrist\",\"image\":{\"@type\":\"ImageObject\",\"inLanguage\":\"fr-FR\",\"@id\":\"https:\/\/ozinzen.com\/blog\/#\/schema\/person\/image\/\",\"url\":\"https:\/\/secure.gravatar.com\/avatar\/187f82243f15c243b39ac53fcbd3ac6ae072d40425f7b43c2878b6fb120dbb31?s=96&d=mm&r=g\",\"contentUrl\":\"https:\/\/secure.gravatar.com\/avatar\/187f82243f15c243b39ac53fcbd3ac6ae072d40425f7b43c2878b6fb120dbb31?s=96&d=mm&r=g\",\"caption\":\"Marc Sigrist\"}}]}<\/script>\n<!-- \/ Yoast SEO plugin. -->","yoast_head_json":{"title":"La Facturation \u00c9lectronique - de grands changements \u00e0 venir pour les entreprises - Ozinzen","description":"La r\u00e9forme qui se pr\u00e9pare avec la facture \u00e9lectronique va avoir un impact important pour les entreprises. Facture \u00e9lectronique : de quoi parle-t-on","robots":{"index":"index","follow":"follow","max-snippet":"max-snippet:-1","max-image-preview":"max-image-preview:large","max-video-preview":"max-video-preview:-1"},"canonical":"https:\/\/ozinzen.com\/blog\/la-facturation-electronique-de-grands-changements-a-venir-pour-les-entreprises\/","og_locale":"fr_FR","og_type":"article","og_title":"La Facturation \u00c9lectronique - de grands changements \u00e0 venir pour les entreprises - Ozinzen","og_description":"La r\u00e9forme qui se pr\u00e9pare avec la facture \u00e9lectronique va avoir un impact important pour les entreprises. Facture \u00e9lectronique : de quoi parle-t-on","og_url":"https:\/\/ozinzen.com\/blog\/la-facturation-electronique-de-grands-changements-a-venir-pour-les-entreprises\/","og_site_name":"Ozinzen","article_published_time":"2025-09-09T07:26:11+00:00","article_modified_time":"2025-09-09T07:29:18+00:00","og_image":[{"width":1024,"height":408,"url":"https:\/\/ozinzen.com\/blog\/wp-content\/uploads\/2025\/09\/calendrier-facture-electronique.png","type":"image\/png"}],"author":"Marc Sigrist","twitter_card":"summary_large_image","twitter_creator":"@ozinzen","twitter_site":"@ozinzen","twitter_misc":{"\u00c9crit par":"Marc Sigrist","Dur\u00e9e de lecture estim\u00e9e":"4 minutes"},"schema":{"@context":"https:\/\/schema.org","@graph":[{"@type":"Article","@id":"https:\/\/ozinzen.com\/blog\/la-facturation-electronique-de-grands-changements-a-venir-pour-les-entreprises\/#article","isPartOf":{"@id":"https:\/\/ozinzen.com\/blog\/la-facturation-electronique-de-grands-changements-a-venir-pour-les-entreprises\/"},"author":{"name":"Marc Sigrist","@id":"https:\/\/ozinzen.com\/blog\/#\/schema\/person\/c3f9b942ea7cfc90188ae840a2cf2fb1"},"headline":"La Facturation \u00c9lectronique &#8211; de grands changements \u00e0 venir pour les entreprises","datePublished":"2025-09-09T07:26:11+00:00","dateModified":"2025-09-09T07:29:18+00:00","mainEntityOfPage":{"@id":"https:\/\/ozinzen.com\/blog\/la-facturation-electronique-de-grands-changements-a-venir-pour-les-entreprises\/"},"wordCount":773,"publisher":{"@id":"https:\/\/ozinzen.com\/blog\/#organization"},"image":{"@id":"https:\/\/ozinzen.com\/blog\/la-facturation-electronique-de-grands-changements-a-venir-pour-les-entreprises\/#primaryimage"},"thumbnailUrl":"https:\/\/ozinzen.com\/blog\/wp-content\/uploads\/2025\/09\/calendrier-facture-electronique.png","articleSection":["Soci\u00e9t\u00e9"],"inLanguage":"fr-FR"},{"@type":"WebPage","@id":"https:\/\/ozinzen.com\/blog\/la-facturation-electronique-de-grands-changements-a-venir-pour-les-entreprises\/","url":"https:\/\/ozinzen.com\/blog\/la-facturation-electronique-de-grands-changements-a-venir-pour-les-entreprises\/","name":"La Facturation \u00c9lectronique - de grands changements \u00e0 venir pour les entreprises - Ozinzen","isPartOf":{"@id":"https:\/\/ozinzen.com\/blog\/#website"},"primaryImageOfPage":{"@id":"https:\/\/ozinzen.com\/blog\/la-facturation-electronique-de-grands-changements-a-venir-pour-les-entreprises\/#primaryimage"},"image":{"@id":"https:\/\/ozinzen.com\/blog\/la-facturation-electronique-de-grands-changements-a-venir-pour-les-entreprises\/#primaryimage"},"thumbnailUrl":"https:\/\/ozinzen.com\/blog\/wp-content\/uploads\/2025\/09\/calendrier-facture-electronique.png","datePublished":"2025-09-09T07:26:11+00:00","dateModified":"2025-09-09T07:29:18+00:00","description":"La r\u00e9forme qui se pr\u00e9pare avec la facture \u00e9lectronique va avoir un impact important pour les entreprises. Facture \u00e9lectronique : de quoi parle-t-on","breadcrumb":{"@id":"https:\/\/ozinzen.com\/blog\/la-facturation-electronique-de-grands-changements-a-venir-pour-les-entreprises\/#breadcrumb"},"inLanguage":"fr-FR","potentialAction":[{"@type":"ReadAction","target":["https:\/\/ozinzen.com\/blog\/la-facturation-electronique-de-grands-changements-a-venir-pour-les-entreprises\/"]}]},{"@type":"ImageObject","inLanguage":"fr-FR","@id":"https:\/\/ozinzen.com\/blog\/la-facturation-electronique-de-grands-changements-a-venir-pour-les-entreprises\/#primaryimage","url":"https:\/\/ozinzen.com\/blog\/wp-content\/uploads\/2025\/09\/calendrier-facture-electronique.png","contentUrl":"https:\/\/ozinzen.com\/blog\/wp-content\/uploads\/2025\/09\/calendrier-facture-electronique.png","width":1024,"height":408},{"@type":"BreadcrumbList","@id":"https:\/\/ozinzen.com\/blog\/la-facturation-electronique-de-grands-changements-a-venir-pour-les-entreprises\/#breadcrumb","itemListElement":[{"@type":"ListItem","position":1,"name":"Accueil","item":"https:\/\/ozinzen.com\/blog\/"},{"@type":"ListItem","position":2,"name":"La Facturation \u00c9lectronique &#8211; de grands changements \u00e0 venir pour les entreprises"}]},{"@type":"WebSite","@id":"https:\/\/ozinzen.com\/blog\/#website","url":"https:\/\/ozinzen.com\/blog\/","name":"Ozinzen","description":"Mode de vie et sant\u00e9","publisher":{"@id":"https:\/\/ozinzen.com\/blog\/#organization"},"potentialAction":[{"@type":"SearchAction","target":{"@type":"EntryPoint","urlTemplate":"https:\/\/ozinzen.com\/blog\/?s={search_term_string}"},"query-input":{"@type":"PropertyValueSpecification","valueRequired":true,"valueName":"search_term_string"}}],"inLanguage":"fr-FR"},{"@type":"Organization","@id":"https:\/\/ozinzen.com\/blog\/#organization","name":"Ozinzen","url":"https:\/\/ozinzen.com\/blog\/","logo":{"@type":"ImageObject","inLanguage":"fr-FR","@id":"https:\/\/ozinzen.com\/blog\/#\/schema\/logo\/image\/","url":"https:\/\/ozinzen.com\/blog\/wp-content\/uploads\/2023\/01\/ozinzen.png","contentUrl":"https:\/\/ozinzen.com\/blog\/wp-content\/uploads\/2023\/01\/ozinzen.png","width":64,"height":64,"caption":"Ozinzen"},"image":{"@id":"https:\/\/ozinzen.com\/blog\/#\/schema\/logo\/image\/"},"sameAs":["https:\/\/x.com\/ozinzen"]},{"@type":"Person","@id":"https:\/\/ozinzen.com\/blog\/#\/schema\/person\/c3f9b942ea7cfc90188ae840a2cf2fb1","name":"Marc Sigrist","image":{"@type":"ImageObject","inLanguage":"fr-FR","@id":"https:\/\/ozinzen.com\/blog\/#\/schema\/person\/image\/","url":"https:\/\/secure.gravatar.com\/avatar\/187f82243f15c243b39ac53fcbd3ac6ae072d40425f7b43c2878b6fb120dbb31?s=96&d=mm&r=g","contentUrl":"https:\/\/secure.gravatar.com\/avatar\/187f82243f15c243b39ac53fcbd3ac6ae072d40425f7b43c2878b6fb120dbb31?s=96&d=mm&r=g","caption":"Marc Sigrist"}}]}},"amp_enabled":true,"_links":{"self":[{"href":"https:\/\/ozinzen.com\/blog\/wp-json\/wp\/v2\/posts\/12256","targetHints":{"allow":["GET"]}}],"collection":[{"href":"https:\/\/ozinzen.com\/blog\/wp-json\/wp\/v2\/posts"}],"about":[{"href":"https:\/\/ozinzen.com\/blog\/wp-json\/wp\/v2\/types\/post"}],"author":[{"embeddable":true,"href":"https:\/\/ozinzen.com\/blog\/wp-json\/wp\/v2\/users\/2"}],"replies":[{"embeddable":true,"href":"https:\/\/ozinzen.com\/blog\/wp-json\/wp\/v2\/comments?post=12256"}],"version-history":[{"count":9,"href":"https:\/\/ozinzen.com\/blog\/wp-json\/wp\/v2\/posts\/12256\/revisions"}],"predecessor-version":[{"id":12267,"href":"https:\/\/ozinzen.com\/blog\/wp-json\/wp\/v2\/posts\/12256\/revisions\/12267"}],"wp:featuredmedia":[{"embeddable":true,"href":"https:\/\/ozinzen.com\/blog\/wp-json\/wp\/v2\/media\/12257"}],"wp:attachment":[{"href":"https:\/\/ozinzen.com\/blog\/wp-json\/wp\/v2\/media?parent=12256"}],"wp:term":[{"taxonomy":"category","embeddable":true,"href":"https:\/\/ozinzen.com\/blog\/wp-json\/wp\/v2\/categories?post=12256"},{"taxonomy":"post_tag","embeddable":true,"href":"https:\/\/ozinzen.com\/blog\/wp-json\/wp\/v2\/tags?post=12256"}],"curies":[{"name":"wp","href":"https:\/\/api.w.org\/{rel}","templated":true}]}}