{"id":207,"date":"2013-08-25T07:42:03","date_gmt":"2013-08-25T05:42:03","guid":{"rendered":"http:\/\/ozinzen.com\/blog\/?p=207"},"modified":"2014-11-12T16:26:20","modified_gmt":"2014-11-12T15:26:20","slug":"collagene-en-gelule-et-lutte-contre-le-vieillissement","status":"publish","type":"post","link":"https:\/\/ozinzen.com\/blog\/collagene-en-gelule-et-lutte-contre-le-vieillissement\/","title":{"rendered":"Collag\u00e8ne en g\u00e9lule et lutte contre le vieillissement de la peau"},"content":{"rendered":"<p>&nbsp;<\/p>\n<p><img loading=\"lazy\" decoding=\"async\" class=\"size-full wp-image-239\" src=\"http:\/\/ozinzen.com\/blog\/wp-content\/uploads\/2013\/08\/collag\u00e8ne-g\u00e9lule.jpg\" alt=\"collag\u00e8ne g\u00e9lule\" width=\"300\" height=\"332\" srcset=\"https:\/\/ozinzen.com\/blog\/wp-content\/uploads\/2013\/08\/collag\u00e8ne-g\u00e9lule.jpg 300w, https:\/\/ozinzen.com\/blog\/wp-content\/uploads\/2013\/08\/collag\u00e8ne-g\u00e9lule-271x300.jpg 271w\" sizes=\"auto, (max-width: 300px) 100vw, 300px\" \/><!--more--><\/p>\n<h2><span style=\"color: #000000;\">Pr\u00e9sentation du collag\u00e8ne<\/span><\/h2>\n<p><span style=\"color: #000000;\">Le collag\u00e8ne est la prot\u00e9ine la plus pr\u00e9sente dans le corps humain. C\u2019est une mol\u00e9cule de structure qui donne de la r\u00e9sistance \u00e0 l\u2019\u00e9tirement.<\/span><\/p>\n<p><span style=\"color: #000000;\">Du collag\u00e8ne de diff\u00e9rents types est pr\u00e9sent dans :<\/span><\/p>\n<ul>\n<li><span style=\"color: #000000;\">Les os (25 % de la masse des os).<\/span><\/li>\n<\/ul>\n<ul>\n<li><span style=\"color: #000000;\"> Les tendons.<\/span><\/li>\n<\/ul>\n<ul>\n<li><span style=\"color: #000000;\"> Le cartilage.<\/span><\/li>\n<\/ul>\n<ul>\n<li><span style=\"color: #000000;\"> La peau.<\/span><\/li>\n<\/ul>\n<ul>\n<li><span style=\"color: #000000;\"> La corn\u00e9e.<\/span><\/li>\n<\/ul>\n<p>&nbsp;<\/p>\n<h2><span style=\"color: #000000;\">Collag\u00e8ne et vieillissement de la peau<\/span><\/h2>\n<p><span style=\"color: #000000;\">Les fibres de collag\u00e8ne ont un r\u00f4le de maintien de la peau. La peau d\u2019un homme a une plus grande densit\u00e9 de collag\u00e8ne que la peau d\u2019une femme.<\/span><\/p>\n<p><span style=\"color: #000000;\">Au cours du vieillissement, plusieurs facteurs impactent le collag\u00e8ne de la peau :<\/span><\/p>\n<p>&nbsp;<\/p>\n<ul>\n<li><span style=\"color: #000000;\"><strong>Une diminution de la production :<\/strong><br \/>\n<\/span><\/li>\n<\/ul>\n<p><span style=\"color: #000000;\"> D\u00e8s l\u2019\u00e2ge de 20 ans, il y une diminution en moyenne de 1% de collag\u00e8ne chaque ann\u00e9e. L\u2019\u00e9paisseur de la peau diminue.<\/span><\/p>\n<p><span style=\"color: #000000;\">Les fibroblastes, cellules produisant le collag\u00e8ne de la peau, deviennent moins actives. Le renouvellement naturel de la peau ralentit. En plus de devenir moins nombreuses, les fibres se rigidifient et deviennent moins souples.<\/span><\/p>\n<p>&nbsp;<\/p>\n<ul>\n<li><span style=\"color: #000000;\"><strong>Le soleil :<\/strong><br \/>\n<\/span><\/li>\n<\/ul>\n<p><span style=\"color: #000000;\"> Les ultraviolets, rayonnements du soleil non visibles, peuvent briser les fibres de collag\u00e8ne en cas d\u2019expositions trop importantes.<\/span><\/p>\n<p>&nbsp;<\/p>\n<ul>\n<li><span style=\"color: #000000;\"><strong>La glycation :<\/strong><br \/>\n<\/span><\/li>\n<\/ul>\n<p><span style=\"color: #000000;\"> La glycation est une r\u00e9action entre un sucre et une prot\u00e9ine. Cette r\u00e9action est aussi appel\u00e9e r\u00e9action de Maillard dans le cas de la cuisson d\u2019un aliment. Elle donne son go\u00fbt \u00e0 la viande grill\u00e9, au pain grill\u00e9, et \u00e0 d\u2019autres aliments, par apparition de substances aromatiques nouvelles. Mais ce qui est bon n\u2019est pas toujours bon pour la sant\u00e9.<\/span><\/p>\n<p><span style=\"color: #000000;\">La glycation a de mauvaises cons\u00e9quences dans l\u2019organisme. Entre autres, du glucose provenant de l\u2019alimentation va se fixer avec les mol\u00e9cules de collag\u00e8ne, qui vont se rigidifier ou se briser.<\/span><\/p>\n<p>&nbsp;<\/p>\n<ul>\n<li><span style=\"color: #000000;\"><strong>Les radicaux libres :<\/strong><br \/>\n<\/span><\/li>\n<\/ul>\n<p><span style=\"color: #000000;\"> Les radicaux libres d\u00e9gradent le collag\u00e8ne. Un radical libre est un atome ou une mol\u00e9cule qui a gagn\u00e9 ou perdu un \u00e9lectron.<\/span><\/p>\n<p><span style=\"color: #000000;\">Les radicaux libres sont g\u00e9n\u00e9r\u00e9s pendant la production d&rsquo;\u00e9nergie par les cellules. De plus les rayons ultraviolets et les irradiations produisent des radicaux libres. Les produits chimiques et la pollution de l&rsquo;air peuvent aussi mener \u00e0 la formation de radicaux libres.<\/span><\/p>\n<p>&nbsp;<\/p>\n<h2><span style=\"color: #000000;\">Source alimentaire de collag\u00e8ne<\/span><\/h2>\n<p><span style=\"color: #000000;\">Le collag\u00e8ne est naturellement produit par l\u2019organisme. Il est \u00e9galement pr\u00e9sent dans l\u2019alimentation, il n\u2019y a pas de risque \u00e0 en manger.<\/span><\/p>\n<p><span style=\"color: #000000;\">La viande est une source de collag\u00e8ne. <\/span><span style=\"color: #000000;\">Plus une viande contient de collag\u00e8ne, plus elle est dure. La teneur en collag\u00e8ne de la viande consomm\u00e9e est donc faible. Une viande hach\u00e9e pur b\u0153uf doit avoir un rapport collag\u00e8ne\/ prot\u00e9ine inf\u00e9rieur \u00e0 15 %\u00a0 pour \u00eatre commercialis\u00e9e. Il n\u2019est pas recommand\u00e9 de manger de la viande tous les jours.<\/span><\/p>\n<p><span style=\"color: #000000;\">Autrefois, des bouillons \u00e9taient faits avec les os, ce qui \u00e9tait une bonne source de collag\u00e8ne.<\/span><\/p>\n<p>&nbsp;<\/p>\n<h2><span style=\"color: #000000;\">Suppl\u00e9ment en collag\u00e8ne<\/span><\/h2>\n<p><span style=\"color: #000000;\">Les sources alimentaires en collag\u00e8ne sont faibles. Un compl\u00e9ment alimentaire peut-il \u00eatre utile ?<\/span><\/p>\n<p>&nbsp;<\/p>\n<ul>\n<li><strong><span style=\"color: #000000;\">Utilisation courante :<\/span><\/strong><\/li>\n<\/ul>\n<p><span style=\"color: #000000;\">La g\u00e9latine est obtenue par hydrolyse ( rupture des mol\u00e9cules par l\u2019eau) du collag\u00e8ne d\u2019origine animale (porc, poisson, vache). La g\u00e9latine est parfois nomm\u00e9e hydrolisat de collag\u00e8ne ou collag\u00e8ne hydrolis\u00e9 par les fabricants. Le collag\u00e8ne hydrolis\u00e9 vendu en g\u00e9lules doit \u00eatre de faible poids mol\u00e9culaire pour \u00eatre bien assimil\u00e9.<\/span><\/p>\n<p><span style=\"color: #000000;\">La g\u00e9latine est utilis\u00e9e par l\u2019industrie alimentaire comme agent de texture. Les capsules des m\u00e9dicaments sont compos\u00e9es de g\u00e9latine.<\/span><\/p>\n<p>&nbsp;<\/p>\n<ul>\n<li><strong><span style=\"color: #000000;\">Assimilation par l\u2019organisme :<\/span><\/strong><\/li>\n<\/ul>\n<p><span style=\"color: #000000;\">Des tests ont \u00e9t\u00e9 effectu\u00e9s sur des souris avec du collag\u00e8ne hydrolis\u00e9 marqu\u00e9 radioactivement. Le collag\u00e8ne a bien \u00e9t\u00e9 absorb\u00e9 par le syst\u00e8me digestif et les mol\u00e9cules radioactives se sont accumul\u00e9es au niveau des cartilages et de la peau.<\/span><\/p>\n<p><span style=\"color: #000000;\">Des \u00e9tudes cliniques ont \u00e9t\u00e9 r\u00e9alis\u00e9es et indiquent une am\u00e9lioration de l\u2019\u00e9tat de la peau. Il n\u2019y a pas de donn\u00e9es suffisantes pour \u00e9tablir un dosage journalier recommand\u00e9<\/span><\/p>\n<p>&nbsp;<\/p>\n<ul>\n<li><span style=\"color: #000000;\"><strong>Effet secondaire \/ danger :<\/strong><br \/>\n<\/span><\/li>\n<\/ul>\n<p><span style=\"color: #000000;\">Compte tenu de la crise de la vache folle dans les ann\u00e9es 90, certains pr\u00e9f\u00e8rent consommer du collag\u00e8ne provenant de poisson (ar\u00eate, \u00e9caille), vendu en tant que \u00ab collag\u00e8ne marin \u00bb.<\/span><\/p>\n<p>&nbsp;<\/p>\n<h1><span style=\"color: #000000;\">En conclusion<\/span><\/h1>\n<p><span style=\"color: #000000;\">L\u2019alimentation courante contient peu de collag\u00e8ne. Ce n\u2019est pas un aliment indispensable, mais il n\u2019y a pas de risque \u00e0 tester son efficacit\u00e9 sur l\u2019\u00e9tat de la peau quand les rides font leurs apparitions. De plus le prix des g\u00e9lules est bas.<\/span><\/p>\n<p>&nbsp;<\/p>\n<p>&nbsp;<\/p>\n","protected":false},"excerpt":{"rendered":"<p>&nbsp;<\/p>\n","protected":false},"author":2,"featured_media":239,"comment_status":"open","ping_status":"open","sticky":false,"template":"","format":"standard","meta":{"_genesis_hide_title":false,"_genesis_hide_breadcrumbs":false,"_genesis_hide_singular_image":false,"_genesis_hide_footer_widgets":false,"_genesis_custom_body_class":"","_genesis_custom_post_class":"","_genesis_layout":"","footnotes":""},"categories":[19],"tags":[11,9],"class_list":{"0":"post-207","1":"post","2":"type-post","3":"status-publish","4":"format-standard","5":"has-post-thumbnail","7":"category-beaute","8":"tag-anti-age","9":"tag-collagene","10":"entry"},"yoast_head":"<!-- This site is optimized with the Yoast SEO plugin v27.1.1 - https:\/\/yoast.com\/product\/yoast-seo-wordpress\/ -->\n<title>Collag\u00e8ne en g\u00e9lule et lutte contre le vieillissement de la peau - Ozinzen<\/title>\n<meta name=\"description\" content=\"Le collag\u00e8ne en compl\u00e9ment alimentaire est-il utile pour lutter contre le vieillissement de la peau ? Pr\u00e9sentation du r\u00f4le du collag\u00e8ne dans l\u2019organisme.\" \/>\n<meta name=\"robots\" content=\"index, follow, max-snippet:-1, max-image-preview:large, max-video-preview:-1\" \/>\n<link rel=\"canonical\" href=\"https:\/\/ozinzen.com\/blog\/collagene-en-gelule-et-lutte-contre-le-vieillissement\/\" \/>\n<meta property=\"og:locale\" content=\"fr_FR\" \/>\n<meta property=\"og:type\" content=\"article\" \/>\n<meta property=\"og:title\" content=\"Collag\u00e8ne en g\u00e9lule et lutte contre le vieillissement de la peau - Ozinzen\" \/>\n<meta property=\"og:description\" content=\"Le collag\u00e8ne en compl\u00e9ment alimentaire est-il utile pour lutter contre le vieillissement de la peau ? Pr\u00e9sentation du r\u00f4le du collag\u00e8ne dans l\u2019organisme.\" \/>\n<meta property=\"og:url\" content=\"https:\/\/ozinzen.com\/blog\/collagene-en-gelule-et-lutte-contre-le-vieillissement\/\" \/>\n<meta property=\"og:site_name\" content=\"Ozinzen\" \/>\n<meta property=\"article:published_time\" content=\"2013-08-25T05:42:03+00:00\" \/>\n<meta property=\"article:modified_time\" content=\"2014-11-12T15:26:20+00:00\" \/>\n<meta property=\"og:image\" content=\"https:\/\/ozinzen.com\/blog\/wp-content\/uploads\/2013\/08\/collag\u00e8ne-g\u00e9lule.jpg\" \/>\n\t<meta property=\"og:image:width\" content=\"300\" \/>\n\t<meta property=\"og:image:height\" content=\"332\" \/>\n\t<meta property=\"og:image:type\" content=\"image\/jpeg\" \/>\n<meta name=\"author\" content=\"Marc Sigrist\" \/>\n<meta name=\"twitter:card\" content=\"summary_large_image\" \/>\n<meta name=\"twitter:creator\" content=\"@ozinzen\" \/>\n<meta name=\"twitter:site\" content=\"@ozinzen\" \/>\n<meta name=\"twitter:label1\" content=\"\u00c9crit par\" \/>\n\t<meta name=\"twitter:data1\" content=\"Marc Sigrist\" \/>\n\t<meta name=\"twitter:label2\" content=\"Dur\u00e9e de lecture estim\u00e9e\" \/>\n\t<meta name=\"twitter:data2\" content=\"4 minutes\" \/>\n<script type=\"application\/ld+json\" class=\"yoast-schema-graph\">{\"@context\":\"https:\/\/schema.org\",\"@graph\":[{\"@type\":\"Article\",\"@id\":\"https:\/\/ozinzen.com\/blog\/collagene-en-gelule-et-lutte-contre-le-vieillissement\/#article\",\"isPartOf\":{\"@id\":\"https:\/\/ozinzen.com\/blog\/collagene-en-gelule-et-lutte-contre-le-vieillissement\/\"},\"author\":{\"name\":\"Marc Sigrist\",\"@id\":\"https:\/\/ozinzen.com\/blog\/#\/schema\/person\/c3f9b942ea7cfc90188ae840a2cf2fb1\"},\"headline\":\"Collag\u00e8ne en g\u00e9lule et lutte contre le vieillissement de la peau\",\"datePublished\":\"2013-08-25T05:42:03+00:00\",\"dateModified\":\"2014-11-12T15:26:20+00:00\",\"mainEntityOfPage\":{\"@id\":\"https:\/\/ozinzen.com\/blog\/collagene-en-gelule-et-lutte-contre-le-vieillissement\/\"},\"wordCount\":794,\"commentCount\":7,\"publisher\":{\"@id\":\"https:\/\/ozinzen.com\/blog\/#organization\"},\"image\":{\"@id\":\"https:\/\/ozinzen.com\/blog\/collagene-en-gelule-et-lutte-contre-le-vieillissement\/#primaryimage\"},\"thumbnailUrl\":\"https:\/\/ozinzen.com\/blog\/wp-content\/uploads\/2013\/08\/collag\u00e8ne-g\u00e9lule.jpg\",\"keywords\":[\"anti-\u00e2ge\",\"collag\u00e8ne\"],\"articleSection\":[\"beaut\u00e9\"],\"inLanguage\":\"fr-FR\"},{\"@type\":\"WebPage\",\"@id\":\"https:\/\/ozinzen.com\/blog\/collagene-en-gelule-et-lutte-contre-le-vieillissement\/\",\"url\":\"https:\/\/ozinzen.com\/blog\/collagene-en-gelule-et-lutte-contre-le-vieillissement\/\",\"name\":\"Collag\u00e8ne en g\u00e9lule et lutte contre le vieillissement de la peau - Ozinzen\",\"isPartOf\":{\"@id\":\"https:\/\/ozinzen.com\/blog\/#website\"},\"primaryImageOfPage\":{\"@id\":\"https:\/\/ozinzen.com\/blog\/collagene-en-gelule-et-lutte-contre-le-vieillissement\/#primaryimage\"},\"image\":{\"@id\":\"https:\/\/ozinzen.com\/blog\/collagene-en-gelule-et-lutte-contre-le-vieillissement\/#primaryimage\"},\"thumbnailUrl\":\"https:\/\/ozinzen.com\/blog\/wp-content\/uploads\/2013\/08\/collag\u00e8ne-g\u00e9lule.jpg\",\"datePublished\":\"2013-08-25T05:42:03+00:00\",\"dateModified\":\"2014-11-12T15:26:20+00:00\",\"description\":\"Le collag\u00e8ne en compl\u00e9ment alimentaire est-il utile pour lutter contre le vieillissement de la peau ? Pr\u00e9sentation du r\u00f4le du collag\u00e8ne dans l\u2019organisme.\",\"breadcrumb\":{\"@id\":\"https:\/\/ozinzen.com\/blog\/collagene-en-gelule-et-lutte-contre-le-vieillissement\/#breadcrumb\"},\"inLanguage\":\"fr-FR\",\"potentialAction\":[{\"@type\":\"ReadAction\",\"target\":[\"https:\/\/ozinzen.com\/blog\/collagene-en-gelule-et-lutte-contre-le-vieillissement\/\"]}]},{\"@type\":\"ImageObject\",\"inLanguage\":\"fr-FR\",\"@id\":\"https:\/\/ozinzen.com\/blog\/collagene-en-gelule-et-lutte-contre-le-vieillissement\/#primaryimage\",\"url\":\"https:\/\/ozinzen.com\/blog\/wp-content\/uploads\/2013\/08\/collag\u00e8ne-g\u00e9lule.jpg\",\"contentUrl\":\"https:\/\/ozinzen.com\/blog\/wp-content\/uploads\/2013\/08\/collag\u00e8ne-g\u00e9lule.jpg\",\"width\":300,\"height\":332,\"caption\":\"collag\u00e8ne g\u00e9lule\"},{\"@type\":\"BreadcrumbList\",\"@id\":\"https:\/\/ozinzen.com\/blog\/collagene-en-gelule-et-lutte-contre-le-vieillissement\/#breadcrumb\",\"itemListElement\":[{\"@type\":\"ListItem\",\"position\":1,\"name\":\"Accueil\",\"item\":\"https:\/\/ozinzen.com\/blog\/\"},{\"@type\":\"ListItem\",\"position\":2,\"name\":\"Collag\u00e8ne en g\u00e9lule et lutte contre le vieillissement de la peau\"}]},{\"@type\":\"WebSite\",\"@id\":\"https:\/\/ozinzen.com\/blog\/#website\",\"url\":\"https:\/\/ozinzen.com\/blog\/\",\"name\":\"Ozinzen\",\"description\":\"Mode de vie et sant\u00e9\",\"publisher\":{\"@id\":\"https:\/\/ozinzen.com\/blog\/#organization\"},\"potentialAction\":[{\"@type\":\"SearchAction\",\"target\":{\"@type\":\"EntryPoint\",\"urlTemplate\":\"https:\/\/ozinzen.com\/blog\/?s={search_term_string}\"},\"query-input\":{\"@type\":\"PropertyValueSpecification\",\"valueRequired\":true,\"valueName\":\"search_term_string\"}}],\"inLanguage\":\"fr-FR\"},{\"@type\":\"Organization\",\"@id\":\"https:\/\/ozinzen.com\/blog\/#organization\",\"name\":\"Ozinzen\",\"url\":\"https:\/\/ozinzen.com\/blog\/\",\"logo\":{\"@type\":\"ImageObject\",\"inLanguage\":\"fr-FR\",\"@id\":\"https:\/\/ozinzen.com\/blog\/#\/schema\/logo\/image\/\",\"url\":\"https:\/\/ozinzen.com\/blog\/wp-content\/uploads\/2023\/01\/ozinzen.png\",\"contentUrl\":\"https:\/\/ozinzen.com\/blog\/wp-content\/uploads\/2023\/01\/ozinzen.png\",\"width\":64,\"height\":64,\"caption\":\"Ozinzen\"},\"image\":{\"@id\":\"https:\/\/ozinzen.com\/blog\/#\/schema\/logo\/image\/\"},\"sameAs\":[\"https:\/\/x.com\/ozinzen\"]},{\"@type\":\"Person\",\"@id\":\"https:\/\/ozinzen.com\/blog\/#\/schema\/person\/c3f9b942ea7cfc90188ae840a2cf2fb1\",\"name\":\"Marc Sigrist\",\"image\":{\"@type\":\"ImageObject\",\"inLanguage\":\"fr-FR\",\"@id\":\"https:\/\/ozinzen.com\/blog\/#\/schema\/person\/image\/\",\"url\":\"https:\/\/secure.gravatar.com\/avatar\/187f82243f15c243b39ac53fcbd3ac6ae072d40425f7b43c2878b6fb120dbb31?s=96&d=mm&r=g\",\"contentUrl\":\"https:\/\/secure.gravatar.com\/avatar\/187f82243f15c243b39ac53fcbd3ac6ae072d40425f7b43c2878b6fb120dbb31?s=96&d=mm&r=g\",\"caption\":\"Marc Sigrist\"}}]}<\/script>\n<!-- \/ Yoast SEO plugin. -->","yoast_head_json":{"title":"Collag\u00e8ne en g\u00e9lule et lutte contre le vieillissement de la peau - Ozinzen","description":"Le collag\u00e8ne en compl\u00e9ment alimentaire est-il utile pour lutter contre le vieillissement de la peau ? Pr\u00e9sentation du r\u00f4le du collag\u00e8ne dans l\u2019organisme.","robots":{"index":"index","follow":"follow","max-snippet":"max-snippet:-1","max-image-preview":"max-image-preview:large","max-video-preview":"max-video-preview:-1"},"canonical":"https:\/\/ozinzen.com\/blog\/collagene-en-gelule-et-lutte-contre-le-vieillissement\/","og_locale":"fr_FR","og_type":"article","og_title":"Collag\u00e8ne en g\u00e9lule et lutte contre le vieillissement de la peau - Ozinzen","og_description":"Le collag\u00e8ne en compl\u00e9ment alimentaire est-il utile pour lutter contre le vieillissement de la peau ? Pr\u00e9sentation du r\u00f4le du collag\u00e8ne dans l\u2019organisme.","og_url":"https:\/\/ozinzen.com\/blog\/collagene-en-gelule-et-lutte-contre-le-vieillissement\/","og_site_name":"Ozinzen","article_published_time":"2013-08-25T05:42:03+00:00","article_modified_time":"2014-11-12T15:26:20+00:00","og_image":[{"width":300,"height":332,"url":"https:\/\/ozinzen.com\/blog\/wp-content\/uploads\/2013\/08\/collag\u00e8ne-g\u00e9lule.jpg","type":"image\/jpeg"}],"author":"Marc Sigrist","twitter_card":"summary_large_image","twitter_creator":"@ozinzen","twitter_site":"@ozinzen","twitter_misc":{"\u00c9crit par":"Marc Sigrist","Dur\u00e9e de lecture estim\u00e9e":"4 minutes"},"schema":{"@context":"https:\/\/schema.org","@graph":[{"@type":"Article","@id":"https:\/\/ozinzen.com\/blog\/collagene-en-gelule-et-lutte-contre-le-vieillissement\/#article","isPartOf":{"@id":"https:\/\/ozinzen.com\/blog\/collagene-en-gelule-et-lutte-contre-le-vieillissement\/"},"author":{"name":"Marc Sigrist","@id":"https:\/\/ozinzen.com\/blog\/#\/schema\/person\/c3f9b942ea7cfc90188ae840a2cf2fb1"},"headline":"Collag\u00e8ne en g\u00e9lule et lutte contre le vieillissement de la peau","datePublished":"2013-08-25T05:42:03+00:00","dateModified":"2014-11-12T15:26:20+00:00","mainEntityOfPage":{"@id":"https:\/\/ozinzen.com\/blog\/collagene-en-gelule-et-lutte-contre-le-vieillissement\/"},"wordCount":794,"commentCount":7,"publisher":{"@id":"https:\/\/ozinzen.com\/blog\/#organization"},"image":{"@id":"https:\/\/ozinzen.com\/blog\/collagene-en-gelule-et-lutte-contre-le-vieillissement\/#primaryimage"},"thumbnailUrl":"https:\/\/ozinzen.com\/blog\/wp-content\/uploads\/2013\/08\/collag\u00e8ne-g\u00e9lule.jpg","keywords":["anti-\u00e2ge","collag\u00e8ne"],"articleSection":["beaut\u00e9"],"inLanguage":"fr-FR"},{"@type":"WebPage","@id":"https:\/\/ozinzen.com\/blog\/collagene-en-gelule-et-lutte-contre-le-vieillissement\/","url":"https:\/\/ozinzen.com\/blog\/collagene-en-gelule-et-lutte-contre-le-vieillissement\/","name":"Collag\u00e8ne en g\u00e9lule et lutte contre le vieillissement de la peau - Ozinzen","isPartOf":{"@id":"https:\/\/ozinzen.com\/blog\/#website"},"primaryImageOfPage":{"@id":"https:\/\/ozinzen.com\/blog\/collagene-en-gelule-et-lutte-contre-le-vieillissement\/#primaryimage"},"image":{"@id":"https:\/\/ozinzen.com\/blog\/collagene-en-gelule-et-lutte-contre-le-vieillissement\/#primaryimage"},"thumbnailUrl":"https:\/\/ozinzen.com\/blog\/wp-content\/uploads\/2013\/08\/collag\u00e8ne-g\u00e9lule.jpg","datePublished":"2013-08-25T05:42:03+00:00","dateModified":"2014-11-12T15:26:20+00:00","description":"Le collag\u00e8ne en compl\u00e9ment alimentaire est-il utile pour lutter contre le vieillissement de la peau ? Pr\u00e9sentation du r\u00f4le du collag\u00e8ne dans l\u2019organisme.","breadcrumb":{"@id":"https:\/\/ozinzen.com\/blog\/collagene-en-gelule-et-lutte-contre-le-vieillissement\/#breadcrumb"},"inLanguage":"fr-FR","potentialAction":[{"@type":"ReadAction","target":["https:\/\/ozinzen.com\/blog\/collagene-en-gelule-et-lutte-contre-le-vieillissement\/"]}]},{"@type":"ImageObject","inLanguage":"fr-FR","@id":"https:\/\/ozinzen.com\/blog\/collagene-en-gelule-et-lutte-contre-le-vieillissement\/#primaryimage","url":"https:\/\/ozinzen.com\/blog\/wp-content\/uploads\/2013\/08\/collag\u00e8ne-g\u00e9lule.jpg","contentUrl":"https:\/\/ozinzen.com\/blog\/wp-content\/uploads\/2013\/08\/collag\u00e8ne-g\u00e9lule.jpg","width":300,"height":332,"caption":"collag\u00e8ne g\u00e9lule"},{"@type":"BreadcrumbList","@id":"https:\/\/ozinzen.com\/blog\/collagene-en-gelule-et-lutte-contre-le-vieillissement\/#breadcrumb","itemListElement":[{"@type":"ListItem","position":1,"name":"Accueil","item":"https:\/\/ozinzen.com\/blog\/"},{"@type":"ListItem","position":2,"name":"Collag\u00e8ne en g\u00e9lule et lutte contre le vieillissement de la peau"}]},{"@type":"WebSite","@id":"https:\/\/ozinzen.com\/blog\/#website","url":"https:\/\/ozinzen.com\/blog\/","name":"Ozinzen","description":"Mode de vie et sant\u00e9","publisher":{"@id":"https:\/\/ozinzen.com\/blog\/#organization"},"potentialAction":[{"@type":"SearchAction","target":{"@type":"EntryPoint","urlTemplate":"https:\/\/ozinzen.com\/blog\/?s={search_term_string}"},"query-input":{"@type":"PropertyValueSpecification","valueRequired":true,"valueName":"search_term_string"}}],"inLanguage":"fr-FR"},{"@type":"Organization","@id":"https:\/\/ozinzen.com\/blog\/#organization","name":"Ozinzen","url":"https:\/\/ozinzen.com\/blog\/","logo":{"@type":"ImageObject","inLanguage":"fr-FR","@id":"https:\/\/ozinzen.com\/blog\/#\/schema\/logo\/image\/","url":"https:\/\/ozinzen.com\/blog\/wp-content\/uploads\/2023\/01\/ozinzen.png","contentUrl":"https:\/\/ozinzen.com\/blog\/wp-content\/uploads\/2023\/01\/ozinzen.png","width":64,"height":64,"caption":"Ozinzen"},"image":{"@id":"https:\/\/ozinzen.com\/blog\/#\/schema\/logo\/image\/"},"sameAs":["https:\/\/x.com\/ozinzen"]},{"@type":"Person","@id":"https:\/\/ozinzen.com\/blog\/#\/schema\/person\/c3f9b942ea7cfc90188ae840a2cf2fb1","name":"Marc Sigrist","image":{"@type":"ImageObject","inLanguage":"fr-FR","@id":"https:\/\/ozinzen.com\/blog\/#\/schema\/person\/image\/","url":"https:\/\/secure.gravatar.com\/avatar\/187f82243f15c243b39ac53fcbd3ac6ae072d40425f7b43c2878b6fb120dbb31?s=96&d=mm&r=g","contentUrl":"https:\/\/secure.gravatar.com\/avatar\/187f82243f15c243b39ac53fcbd3ac6ae072d40425f7b43c2878b6fb120dbb31?s=96&d=mm&r=g","caption":"Marc Sigrist"}}]}},"amp_enabled":true,"_links":{"self":[{"href":"https:\/\/ozinzen.com\/blog\/wp-json\/wp\/v2\/posts\/207","targetHints":{"allow":["GET"]}}],"collection":[{"href":"https:\/\/ozinzen.com\/blog\/wp-json\/wp\/v2\/posts"}],"about":[{"href":"https:\/\/ozinzen.com\/blog\/wp-json\/wp\/v2\/types\/post"}],"author":[{"embeddable":true,"href":"https:\/\/ozinzen.com\/blog\/wp-json\/wp\/v2\/users\/2"}],"replies":[{"embeddable":true,"href":"https:\/\/ozinzen.com\/blog\/wp-json\/wp\/v2\/comments?post=207"}],"version-history":[{"count":33,"href":"https:\/\/ozinzen.com\/blog\/wp-json\/wp\/v2\/posts\/207\/revisions"}],"predecessor-version":[{"id":2621,"href":"https:\/\/ozinzen.com\/blog\/wp-json\/wp\/v2\/posts\/207\/revisions\/2621"}],"wp:featuredmedia":[{"embeddable":true,"href":"https:\/\/ozinzen.com\/blog\/wp-json\/wp\/v2\/media\/239"}],"wp:attachment":[{"href":"https:\/\/ozinzen.com\/blog\/wp-json\/wp\/v2\/media?parent=207"}],"wp:term":[{"taxonomy":"category","embeddable":true,"href":"https:\/\/ozinzen.com\/blog\/wp-json\/wp\/v2\/categories?post=207"},{"taxonomy":"post_tag","embeddable":true,"href":"https:\/\/ozinzen.com\/blog\/wp-json\/wp\/v2\/tags?post=207"}],"curies":[{"name":"wp","href":"https:\/\/api.w.org\/{rel}","templated":true}]}}