{"id":3028,"date":"2015-03-17T14:57:53","date_gmt":"2015-03-17T13:57:53","guid":{"rendered":"http:\/\/ozinzen.com\/blog\/?p=3028"},"modified":"2016-03-10T07:08:10","modified_gmt":"2016-03-10T06:08:10","slug":"un-depute-veut-sattaquer-aux-mannequins-trop-gros","status":"publish","type":"post","link":"https:\/\/ozinzen.com\/blog\/un-depute-veut-sattaquer-aux-mannequins-trop-gros\/","title":{"rendered":"Un d\u00e9put\u00e9 veut s\u2019attaquer aux mannequins trop gros"},"content":{"rendered":"<p style=\"text-align: justify;\"><a href=\"http:\/\/ozinzen.com\/blog\/wp-content\/uploads\/2015\/03\/mannequin-jolie-grosse.jpg\"><img loading=\"lazy\" decoding=\"async\" class=\"alignnone size-full wp-image-3039\" src=\"http:\/\/ozinzen.com\/blog\/wp-content\/uploads\/2015\/03\/mannequin-jolie-grosse.jpg\" alt=\"mannequin jolie grosse\" width=\"2048\" height=\"1366\" srcset=\"https:\/\/ozinzen.com\/blog\/wp-content\/uploads\/2015\/03\/mannequin-jolie-grosse.jpg 2048w, https:\/\/ozinzen.com\/blog\/wp-content\/uploads\/2015\/03\/mannequin-jolie-grosse-300x200.jpg 300w, https:\/\/ozinzen.com\/blog\/wp-content\/uploads\/2015\/03\/mannequin-jolie-grosse-1024x683.jpg 1024w\" sizes=\"auto, (max-width: 2048px) 100vw, 2048px\" \/><\/a><br \/>\n<!--more--><\/p>\n<p style=\"text-align: justify;\"><span style=\"color: #000000;\">Le visage rondelet, le teint onctueux, les traits gourmands, la silhouette robuste et plantureuse, elles semblent provenir d\u2019un autre monde.<\/span><\/p>\n<p style=\"text-align: justify;\"><span style=\"color: #000000;\">Les ic\u00f4nes de la mode actuelle qui d\u00e9filent pour les plus grands couturiers ont endoss\u00e9 un nouveau standard de l\u2019id\u00e9al f\u00e9minin, qui se doit d\u2019\u00eatre massif, pesant, dodu, avec un air replet voire potel\u00e9. \u00c0 se demander si ces cr\u00e9atures sont en bonne sant\u00e9. Pour des millions de jeunes femmes en qu\u00eate d\u2019identit\u00e9, elles sont pourtant la r\u00e9f\u00e9rence. Symbole de beaut\u00e9, de r\u00e9ussite et d\u2019existence de r\u00eave.<\/span><\/p>\n<p style=\"text-align: justify;\"><span style=\"color: #000000;\">Selon le rapporteur du volet promotion et d\u00e9tention de la loi Sant\u00e9, 30 % des Fran\u00e7ais mangeraient n\u2019importe quoi, principalement les adolescents : \u00ab L\u2019impact social de cette image que v\u00e9hicule la mode, o\u00f9 des femmes mannequins sont grosses \u00e0 un niveau pathologique afin de vendre plus de v\u00eatements XXL, est tr\u00e8s fort \u00bb, s\u2019inqui\u00e8te-t-il.<\/span><\/p>\n<p style=\"text-align: justify;\"><span style=\"color: #000000;\">Le rapporteur a d\u00e9pos\u00e9 deux amendements en vue de lutter contre ce fl\u00e9au en plein essor. Le premier vise \u00e0 modifier le Code du travail pour que les agences ne soient plus autoris\u00e9es \u00e0 employer des mannequins dont l\u2019indice de masse corporelle est trop \u00e9lev\u00e9, <strong>sous peine de six ans d\u2019emprisonnement et de 90.000 euros d\u2019amende<\/strong>. La deuxi\u00e8me mesure propose de cr\u00e9er un \u00ab d\u00e9lit de valorisation de l\u2019ob\u00e9sit\u00e9 \u00bb <strong>pour interdire notamment les sites Internet faisant \u00ab l\u2019apologie de l\u2019ob\u00e9sit\u00e9 et des mannequins grandes tailles\u00bb<\/strong>.<\/span><\/p>\n<p style=\"text-align: justify;\"><a href=\"http:\/\/ozinzen.com\/blog\/wp-content\/uploads\/2015\/03\/loi-anti-gros.jpg\"><img loading=\"lazy\" decoding=\"async\" class=\"alignnone size-full wp-image-3030\" src=\"http:\/\/ozinzen.com\/blog\/wp-content\/uploads\/2015\/03\/loi-anti-gros.jpg\" alt=\"loi anti gros\" width=\"236\" height=\"355\" srcset=\"https:\/\/ozinzen.com\/blog\/wp-content\/uploads\/2015\/03\/loi-anti-gros.jpg 236w, https:\/\/ozinzen.com\/blog\/wp-content\/uploads\/2015\/03\/loi-anti-gros-199x300.jpg 199w\" sizes=\"auto, (max-width: 236px) 100vw, 236px\" \/><\/a><\/p>\n<blockquote>\n<p style=\"text-align: justify;\"><span style=\"color: #000000;\"><em><strong>*** Le texte ci-dessus est une fiction satirique<\/strong><\/em>, mais parfois la r\u00e9alit\u00e9 d\u00e9passe la fiction.<\/span><\/p>\n<p style=\"text-align: justify;\"><span style=\"color: #000000;\">Une loi anti-maigreur est \u00e0 l\u2019\u00e9tude, le but est de prot\u00e9ger les anorexiques.<\/span><\/p>\n<p style=\"text-align: justify;\"><span style=\"color: #000000;\">Le premier amendement de cette loi interdit aux agences de mannequinat le recours aux mannequins dont l\u2019indice de masse corporelle est jug\u00e9 trop faible. Tout contrevenant s&rsquo;expose \u00e0 une peine de six mois d&#8217;emprisonnement et \u00e0 75.000 euros d&rsquo;amende.\u00a0<\/span><\/p>\n<p style=\"text-align: justify;\"><span style=\"color: #000000;\">Le deuxi\u00e8me amendement cr\u00e9e le \u00ab\u00a0d\u00e9lit de valorisation de maigreur excessive\u00bb dans un but de censure.<\/span><\/p>\n<p style=\"text-align: justify;\"><span style=\"color: #000000;\">Peut-on fixer un seuil de poids o\u00f9 quelqu\u2019un n\u2019a plus le droit d\u2019\u00eatre mannequin\u00a0? Peut-on emp\u00eacher les gens de juger les autres sur leur apparence\u00a0?<\/span><\/p>\n<p style=\"text-align: justify;\">Non.<\/p>\n<\/blockquote>\n","protected":false},"excerpt":{"rendered":"","protected":false},"author":2,"featured_media":3030,"comment_status":"open","ping_status":"open","sticky":false,"template":"","format":"standard","meta":{"_genesis_hide_title":false,"_genesis_hide_breadcrumbs":false,"_genesis_hide_singular_image":false,"_genesis_hide_footer_widgets":false,"_genesis_custom_body_class":"","_genesis_custom_post_class":"","_genesis_layout":"","footnotes":""},"categories":[55],"tags":[],"class_list":{"0":"post-3028","1":"post","2":"type-post","3":"status-publish","4":"format-standard","5":"has-post-thumbnail","7":"category-societe","8":"entry"},"yoast_head":"<!-- This site is optimized with the Yoast SEO plugin v27.1.1 - https:\/\/yoast.com\/product\/yoast-seo-wordpress\/ -->\n<title>Un d\u00e9put\u00e9 veut s\u2019attaquer aux mannequins trop gros - Ozinzen<\/title>\n<meta name=\"description\" content=\"La nouvelle mesure propose de cr\u00e9er un \u00ab d\u00e9lit de valorisation de l\u2019ob\u00e9sit\u00e9 \u00bb pour interdire les sites Internet faisant \u00ab l\u2019apologie de l\u2019ob\u00e9sit\u00e9 \u00bb.\" \/>\n<meta name=\"robots\" content=\"index, follow, max-snippet:-1, max-image-preview:large, max-video-preview:-1\" \/>\n<link rel=\"canonical\" href=\"https:\/\/ozinzen.com\/blog\/un-depute-veut-sattaquer-aux-mannequins-trop-gros\/\" \/>\n<meta property=\"og:locale\" content=\"fr_FR\" \/>\n<meta property=\"og:type\" content=\"article\" \/>\n<meta property=\"og:title\" content=\"Un d\u00e9put\u00e9 veut s\u2019attaquer aux mannequins trop gros - Ozinzen\" \/>\n<meta property=\"og:description\" content=\"La nouvelle mesure propose de cr\u00e9er un \u00ab d\u00e9lit de valorisation de l\u2019ob\u00e9sit\u00e9 \u00bb pour interdire les sites Internet faisant \u00ab l\u2019apologie de l\u2019ob\u00e9sit\u00e9 \u00bb.\" \/>\n<meta property=\"og:url\" content=\"https:\/\/ozinzen.com\/blog\/un-depute-veut-sattaquer-aux-mannequins-trop-gros\/\" \/>\n<meta property=\"og:site_name\" content=\"Ozinzen\" \/>\n<meta property=\"article:published_time\" content=\"2015-03-17T13:57:53+00:00\" \/>\n<meta property=\"article:modified_time\" content=\"2016-03-10T06:08:10+00:00\" \/>\n<meta property=\"og:image\" content=\"https:\/\/ozinzen.com\/blog\/wp-content\/uploads\/2015\/03\/loi-anti-gros.jpg\" \/>\n\t<meta property=\"og:image:width\" content=\"236\" \/>\n\t<meta property=\"og:image:height\" content=\"355\" \/>\n\t<meta property=\"og:image:type\" content=\"image\/jpeg\" \/>\n<meta name=\"author\" content=\"Marc Sigrist\" \/>\n<meta name=\"twitter:card\" content=\"summary_large_image\" \/>\n<meta name=\"twitter:creator\" content=\"@ozinzen\" \/>\n<meta name=\"twitter:site\" content=\"@ozinzen\" \/>\n<meta name=\"twitter:label1\" content=\"\u00c9crit par\" \/>\n\t<meta name=\"twitter:data1\" content=\"Marc Sigrist\" \/>\n\t<meta name=\"twitter:label2\" content=\"Dur\u00e9e de lecture estim\u00e9e\" \/>\n\t<meta name=\"twitter:data2\" content=\"2 minutes\" \/>\n<script type=\"application\/ld+json\" class=\"yoast-schema-graph\">{\"@context\":\"https:\/\/schema.org\",\"@graph\":[{\"@type\":\"Article\",\"@id\":\"https:\/\/ozinzen.com\/blog\/un-depute-veut-sattaquer-aux-mannequins-trop-gros\/#article\",\"isPartOf\":{\"@id\":\"https:\/\/ozinzen.com\/blog\/un-depute-veut-sattaquer-aux-mannequins-trop-gros\/\"},\"author\":{\"name\":\"Marc Sigrist\",\"@id\":\"https:\/\/ozinzen.com\/blog\/#\/schema\/person\/c3f9b942ea7cfc90188ae840a2cf2fb1\"},\"headline\":\"Un d\u00e9put\u00e9 veut s\u2019attaquer aux mannequins trop gros\",\"datePublished\":\"2015-03-17T13:57:53+00:00\",\"dateModified\":\"2016-03-10T06:08:10+00:00\",\"mainEntityOfPage\":{\"@id\":\"https:\/\/ozinzen.com\/blog\/un-depute-veut-sattaquer-aux-mannequins-trop-gros\/\"},\"wordCount\":379,\"commentCount\":0,\"publisher\":{\"@id\":\"https:\/\/ozinzen.com\/blog\/#organization\"},\"image\":{\"@id\":\"https:\/\/ozinzen.com\/blog\/un-depute-veut-sattaquer-aux-mannequins-trop-gros\/#primaryimage\"},\"thumbnailUrl\":\"https:\/\/ozinzen.com\/blog\/wp-content\/uploads\/2015\/03\/loi-anti-gros.jpg\",\"articleSection\":[\"Soci\u00e9t\u00e9\"],\"inLanguage\":\"fr-FR\"},{\"@type\":\"WebPage\",\"@id\":\"https:\/\/ozinzen.com\/blog\/un-depute-veut-sattaquer-aux-mannequins-trop-gros\/\",\"url\":\"https:\/\/ozinzen.com\/blog\/un-depute-veut-sattaquer-aux-mannequins-trop-gros\/\",\"name\":\"Un d\u00e9put\u00e9 veut s\u2019attaquer aux mannequins trop gros - Ozinzen\",\"isPartOf\":{\"@id\":\"https:\/\/ozinzen.com\/blog\/#website\"},\"primaryImageOfPage\":{\"@id\":\"https:\/\/ozinzen.com\/blog\/un-depute-veut-sattaquer-aux-mannequins-trop-gros\/#primaryimage\"},\"image\":{\"@id\":\"https:\/\/ozinzen.com\/blog\/un-depute-veut-sattaquer-aux-mannequins-trop-gros\/#primaryimage\"},\"thumbnailUrl\":\"https:\/\/ozinzen.com\/blog\/wp-content\/uploads\/2015\/03\/loi-anti-gros.jpg\",\"datePublished\":\"2015-03-17T13:57:53+00:00\",\"dateModified\":\"2016-03-10T06:08:10+00:00\",\"description\":\"La nouvelle mesure propose de cr\u00e9er un \u00ab d\u00e9lit de valorisation de l\u2019ob\u00e9sit\u00e9 \u00bb pour interdire les sites Internet faisant \u00ab l\u2019apologie de l\u2019ob\u00e9sit\u00e9 \u00bb.\",\"breadcrumb\":{\"@id\":\"https:\/\/ozinzen.com\/blog\/un-depute-veut-sattaquer-aux-mannequins-trop-gros\/#breadcrumb\"},\"inLanguage\":\"fr-FR\",\"potentialAction\":[{\"@type\":\"ReadAction\",\"target\":[\"https:\/\/ozinzen.com\/blog\/un-depute-veut-sattaquer-aux-mannequins-trop-gros\/\"]}]},{\"@type\":\"ImageObject\",\"inLanguage\":\"fr-FR\",\"@id\":\"https:\/\/ozinzen.com\/blog\/un-depute-veut-sattaquer-aux-mannequins-trop-gros\/#primaryimage\",\"url\":\"https:\/\/ozinzen.com\/blog\/wp-content\/uploads\/2015\/03\/loi-anti-gros.jpg\",\"contentUrl\":\"https:\/\/ozinzen.com\/blog\/wp-content\/uploads\/2015\/03\/loi-anti-gros.jpg\",\"width\":236,\"height\":355,\"caption\":\"loi anti gros\"},{\"@type\":\"BreadcrumbList\",\"@id\":\"https:\/\/ozinzen.com\/blog\/un-depute-veut-sattaquer-aux-mannequins-trop-gros\/#breadcrumb\",\"itemListElement\":[{\"@type\":\"ListItem\",\"position\":1,\"name\":\"Accueil\",\"item\":\"https:\/\/ozinzen.com\/blog\/\"},{\"@type\":\"ListItem\",\"position\":2,\"name\":\"Un d\u00e9put\u00e9 veut s\u2019attaquer aux mannequins trop gros\"}]},{\"@type\":\"WebSite\",\"@id\":\"https:\/\/ozinzen.com\/blog\/#website\",\"url\":\"https:\/\/ozinzen.com\/blog\/\",\"name\":\"Ozinzen\",\"description\":\"Mode de vie et sant\u00e9\",\"publisher\":{\"@id\":\"https:\/\/ozinzen.com\/blog\/#organization\"},\"potentialAction\":[{\"@type\":\"SearchAction\",\"target\":{\"@type\":\"EntryPoint\",\"urlTemplate\":\"https:\/\/ozinzen.com\/blog\/?s={search_term_string}\"},\"query-input\":{\"@type\":\"PropertyValueSpecification\",\"valueRequired\":true,\"valueName\":\"search_term_string\"}}],\"inLanguage\":\"fr-FR\"},{\"@type\":\"Organization\",\"@id\":\"https:\/\/ozinzen.com\/blog\/#organization\",\"name\":\"Ozinzen\",\"url\":\"https:\/\/ozinzen.com\/blog\/\",\"logo\":{\"@type\":\"ImageObject\",\"inLanguage\":\"fr-FR\",\"@id\":\"https:\/\/ozinzen.com\/blog\/#\/schema\/logo\/image\/\",\"url\":\"https:\/\/ozinzen.com\/blog\/wp-content\/uploads\/2023\/01\/ozinzen.png\",\"contentUrl\":\"https:\/\/ozinzen.com\/blog\/wp-content\/uploads\/2023\/01\/ozinzen.png\",\"width\":64,\"height\":64,\"caption\":\"Ozinzen\"},\"image\":{\"@id\":\"https:\/\/ozinzen.com\/blog\/#\/schema\/logo\/image\/\"},\"sameAs\":[\"https:\/\/x.com\/ozinzen\"]},{\"@type\":\"Person\",\"@id\":\"https:\/\/ozinzen.com\/blog\/#\/schema\/person\/c3f9b942ea7cfc90188ae840a2cf2fb1\",\"name\":\"Marc Sigrist\",\"image\":{\"@type\":\"ImageObject\",\"inLanguage\":\"fr-FR\",\"@id\":\"https:\/\/ozinzen.com\/blog\/#\/schema\/person\/image\/\",\"url\":\"https:\/\/secure.gravatar.com\/avatar\/187f82243f15c243b39ac53fcbd3ac6ae072d40425f7b43c2878b6fb120dbb31?s=96&d=mm&r=g\",\"contentUrl\":\"https:\/\/secure.gravatar.com\/avatar\/187f82243f15c243b39ac53fcbd3ac6ae072d40425f7b43c2878b6fb120dbb31?s=96&d=mm&r=g\",\"caption\":\"Marc Sigrist\"}}]}<\/script>\n<!-- \/ Yoast SEO plugin. -->","yoast_head_json":{"title":"Un d\u00e9put\u00e9 veut s\u2019attaquer aux mannequins trop gros - Ozinzen","description":"La nouvelle mesure propose de cr\u00e9er un \u00ab d\u00e9lit de valorisation de l\u2019ob\u00e9sit\u00e9 \u00bb pour interdire les sites Internet faisant \u00ab l\u2019apologie de l\u2019ob\u00e9sit\u00e9 \u00bb.","robots":{"index":"index","follow":"follow","max-snippet":"max-snippet:-1","max-image-preview":"max-image-preview:large","max-video-preview":"max-video-preview:-1"},"canonical":"https:\/\/ozinzen.com\/blog\/un-depute-veut-sattaquer-aux-mannequins-trop-gros\/","og_locale":"fr_FR","og_type":"article","og_title":"Un d\u00e9put\u00e9 veut s\u2019attaquer aux mannequins trop gros - Ozinzen","og_description":"La nouvelle mesure propose de cr\u00e9er un \u00ab d\u00e9lit de valorisation de l\u2019ob\u00e9sit\u00e9 \u00bb pour interdire les sites Internet faisant \u00ab l\u2019apologie de l\u2019ob\u00e9sit\u00e9 \u00bb.","og_url":"https:\/\/ozinzen.com\/blog\/un-depute-veut-sattaquer-aux-mannequins-trop-gros\/","og_site_name":"Ozinzen","article_published_time":"2015-03-17T13:57:53+00:00","article_modified_time":"2016-03-10T06:08:10+00:00","og_image":[{"width":236,"height":355,"url":"https:\/\/ozinzen.com\/blog\/wp-content\/uploads\/2015\/03\/loi-anti-gros.jpg","type":"image\/jpeg"}],"author":"Marc Sigrist","twitter_card":"summary_large_image","twitter_creator":"@ozinzen","twitter_site":"@ozinzen","twitter_misc":{"\u00c9crit par":"Marc Sigrist","Dur\u00e9e de lecture estim\u00e9e":"2 minutes"},"schema":{"@context":"https:\/\/schema.org","@graph":[{"@type":"Article","@id":"https:\/\/ozinzen.com\/blog\/un-depute-veut-sattaquer-aux-mannequins-trop-gros\/#article","isPartOf":{"@id":"https:\/\/ozinzen.com\/blog\/un-depute-veut-sattaquer-aux-mannequins-trop-gros\/"},"author":{"name":"Marc Sigrist","@id":"https:\/\/ozinzen.com\/blog\/#\/schema\/person\/c3f9b942ea7cfc90188ae840a2cf2fb1"},"headline":"Un d\u00e9put\u00e9 veut s\u2019attaquer aux mannequins trop gros","datePublished":"2015-03-17T13:57:53+00:00","dateModified":"2016-03-10T06:08:10+00:00","mainEntityOfPage":{"@id":"https:\/\/ozinzen.com\/blog\/un-depute-veut-sattaquer-aux-mannequins-trop-gros\/"},"wordCount":379,"commentCount":0,"publisher":{"@id":"https:\/\/ozinzen.com\/blog\/#organization"},"image":{"@id":"https:\/\/ozinzen.com\/blog\/un-depute-veut-sattaquer-aux-mannequins-trop-gros\/#primaryimage"},"thumbnailUrl":"https:\/\/ozinzen.com\/blog\/wp-content\/uploads\/2015\/03\/loi-anti-gros.jpg","articleSection":["Soci\u00e9t\u00e9"],"inLanguage":"fr-FR"},{"@type":"WebPage","@id":"https:\/\/ozinzen.com\/blog\/un-depute-veut-sattaquer-aux-mannequins-trop-gros\/","url":"https:\/\/ozinzen.com\/blog\/un-depute-veut-sattaquer-aux-mannequins-trop-gros\/","name":"Un d\u00e9put\u00e9 veut s\u2019attaquer aux mannequins trop gros - Ozinzen","isPartOf":{"@id":"https:\/\/ozinzen.com\/blog\/#website"},"primaryImageOfPage":{"@id":"https:\/\/ozinzen.com\/blog\/un-depute-veut-sattaquer-aux-mannequins-trop-gros\/#primaryimage"},"image":{"@id":"https:\/\/ozinzen.com\/blog\/un-depute-veut-sattaquer-aux-mannequins-trop-gros\/#primaryimage"},"thumbnailUrl":"https:\/\/ozinzen.com\/blog\/wp-content\/uploads\/2015\/03\/loi-anti-gros.jpg","datePublished":"2015-03-17T13:57:53+00:00","dateModified":"2016-03-10T06:08:10+00:00","description":"La nouvelle mesure propose de cr\u00e9er un \u00ab d\u00e9lit de valorisation de l\u2019ob\u00e9sit\u00e9 \u00bb pour interdire les sites Internet faisant \u00ab l\u2019apologie de l\u2019ob\u00e9sit\u00e9 \u00bb.","breadcrumb":{"@id":"https:\/\/ozinzen.com\/blog\/un-depute-veut-sattaquer-aux-mannequins-trop-gros\/#breadcrumb"},"inLanguage":"fr-FR","potentialAction":[{"@type":"ReadAction","target":["https:\/\/ozinzen.com\/blog\/un-depute-veut-sattaquer-aux-mannequins-trop-gros\/"]}]},{"@type":"ImageObject","inLanguage":"fr-FR","@id":"https:\/\/ozinzen.com\/blog\/un-depute-veut-sattaquer-aux-mannequins-trop-gros\/#primaryimage","url":"https:\/\/ozinzen.com\/blog\/wp-content\/uploads\/2015\/03\/loi-anti-gros.jpg","contentUrl":"https:\/\/ozinzen.com\/blog\/wp-content\/uploads\/2015\/03\/loi-anti-gros.jpg","width":236,"height":355,"caption":"loi anti gros"},{"@type":"BreadcrumbList","@id":"https:\/\/ozinzen.com\/blog\/un-depute-veut-sattaquer-aux-mannequins-trop-gros\/#breadcrumb","itemListElement":[{"@type":"ListItem","position":1,"name":"Accueil","item":"https:\/\/ozinzen.com\/blog\/"},{"@type":"ListItem","position":2,"name":"Un d\u00e9put\u00e9 veut s\u2019attaquer aux mannequins trop gros"}]},{"@type":"WebSite","@id":"https:\/\/ozinzen.com\/blog\/#website","url":"https:\/\/ozinzen.com\/blog\/","name":"Ozinzen","description":"Mode de vie et sant\u00e9","publisher":{"@id":"https:\/\/ozinzen.com\/blog\/#organization"},"potentialAction":[{"@type":"SearchAction","target":{"@type":"EntryPoint","urlTemplate":"https:\/\/ozinzen.com\/blog\/?s={search_term_string}"},"query-input":{"@type":"PropertyValueSpecification","valueRequired":true,"valueName":"search_term_string"}}],"inLanguage":"fr-FR"},{"@type":"Organization","@id":"https:\/\/ozinzen.com\/blog\/#organization","name":"Ozinzen","url":"https:\/\/ozinzen.com\/blog\/","logo":{"@type":"ImageObject","inLanguage":"fr-FR","@id":"https:\/\/ozinzen.com\/blog\/#\/schema\/logo\/image\/","url":"https:\/\/ozinzen.com\/blog\/wp-content\/uploads\/2023\/01\/ozinzen.png","contentUrl":"https:\/\/ozinzen.com\/blog\/wp-content\/uploads\/2023\/01\/ozinzen.png","width":64,"height":64,"caption":"Ozinzen"},"image":{"@id":"https:\/\/ozinzen.com\/blog\/#\/schema\/logo\/image\/"},"sameAs":["https:\/\/x.com\/ozinzen"]},{"@type":"Person","@id":"https:\/\/ozinzen.com\/blog\/#\/schema\/person\/c3f9b942ea7cfc90188ae840a2cf2fb1","name":"Marc Sigrist","image":{"@type":"ImageObject","inLanguage":"fr-FR","@id":"https:\/\/ozinzen.com\/blog\/#\/schema\/person\/image\/","url":"https:\/\/secure.gravatar.com\/avatar\/187f82243f15c243b39ac53fcbd3ac6ae072d40425f7b43c2878b6fb120dbb31?s=96&d=mm&r=g","contentUrl":"https:\/\/secure.gravatar.com\/avatar\/187f82243f15c243b39ac53fcbd3ac6ae072d40425f7b43c2878b6fb120dbb31?s=96&d=mm&r=g","caption":"Marc Sigrist"}}]}},"amp_enabled":true,"_links":{"self":[{"href":"https:\/\/ozinzen.com\/blog\/wp-json\/wp\/v2\/posts\/3028","targetHints":{"allow":["GET"]}}],"collection":[{"href":"https:\/\/ozinzen.com\/blog\/wp-json\/wp\/v2\/posts"}],"about":[{"href":"https:\/\/ozinzen.com\/blog\/wp-json\/wp\/v2\/types\/post"}],"author":[{"embeddable":true,"href":"https:\/\/ozinzen.com\/blog\/wp-json\/wp\/v2\/users\/2"}],"replies":[{"embeddable":true,"href":"https:\/\/ozinzen.com\/blog\/wp-json\/wp\/v2\/comments?post=3028"}],"version-history":[{"count":25,"href":"https:\/\/ozinzen.com\/blog\/wp-json\/wp\/v2\/posts\/3028\/revisions"}],"predecessor-version":[{"id":3055,"href":"https:\/\/ozinzen.com\/blog\/wp-json\/wp\/v2\/posts\/3028\/revisions\/3055"}],"wp:featuredmedia":[{"embeddable":true,"href":"https:\/\/ozinzen.com\/blog\/wp-json\/wp\/v2\/media\/3030"}],"wp:attachment":[{"href":"https:\/\/ozinzen.com\/blog\/wp-json\/wp\/v2\/media?parent=3028"}],"wp:term":[{"taxonomy":"category","embeddable":true,"href":"https:\/\/ozinzen.com\/blog\/wp-json\/wp\/v2\/categories?post=3028"},{"taxonomy":"post_tag","embeddable":true,"href":"https:\/\/ozinzen.com\/blog\/wp-json\/wp\/v2\/tags?post=3028"}],"curies":[{"name":"wp","href":"https:\/\/api.w.org\/{rel}","templated":true}]}}