{"id":3402,"date":"2015-05-23T17:40:35","date_gmt":"2015-05-23T15:40:35","guid":{"rendered":"http:\/\/ozinzen.com\/blog\/?p=3402"},"modified":"2016-03-10T07:17:01","modified_gmt":"2016-03-10T06:17:01","slug":"il-faut-pas-pousser-meme-dans-les-orties","status":"publish","type":"post","link":"https:\/\/ozinzen.com\/blog\/il-faut-pas-pousser-meme-dans-les-orties\/","title":{"rendered":"Il faut pas pousser m\u00e9m\u00e9 dans les orties"},"content":{"rendered":"<p><a href=\"http:\/\/ozinzen.com\/blog\/wp-content\/uploads\/2015\/05\/mamie.jpg\"><img loading=\"lazy\" decoding=\"async\" class=\"alignnone size-full wp-image-3403\" src=\"http:\/\/ozinzen.com\/blog\/wp-content\/uploads\/2015\/05\/mamie.jpg\" alt=\"mamie\" width=\"800\" height=\"1101\" srcset=\"https:\/\/ozinzen.com\/blog\/wp-content\/uploads\/2015\/05\/mamie.jpg 800w, https:\/\/ozinzen.com\/blog\/wp-content\/uploads\/2015\/05\/mamie-218x300.jpg 218w, https:\/\/ozinzen.com\/blog\/wp-content\/uploads\/2015\/05\/mamie-744x1024.jpg 744w\" sizes=\"auto, (max-width: 800px) 100vw, 800px\" \/><\/a><\/p>\n<p>Une vieille dame de 83 ans s&rsquo;est fait voler son logement situ\u00e9 \u00e0 Rennes par des squatteurs.<!--more--><\/p>\n<p>Les squatteurs se plaignent que le logement \u00e9tait en mauvais \u00e9tat quand ils sont entr\u00e9s par effraction. En 2015, en France, on peut \u00eatre squatteur ET avoir des go\u00fbts de luxe.<\/p>\n<p><a href=\"http:\/\/www.francetvinfo.fr\/faits-divers\/rennes-on-essaie-de-nous-faire-passer-pour-des-ordures-denoncent-les-squatteurs_905455.html\" target=\"_blank\">http:\/\/www.francetvinfo.fr\/faits-divers\/rennes-on-essaie-de-nous-faire-passer-pour-des-ordures-denoncent-les-squatteurs_905455.html<\/a><\/p>\n<blockquote><p><span style=\"color: #000000;\">\u00a0A l&rsquo;int\u00e9rieur, les squatteurs assurent avoir trouv\u00e9 une maison <em>\u00ab\u00a0dans un \u00e9tat d\u00e9plorable\u00a0\u00bb<\/em>.<strong><em> \u00ab\u00a0C\u2019\u00e9tait une \u00e9pave. Je ne connais pas beaucoup de gens qui auraient aim\u00e9 y habiter\u00a0\u00bb<\/em>, ironise\u00a0Benji,<\/strong> avant de d\u00e9crire <em>\u00ab\u00a0les murs moisis\u00a0\u00bb<\/em>, <em>\u00ab\u00a0les compteurs arrach\u00e9s\u00a0\u00bb<\/em> et la<em> \u00ab\u00a0peau de renard\u00a0\u00bb<\/em> trouv\u00e9e dans un coin.\u00a0<em>\u00ab\u00a0Dans le jardin, on ne voyait plus le sol, le lierre avait tout bouff\u00e9. Sur la terrasse, on en a roul\u00e9 20 cm, comme de la moquette\u00a0\u00bb<\/em>, rench\u00e9rit Pierre.<\/span><\/p><\/blockquote>\n<p>Honte \u00e0 vous squatteurs de cette maison, et honte aux journalistes et politiques qui les soutiennent.<\/p>\n","protected":false},"excerpt":{"rendered":"<p>Une vieille dame de 83 ans s&rsquo;est fait voler son logement situ\u00e9 \u00e0 Rennes par des squatteurs.<\/p>\n","protected":false},"author":2,"featured_media":3403,"comment_status":"open","ping_status":"open","sticky":false,"template":"","format":"standard","meta":{"_genesis_hide_title":false,"_genesis_hide_breadcrumbs":false,"_genesis_hide_singular_image":false,"_genesis_hide_footer_widgets":false,"_genesis_custom_body_class":"","_genesis_custom_post_class":"","_genesis_layout":"","footnotes":""},"categories":[55],"tags":[],"class_list":{"0":"post-3402","1":"post","2":"type-post","3":"status-publish","4":"format-standard","5":"has-post-thumbnail","7":"category-societe","8":"entry"},"yoast_head":"<!-- This site is optimized with the Yoast SEO plugin v27.1.1 - https:\/\/yoast.com\/product\/yoast-seo-wordpress\/ -->\n<title>Il faut pas pousser m\u00e9m\u00e9 dans les orties - Ozinzen<\/title>\n<meta name=\"description\" content=\"Une vieille dame de 83 ans s&#039;est fait voler son logement situ\u00e9 \u00e0 Rennes par des squatteurs.\" \/>\n<meta name=\"robots\" content=\"index, follow, max-snippet:-1, max-image-preview:large, max-video-preview:-1\" \/>\n<link rel=\"canonical\" href=\"https:\/\/ozinzen.com\/blog\/il-faut-pas-pousser-meme-dans-les-orties\/\" \/>\n<meta property=\"og:locale\" content=\"fr_FR\" \/>\n<meta property=\"og:type\" content=\"article\" \/>\n<meta property=\"og:title\" content=\"Il faut pas pousser m\u00e9m\u00e9 dans les orties - Ozinzen\" \/>\n<meta property=\"og:description\" content=\"Une vieille dame de 83 ans s&#039;est fait voler son logement situ\u00e9 \u00e0 Rennes par des squatteurs.\" \/>\n<meta property=\"og:url\" content=\"https:\/\/ozinzen.com\/blog\/il-faut-pas-pousser-meme-dans-les-orties\/\" \/>\n<meta property=\"og:site_name\" content=\"Ozinzen\" \/>\n<meta property=\"article:published_time\" content=\"2015-05-23T15:40:35+00:00\" \/>\n<meta property=\"article:modified_time\" content=\"2016-03-10T06:17:01+00:00\" \/>\n<meta property=\"og:image\" content=\"https:\/\/ozinzen.com\/blog\/wp-content\/uploads\/2015\/05\/mamie.jpg\" \/>\n\t<meta property=\"og:image:width\" content=\"800\" \/>\n\t<meta property=\"og:image:height\" content=\"1101\" \/>\n\t<meta property=\"og:image:type\" content=\"image\/jpeg\" \/>\n<meta name=\"author\" content=\"Marc Sigrist\" \/>\n<meta name=\"twitter:card\" content=\"summary_large_image\" \/>\n<meta name=\"twitter:creator\" content=\"@ozinzen\" \/>\n<meta name=\"twitter:site\" content=\"@ozinzen\" \/>\n<meta name=\"twitter:label1\" content=\"\u00c9crit par\" \/>\n\t<meta name=\"twitter:data1\" content=\"Marc Sigrist\" \/>\n\t<meta name=\"twitter:label2\" content=\"Dur\u00e9e de lecture estim\u00e9e\" \/>\n\t<meta name=\"twitter:data2\" content=\"1 minute\" \/>\n<script type=\"application\/ld+json\" class=\"yoast-schema-graph\">{\"@context\":\"https:\/\/schema.org\",\"@graph\":[{\"@type\":\"Article\",\"@id\":\"https:\/\/ozinzen.com\/blog\/il-faut-pas-pousser-meme-dans-les-orties\/#article\",\"isPartOf\":{\"@id\":\"https:\/\/ozinzen.com\/blog\/il-faut-pas-pousser-meme-dans-les-orties\/\"},\"author\":{\"name\":\"Marc Sigrist\",\"@id\":\"https:\/\/ozinzen.com\/blog\/#\/schema\/person\/c3f9b942ea7cfc90188ae840a2cf2fb1\"},\"headline\":\"Il faut pas pousser m\u00e9m\u00e9 dans les orties\",\"datePublished\":\"2015-05-23T15:40:35+00:00\",\"dateModified\":\"2016-03-10T06:17:01+00:00\",\"mainEntityOfPage\":{\"@id\":\"https:\/\/ozinzen.com\/blog\/il-faut-pas-pousser-meme-dans-les-orties\/\"},\"wordCount\":161,\"commentCount\":0,\"publisher\":{\"@id\":\"https:\/\/ozinzen.com\/blog\/#organization\"},\"image\":{\"@id\":\"https:\/\/ozinzen.com\/blog\/il-faut-pas-pousser-meme-dans-les-orties\/#primaryimage\"},\"thumbnailUrl\":\"https:\/\/ozinzen.com\/blog\/wp-content\/uploads\/2015\/05\/mamie.jpg\",\"articleSection\":[\"Soci\u00e9t\u00e9\"],\"inLanguage\":\"fr-FR\"},{\"@type\":\"WebPage\",\"@id\":\"https:\/\/ozinzen.com\/blog\/il-faut-pas-pousser-meme-dans-les-orties\/\",\"url\":\"https:\/\/ozinzen.com\/blog\/il-faut-pas-pousser-meme-dans-les-orties\/\",\"name\":\"Il faut pas pousser m\u00e9m\u00e9 dans les orties - Ozinzen\",\"isPartOf\":{\"@id\":\"https:\/\/ozinzen.com\/blog\/#website\"},\"primaryImageOfPage\":{\"@id\":\"https:\/\/ozinzen.com\/blog\/il-faut-pas-pousser-meme-dans-les-orties\/#primaryimage\"},\"image\":{\"@id\":\"https:\/\/ozinzen.com\/blog\/il-faut-pas-pousser-meme-dans-les-orties\/#primaryimage\"},\"thumbnailUrl\":\"https:\/\/ozinzen.com\/blog\/wp-content\/uploads\/2015\/05\/mamie.jpg\",\"datePublished\":\"2015-05-23T15:40:35+00:00\",\"dateModified\":\"2016-03-10T06:17:01+00:00\",\"description\":\"Une vieille dame de 83 ans s'est fait voler son logement situ\u00e9 \u00e0 Rennes par des squatteurs.\",\"breadcrumb\":{\"@id\":\"https:\/\/ozinzen.com\/blog\/il-faut-pas-pousser-meme-dans-les-orties\/#breadcrumb\"},\"inLanguage\":\"fr-FR\",\"potentialAction\":[{\"@type\":\"ReadAction\",\"target\":[\"https:\/\/ozinzen.com\/blog\/il-faut-pas-pousser-meme-dans-les-orties\/\"]}]},{\"@type\":\"ImageObject\",\"inLanguage\":\"fr-FR\",\"@id\":\"https:\/\/ozinzen.com\/blog\/il-faut-pas-pousser-meme-dans-les-orties\/#primaryimage\",\"url\":\"https:\/\/ozinzen.com\/blog\/wp-content\/uploads\/2015\/05\/mamie.jpg\",\"contentUrl\":\"https:\/\/ozinzen.com\/blog\/wp-content\/uploads\/2015\/05\/mamie.jpg\",\"width\":800,\"height\":1101,\"caption\":\"mamie\"},{\"@type\":\"BreadcrumbList\",\"@id\":\"https:\/\/ozinzen.com\/blog\/il-faut-pas-pousser-meme-dans-les-orties\/#breadcrumb\",\"itemListElement\":[{\"@type\":\"ListItem\",\"position\":1,\"name\":\"Accueil\",\"item\":\"https:\/\/ozinzen.com\/blog\/\"},{\"@type\":\"ListItem\",\"position\":2,\"name\":\"Il faut pas pousser m\u00e9m\u00e9 dans les orties\"}]},{\"@type\":\"WebSite\",\"@id\":\"https:\/\/ozinzen.com\/blog\/#website\",\"url\":\"https:\/\/ozinzen.com\/blog\/\",\"name\":\"Ozinzen\",\"description\":\"Mode de vie et sant\u00e9\",\"publisher\":{\"@id\":\"https:\/\/ozinzen.com\/blog\/#organization\"},\"potentialAction\":[{\"@type\":\"SearchAction\",\"target\":{\"@type\":\"EntryPoint\",\"urlTemplate\":\"https:\/\/ozinzen.com\/blog\/?s={search_term_string}\"},\"query-input\":{\"@type\":\"PropertyValueSpecification\",\"valueRequired\":true,\"valueName\":\"search_term_string\"}}],\"inLanguage\":\"fr-FR\"},{\"@type\":\"Organization\",\"@id\":\"https:\/\/ozinzen.com\/blog\/#organization\",\"name\":\"Ozinzen\",\"url\":\"https:\/\/ozinzen.com\/blog\/\",\"logo\":{\"@type\":\"ImageObject\",\"inLanguage\":\"fr-FR\",\"@id\":\"https:\/\/ozinzen.com\/blog\/#\/schema\/logo\/image\/\",\"url\":\"https:\/\/ozinzen.com\/blog\/wp-content\/uploads\/2023\/01\/ozinzen.png\",\"contentUrl\":\"https:\/\/ozinzen.com\/blog\/wp-content\/uploads\/2023\/01\/ozinzen.png\",\"width\":64,\"height\":64,\"caption\":\"Ozinzen\"},\"image\":{\"@id\":\"https:\/\/ozinzen.com\/blog\/#\/schema\/logo\/image\/\"},\"sameAs\":[\"https:\/\/x.com\/ozinzen\"]},{\"@type\":\"Person\",\"@id\":\"https:\/\/ozinzen.com\/blog\/#\/schema\/person\/c3f9b942ea7cfc90188ae840a2cf2fb1\",\"name\":\"Marc Sigrist\",\"image\":{\"@type\":\"ImageObject\",\"inLanguage\":\"fr-FR\",\"@id\":\"https:\/\/ozinzen.com\/blog\/#\/schema\/person\/image\/\",\"url\":\"https:\/\/secure.gravatar.com\/avatar\/187f82243f15c243b39ac53fcbd3ac6ae072d40425f7b43c2878b6fb120dbb31?s=96&d=mm&r=g\",\"contentUrl\":\"https:\/\/secure.gravatar.com\/avatar\/187f82243f15c243b39ac53fcbd3ac6ae072d40425f7b43c2878b6fb120dbb31?s=96&d=mm&r=g\",\"caption\":\"Marc Sigrist\"}}]}<\/script>\n<!-- \/ Yoast SEO plugin. -->","yoast_head_json":{"title":"Il faut pas pousser m\u00e9m\u00e9 dans les orties - Ozinzen","description":"Une vieille dame de 83 ans s'est fait voler son logement situ\u00e9 \u00e0 Rennes par des squatteurs.","robots":{"index":"index","follow":"follow","max-snippet":"max-snippet:-1","max-image-preview":"max-image-preview:large","max-video-preview":"max-video-preview:-1"},"canonical":"https:\/\/ozinzen.com\/blog\/il-faut-pas-pousser-meme-dans-les-orties\/","og_locale":"fr_FR","og_type":"article","og_title":"Il faut pas pousser m\u00e9m\u00e9 dans les orties - Ozinzen","og_description":"Une vieille dame de 83 ans s'est fait voler son logement situ\u00e9 \u00e0 Rennes par des squatteurs.","og_url":"https:\/\/ozinzen.com\/blog\/il-faut-pas-pousser-meme-dans-les-orties\/","og_site_name":"Ozinzen","article_published_time":"2015-05-23T15:40:35+00:00","article_modified_time":"2016-03-10T06:17:01+00:00","og_image":[{"width":800,"height":1101,"url":"https:\/\/ozinzen.com\/blog\/wp-content\/uploads\/2015\/05\/mamie.jpg","type":"image\/jpeg"}],"author":"Marc Sigrist","twitter_card":"summary_large_image","twitter_creator":"@ozinzen","twitter_site":"@ozinzen","twitter_misc":{"\u00c9crit par":"Marc Sigrist","Dur\u00e9e de lecture estim\u00e9e":"1 minute"},"schema":{"@context":"https:\/\/schema.org","@graph":[{"@type":"Article","@id":"https:\/\/ozinzen.com\/blog\/il-faut-pas-pousser-meme-dans-les-orties\/#article","isPartOf":{"@id":"https:\/\/ozinzen.com\/blog\/il-faut-pas-pousser-meme-dans-les-orties\/"},"author":{"name":"Marc Sigrist","@id":"https:\/\/ozinzen.com\/blog\/#\/schema\/person\/c3f9b942ea7cfc90188ae840a2cf2fb1"},"headline":"Il faut pas pousser m\u00e9m\u00e9 dans les orties","datePublished":"2015-05-23T15:40:35+00:00","dateModified":"2016-03-10T06:17:01+00:00","mainEntityOfPage":{"@id":"https:\/\/ozinzen.com\/blog\/il-faut-pas-pousser-meme-dans-les-orties\/"},"wordCount":161,"commentCount":0,"publisher":{"@id":"https:\/\/ozinzen.com\/blog\/#organization"},"image":{"@id":"https:\/\/ozinzen.com\/blog\/il-faut-pas-pousser-meme-dans-les-orties\/#primaryimage"},"thumbnailUrl":"https:\/\/ozinzen.com\/blog\/wp-content\/uploads\/2015\/05\/mamie.jpg","articleSection":["Soci\u00e9t\u00e9"],"inLanguage":"fr-FR"},{"@type":"WebPage","@id":"https:\/\/ozinzen.com\/blog\/il-faut-pas-pousser-meme-dans-les-orties\/","url":"https:\/\/ozinzen.com\/blog\/il-faut-pas-pousser-meme-dans-les-orties\/","name":"Il faut pas pousser m\u00e9m\u00e9 dans les orties - Ozinzen","isPartOf":{"@id":"https:\/\/ozinzen.com\/blog\/#website"},"primaryImageOfPage":{"@id":"https:\/\/ozinzen.com\/blog\/il-faut-pas-pousser-meme-dans-les-orties\/#primaryimage"},"image":{"@id":"https:\/\/ozinzen.com\/blog\/il-faut-pas-pousser-meme-dans-les-orties\/#primaryimage"},"thumbnailUrl":"https:\/\/ozinzen.com\/blog\/wp-content\/uploads\/2015\/05\/mamie.jpg","datePublished":"2015-05-23T15:40:35+00:00","dateModified":"2016-03-10T06:17:01+00:00","description":"Une vieille dame de 83 ans s'est fait voler son logement situ\u00e9 \u00e0 Rennes par des squatteurs.","breadcrumb":{"@id":"https:\/\/ozinzen.com\/blog\/il-faut-pas-pousser-meme-dans-les-orties\/#breadcrumb"},"inLanguage":"fr-FR","potentialAction":[{"@type":"ReadAction","target":["https:\/\/ozinzen.com\/blog\/il-faut-pas-pousser-meme-dans-les-orties\/"]}]},{"@type":"ImageObject","inLanguage":"fr-FR","@id":"https:\/\/ozinzen.com\/blog\/il-faut-pas-pousser-meme-dans-les-orties\/#primaryimage","url":"https:\/\/ozinzen.com\/blog\/wp-content\/uploads\/2015\/05\/mamie.jpg","contentUrl":"https:\/\/ozinzen.com\/blog\/wp-content\/uploads\/2015\/05\/mamie.jpg","width":800,"height":1101,"caption":"mamie"},{"@type":"BreadcrumbList","@id":"https:\/\/ozinzen.com\/blog\/il-faut-pas-pousser-meme-dans-les-orties\/#breadcrumb","itemListElement":[{"@type":"ListItem","position":1,"name":"Accueil","item":"https:\/\/ozinzen.com\/blog\/"},{"@type":"ListItem","position":2,"name":"Il faut pas pousser m\u00e9m\u00e9 dans les orties"}]},{"@type":"WebSite","@id":"https:\/\/ozinzen.com\/blog\/#website","url":"https:\/\/ozinzen.com\/blog\/","name":"Ozinzen","description":"Mode de vie et sant\u00e9","publisher":{"@id":"https:\/\/ozinzen.com\/blog\/#organization"},"potentialAction":[{"@type":"SearchAction","target":{"@type":"EntryPoint","urlTemplate":"https:\/\/ozinzen.com\/blog\/?s={search_term_string}"},"query-input":{"@type":"PropertyValueSpecification","valueRequired":true,"valueName":"search_term_string"}}],"inLanguage":"fr-FR"},{"@type":"Organization","@id":"https:\/\/ozinzen.com\/blog\/#organization","name":"Ozinzen","url":"https:\/\/ozinzen.com\/blog\/","logo":{"@type":"ImageObject","inLanguage":"fr-FR","@id":"https:\/\/ozinzen.com\/blog\/#\/schema\/logo\/image\/","url":"https:\/\/ozinzen.com\/blog\/wp-content\/uploads\/2023\/01\/ozinzen.png","contentUrl":"https:\/\/ozinzen.com\/blog\/wp-content\/uploads\/2023\/01\/ozinzen.png","width":64,"height":64,"caption":"Ozinzen"},"image":{"@id":"https:\/\/ozinzen.com\/blog\/#\/schema\/logo\/image\/"},"sameAs":["https:\/\/x.com\/ozinzen"]},{"@type":"Person","@id":"https:\/\/ozinzen.com\/blog\/#\/schema\/person\/c3f9b942ea7cfc90188ae840a2cf2fb1","name":"Marc Sigrist","image":{"@type":"ImageObject","inLanguage":"fr-FR","@id":"https:\/\/ozinzen.com\/blog\/#\/schema\/person\/image\/","url":"https:\/\/secure.gravatar.com\/avatar\/187f82243f15c243b39ac53fcbd3ac6ae072d40425f7b43c2878b6fb120dbb31?s=96&d=mm&r=g","contentUrl":"https:\/\/secure.gravatar.com\/avatar\/187f82243f15c243b39ac53fcbd3ac6ae072d40425f7b43c2878b6fb120dbb31?s=96&d=mm&r=g","caption":"Marc Sigrist"}}]}},"amp_enabled":true,"_links":{"self":[{"href":"https:\/\/ozinzen.com\/blog\/wp-json\/wp\/v2\/posts\/3402","targetHints":{"allow":["GET"]}}],"collection":[{"href":"https:\/\/ozinzen.com\/blog\/wp-json\/wp\/v2\/posts"}],"about":[{"href":"https:\/\/ozinzen.com\/blog\/wp-json\/wp\/v2\/types\/post"}],"author":[{"embeddable":true,"href":"https:\/\/ozinzen.com\/blog\/wp-json\/wp\/v2\/users\/2"}],"replies":[{"embeddable":true,"href":"https:\/\/ozinzen.com\/blog\/wp-json\/wp\/v2\/comments?post=3402"}],"version-history":[{"count":5,"href":"https:\/\/ozinzen.com\/blog\/wp-json\/wp\/v2\/posts\/3402\/revisions"}],"predecessor-version":[{"id":3406,"href":"https:\/\/ozinzen.com\/blog\/wp-json\/wp\/v2\/posts\/3402\/revisions\/3406"}],"wp:featuredmedia":[{"embeddable":true,"href":"https:\/\/ozinzen.com\/blog\/wp-json\/wp\/v2\/media\/3403"}],"wp:attachment":[{"href":"https:\/\/ozinzen.com\/blog\/wp-json\/wp\/v2\/media?parent=3402"}],"wp:term":[{"taxonomy":"category","embeddable":true,"href":"https:\/\/ozinzen.com\/blog\/wp-json\/wp\/v2\/categories?post=3402"},{"taxonomy":"post_tag","embeddable":true,"href":"https:\/\/ozinzen.com\/blog\/wp-json\/wp\/v2\/tags?post=3402"}],"curies":[{"name":"wp","href":"https:\/\/api.w.org\/{rel}","templated":true}]}}