{"id":3459,"date":"2015-05-31T16:18:59","date_gmt":"2015-05-31T14:18:59","guid":{"rendered":"http:\/\/ozinzen.com\/blog\/?p=3459"},"modified":"2016-03-10T07:16:49","modified_gmt":"2016-03-10T06:16:49","slug":"une-educatrice-pour-enfant-rase-les-cheveux-de-sa-fille","status":"publish","type":"post","link":"https:\/\/ozinzen.com\/blog\/une-educatrice-pour-enfant-rase-les-cheveux-de-sa-fille\/","title":{"rendered":"Une \u00e9ducatrice pour enfant rase les cheveux de sa fille"},"content":{"rendered":"<p style=\"text-align: justify;\"><a href=\"http:\/\/ozinzen.com\/blog\/wp-content\/uploads\/2015\/05\/petite-fille-coupe-courte.png\"><img loading=\"lazy\" decoding=\"async\" class=\"alignnone size-full wp-image-3461\" src=\"http:\/\/ozinzen.com\/blog\/wp-content\/uploads\/2015\/05\/petite-fille-coupe-courte.png\" alt=\"petite fille coupe courte\" width=\"576\" height=\"792\" srcset=\"https:\/\/ozinzen.com\/blog\/wp-content\/uploads\/2015\/05\/petite-fille-coupe-courte.png 576w, https:\/\/ozinzen.com\/blog\/wp-content\/uploads\/2015\/05\/petite-fille-coupe-courte-218x300.png 218w\" sizes=\"auto, (max-width: 576px) 100vw, 576px\" \/><\/a><\/p>\n<p style=\"text-align: justify;\"><span style=\"color: #000000;\"><strong>Paige Lucas-Stannard<\/strong> est une \u00e9ducatrice qui enseigne aux parents comment \u00e9duquer leurs enfants sans st\u00e9r\u00e9otype de genre. Ces st\u00e9r\u00e9otypes doivent \u00eatre \u00e9radiqu\u00e9s, c\u2019est d\u00e9sormais la grande priorit\u00e9 de l\u2019\u00e9ducation des enfants selon Paige Lucas-Stannard.<\/span><!--more--><\/p>\n<p style=\"text-align: justify;\"><span style=\"color: #000000;\">Bizarrement, le site <strong>doctissimo.fr <\/strong>f\u00e9licite Paige Lucas-Stannard d\u2019avoir ras\u00e9 les cheveux de sa fille.<\/span><\/p>\n<p><a href=\"http:\/\/bebe.doctissimo.fr\/blog\/20813-Video-elle-rase-les-cheveux-de-sa-fille-a-sa-demande-.html#comments\" target=\"_blank\">http:\/\/bebe.doctissimo.fr\/blog\/20813-Video-elle-rase-les-cheveux-de-sa-fille-a-sa-demande-.html#comments<\/a><\/p>\n<blockquote>\n<p style=\"text-align: justify;\"><span style=\"color: #000000;\">La maman d&rsquo;Aellyn, 6 ans, a \u00e9t\u00e9 bien d\u00e9sorient\u00e9e quand sa fille lui a demand\u00e9 de lui raser le cr\u00e2ne.<\/span><\/p>\n<p style=\"text-align: justify;\"><span style=\"color: #000000;\">Pourquoi faire ? Dans quel but ? Qu&rsquo;est-ce qui se passe ? Et surtout : \u00ab Et si elle le regrettait par la suite ? \u00bb<\/span><\/p>\n<p style=\"text-align: justify;\"><span style=\"color: #000000;\"><strong>D&rsquo;autant plus embarrass\u00e9e que Paige a d\u00e9j\u00e0 \u00e9crit un livre sur la question de la neutralit\u00e9 de genre en mati\u00e8re d&rsquo;\u00e9ducation des enfants.<\/strong> Elle se demandait bien alors, quel petit lutin pouvait lui faire ce coup du sort.<\/span><\/p>\n<p style=\"text-align: justify;\"><span style=\"color: #000000;\">Mais rien de tout cela et aucun lutin, car Aellyn allait tr\u00e8s bien, Aellyn avait juste envie qu&rsquo;on lui rase les cheveux, parce que, dit-elle, il n&rsquo;y aura plus besoin de les laver.<\/span><\/p>\n<p style=\"text-align: justify;\"><span style=\"color: #000000;\">Aellyn dit qu&rsquo;elle aime beaucoup sa famille. <strong>Avec tant d&rsquo;\u00e9coute et de respect, on veut bien la croire.<\/strong><\/span><\/p>\n<\/blockquote>\n<p style=\"text-align: justify;\"><span style=\"color: #000000;\">Et si un enfant dit qu\u2019il a envie d\u2019\u00eatre un robot, on va lui construire un nouveau corps de cyborg pour afficher \u00e0 tout le monde qu\u2019on a de l\u2019\u00e9coute et du respect\u00a0? Lamentable.<\/span><\/p>\n<p style=\"text-align: justify;\"><span style=\"color: #000000;\">Les activistes du style Paige Lucas-Stannard veulent que toute la culture au sein d&rsquo;une soci\u00e9t\u00e9 soit compl\u00e8tement d\u00e9truite. Une nouvelle culture pens\u00e9e par quelques pseudo-intellectuels n\u2019ayant aucune exp\u00e9rience pratique \u00a0doit tout remplacer, \u00e0 partir de z\u00e9ro. C\u2019est le concept politique d\u2019ann\u00e9e Z\u00e9ro.<\/span><\/p>\n<p style=\"text-align: justify;\"><span style=\"color: #000000;\">Quelques pseudo-intellectuels ont d\u00e9cid\u00e9 qu\u2019il fallait \u00e9radiquer le genre dans l\u2019\u00e9ducation. Ce qui est dommage c\u2019est que ces th\u00e9oriciens n\u2019ont jamais \u00e9duqu\u00e9 le moindre enfant auparavant. Ils veulent juste imposer\u00a0leurs id\u00e9es de professeurs mabouls pour se donner de l\u2019importance.<\/span><\/p>\n","protected":false},"excerpt":{"rendered":"<p>Paige Lucas-Stannard est une \u00e9ducatrice qui enseigne aux parents comment \u00e9duquer leurs enfants sans st\u00e9r\u00e9otype de genre. Ces st\u00e9r\u00e9otypes doivent \u00eatre \u00e9radiqu\u00e9s, c\u2019est d\u00e9sormais la grande priorit\u00e9 de l\u2019\u00e9ducation des enfants selon Paige Lucas-Stannard.<\/p>\n","protected":false},"author":2,"featured_media":3461,"comment_status":"open","ping_status":"open","sticky":false,"template":"","format":"standard","meta":{"_genesis_hide_title":false,"_genesis_hide_breadcrumbs":false,"_genesis_hide_singular_image":false,"_genesis_hide_footer_widgets":false,"_genesis_custom_body_class":"","_genesis_custom_post_class":"","_genesis_layout":"","footnotes":""},"categories":[55],"tags":[],"class_list":{"0":"post-3459","1":"post","2":"type-post","3":"status-publish","4":"format-standard","5":"has-post-thumbnail","7":"category-societe","8":"entry"},"yoast_head":"<!-- This site is optimized with the Yoast SEO plugin v27.1.1 - https:\/\/yoast.com\/product\/yoast-seo-wordpress\/ -->\n<title>Une \u00e9ducatrice pour enfant rase les cheveux de sa fille - Ozinzen<\/title>\n<meta name=\"description\" content=\"Paige Lucas-Stannard est une \u00e9ducatrice qui enseigne aux parents comment \u00e9duquer leurs enfants sans st\u00e9r\u00e9otype de genre.\" \/>\n<meta name=\"robots\" content=\"index, follow, max-snippet:-1, max-image-preview:large, max-video-preview:-1\" \/>\n<link rel=\"canonical\" href=\"https:\/\/ozinzen.com\/blog\/une-educatrice-pour-enfant-rase-les-cheveux-de-sa-fille\/\" \/>\n<meta property=\"og:locale\" content=\"fr_FR\" \/>\n<meta property=\"og:type\" content=\"article\" \/>\n<meta property=\"og:title\" content=\"Une \u00e9ducatrice pour enfant rase les cheveux de sa fille - Ozinzen\" \/>\n<meta property=\"og:description\" content=\"Paige Lucas-Stannard est une \u00e9ducatrice qui enseigne aux parents comment \u00e9duquer leurs enfants sans st\u00e9r\u00e9otype de genre.\" \/>\n<meta property=\"og:url\" content=\"https:\/\/ozinzen.com\/blog\/une-educatrice-pour-enfant-rase-les-cheveux-de-sa-fille\/\" \/>\n<meta property=\"og:site_name\" content=\"Ozinzen\" \/>\n<meta property=\"article:published_time\" content=\"2015-05-31T14:18:59+00:00\" \/>\n<meta property=\"article:modified_time\" content=\"2016-03-10T06:16:49+00:00\" \/>\n<meta property=\"og:image\" content=\"https:\/\/ozinzen.com\/blog\/wp-content\/uploads\/2015\/05\/petite-fille-coupe-courte.png\" \/>\n\t<meta property=\"og:image:width\" content=\"576\" \/>\n\t<meta property=\"og:image:height\" content=\"792\" \/>\n\t<meta property=\"og:image:type\" content=\"image\/png\" \/>\n<meta name=\"author\" content=\"Marc Sigrist\" \/>\n<meta name=\"twitter:card\" content=\"summary_large_image\" \/>\n<meta name=\"twitter:creator\" content=\"@ozinzen\" \/>\n<meta name=\"twitter:site\" content=\"@ozinzen\" \/>\n<meta name=\"twitter:label1\" content=\"\u00c9crit par\" \/>\n\t<meta name=\"twitter:data1\" content=\"Marc Sigrist\" \/>\n\t<meta name=\"twitter:label2\" content=\"Dur\u00e9e de lecture estim\u00e9e\" \/>\n\t<meta name=\"twitter:data2\" content=\"2 minutes\" \/>\n<script type=\"application\/ld+json\" class=\"yoast-schema-graph\">{\"@context\":\"https:\/\/schema.org\",\"@graph\":[{\"@type\":\"Article\",\"@id\":\"https:\/\/ozinzen.com\/blog\/une-educatrice-pour-enfant-rase-les-cheveux-de-sa-fille\/#article\",\"isPartOf\":{\"@id\":\"https:\/\/ozinzen.com\/blog\/une-educatrice-pour-enfant-rase-les-cheveux-de-sa-fille\/\"},\"author\":{\"name\":\"Marc Sigrist\",\"@id\":\"https:\/\/ozinzen.com\/blog\/#\/schema\/person\/c3f9b942ea7cfc90188ae840a2cf2fb1\"},\"headline\":\"Une \u00e9ducatrice pour enfant rase les cheveux de sa fille\",\"datePublished\":\"2015-05-31T14:18:59+00:00\",\"dateModified\":\"2016-03-10T06:16:49+00:00\",\"mainEntityOfPage\":{\"@id\":\"https:\/\/ozinzen.com\/blog\/une-educatrice-pour-enfant-rase-les-cheveux-de-sa-fille\/\"},\"wordCount\":350,\"commentCount\":0,\"publisher\":{\"@id\":\"https:\/\/ozinzen.com\/blog\/#organization\"},\"image\":{\"@id\":\"https:\/\/ozinzen.com\/blog\/une-educatrice-pour-enfant-rase-les-cheveux-de-sa-fille\/#primaryimage\"},\"thumbnailUrl\":\"https:\/\/ozinzen.com\/blog\/wp-content\/uploads\/2015\/05\/petite-fille-coupe-courte.png\",\"articleSection\":[\"Soci\u00e9t\u00e9\"],\"inLanguage\":\"fr-FR\"},{\"@type\":\"WebPage\",\"@id\":\"https:\/\/ozinzen.com\/blog\/une-educatrice-pour-enfant-rase-les-cheveux-de-sa-fille\/\",\"url\":\"https:\/\/ozinzen.com\/blog\/une-educatrice-pour-enfant-rase-les-cheveux-de-sa-fille\/\",\"name\":\"Une \u00e9ducatrice pour enfant rase les cheveux de sa fille - Ozinzen\",\"isPartOf\":{\"@id\":\"https:\/\/ozinzen.com\/blog\/#website\"},\"primaryImageOfPage\":{\"@id\":\"https:\/\/ozinzen.com\/blog\/une-educatrice-pour-enfant-rase-les-cheveux-de-sa-fille\/#primaryimage\"},\"image\":{\"@id\":\"https:\/\/ozinzen.com\/blog\/une-educatrice-pour-enfant-rase-les-cheveux-de-sa-fille\/#primaryimage\"},\"thumbnailUrl\":\"https:\/\/ozinzen.com\/blog\/wp-content\/uploads\/2015\/05\/petite-fille-coupe-courte.png\",\"datePublished\":\"2015-05-31T14:18:59+00:00\",\"dateModified\":\"2016-03-10T06:16:49+00:00\",\"description\":\"Paige Lucas-Stannard est une \u00e9ducatrice qui enseigne aux parents comment \u00e9duquer leurs enfants sans st\u00e9r\u00e9otype de genre.\",\"breadcrumb\":{\"@id\":\"https:\/\/ozinzen.com\/blog\/une-educatrice-pour-enfant-rase-les-cheveux-de-sa-fille\/#breadcrumb\"},\"inLanguage\":\"fr-FR\",\"potentialAction\":[{\"@type\":\"ReadAction\",\"target\":[\"https:\/\/ozinzen.com\/blog\/une-educatrice-pour-enfant-rase-les-cheveux-de-sa-fille\/\"]}]},{\"@type\":\"ImageObject\",\"inLanguage\":\"fr-FR\",\"@id\":\"https:\/\/ozinzen.com\/blog\/une-educatrice-pour-enfant-rase-les-cheveux-de-sa-fille\/#primaryimage\",\"url\":\"https:\/\/ozinzen.com\/blog\/wp-content\/uploads\/2015\/05\/petite-fille-coupe-courte.png\",\"contentUrl\":\"https:\/\/ozinzen.com\/blog\/wp-content\/uploads\/2015\/05\/petite-fille-coupe-courte.png\",\"width\":576,\"height\":792,\"caption\":\"petite fille coupe courte\"},{\"@type\":\"BreadcrumbList\",\"@id\":\"https:\/\/ozinzen.com\/blog\/une-educatrice-pour-enfant-rase-les-cheveux-de-sa-fille\/#breadcrumb\",\"itemListElement\":[{\"@type\":\"ListItem\",\"position\":1,\"name\":\"Accueil\",\"item\":\"https:\/\/ozinzen.com\/blog\/\"},{\"@type\":\"ListItem\",\"position\":2,\"name\":\"Une \u00e9ducatrice pour enfant rase les cheveux de sa fille\"}]},{\"@type\":\"WebSite\",\"@id\":\"https:\/\/ozinzen.com\/blog\/#website\",\"url\":\"https:\/\/ozinzen.com\/blog\/\",\"name\":\"Ozinzen\",\"description\":\"Mode de vie et sant\u00e9\",\"publisher\":{\"@id\":\"https:\/\/ozinzen.com\/blog\/#organization\"},\"potentialAction\":[{\"@type\":\"SearchAction\",\"target\":{\"@type\":\"EntryPoint\",\"urlTemplate\":\"https:\/\/ozinzen.com\/blog\/?s={search_term_string}\"},\"query-input\":{\"@type\":\"PropertyValueSpecification\",\"valueRequired\":true,\"valueName\":\"search_term_string\"}}],\"inLanguage\":\"fr-FR\"},{\"@type\":\"Organization\",\"@id\":\"https:\/\/ozinzen.com\/blog\/#organization\",\"name\":\"Ozinzen\",\"url\":\"https:\/\/ozinzen.com\/blog\/\",\"logo\":{\"@type\":\"ImageObject\",\"inLanguage\":\"fr-FR\",\"@id\":\"https:\/\/ozinzen.com\/blog\/#\/schema\/logo\/image\/\",\"url\":\"https:\/\/ozinzen.com\/blog\/wp-content\/uploads\/2023\/01\/ozinzen.png\",\"contentUrl\":\"https:\/\/ozinzen.com\/blog\/wp-content\/uploads\/2023\/01\/ozinzen.png\",\"width\":64,\"height\":64,\"caption\":\"Ozinzen\"},\"image\":{\"@id\":\"https:\/\/ozinzen.com\/blog\/#\/schema\/logo\/image\/\"},\"sameAs\":[\"https:\/\/x.com\/ozinzen\"]},{\"@type\":\"Person\",\"@id\":\"https:\/\/ozinzen.com\/blog\/#\/schema\/person\/c3f9b942ea7cfc90188ae840a2cf2fb1\",\"name\":\"Marc Sigrist\",\"image\":{\"@type\":\"ImageObject\",\"inLanguage\":\"fr-FR\",\"@id\":\"https:\/\/ozinzen.com\/blog\/#\/schema\/person\/image\/\",\"url\":\"https:\/\/secure.gravatar.com\/avatar\/187f82243f15c243b39ac53fcbd3ac6ae072d40425f7b43c2878b6fb120dbb31?s=96&d=mm&r=g\",\"contentUrl\":\"https:\/\/secure.gravatar.com\/avatar\/187f82243f15c243b39ac53fcbd3ac6ae072d40425f7b43c2878b6fb120dbb31?s=96&d=mm&r=g\",\"caption\":\"Marc Sigrist\"}}]}<\/script>\n<!-- \/ Yoast SEO plugin. -->","yoast_head_json":{"title":"Une \u00e9ducatrice pour enfant rase les cheveux de sa fille - Ozinzen","description":"Paige Lucas-Stannard est une \u00e9ducatrice qui enseigne aux parents comment \u00e9duquer leurs enfants sans st\u00e9r\u00e9otype de genre.","robots":{"index":"index","follow":"follow","max-snippet":"max-snippet:-1","max-image-preview":"max-image-preview:large","max-video-preview":"max-video-preview:-1"},"canonical":"https:\/\/ozinzen.com\/blog\/une-educatrice-pour-enfant-rase-les-cheveux-de-sa-fille\/","og_locale":"fr_FR","og_type":"article","og_title":"Une \u00e9ducatrice pour enfant rase les cheveux de sa fille - Ozinzen","og_description":"Paige Lucas-Stannard est une \u00e9ducatrice qui enseigne aux parents comment \u00e9duquer leurs enfants sans st\u00e9r\u00e9otype de genre.","og_url":"https:\/\/ozinzen.com\/blog\/une-educatrice-pour-enfant-rase-les-cheveux-de-sa-fille\/","og_site_name":"Ozinzen","article_published_time":"2015-05-31T14:18:59+00:00","article_modified_time":"2016-03-10T06:16:49+00:00","og_image":[{"width":576,"height":792,"url":"https:\/\/ozinzen.com\/blog\/wp-content\/uploads\/2015\/05\/petite-fille-coupe-courte.png","type":"image\/png"}],"author":"Marc Sigrist","twitter_card":"summary_large_image","twitter_creator":"@ozinzen","twitter_site":"@ozinzen","twitter_misc":{"\u00c9crit par":"Marc Sigrist","Dur\u00e9e de lecture estim\u00e9e":"2 minutes"},"schema":{"@context":"https:\/\/schema.org","@graph":[{"@type":"Article","@id":"https:\/\/ozinzen.com\/blog\/une-educatrice-pour-enfant-rase-les-cheveux-de-sa-fille\/#article","isPartOf":{"@id":"https:\/\/ozinzen.com\/blog\/une-educatrice-pour-enfant-rase-les-cheveux-de-sa-fille\/"},"author":{"name":"Marc Sigrist","@id":"https:\/\/ozinzen.com\/blog\/#\/schema\/person\/c3f9b942ea7cfc90188ae840a2cf2fb1"},"headline":"Une \u00e9ducatrice pour enfant rase les cheveux de sa fille","datePublished":"2015-05-31T14:18:59+00:00","dateModified":"2016-03-10T06:16:49+00:00","mainEntityOfPage":{"@id":"https:\/\/ozinzen.com\/blog\/une-educatrice-pour-enfant-rase-les-cheveux-de-sa-fille\/"},"wordCount":350,"commentCount":0,"publisher":{"@id":"https:\/\/ozinzen.com\/blog\/#organization"},"image":{"@id":"https:\/\/ozinzen.com\/blog\/une-educatrice-pour-enfant-rase-les-cheveux-de-sa-fille\/#primaryimage"},"thumbnailUrl":"https:\/\/ozinzen.com\/blog\/wp-content\/uploads\/2015\/05\/petite-fille-coupe-courte.png","articleSection":["Soci\u00e9t\u00e9"],"inLanguage":"fr-FR"},{"@type":"WebPage","@id":"https:\/\/ozinzen.com\/blog\/une-educatrice-pour-enfant-rase-les-cheveux-de-sa-fille\/","url":"https:\/\/ozinzen.com\/blog\/une-educatrice-pour-enfant-rase-les-cheveux-de-sa-fille\/","name":"Une \u00e9ducatrice pour enfant rase les cheveux de sa fille - Ozinzen","isPartOf":{"@id":"https:\/\/ozinzen.com\/blog\/#website"},"primaryImageOfPage":{"@id":"https:\/\/ozinzen.com\/blog\/une-educatrice-pour-enfant-rase-les-cheveux-de-sa-fille\/#primaryimage"},"image":{"@id":"https:\/\/ozinzen.com\/blog\/une-educatrice-pour-enfant-rase-les-cheveux-de-sa-fille\/#primaryimage"},"thumbnailUrl":"https:\/\/ozinzen.com\/blog\/wp-content\/uploads\/2015\/05\/petite-fille-coupe-courte.png","datePublished":"2015-05-31T14:18:59+00:00","dateModified":"2016-03-10T06:16:49+00:00","description":"Paige Lucas-Stannard est une \u00e9ducatrice qui enseigne aux parents comment \u00e9duquer leurs enfants sans st\u00e9r\u00e9otype de genre.","breadcrumb":{"@id":"https:\/\/ozinzen.com\/blog\/une-educatrice-pour-enfant-rase-les-cheveux-de-sa-fille\/#breadcrumb"},"inLanguage":"fr-FR","potentialAction":[{"@type":"ReadAction","target":["https:\/\/ozinzen.com\/blog\/une-educatrice-pour-enfant-rase-les-cheveux-de-sa-fille\/"]}]},{"@type":"ImageObject","inLanguage":"fr-FR","@id":"https:\/\/ozinzen.com\/blog\/une-educatrice-pour-enfant-rase-les-cheveux-de-sa-fille\/#primaryimage","url":"https:\/\/ozinzen.com\/blog\/wp-content\/uploads\/2015\/05\/petite-fille-coupe-courte.png","contentUrl":"https:\/\/ozinzen.com\/blog\/wp-content\/uploads\/2015\/05\/petite-fille-coupe-courte.png","width":576,"height":792,"caption":"petite fille coupe courte"},{"@type":"BreadcrumbList","@id":"https:\/\/ozinzen.com\/blog\/une-educatrice-pour-enfant-rase-les-cheveux-de-sa-fille\/#breadcrumb","itemListElement":[{"@type":"ListItem","position":1,"name":"Accueil","item":"https:\/\/ozinzen.com\/blog\/"},{"@type":"ListItem","position":2,"name":"Une \u00e9ducatrice pour enfant rase les cheveux de sa fille"}]},{"@type":"WebSite","@id":"https:\/\/ozinzen.com\/blog\/#website","url":"https:\/\/ozinzen.com\/blog\/","name":"Ozinzen","description":"Mode de vie et sant\u00e9","publisher":{"@id":"https:\/\/ozinzen.com\/blog\/#organization"},"potentialAction":[{"@type":"SearchAction","target":{"@type":"EntryPoint","urlTemplate":"https:\/\/ozinzen.com\/blog\/?s={search_term_string}"},"query-input":{"@type":"PropertyValueSpecification","valueRequired":true,"valueName":"search_term_string"}}],"inLanguage":"fr-FR"},{"@type":"Organization","@id":"https:\/\/ozinzen.com\/blog\/#organization","name":"Ozinzen","url":"https:\/\/ozinzen.com\/blog\/","logo":{"@type":"ImageObject","inLanguage":"fr-FR","@id":"https:\/\/ozinzen.com\/blog\/#\/schema\/logo\/image\/","url":"https:\/\/ozinzen.com\/blog\/wp-content\/uploads\/2023\/01\/ozinzen.png","contentUrl":"https:\/\/ozinzen.com\/blog\/wp-content\/uploads\/2023\/01\/ozinzen.png","width":64,"height":64,"caption":"Ozinzen"},"image":{"@id":"https:\/\/ozinzen.com\/blog\/#\/schema\/logo\/image\/"},"sameAs":["https:\/\/x.com\/ozinzen"]},{"@type":"Person","@id":"https:\/\/ozinzen.com\/blog\/#\/schema\/person\/c3f9b942ea7cfc90188ae840a2cf2fb1","name":"Marc Sigrist","image":{"@type":"ImageObject","inLanguage":"fr-FR","@id":"https:\/\/ozinzen.com\/blog\/#\/schema\/person\/image\/","url":"https:\/\/secure.gravatar.com\/avatar\/187f82243f15c243b39ac53fcbd3ac6ae072d40425f7b43c2878b6fb120dbb31?s=96&d=mm&r=g","contentUrl":"https:\/\/secure.gravatar.com\/avatar\/187f82243f15c243b39ac53fcbd3ac6ae072d40425f7b43c2878b6fb120dbb31?s=96&d=mm&r=g","caption":"Marc Sigrist"}}]}},"amp_enabled":true,"_links":{"self":[{"href":"https:\/\/ozinzen.com\/blog\/wp-json\/wp\/v2\/posts\/3459","targetHints":{"allow":["GET"]}}],"collection":[{"href":"https:\/\/ozinzen.com\/blog\/wp-json\/wp\/v2\/posts"}],"about":[{"href":"https:\/\/ozinzen.com\/blog\/wp-json\/wp\/v2\/types\/post"}],"author":[{"embeddable":true,"href":"https:\/\/ozinzen.com\/blog\/wp-json\/wp\/v2\/users\/2"}],"replies":[{"embeddable":true,"href":"https:\/\/ozinzen.com\/blog\/wp-json\/wp\/v2\/comments?post=3459"}],"version-history":[{"count":8,"href":"https:\/\/ozinzen.com\/blog\/wp-json\/wp\/v2\/posts\/3459\/revisions"}],"predecessor-version":[{"id":3468,"href":"https:\/\/ozinzen.com\/blog\/wp-json\/wp\/v2\/posts\/3459\/revisions\/3468"}],"wp:featuredmedia":[{"embeddable":true,"href":"https:\/\/ozinzen.com\/blog\/wp-json\/wp\/v2\/media\/3461"}],"wp:attachment":[{"href":"https:\/\/ozinzen.com\/blog\/wp-json\/wp\/v2\/media?parent=3459"}],"wp:term":[{"taxonomy":"category","embeddable":true,"href":"https:\/\/ozinzen.com\/blog\/wp-json\/wp\/v2\/categories?post=3459"},{"taxonomy":"post_tag","embeddable":true,"href":"https:\/\/ozinzen.com\/blog\/wp-json\/wp\/v2\/tags?post=3459"}],"curies":[{"name":"wp","href":"https:\/\/api.w.org\/{rel}","templated":true}]}}