{"id":3886,"date":"2015-07-31T11:32:37","date_gmt":"2015-07-31T09:32:37","guid":{"rendered":"http:\/\/ozinzen.com\/blog\/?p=3886"},"modified":"2016-03-10T07:25:34","modified_gmt":"2016-03-10T06:25:34","slug":"une-top-model-se-deguise-en-burqa-pour-ne-pas-etre-reconnue","status":"publish","type":"post","link":"https:\/\/ozinzen.com\/blog\/une-top-model-se-deguise-en-burqa-pour-ne-pas-etre-reconnue\/","title":{"rendered":"Une top model se d\u00e9guise en burqa pour ne pas \u00eatre reconnue"},"content":{"rendered":"<p style=\"text-align: justify;\"><span style=\"color: #000000;\"><a style=\"color: #000000;\" href=\"http:\/\/ozinzen.com\/blog\/wp-content\/uploads\/2015\/07\/gisele_bundchen.jpg\"><img loading=\"lazy\" decoding=\"async\" class=\"alignnone size-full wp-image-3888\" src=\"http:\/\/ozinzen.com\/blog\/wp-content\/uploads\/2015\/07\/gisele_bundchen.jpg\" alt=\"gisele_bundchen\" width=\"500\" height=\"375\" srcset=\"https:\/\/ozinzen.com\/blog\/wp-content\/uploads\/2015\/07\/gisele_bundchen.jpg 500w, https:\/\/ozinzen.com\/blog\/wp-content\/uploads\/2015\/07\/gisele_bundchen-300x225.jpg 300w\" sizes=\"auto, (max-width: 500px) 100vw, 500px\" \/><\/a><\/span><\/p>\n<p style=\"text-align: justify;\"><span style=\"color: #000000;\">La top model br\u00e9silienne <strong>Gisele B\u00fcndchen<\/strong> se serait rendue dans une clinique de chirurgie esth\u00e9tique parisienne, habill\u00e9e d&rsquo;un voile int\u00e9gral.<br \/>\n<!--more--><br \/>\n<\/span><\/p>\n<p style=\"text-align: justify;\"><span style=\"color: #000000;\">L&rsquo;affaire a \u00e9t\u00e9 r\u00e9v\u00e9l\u00e9e mercredi 29 juillet par deux tablo\u00efds am\u00e9ricains. Les deux journaux affirment qu&rsquo;elle s&rsquo;est rendue dans la clinique le 15 juillet dernier, pour y subir deux op\u00e9rations, aux yeux et \u00e0 la poitrine, pour un montant de 11.000 dollars (10.000 euros).\u00a0Gisele B\u00fcndchen a \u00e9t\u00e9 vue devant\u00a0la clinique du Parc Monceau v\u00eatue d&rsquo;une burqa, accompagn\u00e9e de\u00a0sa s\u0153ur et d&rsquo;un chauffeur.<\/span><\/p>\n<p style=\"text-align: justify;\"><span style=\"color: #000000;\">Malgr\u00e9 cette tenue, les journaux people rel\u00e8vent plusieurs indices leur permettant d&rsquo;affirmer qu&rsquo;il s&rsquo;agit bien du mannequin br\u00e9silien. Le journal people a identifi\u00e9 le chauffeur de Gisele depuis 2010. Le tablo\u00efd rel\u00e8ve aussi que l&rsquo;une des femmes en burqa porte les m\u00eames sandales en cuir dor\u00e9 que le mannequin \u00e0 son arriv\u00e9e \u00e0 l\u2019a\u00e9roport de Roissy-Charles-de-Gaulle. La seconde femme voil\u00e9e porte un sac \u00e0 dos en cuir noir identique \u00e0 celui arbor\u00e9 par la s\u0153ur de Gisele au moment de leur d\u00e9part de Paris, notent Closer et Paris Match.<\/span><\/p>\n<p style=\"text-align: justify;\"><span style=\"color: #000000;\">Plusieurs m\u00e9dias soulignent que Gisele B\u00fcndchen se d\u00e9place en plein Paris v\u00eatue d&rsquo;un voile int\u00e9gral, alors que celui-ci est interdit en France depuis la loi de 2010. Le New York Post, de son c\u00f4t\u00e9, s&rsquo;indigne qu&rsquo;elle ait choisi une tenue religieuse pour se cacher.\u00a0<\/span><\/p>\n<p style=\"text-align: justify;\"><span style=\"color: #000000;\">La presse people s&rsquo;\u00e9tonne, par ailleurs, que l&rsquo;\u00e9g\u00e9rie de Chanel ait succomb\u00e9 aux sir\u00e8nes de la chirurgie plastique, elle qui pr\u00f4ne une beaut\u00e9 naturelle.<\/span><\/p>\n<p style=\"text-align: justify;\"><span style=\"color: #000000;\">Dans un entretien \u00e0 Fox News en 2008, elle jurait qu&rsquo;elle ne ferait jamais de chirurgie esth\u00e9tique.<\/span><\/p>\n","protected":false},"excerpt":{"rendered":"<p>La top model br\u00e9silienne Gisele B\u00fcndchen se serait rendue dans une clinique de chirurgie esth\u00e9tique parisienne, habill\u00e9e d&rsquo;un voile int\u00e9gral.<\/p>\n","protected":false},"author":2,"featured_media":3888,"comment_status":"open","ping_status":"open","sticky":false,"template":"","format":"standard","meta":{"_genesis_hide_title":false,"_genesis_hide_breadcrumbs":false,"_genesis_hide_singular_image":false,"_genesis_hide_footer_widgets":false,"_genesis_custom_body_class":"","_genesis_custom_post_class":"","_genesis_layout":"","footnotes":""},"categories":[55],"tags":[],"class_list":{"0":"post-3886","1":"post","2":"type-post","3":"status-publish","4":"format-standard","5":"has-post-thumbnail","7":"category-societe","8":"entry"},"yoast_head":"<!-- This site is optimized with the Yoast SEO plugin v27.1.1 - https:\/\/yoast.com\/product\/yoast-seo-wordpress\/ -->\n<title>Une top model se d\u00e9guise en burqa pour ne pas \u00eatre reconnue - Ozinzen<\/title>\n<meta name=\"description\" content=\"La top model br\u00e9silienne Gisele B\u00fcndchen se serait rendu dans une clinique de chirurgie esth\u00e9tique parisienne, habill\u00e9e d&#039;un voile int\u00e9gral.\" \/>\n<meta name=\"robots\" content=\"index, follow, max-snippet:-1, max-image-preview:large, max-video-preview:-1\" \/>\n<link rel=\"canonical\" href=\"https:\/\/ozinzen.com\/blog\/une-top-model-se-deguise-en-burqa-pour-ne-pas-etre-reconnue\/\" \/>\n<meta property=\"og:locale\" content=\"fr_FR\" \/>\n<meta property=\"og:type\" content=\"article\" \/>\n<meta property=\"og:title\" content=\"Une top model se d\u00e9guise en burqa pour ne pas \u00eatre reconnue - Ozinzen\" \/>\n<meta property=\"og:description\" content=\"La top model br\u00e9silienne Gisele B\u00fcndchen se serait rendu dans une clinique de chirurgie esth\u00e9tique parisienne, habill\u00e9e d&#039;un voile int\u00e9gral.\" \/>\n<meta property=\"og:url\" content=\"https:\/\/ozinzen.com\/blog\/une-top-model-se-deguise-en-burqa-pour-ne-pas-etre-reconnue\/\" \/>\n<meta property=\"og:site_name\" content=\"Ozinzen\" \/>\n<meta property=\"article:published_time\" content=\"2015-07-31T09:32:37+00:00\" \/>\n<meta property=\"article:modified_time\" content=\"2016-03-10T06:25:34+00:00\" \/>\n<meta property=\"og:image\" content=\"https:\/\/ozinzen.com\/blog\/wp-content\/uploads\/2015\/07\/gisele_bundchen.jpg\" \/>\n\t<meta property=\"og:image:width\" content=\"500\" \/>\n\t<meta property=\"og:image:height\" content=\"375\" \/>\n\t<meta property=\"og:image:type\" content=\"image\/jpeg\" \/>\n<meta name=\"author\" content=\"Marc Sigrist\" \/>\n<meta name=\"twitter:card\" content=\"summary_large_image\" \/>\n<meta name=\"twitter:creator\" content=\"@ozinzen\" \/>\n<meta name=\"twitter:site\" content=\"@ozinzen\" \/>\n<meta name=\"twitter:label1\" content=\"\u00c9crit par\" \/>\n\t<meta name=\"twitter:data1\" content=\"Marc Sigrist\" \/>\n\t<meta name=\"twitter:label2\" content=\"Dur\u00e9e de lecture estim\u00e9e\" \/>\n\t<meta name=\"twitter:data2\" content=\"1 minute\" \/>\n<script type=\"application\/ld+json\" class=\"yoast-schema-graph\">{\"@context\":\"https:\/\/schema.org\",\"@graph\":[{\"@type\":\"Article\",\"@id\":\"https:\/\/ozinzen.com\/blog\/une-top-model-se-deguise-en-burqa-pour-ne-pas-etre-reconnue\/#article\",\"isPartOf\":{\"@id\":\"https:\/\/ozinzen.com\/blog\/une-top-model-se-deguise-en-burqa-pour-ne-pas-etre-reconnue\/\"},\"author\":{\"name\":\"Marc Sigrist\",\"@id\":\"https:\/\/ozinzen.com\/blog\/#\/schema\/person\/c3f9b942ea7cfc90188ae840a2cf2fb1\"},\"headline\":\"Une top model se d\u00e9guise en burqa pour ne pas \u00eatre reconnue\",\"datePublished\":\"2015-07-31T09:32:37+00:00\",\"dateModified\":\"2016-03-10T06:25:34+00:00\",\"mainEntityOfPage\":{\"@id\":\"https:\/\/ozinzen.com\/blog\/une-top-model-se-deguise-en-burqa-pour-ne-pas-etre-reconnue\/\"},\"wordCount\":297,\"commentCount\":0,\"publisher\":{\"@id\":\"https:\/\/ozinzen.com\/blog\/#organization\"},\"image\":{\"@id\":\"https:\/\/ozinzen.com\/blog\/une-top-model-se-deguise-en-burqa-pour-ne-pas-etre-reconnue\/#primaryimage\"},\"thumbnailUrl\":\"https:\/\/ozinzen.com\/blog\/wp-content\/uploads\/2015\/07\/gisele_bundchen.jpg\",\"articleSection\":[\"Soci\u00e9t\u00e9\"],\"inLanguage\":\"fr-FR\"},{\"@type\":\"WebPage\",\"@id\":\"https:\/\/ozinzen.com\/blog\/une-top-model-se-deguise-en-burqa-pour-ne-pas-etre-reconnue\/\",\"url\":\"https:\/\/ozinzen.com\/blog\/une-top-model-se-deguise-en-burqa-pour-ne-pas-etre-reconnue\/\",\"name\":\"Une top model se d\u00e9guise en burqa pour ne pas \u00eatre reconnue - Ozinzen\",\"isPartOf\":{\"@id\":\"https:\/\/ozinzen.com\/blog\/#website\"},\"primaryImageOfPage\":{\"@id\":\"https:\/\/ozinzen.com\/blog\/une-top-model-se-deguise-en-burqa-pour-ne-pas-etre-reconnue\/#primaryimage\"},\"image\":{\"@id\":\"https:\/\/ozinzen.com\/blog\/une-top-model-se-deguise-en-burqa-pour-ne-pas-etre-reconnue\/#primaryimage\"},\"thumbnailUrl\":\"https:\/\/ozinzen.com\/blog\/wp-content\/uploads\/2015\/07\/gisele_bundchen.jpg\",\"datePublished\":\"2015-07-31T09:32:37+00:00\",\"dateModified\":\"2016-03-10T06:25:34+00:00\",\"description\":\"La top model br\u00e9silienne Gisele B\u00fcndchen se serait rendu dans une clinique de chirurgie esth\u00e9tique parisienne, habill\u00e9e d'un voile int\u00e9gral.\",\"breadcrumb\":{\"@id\":\"https:\/\/ozinzen.com\/blog\/une-top-model-se-deguise-en-burqa-pour-ne-pas-etre-reconnue\/#breadcrumb\"},\"inLanguage\":\"fr-FR\",\"potentialAction\":[{\"@type\":\"ReadAction\",\"target\":[\"https:\/\/ozinzen.com\/blog\/une-top-model-se-deguise-en-burqa-pour-ne-pas-etre-reconnue\/\"]}]},{\"@type\":\"ImageObject\",\"inLanguage\":\"fr-FR\",\"@id\":\"https:\/\/ozinzen.com\/blog\/une-top-model-se-deguise-en-burqa-pour-ne-pas-etre-reconnue\/#primaryimage\",\"url\":\"https:\/\/ozinzen.com\/blog\/wp-content\/uploads\/2015\/07\/gisele_bundchen.jpg\",\"contentUrl\":\"https:\/\/ozinzen.com\/blog\/wp-content\/uploads\/2015\/07\/gisele_bundchen.jpg\",\"width\":500,\"height\":375,\"caption\":\"gisele_bundchen\"},{\"@type\":\"BreadcrumbList\",\"@id\":\"https:\/\/ozinzen.com\/blog\/une-top-model-se-deguise-en-burqa-pour-ne-pas-etre-reconnue\/#breadcrumb\",\"itemListElement\":[{\"@type\":\"ListItem\",\"position\":1,\"name\":\"Accueil\",\"item\":\"https:\/\/ozinzen.com\/blog\/\"},{\"@type\":\"ListItem\",\"position\":2,\"name\":\"Une top model se d\u00e9guise en burqa pour ne pas \u00eatre reconnue\"}]},{\"@type\":\"WebSite\",\"@id\":\"https:\/\/ozinzen.com\/blog\/#website\",\"url\":\"https:\/\/ozinzen.com\/blog\/\",\"name\":\"Ozinzen\",\"description\":\"Mode de vie et sant\u00e9\",\"publisher\":{\"@id\":\"https:\/\/ozinzen.com\/blog\/#organization\"},\"potentialAction\":[{\"@type\":\"SearchAction\",\"target\":{\"@type\":\"EntryPoint\",\"urlTemplate\":\"https:\/\/ozinzen.com\/blog\/?s={search_term_string}\"},\"query-input\":{\"@type\":\"PropertyValueSpecification\",\"valueRequired\":true,\"valueName\":\"search_term_string\"}}],\"inLanguage\":\"fr-FR\"},{\"@type\":\"Organization\",\"@id\":\"https:\/\/ozinzen.com\/blog\/#organization\",\"name\":\"Ozinzen\",\"url\":\"https:\/\/ozinzen.com\/blog\/\",\"logo\":{\"@type\":\"ImageObject\",\"inLanguage\":\"fr-FR\",\"@id\":\"https:\/\/ozinzen.com\/blog\/#\/schema\/logo\/image\/\",\"url\":\"https:\/\/ozinzen.com\/blog\/wp-content\/uploads\/2023\/01\/ozinzen.png\",\"contentUrl\":\"https:\/\/ozinzen.com\/blog\/wp-content\/uploads\/2023\/01\/ozinzen.png\",\"width\":64,\"height\":64,\"caption\":\"Ozinzen\"},\"image\":{\"@id\":\"https:\/\/ozinzen.com\/blog\/#\/schema\/logo\/image\/\"},\"sameAs\":[\"https:\/\/x.com\/ozinzen\"]},{\"@type\":\"Person\",\"@id\":\"https:\/\/ozinzen.com\/blog\/#\/schema\/person\/c3f9b942ea7cfc90188ae840a2cf2fb1\",\"name\":\"Marc Sigrist\",\"image\":{\"@type\":\"ImageObject\",\"inLanguage\":\"fr-FR\",\"@id\":\"https:\/\/ozinzen.com\/blog\/#\/schema\/person\/image\/\",\"url\":\"https:\/\/secure.gravatar.com\/avatar\/187f82243f15c243b39ac53fcbd3ac6ae072d40425f7b43c2878b6fb120dbb31?s=96&d=mm&r=g\",\"contentUrl\":\"https:\/\/secure.gravatar.com\/avatar\/187f82243f15c243b39ac53fcbd3ac6ae072d40425f7b43c2878b6fb120dbb31?s=96&d=mm&r=g\",\"caption\":\"Marc Sigrist\"}}]}<\/script>\n<!-- \/ Yoast SEO plugin. -->","yoast_head_json":{"title":"Une top model se d\u00e9guise en burqa pour ne pas \u00eatre reconnue - Ozinzen","description":"La top model br\u00e9silienne Gisele B\u00fcndchen se serait rendu dans une clinique de chirurgie esth\u00e9tique parisienne, habill\u00e9e d'un voile int\u00e9gral.","robots":{"index":"index","follow":"follow","max-snippet":"max-snippet:-1","max-image-preview":"max-image-preview:large","max-video-preview":"max-video-preview:-1"},"canonical":"https:\/\/ozinzen.com\/blog\/une-top-model-se-deguise-en-burqa-pour-ne-pas-etre-reconnue\/","og_locale":"fr_FR","og_type":"article","og_title":"Une top model se d\u00e9guise en burqa pour ne pas \u00eatre reconnue - Ozinzen","og_description":"La top model br\u00e9silienne Gisele B\u00fcndchen se serait rendu dans une clinique de chirurgie esth\u00e9tique parisienne, habill\u00e9e d'un voile int\u00e9gral.","og_url":"https:\/\/ozinzen.com\/blog\/une-top-model-se-deguise-en-burqa-pour-ne-pas-etre-reconnue\/","og_site_name":"Ozinzen","article_published_time":"2015-07-31T09:32:37+00:00","article_modified_time":"2016-03-10T06:25:34+00:00","og_image":[{"width":500,"height":375,"url":"https:\/\/ozinzen.com\/blog\/wp-content\/uploads\/2015\/07\/gisele_bundchen.jpg","type":"image\/jpeg"}],"author":"Marc Sigrist","twitter_card":"summary_large_image","twitter_creator":"@ozinzen","twitter_site":"@ozinzen","twitter_misc":{"\u00c9crit par":"Marc Sigrist","Dur\u00e9e de lecture estim\u00e9e":"1 minute"},"schema":{"@context":"https:\/\/schema.org","@graph":[{"@type":"Article","@id":"https:\/\/ozinzen.com\/blog\/une-top-model-se-deguise-en-burqa-pour-ne-pas-etre-reconnue\/#article","isPartOf":{"@id":"https:\/\/ozinzen.com\/blog\/une-top-model-se-deguise-en-burqa-pour-ne-pas-etre-reconnue\/"},"author":{"name":"Marc Sigrist","@id":"https:\/\/ozinzen.com\/blog\/#\/schema\/person\/c3f9b942ea7cfc90188ae840a2cf2fb1"},"headline":"Une top model se d\u00e9guise en burqa pour ne pas \u00eatre reconnue","datePublished":"2015-07-31T09:32:37+00:00","dateModified":"2016-03-10T06:25:34+00:00","mainEntityOfPage":{"@id":"https:\/\/ozinzen.com\/blog\/une-top-model-se-deguise-en-burqa-pour-ne-pas-etre-reconnue\/"},"wordCount":297,"commentCount":0,"publisher":{"@id":"https:\/\/ozinzen.com\/blog\/#organization"},"image":{"@id":"https:\/\/ozinzen.com\/blog\/une-top-model-se-deguise-en-burqa-pour-ne-pas-etre-reconnue\/#primaryimage"},"thumbnailUrl":"https:\/\/ozinzen.com\/blog\/wp-content\/uploads\/2015\/07\/gisele_bundchen.jpg","articleSection":["Soci\u00e9t\u00e9"],"inLanguage":"fr-FR"},{"@type":"WebPage","@id":"https:\/\/ozinzen.com\/blog\/une-top-model-se-deguise-en-burqa-pour-ne-pas-etre-reconnue\/","url":"https:\/\/ozinzen.com\/blog\/une-top-model-se-deguise-en-burqa-pour-ne-pas-etre-reconnue\/","name":"Une top model se d\u00e9guise en burqa pour ne pas \u00eatre reconnue - Ozinzen","isPartOf":{"@id":"https:\/\/ozinzen.com\/blog\/#website"},"primaryImageOfPage":{"@id":"https:\/\/ozinzen.com\/blog\/une-top-model-se-deguise-en-burqa-pour-ne-pas-etre-reconnue\/#primaryimage"},"image":{"@id":"https:\/\/ozinzen.com\/blog\/une-top-model-se-deguise-en-burqa-pour-ne-pas-etre-reconnue\/#primaryimage"},"thumbnailUrl":"https:\/\/ozinzen.com\/blog\/wp-content\/uploads\/2015\/07\/gisele_bundchen.jpg","datePublished":"2015-07-31T09:32:37+00:00","dateModified":"2016-03-10T06:25:34+00:00","description":"La top model br\u00e9silienne Gisele B\u00fcndchen se serait rendu dans une clinique de chirurgie esth\u00e9tique parisienne, habill\u00e9e d'un voile int\u00e9gral.","breadcrumb":{"@id":"https:\/\/ozinzen.com\/blog\/une-top-model-se-deguise-en-burqa-pour-ne-pas-etre-reconnue\/#breadcrumb"},"inLanguage":"fr-FR","potentialAction":[{"@type":"ReadAction","target":["https:\/\/ozinzen.com\/blog\/une-top-model-se-deguise-en-burqa-pour-ne-pas-etre-reconnue\/"]}]},{"@type":"ImageObject","inLanguage":"fr-FR","@id":"https:\/\/ozinzen.com\/blog\/une-top-model-se-deguise-en-burqa-pour-ne-pas-etre-reconnue\/#primaryimage","url":"https:\/\/ozinzen.com\/blog\/wp-content\/uploads\/2015\/07\/gisele_bundchen.jpg","contentUrl":"https:\/\/ozinzen.com\/blog\/wp-content\/uploads\/2015\/07\/gisele_bundchen.jpg","width":500,"height":375,"caption":"gisele_bundchen"},{"@type":"BreadcrumbList","@id":"https:\/\/ozinzen.com\/blog\/une-top-model-se-deguise-en-burqa-pour-ne-pas-etre-reconnue\/#breadcrumb","itemListElement":[{"@type":"ListItem","position":1,"name":"Accueil","item":"https:\/\/ozinzen.com\/blog\/"},{"@type":"ListItem","position":2,"name":"Une top model se d\u00e9guise en burqa pour ne pas \u00eatre reconnue"}]},{"@type":"WebSite","@id":"https:\/\/ozinzen.com\/blog\/#website","url":"https:\/\/ozinzen.com\/blog\/","name":"Ozinzen","description":"Mode de vie et sant\u00e9","publisher":{"@id":"https:\/\/ozinzen.com\/blog\/#organization"},"potentialAction":[{"@type":"SearchAction","target":{"@type":"EntryPoint","urlTemplate":"https:\/\/ozinzen.com\/blog\/?s={search_term_string}"},"query-input":{"@type":"PropertyValueSpecification","valueRequired":true,"valueName":"search_term_string"}}],"inLanguage":"fr-FR"},{"@type":"Organization","@id":"https:\/\/ozinzen.com\/blog\/#organization","name":"Ozinzen","url":"https:\/\/ozinzen.com\/blog\/","logo":{"@type":"ImageObject","inLanguage":"fr-FR","@id":"https:\/\/ozinzen.com\/blog\/#\/schema\/logo\/image\/","url":"https:\/\/ozinzen.com\/blog\/wp-content\/uploads\/2023\/01\/ozinzen.png","contentUrl":"https:\/\/ozinzen.com\/blog\/wp-content\/uploads\/2023\/01\/ozinzen.png","width":64,"height":64,"caption":"Ozinzen"},"image":{"@id":"https:\/\/ozinzen.com\/blog\/#\/schema\/logo\/image\/"},"sameAs":["https:\/\/x.com\/ozinzen"]},{"@type":"Person","@id":"https:\/\/ozinzen.com\/blog\/#\/schema\/person\/c3f9b942ea7cfc90188ae840a2cf2fb1","name":"Marc Sigrist","image":{"@type":"ImageObject","inLanguage":"fr-FR","@id":"https:\/\/ozinzen.com\/blog\/#\/schema\/person\/image\/","url":"https:\/\/secure.gravatar.com\/avatar\/187f82243f15c243b39ac53fcbd3ac6ae072d40425f7b43c2878b6fb120dbb31?s=96&d=mm&r=g","contentUrl":"https:\/\/secure.gravatar.com\/avatar\/187f82243f15c243b39ac53fcbd3ac6ae072d40425f7b43c2878b6fb120dbb31?s=96&d=mm&r=g","caption":"Marc Sigrist"}}]}},"amp_enabled":true,"_links":{"self":[{"href":"https:\/\/ozinzen.com\/blog\/wp-json\/wp\/v2\/posts\/3886","targetHints":{"allow":["GET"]}}],"collection":[{"href":"https:\/\/ozinzen.com\/blog\/wp-json\/wp\/v2\/posts"}],"about":[{"href":"https:\/\/ozinzen.com\/blog\/wp-json\/wp\/v2\/types\/post"}],"author":[{"embeddable":true,"href":"https:\/\/ozinzen.com\/blog\/wp-json\/wp\/v2\/users\/2"}],"replies":[{"embeddable":true,"href":"https:\/\/ozinzen.com\/blog\/wp-json\/wp\/v2\/comments?post=3886"}],"version-history":[{"count":13,"href":"https:\/\/ozinzen.com\/blog\/wp-json\/wp\/v2\/posts\/3886\/revisions"}],"predecessor-version":[{"id":3900,"href":"https:\/\/ozinzen.com\/blog\/wp-json\/wp\/v2\/posts\/3886\/revisions\/3900"}],"wp:featuredmedia":[{"embeddable":true,"href":"https:\/\/ozinzen.com\/blog\/wp-json\/wp\/v2\/media\/3888"}],"wp:attachment":[{"href":"https:\/\/ozinzen.com\/blog\/wp-json\/wp\/v2\/media?parent=3886"}],"wp:term":[{"taxonomy":"category","embeddable":true,"href":"https:\/\/ozinzen.com\/blog\/wp-json\/wp\/v2\/categories?post=3886"},{"taxonomy":"post_tag","embeddable":true,"href":"https:\/\/ozinzen.com\/blog\/wp-json\/wp\/v2\/tags?post=3886"}],"curies":[{"name":"wp","href":"https:\/\/api.w.org\/{rel}","templated":true}]}}