{"id":4397,"date":"2015-10-10T09:03:03","date_gmt":"2015-10-10T07:03:03","guid":{"rendered":"http:\/\/ozinzen.com\/blog\/?p=4397"},"modified":"2016-03-10T07:32:54","modified_gmt":"2016-03-10T06:32:54","slug":"une-ado-de-14-ans-sur-les-podiums-de-la-fashion-week-de-paris","status":"publish","type":"post","link":"https:\/\/ozinzen.com\/blog\/une-ado-de-14-ans-sur-les-podiums-de-la-fashion-week-de-paris\/","title":{"rendered":"Une ado de 14 ans sur les podiums de la Fashion week de Paris"},"content":{"rendered":"<p><a href=\"http:\/\/ozinzen.com\/blog\/wp-content\/uploads\/2015\/10\/Sofia-Mechetner.jpg\"><img loading=\"lazy\" decoding=\"async\" class=\"alignnone size-full wp-image-4398\" src=\"http:\/\/ozinzen.com\/blog\/wp-content\/uploads\/2015\/10\/Sofia-Mechetner.jpg\" alt=\"Sofia Mechetner\" width=\"786\" height=\"442\" srcset=\"https:\/\/ozinzen.com\/blog\/wp-content\/uploads\/2015\/10\/Sofia-Mechetner.jpg 786w, https:\/\/ozinzen.com\/blog\/wp-content\/uploads\/2015\/10\/Sofia-Mechetner-300x169.jpg 300w\" sizes=\"auto, (max-width: 786px) 100vw, 786px\" \/><\/a><\/p>\n<p><span style=\"color: #000000;\">Un reportage sur <strong>Sofia Mechetner<\/strong>.<\/span><!--more--><\/p>\n<p><iframe loading=\"lazy\" src=\"\/\/www.dailymotion.com\/embed\/video\/x394hf7\" width=\"480\" height=\"270\" frameborder=\"0\" allowfullscreen=\"allowfullscreen\"><\/iframe><br \/>\n<a href=\"http:\/\/www.dailymotion.com\/video\/x394hf7_un-mannequin-de-14-ans-fait-polemique-lors-de-la-fashion-week-a-paris_news\" target=\"_blank\">Un mannequin de 14 ans fait pol\u00e9mique lors de&#8230;<\/a> <i>par <a href=\"http:\/\/www.dailymotion.com\/ITELE\" target=\"_blank\">ITELE<\/a><\/i><\/p>\n<p>&nbsp;<\/p>\n<p style=\"text-align: justify;\"><span style=\"color: #000000;\">La situation des mannequins est bizarre.<\/span><\/p>\n<p style=\"text-align: justify;\"><span style=\"color: #000000;\">Les femmes jug\u00e9es trop minces n\u2019ont d\u00e9sormais plus le droit d\u2019\u00eatre mannequin en France, selon une nouvelle loi \u00ab\u00a0anti-maigre\u00a0\u00bb vot\u00e9e en 2015. Dans le m\u00eame temps de jeunes adolescentes d\u00e9filent sur les podiums ou font des s\u00e9ances photos en tenue sexy. <strong>Le manque de bon sens est digne des Shadoks.<\/strong> La r\u00e9alit\u00e9 d\u00e9passe la fiction.<br \/>\n<\/span><\/p>\n<p style=\"text-align: justify;\"><span style=\"color: #000000;\">Ces mineures souvent loin de leurs proches (\u00e9tant donn\u00e9 qu&rsquo;elles viennent pour la plupart d\u2019autres pays), sont particuli\u00e8rement expos\u00e9es aux exc\u00e8s du milieu du mannequinat : prostitution d\u00e9guis\u00e9e, harc\u00e8lement moral, drogue dure, comp\u00e9tition f\u00e9roce entre mannequins et exploitation en tout genre.<\/span><\/p>\n<figure id=\"attachment_4417\" aria-describedby=\"caption-attachment-4417\" style=\"width: 400px\" class=\"wp-caption alignnone\"><a href=\"http:\/\/ozinzen.com\/blog\/wp-content\/uploads\/2015\/10\/Sofia-Mechetner-sein-nue.jpg\"><img loading=\"lazy\" decoding=\"async\" class=\"size-full wp-image-4417\" src=\"http:\/\/ozinzen.com\/blog\/wp-content\/uploads\/2015\/10\/Sofia-Mechetner-sein-nue.jpg\" alt=\"Sofia-Mechetner sein nue\" width=\"400\" height=\"640\" srcset=\"https:\/\/ozinzen.com\/blog\/wp-content\/uploads\/2015\/10\/Sofia-Mechetner-sein-nue.jpg 400w, https:\/\/ozinzen.com\/blog\/wp-content\/uploads\/2015\/10\/Sofia-Mechetner-sein-nue-188x300.jpg 188w\" sizes=\"auto, (max-width: 400px) 100vw, 400px\" \/><\/a><figcaption id=\"caption-attachment-4417\" class=\"wp-caption-text\">Elle d\u00e9file les seins nus sous une robe transparente<\/figcaption><\/figure>\n<p>&nbsp;<\/p>\n<figure id=\"attachment_4414\" aria-describedby=\"caption-attachment-4414\" style=\"width: 1366px\" class=\"wp-caption alignnone\"><a href=\"http:\/\/ozinzen.com\/blog\/wp-content\/uploads\/2015\/10\/Roos-Abels-mannequin-14-ans.jpg\"><img loading=\"lazy\" decoding=\"async\" class=\"size-full wp-image-4414\" src=\"http:\/\/ozinzen.com\/blog\/wp-content\/uploads\/2015\/10\/Roos-Abels-mannequin-14-ans.jpg\" alt=\"Roos Abels mannequin 14 ans\" width=\"1366\" height=\"2048\" srcset=\"https:\/\/ozinzen.com\/blog\/wp-content\/uploads\/2015\/10\/Roos-Abels-mannequin-14-ans.jpg 1366w, https:\/\/ozinzen.com\/blog\/wp-content\/uploads\/2015\/10\/Roos-Abels-mannequin-14-ans-200x300.jpg 200w, https:\/\/ozinzen.com\/blog\/wp-content\/uploads\/2015\/10\/Roos-Abels-mannequin-14-ans-683x1024.jpg 683w\" sizes=\"auto, (max-width: 1366px) 100vw, 1366px\" \/><\/a><figcaption id=\"caption-attachment-4414\" class=\"wp-caption-text\">Roos Abels, une autre ado de 14 ans<\/figcaption><\/figure>\n","protected":false},"excerpt":{"rendered":"<p>Un reportage sur Sofia Mechetner.<\/p>\n","protected":false},"author":2,"featured_media":4398,"comment_status":"open","ping_status":"open","sticky":false,"template":"","format":"standard","meta":{"_genesis_hide_title":false,"_genesis_hide_breadcrumbs":false,"_genesis_hide_singular_image":false,"_genesis_hide_footer_widgets":false,"_genesis_custom_body_class":"","_genesis_custom_post_class":"","_genesis_layout":"","footnotes":""},"categories":[55],"tags":[],"class_list":{"0":"post-4397","1":"post","2":"type-post","3":"status-publish","4":"format-standard","5":"has-post-thumbnail","7":"category-societe","8":"entry"},"yoast_head":"<!-- This site is optimized with the Yoast SEO plugin v27.1.1 - https:\/\/yoast.com\/product\/yoast-seo-wordpress\/ -->\n<title>Une ado de 14 ans sur les podiums de la Fashion week de Paris - Ozinzen<\/title>\n<meta name=\"description\" content=\"De jeunes adolescentes d\u00e9filent sur les podiums ou font des s\u00e9ances photos.\" \/>\n<meta name=\"robots\" content=\"index, follow, max-snippet:-1, max-image-preview:large, max-video-preview:-1\" \/>\n<link rel=\"canonical\" href=\"https:\/\/ozinzen.com\/blog\/une-ado-de-14-ans-sur-les-podiums-de-la-fashion-week-de-paris\/\" \/>\n<meta property=\"og:locale\" content=\"fr_FR\" \/>\n<meta property=\"og:type\" content=\"article\" \/>\n<meta property=\"og:title\" content=\"Une ado de 14 ans sur les podiums de la Fashion week de Paris - Ozinzen\" \/>\n<meta property=\"og:description\" content=\"De jeunes adolescentes d\u00e9filent sur les podiums ou font des s\u00e9ances photos.\" \/>\n<meta property=\"og:url\" content=\"https:\/\/ozinzen.com\/blog\/une-ado-de-14-ans-sur-les-podiums-de-la-fashion-week-de-paris\/\" \/>\n<meta property=\"og:site_name\" content=\"Ozinzen\" \/>\n<meta property=\"article:published_time\" content=\"2015-10-10T07:03:03+00:00\" \/>\n<meta property=\"article:modified_time\" content=\"2016-03-10T06:32:54+00:00\" \/>\n<meta property=\"og:image\" content=\"https:\/\/ozinzen.com\/blog\/wp-content\/uploads\/2015\/10\/Sofia-Mechetner.jpg\" \/>\n\t<meta property=\"og:image:width\" content=\"786\" \/>\n\t<meta property=\"og:image:height\" content=\"442\" \/>\n\t<meta property=\"og:image:type\" content=\"image\/jpeg\" \/>\n<meta name=\"author\" content=\"Marc Sigrist\" \/>\n<meta name=\"twitter:card\" content=\"summary_large_image\" \/>\n<meta name=\"twitter:creator\" content=\"@ozinzen\" \/>\n<meta name=\"twitter:site\" content=\"@ozinzen\" \/>\n<meta name=\"twitter:label1\" content=\"\u00c9crit par\" \/>\n\t<meta name=\"twitter:data1\" content=\"Marc Sigrist\" \/>\n\t<meta name=\"twitter:label2\" content=\"Dur\u00e9e de lecture estim\u00e9e\" \/>\n\t<meta name=\"twitter:data2\" content=\"1 minute\" \/>\n<script type=\"application\/ld+json\" class=\"yoast-schema-graph\">{\"@context\":\"https:\/\/schema.org\",\"@graph\":[{\"@type\":\"Article\",\"@id\":\"https:\/\/ozinzen.com\/blog\/une-ado-de-14-ans-sur-les-podiums-de-la-fashion-week-de-paris\/#article\",\"isPartOf\":{\"@id\":\"https:\/\/ozinzen.com\/blog\/une-ado-de-14-ans-sur-les-podiums-de-la-fashion-week-de-paris\/\"},\"author\":{\"name\":\"Marc Sigrist\",\"@id\":\"https:\/\/ozinzen.com\/blog\/#\/schema\/person\/c3f9b942ea7cfc90188ae840a2cf2fb1\"},\"headline\":\"Une ado de 14 ans sur les podiums de la Fashion week de Paris\",\"datePublished\":\"2015-10-10T07:03:03+00:00\",\"dateModified\":\"2016-03-10T06:32:54+00:00\",\"mainEntityOfPage\":{\"@id\":\"https:\/\/ozinzen.com\/blog\/une-ado-de-14-ans-sur-les-podiums-de-la-fashion-week-de-paris\/\"},\"wordCount\":181,\"commentCount\":0,\"publisher\":{\"@id\":\"https:\/\/ozinzen.com\/blog\/#organization\"},\"image\":{\"@id\":\"https:\/\/ozinzen.com\/blog\/une-ado-de-14-ans-sur-les-podiums-de-la-fashion-week-de-paris\/#primaryimage\"},\"thumbnailUrl\":\"https:\/\/ozinzen.com\/blog\/wp-content\/uploads\/2015\/10\/Sofia-Mechetner.jpg\",\"articleSection\":[\"Soci\u00e9t\u00e9\"],\"inLanguage\":\"fr-FR\"},{\"@type\":\"WebPage\",\"@id\":\"https:\/\/ozinzen.com\/blog\/une-ado-de-14-ans-sur-les-podiums-de-la-fashion-week-de-paris\/\",\"url\":\"https:\/\/ozinzen.com\/blog\/une-ado-de-14-ans-sur-les-podiums-de-la-fashion-week-de-paris\/\",\"name\":\"Une ado de 14 ans sur les podiums de la Fashion week de Paris - Ozinzen\",\"isPartOf\":{\"@id\":\"https:\/\/ozinzen.com\/blog\/#website\"},\"primaryImageOfPage\":{\"@id\":\"https:\/\/ozinzen.com\/blog\/une-ado-de-14-ans-sur-les-podiums-de-la-fashion-week-de-paris\/#primaryimage\"},\"image\":{\"@id\":\"https:\/\/ozinzen.com\/blog\/une-ado-de-14-ans-sur-les-podiums-de-la-fashion-week-de-paris\/#primaryimage\"},\"thumbnailUrl\":\"https:\/\/ozinzen.com\/blog\/wp-content\/uploads\/2015\/10\/Sofia-Mechetner.jpg\",\"datePublished\":\"2015-10-10T07:03:03+00:00\",\"dateModified\":\"2016-03-10T06:32:54+00:00\",\"description\":\"De jeunes adolescentes d\u00e9filent sur les podiums ou font des s\u00e9ances photos.\",\"breadcrumb\":{\"@id\":\"https:\/\/ozinzen.com\/blog\/une-ado-de-14-ans-sur-les-podiums-de-la-fashion-week-de-paris\/#breadcrumb\"},\"inLanguage\":\"fr-FR\",\"potentialAction\":[{\"@type\":\"ReadAction\",\"target\":[\"https:\/\/ozinzen.com\/blog\/une-ado-de-14-ans-sur-les-podiums-de-la-fashion-week-de-paris\/\"]}]},{\"@type\":\"ImageObject\",\"inLanguage\":\"fr-FR\",\"@id\":\"https:\/\/ozinzen.com\/blog\/une-ado-de-14-ans-sur-les-podiums-de-la-fashion-week-de-paris\/#primaryimage\",\"url\":\"https:\/\/ozinzen.com\/blog\/wp-content\/uploads\/2015\/10\/Sofia-Mechetner.jpg\",\"contentUrl\":\"https:\/\/ozinzen.com\/blog\/wp-content\/uploads\/2015\/10\/Sofia-Mechetner.jpg\",\"width\":786,\"height\":442,\"caption\":\"Sofia Mechetner\"},{\"@type\":\"BreadcrumbList\",\"@id\":\"https:\/\/ozinzen.com\/blog\/une-ado-de-14-ans-sur-les-podiums-de-la-fashion-week-de-paris\/#breadcrumb\",\"itemListElement\":[{\"@type\":\"ListItem\",\"position\":1,\"name\":\"Accueil\",\"item\":\"https:\/\/ozinzen.com\/blog\/\"},{\"@type\":\"ListItem\",\"position\":2,\"name\":\"Une ado de 14 ans sur les podiums de la Fashion week de Paris\"}]},{\"@type\":\"WebSite\",\"@id\":\"https:\/\/ozinzen.com\/blog\/#website\",\"url\":\"https:\/\/ozinzen.com\/blog\/\",\"name\":\"Ozinzen\",\"description\":\"Mode de vie et sant\u00e9\",\"publisher\":{\"@id\":\"https:\/\/ozinzen.com\/blog\/#organization\"},\"potentialAction\":[{\"@type\":\"SearchAction\",\"target\":{\"@type\":\"EntryPoint\",\"urlTemplate\":\"https:\/\/ozinzen.com\/blog\/?s={search_term_string}\"},\"query-input\":{\"@type\":\"PropertyValueSpecification\",\"valueRequired\":true,\"valueName\":\"search_term_string\"}}],\"inLanguage\":\"fr-FR\"},{\"@type\":\"Organization\",\"@id\":\"https:\/\/ozinzen.com\/blog\/#organization\",\"name\":\"Ozinzen\",\"url\":\"https:\/\/ozinzen.com\/blog\/\",\"logo\":{\"@type\":\"ImageObject\",\"inLanguage\":\"fr-FR\",\"@id\":\"https:\/\/ozinzen.com\/blog\/#\/schema\/logo\/image\/\",\"url\":\"https:\/\/ozinzen.com\/blog\/wp-content\/uploads\/2023\/01\/ozinzen.png\",\"contentUrl\":\"https:\/\/ozinzen.com\/blog\/wp-content\/uploads\/2023\/01\/ozinzen.png\",\"width\":64,\"height\":64,\"caption\":\"Ozinzen\"},\"image\":{\"@id\":\"https:\/\/ozinzen.com\/blog\/#\/schema\/logo\/image\/\"},\"sameAs\":[\"https:\/\/x.com\/ozinzen\"]},{\"@type\":\"Person\",\"@id\":\"https:\/\/ozinzen.com\/blog\/#\/schema\/person\/c3f9b942ea7cfc90188ae840a2cf2fb1\",\"name\":\"Marc Sigrist\",\"image\":{\"@type\":\"ImageObject\",\"inLanguage\":\"fr-FR\",\"@id\":\"https:\/\/ozinzen.com\/blog\/#\/schema\/person\/image\/\",\"url\":\"https:\/\/secure.gravatar.com\/avatar\/187f82243f15c243b39ac53fcbd3ac6ae072d40425f7b43c2878b6fb120dbb31?s=96&d=mm&r=g\",\"contentUrl\":\"https:\/\/secure.gravatar.com\/avatar\/187f82243f15c243b39ac53fcbd3ac6ae072d40425f7b43c2878b6fb120dbb31?s=96&d=mm&r=g\",\"caption\":\"Marc Sigrist\"}}]}<\/script>\n<!-- \/ Yoast SEO plugin. -->","yoast_head_json":{"title":"Une ado de 14 ans sur les podiums de la Fashion week de Paris - Ozinzen","description":"De jeunes adolescentes d\u00e9filent sur les podiums ou font des s\u00e9ances photos.","robots":{"index":"index","follow":"follow","max-snippet":"max-snippet:-1","max-image-preview":"max-image-preview:large","max-video-preview":"max-video-preview:-1"},"canonical":"https:\/\/ozinzen.com\/blog\/une-ado-de-14-ans-sur-les-podiums-de-la-fashion-week-de-paris\/","og_locale":"fr_FR","og_type":"article","og_title":"Une ado de 14 ans sur les podiums de la Fashion week de Paris - Ozinzen","og_description":"De jeunes adolescentes d\u00e9filent sur les podiums ou font des s\u00e9ances photos.","og_url":"https:\/\/ozinzen.com\/blog\/une-ado-de-14-ans-sur-les-podiums-de-la-fashion-week-de-paris\/","og_site_name":"Ozinzen","article_published_time":"2015-10-10T07:03:03+00:00","article_modified_time":"2016-03-10T06:32:54+00:00","og_image":[{"width":786,"height":442,"url":"https:\/\/ozinzen.com\/blog\/wp-content\/uploads\/2015\/10\/Sofia-Mechetner.jpg","type":"image\/jpeg"}],"author":"Marc Sigrist","twitter_card":"summary_large_image","twitter_creator":"@ozinzen","twitter_site":"@ozinzen","twitter_misc":{"\u00c9crit par":"Marc Sigrist","Dur\u00e9e de lecture estim\u00e9e":"1 minute"},"schema":{"@context":"https:\/\/schema.org","@graph":[{"@type":"Article","@id":"https:\/\/ozinzen.com\/blog\/une-ado-de-14-ans-sur-les-podiums-de-la-fashion-week-de-paris\/#article","isPartOf":{"@id":"https:\/\/ozinzen.com\/blog\/une-ado-de-14-ans-sur-les-podiums-de-la-fashion-week-de-paris\/"},"author":{"name":"Marc Sigrist","@id":"https:\/\/ozinzen.com\/blog\/#\/schema\/person\/c3f9b942ea7cfc90188ae840a2cf2fb1"},"headline":"Une ado de 14 ans sur les podiums de la Fashion week de Paris","datePublished":"2015-10-10T07:03:03+00:00","dateModified":"2016-03-10T06:32:54+00:00","mainEntityOfPage":{"@id":"https:\/\/ozinzen.com\/blog\/une-ado-de-14-ans-sur-les-podiums-de-la-fashion-week-de-paris\/"},"wordCount":181,"commentCount":0,"publisher":{"@id":"https:\/\/ozinzen.com\/blog\/#organization"},"image":{"@id":"https:\/\/ozinzen.com\/blog\/une-ado-de-14-ans-sur-les-podiums-de-la-fashion-week-de-paris\/#primaryimage"},"thumbnailUrl":"https:\/\/ozinzen.com\/blog\/wp-content\/uploads\/2015\/10\/Sofia-Mechetner.jpg","articleSection":["Soci\u00e9t\u00e9"],"inLanguage":"fr-FR"},{"@type":"WebPage","@id":"https:\/\/ozinzen.com\/blog\/une-ado-de-14-ans-sur-les-podiums-de-la-fashion-week-de-paris\/","url":"https:\/\/ozinzen.com\/blog\/une-ado-de-14-ans-sur-les-podiums-de-la-fashion-week-de-paris\/","name":"Une ado de 14 ans sur les podiums de la Fashion week de Paris - Ozinzen","isPartOf":{"@id":"https:\/\/ozinzen.com\/blog\/#website"},"primaryImageOfPage":{"@id":"https:\/\/ozinzen.com\/blog\/une-ado-de-14-ans-sur-les-podiums-de-la-fashion-week-de-paris\/#primaryimage"},"image":{"@id":"https:\/\/ozinzen.com\/blog\/une-ado-de-14-ans-sur-les-podiums-de-la-fashion-week-de-paris\/#primaryimage"},"thumbnailUrl":"https:\/\/ozinzen.com\/blog\/wp-content\/uploads\/2015\/10\/Sofia-Mechetner.jpg","datePublished":"2015-10-10T07:03:03+00:00","dateModified":"2016-03-10T06:32:54+00:00","description":"De jeunes adolescentes d\u00e9filent sur les podiums ou font des s\u00e9ances photos.","breadcrumb":{"@id":"https:\/\/ozinzen.com\/blog\/une-ado-de-14-ans-sur-les-podiums-de-la-fashion-week-de-paris\/#breadcrumb"},"inLanguage":"fr-FR","potentialAction":[{"@type":"ReadAction","target":["https:\/\/ozinzen.com\/blog\/une-ado-de-14-ans-sur-les-podiums-de-la-fashion-week-de-paris\/"]}]},{"@type":"ImageObject","inLanguage":"fr-FR","@id":"https:\/\/ozinzen.com\/blog\/une-ado-de-14-ans-sur-les-podiums-de-la-fashion-week-de-paris\/#primaryimage","url":"https:\/\/ozinzen.com\/blog\/wp-content\/uploads\/2015\/10\/Sofia-Mechetner.jpg","contentUrl":"https:\/\/ozinzen.com\/blog\/wp-content\/uploads\/2015\/10\/Sofia-Mechetner.jpg","width":786,"height":442,"caption":"Sofia Mechetner"},{"@type":"BreadcrumbList","@id":"https:\/\/ozinzen.com\/blog\/une-ado-de-14-ans-sur-les-podiums-de-la-fashion-week-de-paris\/#breadcrumb","itemListElement":[{"@type":"ListItem","position":1,"name":"Accueil","item":"https:\/\/ozinzen.com\/blog\/"},{"@type":"ListItem","position":2,"name":"Une ado de 14 ans sur les podiums de la Fashion week de Paris"}]},{"@type":"WebSite","@id":"https:\/\/ozinzen.com\/blog\/#website","url":"https:\/\/ozinzen.com\/blog\/","name":"Ozinzen","description":"Mode de vie et sant\u00e9","publisher":{"@id":"https:\/\/ozinzen.com\/blog\/#organization"},"potentialAction":[{"@type":"SearchAction","target":{"@type":"EntryPoint","urlTemplate":"https:\/\/ozinzen.com\/blog\/?s={search_term_string}"},"query-input":{"@type":"PropertyValueSpecification","valueRequired":true,"valueName":"search_term_string"}}],"inLanguage":"fr-FR"},{"@type":"Organization","@id":"https:\/\/ozinzen.com\/blog\/#organization","name":"Ozinzen","url":"https:\/\/ozinzen.com\/blog\/","logo":{"@type":"ImageObject","inLanguage":"fr-FR","@id":"https:\/\/ozinzen.com\/blog\/#\/schema\/logo\/image\/","url":"https:\/\/ozinzen.com\/blog\/wp-content\/uploads\/2023\/01\/ozinzen.png","contentUrl":"https:\/\/ozinzen.com\/blog\/wp-content\/uploads\/2023\/01\/ozinzen.png","width":64,"height":64,"caption":"Ozinzen"},"image":{"@id":"https:\/\/ozinzen.com\/blog\/#\/schema\/logo\/image\/"},"sameAs":["https:\/\/x.com\/ozinzen"]},{"@type":"Person","@id":"https:\/\/ozinzen.com\/blog\/#\/schema\/person\/c3f9b942ea7cfc90188ae840a2cf2fb1","name":"Marc Sigrist","image":{"@type":"ImageObject","inLanguage":"fr-FR","@id":"https:\/\/ozinzen.com\/blog\/#\/schema\/person\/image\/","url":"https:\/\/secure.gravatar.com\/avatar\/187f82243f15c243b39ac53fcbd3ac6ae072d40425f7b43c2878b6fb120dbb31?s=96&d=mm&r=g","contentUrl":"https:\/\/secure.gravatar.com\/avatar\/187f82243f15c243b39ac53fcbd3ac6ae072d40425f7b43c2878b6fb120dbb31?s=96&d=mm&r=g","caption":"Marc Sigrist"}}]}},"amp_enabled":true,"_links":{"self":[{"href":"https:\/\/ozinzen.com\/blog\/wp-json\/wp\/v2\/posts\/4397","targetHints":{"allow":["GET"]}}],"collection":[{"href":"https:\/\/ozinzen.com\/blog\/wp-json\/wp\/v2\/posts"}],"about":[{"href":"https:\/\/ozinzen.com\/blog\/wp-json\/wp\/v2\/types\/post"}],"author":[{"embeddable":true,"href":"https:\/\/ozinzen.com\/blog\/wp-json\/wp\/v2\/users\/2"}],"replies":[{"embeddable":true,"href":"https:\/\/ozinzen.com\/blog\/wp-json\/wp\/v2\/comments?post=4397"}],"version-history":[{"count":14,"href":"https:\/\/ozinzen.com\/blog\/wp-json\/wp\/v2\/posts\/4397\/revisions"}],"predecessor-version":[{"id":4420,"href":"https:\/\/ozinzen.com\/blog\/wp-json\/wp\/v2\/posts\/4397\/revisions\/4420"}],"wp:featuredmedia":[{"embeddable":true,"href":"https:\/\/ozinzen.com\/blog\/wp-json\/wp\/v2\/media\/4398"}],"wp:attachment":[{"href":"https:\/\/ozinzen.com\/blog\/wp-json\/wp\/v2\/media?parent=4397"}],"wp:term":[{"taxonomy":"category","embeddable":true,"href":"https:\/\/ozinzen.com\/blog\/wp-json\/wp\/v2\/categories?post=4397"},{"taxonomy":"post_tag","embeddable":true,"href":"https:\/\/ozinzen.com\/blog\/wp-json\/wp\/v2\/tags?post=4397"}],"curies":[{"name":"wp","href":"https:\/\/api.w.org\/{rel}","templated":true}]}}