{"id":4540,"date":"2015-11-04T18:03:04","date_gmt":"2015-11-04T17:03:04","guid":{"rendered":"http:\/\/ozinzen.com\/blog\/?p=4540"},"modified":"2016-03-10T07:12:50","modified_gmt":"2016-03-10T06:12:50","slug":"obliger-ses-enfants-a-manger-des-legumes-est-un-acte-de-violence","status":"publish","type":"post","link":"https:\/\/ozinzen.com\/blog\/obliger-ses-enfants-a-manger-des-legumes-est-un-acte-de-violence\/","title":{"rendered":"Obliger ses enfants \u00e0 manger des l\u00e9gumes est un acte de violence"},"content":{"rendered":"<p style=\"text-align: justify;\"><span style=\"color: #000000;\"><a style=\"color: #000000;\" href=\"http:\/\/ozinzen.com\/blog\/wp-content\/uploads\/2015\/11\/enfant-mange-legume-fruit.jpg\"><img loading=\"lazy\" decoding=\"async\" class=\"alignnone size-full wp-image-4542\" src=\"http:\/\/ozinzen.com\/blog\/wp-content\/uploads\/2015\/11\/enfant-mange-legume-fruit.jpg\" alt=\"enfant mange legume fruit\" width=\"615\" height=\"300\" srcset=\"https:\/\/ozinzen.com\/blog\/wp-content\/uploads\/2015\/11\/enfant-mange-legume-fruit.jpg 615w, https:\/\/ozinzen.com\/blog\/wp-content\/uploads\/2015\/11\/enfant-mange-legume-fruit-300x146.jpg 300w\" sizes=\"auto, (max-width: 615px) 100vw, 615px\" \/><\/a><\/span><\/p>\n<p style=\"text-align: justify;\"><span style=\"color: #000000;\"><strong>Les temps sont durs, et la b\u00eatise n&rsquo;a pas de limite.<\/strong><\/span><\/p>\n<p style=\"text-align: justify;\"><span style=\"color: #000000;\">Une m\u00e8re de famille\u00a0a d\u00e9pos\u00e9 plainte \u00e0 la gendarmerie de Briec (Finist\u00e8re) contre le p\u00e8re de ses enfants, a rapport\u00e9 le journal\u00a0Ouest France du mercredi 4 novembre.<\/span><\/p>\n<p style=\"text-align: justify;\"><span style=\"color: #000000;\">Elle reproche \u00e0 ce p\u00e8re de forcer ses enfants \u00e0 manger des brocolis, des courgettes et des \u00e9pinards. Pour cette m\u00e8re de famille, obliger ses enfants \u00e0 manger des l\u00e9gumes verts est un acte de violence.<!--more--><\/span><\/p>\n<p style=\"text-align: justify;\"><span style=\"color: #000000;\">Sa plainte n&rsquo;a pas abouti : le p\u00e8re n&rsquo;a pas pu \u00eatre envoy\u00e9 en prison.<\/span><\/p>\n<p style=\"text-align: justify;\"><span style=\"color: #000000;\">Le parquet a jug\u00e9 sa plainte non recevable et l&rsquo;a class\u00e9e sans suite.<\/span><\/p>\n<p style=\"text-align: justify;\"><span style=\"color: #000000;\">Pour les services du procureur, \u00eatre oblig\u00e9 de manger des l\u00e9gumes n&rsquo;est pas assimilable \u00e0 un acte de violence.<\/span><\/p>\n","protected":false},"excerpt":{"rendered":"<p>Les temps sont durs, et la b\u00eatise n&rsquo;a pas de limite. Une m\u00e8re de famille\u00a0a d\u00e9pos\u00e9 plainte \u00e0 la gendarmerie de Briec (Finist\u00e8re) contre le p\u00e8re de ses enfants, a rapport\u00e9 le journal\u00a0Ouest France du mercredi 4 novembre. Elle reproche \u00e0 ce p\u00e8re de forcer ses enfants \u00e0 manger des brocolis, des courgettes et des [&hellip;]<\/p>\n","protected":false},"author":2,"featured_media":4542,"comment_status":"open","ping_status":"open","sticky":false,"template":"","format":"standard","meta":{"_genesis_hide_title":false,"_genesis_hide_breadcrumbs":false,"_genesis_hide_singular_image":false,"_genesis_hide_footer_widgets":false,"_genesis_custom_body_class":"","_genesis_custom_post_class":"","_genesis_layout":"","footnotes":""},"categories":[55],"tags":[],"class_list":{"0":"post-4540","1":"post","2":"type-post","3":"status-publish","4":"format-standard","5":"has-post-thumbnail","7":"category-societe","8":"entry"},"yoast_head":"<!-- This site is optimized with the Yoast SEO plugin v27.1.1 - https:\/\/yoast.com\/product\/yoast-seo-wordpress\/ -->\n<title>Obliger ses enfants \u00e0 manger des l\u00e9gumes est un acte de violence - Ozinzen<\/title>\n<meta name=\"description\" content=\"Obliger ses enfants \u00e0 manger des l\u00e9gumes verts est un acte de violence.\" \/>\n<meta name=\"robots\" content=\"index, follow, max-snippet:-1, max-image-preview:large, max-video-preview:-1\" \/>\n<link rel=\"canonical\" href=\"https:\/\/ozinzen.com\/blog\/obliger-ses-enfants-a-manger-des-legumes-est-un-acte-de-violence\/\" \/>\n<meta property=\"og:locale\" content=\"fr_FR\" \/>\n<meta property=\"og:type\" content=\"article\" \/>\n<meta property=\"og:title\" content=\"Obliger ses enfants \u00e0 manger des l\u00e9gumes est un acte de violence - Ozinzen\" \/>\n<meta property=\"og:description\" content=\"Obliger ses enfants \u00e0 manger des l\u00e9gumes verts est un acte de violence.\" \/>\n<meta property=\"og:url\" content=\"https:\/\/ozinzen.com\/blog\/obliger-ses-enfants-a-manger-des-legumes-est-un-acte-de-violence\/\" \/>\n<meta property=\"og:site_name\" content=\"Ozinzen\" \/>\n<meta property=\"article:published_time\" content=\"2015-11-04T17:03:04+00:00\" \/>\n<meta property=\"article:modified_time\" content=\"2016-03-10T06:12:50+00:00\" \/>\n<meta property=\"og:image\" content=\"https:\/\/ozinzen.com\/blog\/wp-content\/uploads\/2015\/11\/enfant-mange-legume-fruit.jpg\" \/>\n\t<meta property=\"og:image:width\" content=\"615\" \/>\n\t<meta property=\"og:image:height\" content=\"300\" \/>\n\t<meta property=\"og:image:type\" content=\"image\/jpeg\" \/>\n<meta name=\"author\" content=\"Marc Sigrist\" \/>\n<meta name=\"twitter:card\" content=\"summary_large_image\" \/>\n<meta name=\"twitter:creator\" content=\"@ozinzen\" \/>\n<meta name=\"twitter:site\" content=\"@ozinzen\" \/>\n<meta name=\"twitter:label1\" content=\"\u00c9crit par\" \/>\n\t<meta name=\"twitter:data1\" content=\"Marc Sigrist\" \/>\n\t<meta name=\"twitter:label2\" content=\"Dur\u00e9e de lecture estim\u00e9e\" \/>\n\t<meta name=\"twitter:data2\" content=\"1 minute\" \/>\n<script type=\"application\/ld+json\" class=\"yoast-schema-graph\">{\"@context\":\"https:\/\/schema.org\",\"@graph\":[{\"@type\":\"Article\",\"@id\":\"https:\/\/ozinzen.com\/blog\/obliger-ses-enfants-a-manger-des-legumes-est-un-acte-de-violence\/#article\",\"isPartOf\":{\"@id\":\"https:\/\/ozinzen.com\/blog\/obliger-ses-enfants-a-manger-des-legumes-est-un-acte-de-violence\/\"},\"author\":{\"name\":\"Marc Sigrist\",\"@id\":\"https:\/\/ozinzen.com\/blog\/#\/schema\/person\/c3f9b942ea7cfc90188ae840a2cf2fb1\"},\"headline\":\"Obliger ses enfants \u00e0 manger des l\u00e9gumes est un acte de violence\",\"datePublished\":\"2015-11-04T17:03:04+00:00\",\"dateModified\":\"2016-03-10T06:12:50+00:00\",\"mainEntityOfPage\":{\"@id\":\"https:\/\/ozinzen.com\/blog\/obliger-ses-enfants-a-manger-des-legumes-est-un-acte-de-violence\/\"},\"wordCount\":139,\"commentCount\":0,\"publisher\":{\"@id\":\"https:\/\/ozinzen.com\/blog\/#organization\"},\"image\":{\"@id\":\"https:\/\/ozinzen.com\/blog\/obliger-ses-enfants-a-manger-des-legumes-est-un-acte-de-violence\/#primaryimage\"},\"thumbnailUrl\":\"https:\/\/ozinzen.com\/blog\/wp-content\/uploads\/2015\/11\/enfant-mange-legume-fruit.jpg\",\"articleSection\":[\"Soci\u00e9t\u00e9\"],\"inLanguage\":\"fr-FR\"},{\"@type\":\"WebPage\",\"@id\":\"https:\/\/ozinzen.com\/blog\/obliger-ses-enfants-a-manger-des-legumes-est-un-acte-de-violence\/\",\"url\":\"https:\/\/ozinzen.com\/blog\/obliger-ses-enfants-a-manger-des-legumes-est-un-acte-de-violence\/\",\"name\":\"Obliger ses enfants \u00e0 manger des l\u00e9gumes est un acte de violence - Ozinzen\",\"isPartOf\":{\"@id\":\"https:\/\/ozinzen.com\/blog\/#website\"},\"primaryImageOfPage\":{\"@id\":\"https:\/\/ozinzen.com\/blog\/obliger-ses-enfants-a-manger-des-legumes-est-un-acte-de-violence\/#primaryimage\"},\"image\":{\"@id\":\"https:\/\/ozinzen.com\/blog\/obliger-ses-enfants-a-manger-des-legumes-est-un-acte-de-violence\/#primaryimage\"},\"thumbnailUrl\":\"https:\/\/ozinzen.com\/blog\/wp-content\/uploads\/2015\/11\/enfant-mange-legume-fruit.jpg\",\"datePublished\":\"2015-11-04T17:03:04+00:00\",\"dateModified\":\"2016-03-10T06:12:50+00:00\",\"description\":\"Obliger ses enfants \u00e0 manger des l\u00e9gumes verts est un acte de violence.\",\"breadcrumb\":{\"@id\":\"https:\/\/ozinzen.com\/blog\/obliger-ses-enfants-a-manger-des-legumes-est-un-acte-de-violence\/#breadcrumb\"},\"inLanguage\":\"fr-FR\",\"potentialAction\":[{\"@type\":\"ReadAction\",\"target\":[\"https:\/\/ozinzen.com\/blog\/obliger-ses-enfants-a-manger-des-legumes-est-un-acte-de-violence\/\"]}]},{\"@type\":\"ImageObject\",\"inLanguage\":\"fr-FR\",\"@id\":\"https:\/\/ozinzen.com\/blog\/obliger-ses-enfants-a-manger-des-legumes-est-un-acte-de-violence\/#primaryimage\",\"url\":\"https:\/\/ozinzen.com\/blog\/wp-content\/uploads\/2015\/11\/enfant-mange-legume-fruit.jpg\",\"contentUrl\":\"https:\/\/ozinzen.com\/blog\/wp-content\/uploads\/2015\/11\/enfant-mange-legume-fruit.jpg\",\"width\":615,\"height\":300,\"caption\":\"enfant mange legume fruit\"},{\"@type\":\"BreadcrumbList\",\"@id\":\"https:\/\/ozinzen.com\/blog\/obliger-ses-enfants-a-manger-des-legumes-est-un-acte-de-violence\/#breadcrumb\",\"itemListElement\":[{\"@type\":\"ListItem\",\"position\":1,\"name\":\"Accueil\",\"item\":\"https:\/\/ozinzen.com\/blog\/\"},{\"@type\":\"ListItem\",\"position\":2,\"name\":\"Obliger ses enfants \u00e0 manger des l\u00e9gumes est un acte de violence\"}]},{\"@type\":\"WebSite\",\"@id\":\"https:\/\/ozinzen.com\/blog\/#website\",\"url\":\"https:\/\/ozinzen.com\/blog\/\",\"name\":\"Ozinzen\",\"description\":\"Mode de vie et sant\u00e9\",\"publisher\":{\"@id\":\"https:\/\/ozinzen.com\/blog\/#organization\"},\"potentialAction\":[{\"@type\":\"SearchAction\",\"target\":{\"@type\":\"EntryPoint\",\"urlTemplate\":\"https:\/\/ozinzen.com\/blog\/?s={search_term_string}\"},\"query-input\":{\"@type\":\"PropertyValueSpecification\",\"valueRequired\":true,\"valueName\":\"search_term_string\"}}],\"inLanguage\":\"fr-FR\"},{\"@type\":\"Organization\",\"@id\":\"https:\/\/ozinzen.com\/blog\/#organization\",\"name\":\"Ozinzen\",\"url\":\"https:\/\/ozinzen.com\/blog\/\",\"logo\":{\"@type\":\"ImageObject\",\"inLanguage\":\"fr-FR\",\"@id\":\"https:\/\/ozinzen.com\/blog\/#\/schema\/logo\/image\/\",\"url\":\"https:\/\/ozinzen.com\/blog\/wp-content\/uploads\/2023\/01\/ozinzen.png\",\"contentUrl\":\"https:\/\/ozinzen.com\/blog\/wp-content\/uploads\/2023\/01\/ozinzen.png\",\"width\":64,\"height\":64,\"caption\":\"Ozinzen\"},\"image\":{\"@id\":\"https:\/\/ozinzen.com\/blog\/#\/schema\/logo\/image\/\"},\"sameAs\":[\"https:\/\/x.com\/ozinzen\"]},{\"@type\":\"Person\",\"@id\":\"https:\/\/ozinzen.com\/blog\/#\/schema\/person\/c3f9b942ea7cfc90188ae840a2cf2fb1\",\"name\":\"Marc Sigrist\",\"image\":{\"@type\":\"ImageObject\",\"inLanguage\":\"fr-FR\",\"@id\":\"https:\/\/ozinzen.com\/blog\/#\/schema\/person\/image\/\",\"url\":\"https:\/\/secure.gravatar.com\/avatar\/187f82243f15c243b39ac53fcbd3ac6ae072d40425f7b43c2878b6fb120dbb31?s=96&d=mm&r=g\",\"contentUrl\":\"https:\/\/secure.gravatar.com\/avatar\/187f82243f15c243b39ac53fcbd3ac6ae072d40425f7b43c2878b6fb120dbb31?s=96&d=mm&r=g\",\"caption\":\"Marc Sigrist\"}}]}<\/script>\n<!-- \/ Yoast SEO plugin. -->","yoast_head_json":{"title":"Obliger ses enfants \u00e0 manger des l\u00e9gumes est un acte de violence - Ozinzen","description":"Obliger ses enfants \u00e0 manger des l\u00e9gumes verts est un acte de violence.","robots":{"index":"index","follow":"follow","max-snippet":"max-snippet:-1","max-image-preview":"max-image-preview:large","max-video-preview":"max-video-preview:-1"},"canonical":"https:\/\/ozinzen.com\/blog\/obliger-ses-enfants-a-manger-des-legumes-est-un-acte-de-violence\/","og_locale":"fr_FR","og_type":"article","og_title":"Obliger ses enfants \u00e0 manger des l\u00e9gumes est un acte de violence - Ozinzen","og_description":"Obliger ses enfants \u00e0 manger des l\u00e9gumes verts est un acte de violence.","og_url":"https:\/\/ozinzen.com\/blog\/obliger-ses-enfants-a-manger-des-legumes-est-un-acte-de-violence\/","og_site_name":"Ozinzen","article_published_time":"2015-11-04T17:03:04+00:00","article_modified_time":"2016-03-10T06:12:50+00:00","og_image":[{"width":615,"height":300,"url":"https:\/\/ozinzen.com\/blog\/wp-content\/uploads\/2015\/11\/enfant-mange-legume-fruit.jpg","type":"image\/jpeg"}],"author":"Marc Sigrist","twitter_card":"summary_large_image","twitter_creator":"@ozinzen","twitter_site":"@ozinzen","twitter_misc":{"\u00c9crit par":"Marc Sigrist","Dur\u00e9e de lecture estim\u00e9e":"1 minute"},"schema":{"@context":"https:\/\/schema.org","@graph":[{"@type":"Article","@id":"https:\/\/ozinzen.com\/blog\/obliger-ses-enfants-a-manger-des-legumes-est-un-acte-de-violence\/#article","isPartOf":{"@id":"https:\/\/ozinzen.com\/blog\/obliger-ses-enfants-a-manger-des-legumes-est-un-acte-de-violence\/"},"author":{"name":"Marc Sigrist","@id":"https:\/\/ozinzen.com\/blog\/#\/schema\/person\/c3f9b942ea7cfc90188ae840a2cf2fb1"},"headline":"Obliger ses enfants \u00e0 manger des l\u00e9gumes est un acte de violence","datePublished":"2015-11-04T17:03:04+00:00","dateModified":"2016-03-10T06:12:50+00:00","mainEntityOfPage":{"@id":"https:\/\/ozinzen.com\/blog\/obliger-ses-enfants-a-manger-des-legumes-est-un-acte-de-violence\/"},"wordCount":139,"commentCount":0,"publisher":{"@id":"https:\/\/ozinzen.com\/blog\/#organization"},"image":{"@id":"https:\/\/ozinzen.com\/blog\/obliger-ses-enfants-a-manger-des-legumes-est-un-acte-de-violence\/#primaryimage"},"thumbnailUrl":"https:\/\/ozinzen.com\/blog\/wp-content\/uploads\/2015\/11\/enfant-mange-legume-fruit.jpg","articleSection":["Soci\u00e9t\u00e9"],"inLanguage":"fr-FR"},{"@type":"WebPage","@id":"https:\/\/ozinzen.com\/blog\/obliger-ses-enfants-a-manger-des-legumes-est-un-acte-de-violence\/","url":"https:\/\/ozinzen.com\/blog\/obliger-ses-enfants-a-manger-des-legumes-est-un-acte-de-violence\/","name":"Obliger ses enfants \u00e0 manger des l\u00e9gumes est un acte de violence - Ozinzen","isPartOf":{"@id":"https:\/\/ozinzen.com\/blog\/#website"},"primaryImageOfPage":{"@id":"https:\/\/ozinzen.com\/blog\/obliger-ses-enfants-a-manger-des-legumes-est-un-acte-de-violence\/#primaryimage"},"image":{"@id":"https:\/\/ozinzen.com\/blog\/obliger-ses-enfants-a-manger-des-legumes-est-un-acte-de-violence\/#primaryimage"},"thumbnailUrl":"https:\/\/ozinzen.com\/blog\/wp-content\/uploads\/2015\/11\/enfant-mange-legume-fruit.jpg","datePublished":"2015-11-04T17:03:04+00:00","dateModified":"2016-03-10T06:12:50+00:00","description":"Obliger ses enfants \u00e0 manger des l\u00e9gumes verts est un acte de violence.","breadcrumb":{"@id":"https:\/\/ozinzen.com\/blog\/obliger-ses-enfants-a-manger-des-legumes-est-un-acte-de-violence\/#breadcrumb"},"inLanguage":"fr-FR","potentialAction":[{"@type":"ReadAction","target":["https:\/\/ozinzen.com\/blog\/obliger-ses-enfants-a-manger-des-legumes-est-un-acte-de-violence\/"]}]},{"@type":"ImageObject","inLanguage":"fr-FR","@id":"https:\/\/ozinzen.com\/blog\/obliger-ses-enfants-a-manger-des-legumes-est-un-acte-de-violence\/#primaryimage","url":"https:\/\/ozinzen.com\/blog\/wp-content\/uploads\/2015\/11\/enfant-mange-legume-fruit.jpg","contentUrl":"https:\/\/ozinzen.com\/blog\/wp-content\/uploads\/2015\/11\/enfant-mange-legume-fruit.jpg","width":615,"height":300,"caption":"enfant mange legume fruit"},{"@type":"BreadcrumbList","@id":"https:\/\/ozinzen.com\/blog\/obliger-ses-enfants-a-manger-des-legumes-est-un-acte-de-violence\/#breadcrumb","itemListElement":[{"@type":"ListItem","position":1,"name":"Accueil","item":"https:\/\/ozinzen.com\/blog\/"},{"@type":"ListItem","position":2,"name":"Obliger ses enfants \u00e0 manger des l\u00e9gumes est un acte de violence"}]},{"@type":"WebSite","@id":"https:\/\/ozinzen.com\/blog\/#website","url":"https:\/\/ozinzen.com\/blog\/","name":"Ozinzen","description":"Mode de vie et sant\u00e9","publisher":{"@id":"https:\/\/ozinzen.com\/blog\/#organization"},"potentialAction":[{"@type":"SearchAction","target":{"@type":"EntryPoint","urlTemplate":"https:\/\/ozinzen.com\/blog\/?s={search_term_string}"},"query-input":{"@type":"PropertyValueSpecification","valueRequired":true,"valueName":"search_term_string"}}],"inLanguage":"fr-FR"},{"@type":"Organization","@id":"https:\/\/ozinzen.com\/blog\/#organization","name":"Ozinzen","url":"https:\/\/ozinzen.com\/blog\/","logo":{"@type":"ImageObject","inLanguage":"fr-FR","@id":"https:\/\/ozinzen.com\/blog\/#\/schema\/logo\/image\/","url":"https:\/\/ozinzen.com\/blog\/wp-content\/uploads\/2023\/01\/ozinzen.png","contentUrl":"https:\/\/ozinzen.com\/blog\/wp-content\/uploads\/2023\/01\/ozinzen.png","width":64,"height":64,"caption":"Ozinzen"},"image":{"@id":"https:\/\/ozinzen.com\/blog\/#\/schema\/logo\/image\/"},"sameAs":["https:\/\/x.com\/ozinzen"]},{"@type":"Person","@id":"https:\/\/ozinzen.com\/blog\/#\/schema\/person\/c3f9b942ea7cfc90188ae840a2cf2fb1","name":"Marc Sigrist","image":{"@type":"ImageObject","inLanguage":"fr-FR","@id":"https:\/\/ozinzen.com\/blog\/#\/schema\/person\/image\/","url":"https:\/\/secure.gravatar.com\/avatar\/187f82243f15c243b39ac53fcbd3ac6ae072d40425f7b43c2878b6fb120dbb31?s=96&d=mm&r=g","contentUrl":"https:\/\/secure.gravatar.com\/avatar\/187f82243f15c243b39ac53fcbd3ac6ae072d40425f7b43c2878b6fb120dbb31?s=96&d=mm&r=g","caption":"Marc Sigrist"}}]}},"amp_enabled":true,"_links":{"self":[{"href":"https:\/\/ozinzen.com\/blog\/wp-json\/wp\/v2\/posts\/4540","targetHints":{"allow":["GET"]}}],"collection":[{"href":"https:\/\/ozinzen.com\/blog\/wp-json\/wp\/v2\/posts"}],"about":[{"href":"https:\/\/ozinzen.com\/blog\/wp-json\/wp\/v2\/types\/post"}],"author":[{"embeddable":true,"href":"https:\/\/ozinzen.com\/blog\/wp-json\/wp\/v2\/users\/2"}],"replies":[{"embeddable":true,"href":"https:\/\/ozinzen.com\/blog\/wp-json\/wp\/v2\/comments?post=4540"}],"version-history":[{"count":10,"href":"https:\/\/ozinzen.com\/blog\/wp-json\/wp\/v2\/posts\/4540\/revisions"}],"predecessor-version":[{"id":4551,"href":"https:\/\/ozinzen.com\/blog\/wp-json\/wp\/v2\/posts\/4540\/revisions\/4551"}],"wp:featuredmedia":[{"embeddable":true,"href":"https:\/\/ozinzen.com\/blog\/wp-json\/wp\/v2\/media\/4542"}],"wp:attachment":[{"href":"https:\/\/ozinzen.com\/blog\/wp-json\/wp\/v2\/media?parent=4540"}],"wp:term":[{"taxonomy":"category","embeddable":true,"href":"https:\/\/ozinzen.com\/blog\/wp-json\/wp\/v2\/categories?post=4540"},{"taxonomy":"post_tag","embeddable":true,"href":"https:\/\/ozinzen.com\/blog\/wp-json\/wp\/v2\/tags?post=4540"}],"curies":[{"name":"wp","href":"https:\/\/api.w.org\/{rel}","templated":true}]}}