{"id":4610,"date":"2015-11-23T20:28:07","date_gmt":"2015-11-23T19:28:07","guid":{"rendered":"http:\/\/ozinzen.com\/blog\/?p=4610"},"modified":"2016-03-10T07:12:14","modified_gmt":"2016-03-10T06:12:14","slug":"canada-classe-de-yoga-interdite-non-respect-politiquement-correct","status":"publish","type":"post","link":"https:\/\/ozinzen.com\/blog\/canada-classe-de-yoga-interdite-non-respect-politiquement-correct\/","title":{"rendered":"Au Canada, une classe de yoga interdite pour non-respect du politiquement correct"},"content":{"rendered":"<p style=\"text-align: justify;\"><a href=\"http:\/\/ozinzen.com\/blog\/wp-content\/uploads\/2015\/11\/yoga-cours-belle-photo.jpg\"><img loading=\"lazy\" decoding=\"async\" class=\"alignnone size-full wp-image-4612\" src=\"http:\/\/ozinzen.com\/blog\/wp-content\/uploads\/2015\/11\/yoga-cours-belle-photo.jpg\" alt=\"yoga cours belle photo\" width=\"980\" height=\"490\" srcset=\"https:\/\/ozinzen.com\/blog\/wp-content\/uploads\/2015\/11\/yoga-cours-belle-photo.jpg 980w, https:\/\/ozinzen.com\/blog\/wp-content\/uploads\/2015\/11\/yoga-cours-belle-photo-300x150.jpg 300w\" sizes=\"auto, (max-width: 980px) 100vw, 980px\" \/><\/a><\/p>\n<p style=\"text-align: justify;\"><span style=\"color: #000000;\">Le Canada est un des pays les plus politiquement correct au monde. Le politiquement correct a de nombreux effets pervers, les \u00e9l\u00e8ves d\u2019une classe de yoga viennent d\u2019en faire les frais.<\/span><!--more--><\/p>\n<p style=\"text-align: justify;\"><span style=\"color: #000000;\">Une classe de yoga de l\u2019universit\u00e9 d\u2019Ottawa a ainsi \u00e9t\u00e9 annul\u00e9e en raison de plaintes affirmant que les le\u00e7ons de yoga correspondent \u00e0 une \u00ab appropriation culturelle\u00a0\u00bb d&rsquo;une pratique non occidentale.<\/span><\/p>\n<p style=\"text-align: justify;\"><span style=\"color: #000000;\">Jen Scharf, une enseignante de yoga qui offrait des s\u00e9ances hebdomadaires gratuites aux \u00e9tudiants de l&rsquo;Universit\u00e9 d&rsquo;Ottawa depuis 2008, a d\u00e9clar\u00e9 avoir re\u00e7u un message l\u2019informant que les classes de yoga devaient \u00eatre suspendues d\u00e9finitivement.<\/span><\/p>\n<p style=\"text-align: justify;\"><span style=\"color: #000000;\">\u00ab\u00a0Je pr\u00e9parai les classes du nouveau semestre, lorsque, sorti de nulle part, j\u2019ai re\u00e7u un email me pr\u00e9venant qu\u2019il y avait eu un d\u00e9p\u00f4t de plainte\u00a0\u00bb r\u00e9v\u00e8le Jen Scharf aux journalistes de The Independent.<\/span><\/p>\n<p style=\"text-align: justify;\"><span style=\"color: #000000;\">La d\u00e9cision d&rsquo;annuler les classes a \u00e9t\u00e9 faite par la f\u00e9d\u00e9ration \u00e9tudiante d\u2019Ottawa, le corps \u00e9tudiant ind\u00e9pendant de l&rsquo;universit\u00e9.<\/span><\/p>\n<p style=\"text-align: justify;\"><span style=\"color: #000000;\">Selon le Ottawa Sun, le personnel du Centre pour les \u00e9tudiants handicap\u00e9s, o\u00f9 les classes \u00e9taient organis\u00e9es pour les \u00e9tudiants de tous niveaux, a d\u00e9nonc\u00e9 les cours de yoga dans un email : \u00ab Bien que le yoga soit une tr\u00e8s bonne id\u00e9e, une activit\u00e9 accessible et id\u00e9ale pour les \u00e9tudiants &#8230; il y a des questions culturelles impliqu\u00e9es dans cette pratique. Le yoga a \u00e9t\u00e9 associ\u00e9 \u00e0 beaucoup de controverses ces derniers temps en raison de la fa\u00e7on dont il est pratiqu\u00e9. Il s\u2019agit d\u2019un d\u00e9tournement des cultures d\u2019origine du yoga\u00a0\u00bb<\/span><\/p>\n<p style=\"text-align: justify;\"><span style=\"color: #000000;\">L&#8217;email se poursuit ainsi : \u00ab\u00a0\u00e9tant donn\u00e9 que beaucoup de ces cultures ont connu l&rsquo;oppression, le g\u00e9nocide culturel et la diaspora \u00e0 cause du colonialisme et de la supr\u00e9matie occidentale &#8230; nous devons \u00eatre conscients de cela au cours de la pratique du yoga.\u00a0\u00bb<\/span><\/p>\n<p style=\"text-align: justify;\"><span style=\"color: #000000;\">Jen Scharf a propos\u00e9 un compromis en changeant le nom des classes de yoga en \u00ab\u00a0Mindful stretching\u00a0\u00bb, mais cela a \u00e9t\u00e9 rejet\u00e9.<br \/>\n<\/span><br \/>\n<span style=\"color: #000000;\"> Aux USA et au Canada, le mouvement grandissant du politiquement correct transforme les universit\u00e9s en espaces s\u00e9curisants, o\u00f9 la censure prot\u00e8ge les \u00e9tudiants des mots et des id\u00e9es qui pourraient les rendre mal \u00e0 l&rsquo;aise ou bien les offenser.<\/span><\/p>\n<p style=\"text-align: justify;\"><span style=\"color: #000000;\">\u00c9tant donn\u00e9 que les Beatles ont mis de la musique indienne dans certains de leurs albums, faut-il interdire les disques des Beatles au Canada en raison d&rsquo;une\u00a0\u00ab appropriation culturelle\u00a0\u00bb ?<\/span><\/p>\n","protected":false},"excerpt":{"rendered":"<p>Le Canada est un des pays les plus politiquement correct au monde. Le politiquement correct a de nombreux effets pervers, les \u00e9l\u00e8ves d\u2019une classe de yoga viennent d\u2019en faire les frais.<\/p>\n","protected":false},"author":2,"featured_media":4612,"comment_status":"open","ping_status":"open","sticky":false,"template":"","format":"standard","meta":{"_genesis_hide_title":false,"_genesis_hide_breadcrumbs":false,"_genesis_hide_singular_image":false,"_genesis_hide_footer_widgets":false,"_genesis_custom_body_class":"","_genesis_custom_post_class":"","_genesis_layout":"","footnotes":""},"categories":[55],"tags":[],"class_list":{"0":"post-4610","1":"post","2":"type-post","3":"status-publish","4":"format-standard","5":"has-post-thumbnail","7":"category-societe","8":"entry"},"yoast_head":"<!-- This site is optimized with the Yoast SEO plugin v27.1.1 - https:\/\/yoast.com\/product\/yoast-seo-wordpress\/ -->\n<title>Au Canada, une classe de yoga interdite pour non-respect du politiquement correct - Ozinzen<\/title>\n<meta name=\"description\" content=\"Le politiquement correct a de nombreux effets pervers, les \u00e9l\u00e8ves d\u2019une classe de yoga viennent d\u2019en faire les frais.\" \/>\n<meta name=\"robots\" content=\"index, follow, max-snippet:-1, max-image-preview:large, max-video-preview:-1\" \/>\n<link rel=\"canonical\" href=\"https:\/\/ozinzen.com\/blog\/canada-classe-de-yoga-interdite-non-respect-politiquement-correct\/\" \/>\n<meta property=\"og:locale\" content=\"fr_FR\" \/>\n<meta property=\"og:type\" content=\"article\" \/>\n<meta property=\"og:title\" content=\"Au Canada, une classe de yoga interdite pour non-respect du politiquement correct - Ozinzen\" \/>\n<meta property=\"og:description\" content=\"Le politiquement correct a de nombreux effets pervers, les \u00e9l\u00e8ves d\u2019une classe de yoga viennent d\u2019en faire les frais.\" \/>\n<meta property=\"og:url\" content=\"https:\/\/ozinzen.com\/blog\/canada-classe-de-yoga-interdite-non-respect-politiquement-correct\/\" \/>\n<meta property=\"og:site_name\" content=\"Ozinzen\" \/>\n<meta property=\"article:published_time\" content=\"2015-11-23T19:28:07+00:00\" \/>\n<meta property=\"article:modified_time\" content=\"2016-03-10T06:12:14+00:00\" \/>\n<meta property=\"og:image\" content=\"https:\/\/ozinzen.com\/blog\/wp-content\/uploads\/2015\/11\/yoga-cours-belle-photo.jpg\" \/>\n\t<meta property=\"og:image:width\" content=\"980\" \/>\n\t<meta property=\"og:image:height\" content=\"490\" \/>\n\t<meta property=\"og:image:type\" content=\"image\/jpeg\" \/>\n<meta name=\"author\" content=\"Marc Sigrist\" \/>\n<meta name=\"twitter:card\" content=\"summary_large_image\" \/>\n<meta name=\"twitter:creator\" content=\"@ozinzen\" \/>\n<meta name=\"twitter:site\" content=\"@ozinzen\" \/>\n<meta name=\"twitter:label1\" content=\"\u00c9crit par\" \/>\n\t<meta name=\"twitter:data1\" content=\"Marc Sigrist\" \/>\n\t<meta name=\"twitter:label2\" content=\"Dur\u00e9e de lecture estim\u00e9e\" \/>\n\t<meta name=\"twitter:data2\" content=\"2 minutes\" \/>\n<script type=\"application\/ld+json\" class=\"yoast-schema-graph\">{\"@context\":\"https:\/\/schema.org\",\"@graph\":[{\"@type\":\"Article\",\"@id\":\"https:\/\/ozinzen.com\/blog\/canada-classe-de-yoga-interdite-non-respect-politiquement-correct\/#article\",\"isPartOf\":{\"@id\":\"https:\/\/ozinzen.com\/blog\/canada-classe-de-yoga-interdite-non-respect-politiquement-correct\/\"},\"author\":{\"name\":\"Marc Sigrist\",\"@id\":\"https:\/\/ozinzen.com\/blog\/#\/schema\/person\/c3f9b942ea7cfc90188ae840a2cf2fb1\"},\"headline\":\"Au Canada, une classe de yoga interdite pour non-respect du politiquement correct\",\"datePublished\":\"2015-11-23T19:28:07+00:00\",\"dateModified\":\"2016-03-10T06:12:14+00:00\",\"mainEntityOfPage\":{\"@id\":\"https:\/\/ozinzen.com\/blog\/canada-classe-de-yoga-interdite-non-respect-politiquement-correct\/\"},\"wordCount\":421,\"commentCount\":1,\"publisher\":{\"@id\":\"https:\/\/ozinzen.com\/blog\/#organization\"},\"image\":{\"@id\":\"https:\/\/ozinzen.com\/blog\/canada-classe-de-yoga-interdite-non-respect-politiquement-correct\/#primaryimage\"},\"thumbnailUrl\":\"https:\/\/ozinzen.com\/blog\/wp-content\/uploads\/2015\/11\/yoga-cours-belle-photo.jpg\",\"articleSection\":[\"Soci\u00e9t\u00e9\"],\"inLanguage\":\"fr-FR\"},{\"@type\":\"WebPage\",\"@id\":\"https:\/\/ozinzen.com\/blog\/canada-classe-de-yoga-interdite-non-respect-politiquement-correct\/\",\"url\":\"https:\/\/ozinzen.com\/blog\/canada-classe-de-yoga-interdite-non-respect-politiquement-correct\/\",\"name\":\"Au Canada, une classe de yoga interdite pour non-respect du politiquement correct - Ozinzen\",\"isPartOf\":{\"@id\":\"https:\/\/ozinzen.com\/blog\/#website\"},\"primaryImageOfPage\":{\"@id\":\"https:\/\/ozinzen.com\/blog\/canada-classe-de-yoga-interdite-non-respect-politiquement-correct\/#primaryimage\"},\"image\":{\"@id\":\"https:\/\/ozinzen.com\/blog\/canada-classe-de-yoga-interdite-non-respect-politiquement-correct\/#primaryimage\"},\"thumbnailUrl\":\"https:\/\/ozinzen.com\/blog\/wp-content\/uploads\/2015\/11\/yoga-cours-belle-photo.jpg\",\"datePublished\":\"2015-11-23T19:28:07+00:00\",\"dateModified\":\"2016-03-10T06:12:14+00:00\",\"description\":\"Le politiquement correct a de nombreux effets pervers, les \u00e9l\u00e8ves d\u2019une classe de yoga viennent d\u2019en faire les frais.\",\"breadcrumb\":{\"@id\":\"https:\/\/ozinzen.com\/blog\/canada-classe-de-yoga-interdite-non-respect-politiquement-correct\/#breadcrumb\"},\"inLanguage\":\"fr-FR\",\"potentialAction\":[{\"@type\":\"ReadAction\",\"target\":[\"https:\/\/ozinzen.com\/blog\/canada-classe-de-yoga-interdite-non-respect-politiquement-correct\/\"]}]},{\"@type\":\"ImageObject\",\"inLanguage\":\"fr-FR\",\"@id\":\"https:\/\/ozinzen.com\/blog\/canada-classe-de-yoga-interdite-non-respect-politiquement-correct\/#primaryimage\",\"url\":\"https:\/\/ozinzen.com\/blog\/wp-content\/uploads\/2015\/11\/yoga-cours-belle-photo.jpg\",\"contentUrl\":\"https:\/\/ozinzen.com\/blog\/wp-content\/uploads\/2015\/11\/yoga-cours-belle-photo.jpg\",\"width\":980,\"height\":490,\"caption\":\"yoga cours belle photo\"},{\"@type\":\"BreadcrumbList\",\"@id\":\"https:\/\/ozinzen.com\/blog\/canada-classe-de-yoga-interdite-non-respect-politiquement-correct\/#breadcrumb\",\"itemListElement\":[{\"@type\":\"ListItem\",\"position\":1,\"name\":\"Accueil\",\"item\":\"https:\/\/ozinzen.com\/blog\/\"},{\"@type\":\"ListItem\",\"position\":2,\"name\":\"Au Canada, une classe de yoga interdite pour non-respect du politiquement correct\"}]},{\"@type\":\"WebSite\",\"@id\":\"https:\/\/ozinzen.com\/blog\/#website\",\"url\":\"https:\/\/ozinzen.com\/blog\/\",\"name\":\"Ozinzen\",\"description\":\"Mode de vie et sant\u00e9\",\"publisher\":{\"@id\":\"https:\/\/ozinzen.com\/blog\/#organization\"},\"potentialAction\":[{\"@type\":\"SearchAction\",\"target\":{\"@type\":\"EntryPoint\",\"urlTemplate\":\"https:\/\/ozinzen.com\/blog\/?s={search_term_string}\"},\"query-input\":{\"@type\":\"PropertyValueSpecification\",\"valueRequired\":true,\"valueName\":\"search_term_string\"}}],\"inLanguage\":\"fr-FR\"},{\"@type\":\"Organization\",\"@id\":\"https:\/\/ozinzen.com\/blog\/#organization\",\"name\":\"Ozinzen\",\"url\":\"https:\/\/ozinzen.com\/blog\/\",\"logo\":{\"@type\":\"ImageObject\",\"inLanguage\":\"fr-FR\",\"@id\":\"https:\/\/ozinzen.com\/blog\/#\/schema\/logo\/image\/\",\"url\":\"https:\/\/ozinzen.com\/blog\/wp-content\/uploads\/2023\/01\/ozinzen.png\",\"contentUrl\":\"https:\/\/ozinzen.com\/blog\/wp-content\/uploads\/2023\/01\/ozinzen.png\",\"width\":64,\"height\":64,\"caption\":\"Ozinzen\"},\"image\":{\"@id\":\"https:\/\/ozinzen.com\/blog\/#\/schema\/logo\/image\/\"},\"sameAs\":[\"https:\/\/x.com\/ozinzen\"]},{\"@type\":\"Person\",\"@id\":\"https:\/\/ozinzen.com\/blog\/#\/schema\/person\/c3f9b942ea7cfc90188ae840a2cf2fb1\",\"name\":\"Marc Sigrist\",\"image\":{\"@type\":\"ImageObject\",\"inLanguage\":\"fr-FR\",\"@id\":\"https:\/\/ozinzen.com\/blog\/#\/schema\/person\/image\/\",\"url\":\"https:\/\/secure.gravatar.com\/avatar\/187f82243f15c243b39ac53fcbd3ac6ae072d40425f7b43c2878b6fb120dbb31?s=96&d=mm&r=g\",\"contentUrl\":\"https:\/\/secure.gravatar.com\/avatar\/187f82243f15c243b39ac53fcbd3ac6ae072d40425f7b43c2878b6fb120dbb31?s=96&d=mm&r=g\",\"caption\":\"Marc Sigrist\"}}]}<\/script>\n<!-- \/ Yoast SEO plugin. -->","yoast_head_json":{"title":"Au Canada, une classe de yoga interdite pour non-respect du politiquement correct - Ozinzen","description":"Le politiquement correct a de nombreux effets pervers, les \u00e9l\u00e8ves d\u2019une classe de yoga viennent d\u2019en faire les frais.","robots":{"index":"index","follow":"follow","max-snippet":"max-snippet:-1","max-image-preview":"max-image-preview:large","max-video-preview":"max-video-preview:-1"},"canonical":"https:\/\/ozinzen.com\/blog\/canada-classe-de-yoga-interdite-non-respect-politiquement-correct\/","og_locale":"fr_FR","og_type":"article","og_title":"Au Canada, une classe de yoga interdite pour non-respect du politiquement correct - Ozinzen","og_description":"Le politiquement correct a de nombreux effets pervers, les \u00e9l\u00e8ves d\u2019une classe de yoga viennent d\u2019en faire les frais.","og_url":"https:\/\/ozinzen.com\/blog\/canada-classe-de-yoga-interdite-non-respect-politiquement-correct\/","og_site_name":"Ozinzen","article_published_time":"2015-11-23T19:28:07+00:00","article_modified_time":"2016-03-10T06:12:14+00:00","og_image":[{"width":980,"height":490,"url":"https:\/\/ozinzen.com\/blog\/wp-content\/uploads\/2015\/11\/yoga-cours-belle-photo.jpg","type":"image\/jpeg"}],"author":"Marc Sigrist","twitter_card":"summary_large_image","twitter_creator":"@ozinzen","twitter_site":"@ozinzen","twitter_misc":{"\u00c9crit par":"Marc Sigrist","Dur\u00e9e de lecture estim\u00e9e":"2 minutes"},"schema":{"@context":"https:\/\/schema.org","@graph":[{"@type":"Article","@id":"https:\/\/ozinzen.com\/blog\/canada-classe-de-yoga-interdite-non-respect-politiquement-correct\/#article","isPartOf":{"@id":"https:\/\/ozinzen.com\/blog\/canada-classe-de-yoga-interdite-non-respect-politiquement-correct\/"},"author":{"name":"Marc Sigrist","@id":"https:\/\/ozinzen.com\/blog\/#\/schema\/person\/c3f9b942ea7cfc90188ae840a2cf2fb1"},"headline":"Au Canada, une classe de yoga interdite pour non-respect du politiquement correct","datePublished":"2015-11-23T19:28:07+00:00","dateModified":"2016-03-10T06:12:14+00:00","mainEntityOfPage":{"@id":"https:\/\/ozinzen.com\/blog\/canada-classe-de-yoga-interdite-non-respect-politiquement-correct\/"},"wordCount":421,"commentCount":1,"publisher":{"@id":"https:\/\/ozinzen.com\/blog\/#organization"},"image":{"@id":"https:\/\/ozinzen.com\/blog\/canada-classe-de-yoga-interdite-non-respect-politiquement-correct\/#primaryimage"},"thumbnailUrl":"https:\/\/ozinzen.com\/blog\/wp-content\/uploads\/2015\/11\/yoga-cours-belle-photo.jpg","articleSection":["Soci\u00e9t\u00e9"],"inLanguage":"fr-FR"},{"@type":"WebPage","@id":"https:\/\/ozinzen.com\/blog\/canada-classe-de-yoga-interdite-non-respect-politiquement-correct\/","url":"https:\/\/ozinzen.com\/blog\/canada-classe-de-yoga-interdite-non-respect-politiquement-correct\/","name":"Au Canada, une classe de yoga interdite pour non-respect du politiquement correct - Ozinzen","isPartOf":{"@id":"https:\/\/ozinzen.com\/blog\/#website"},"primaryImageOfPage":{"@id":"https:\/\/ozinzen.com\/blog\/canada-classe-de-yoga-interdite-non-respect-politiquement-correct\/#primaryimage"},"image":{"@id":"https:\/\/ozinzen.com\/blog\/canada-classe-de-yoga-interdite-non-respect-politiquement-correct\/#primaryimage"},"thumbnailUrl":"https:\/\/ozinzen.com\/blog\/wp-content\/uploads\/2015\/11\/yoga-cours-belle-photo.jpg","datePublished":"2015-11-23T19:28:07+00:00","dateModified":"2016-03-10T06:12:14+00:00","description":"Le politiquement correct a de nombreux effets pervers, les \u00e9l\u00e8ves d\u2019une classe de yoga viennent d\u2019en faire les frais.","breadcrumb":{"@id":"https:\/\/ozinzen.com\/blog\/canada-classe-de-yoga-interdite-non-respect-politiquement-correct\/#breadcrumb"},"inLanguage":"fr-FR","potentialAction":[{"@type":"ReadAction","target":["https:\/\/ozinzen.com\/blog\/canada-classe-de-yoga-interdite-non-respect-politiquement-correct\/"]}]},{"@type":"ImageObject","inLanguage":"fr-FR","@id":"https:\/\/ozinzen.com\/blog\/canada-classe-de-yoga-interdite-non-respect-politiquement-correct\/#primaryimage","url":"https:\/\/ozinzen.com\/blog\/wp-content\/uploads\/2015\/11\/yoga-cours-belle-photo.jpg","contentUrl":"https:\/\/ozinzen.com\/blog\/wp-content\/uploads\/2015\/11\/yoga-cours-belle-photo.jpg","width":980,"height":490,"caption":"yoga cours belle photo"},{"@type":"BreadcrumbList","@id":"https:\/\/ozinzen.com\/blog\/canada-classe-de-yoga-interdite-non-respect-politiquement-correct\/#breadcrumb","itemListElement":[{"@type":"ListItem","position":1,"name":"Accueil","item":"https:\/\/ozinzen.com\/blog\/"},{"@type":"ListItem","position":2,"name":"Au Canada, une classe de yoga interdite pour non-respect du politiquement correct"}]},{"@type":"WebSite","@id":"https:\/\/ozinzen.com\/blog\/#website","url":"https:\/\/ozinzen.com\/blog\/","name":"Ozinzen","description":"Mode de vie et sant\u00e9","publisher":{"@id":"https:\/\/ozinzen.com\/blog\/#organization"},"potentialAction":[{"@type":"SearchAction","target":{"@type":"EntryPoint","urlTemplate":"https:\/\/ozinzen.com\/blog\/?s={search_term_string}"},"query-input":{"@type":"PropertyValueSpecification","valueRequired":true,"valueName":"search_term_string"}}],"inLanguage":"fr-FR"},{"@type":"Organization","@id":"https:\/\/ozinzen.com\/blog\/#organization","name":"Ozinzen","url":"https:\/\/ozinzen.com\/blog\/","logo":{"@type":"ImageObject","inLanguage":"fr-FR","@id":"https:\/\/ozinzen.com\/blog\/#\/schema\/logo\/image\/","url":"https:\/\/ozinzen.com\/blog\/wp-content\/uploads\/2023\/01\/ozinzen.png","contentUrl":"https:\/\/ozinzen.com\/blog\/wp-content\/uploads\/2023\/01\/ozinzen.png","width":64,"height":64,"caption":"Ozinzen"},"image":{"@id":"https:\/\/ozinzen.com\/blog\/#\/schema\/logo\/image\/"},"sameAs":["https:\/\/x.com\/ozinzen"]},{"@type":"Person","@id":"https:\/\/ozinzen.com\/blog\/#\/schema\/person\/c3f9b942ea7cfc90188ae840a2cf2fb1","name":"Marc Sigrist","image":{"@type":"ImageObject","inLanguage":"fr-FR","@id":"https:\/\/ozinzen.com\/blog\/#\/schema\/person\/image\/","url":"https:\/\/secure.gravatar.com\/avatar\/187f82243f15c243b39ac53fcbd3ac6ae072d40425f7b43c2878b6fb120dbb31?s=96&d=mm&r=g","contentUrl":"https:\/\/secure.gravatar.com\/avatar\/187f82243f15c243b39ac53fcbd3ac6ae072d40425f7b43c2878b6fb120dbb31?s=96&d=mm&r=g","caption":"Marc Sigrist"}}]}},"amp_enabled":true,"_links":{"self":[{"href":"https:\/\/ozinzen.com\/blog\/wp-json\/wp\/v2\/posts\/4610","targetHints":{"allow":["GET"]}}],"collection":[{"href":"https:\/\/ozinzen.com\/blog\/wp-json\/wp\/v2\/posts"}],"about":[{"href":"https:\/\/ozinzen.com\/blog\/wp-json\/wp\/v2\/types\/post"}],"author":[{"embeddable":true,"href":"https:\/\/ozinzen.com\/blog\/wp-json\/wp\/v2\/users\/2"}],"replies":[{"embeddable":true,"href":"https:\/\/ozinzen.com\/blog\/wp-json\/wp\/v2\/comments?post=4610"}],"version-history":[{"count":10,"href":"https:\/\/ozinzen.com\/blog\/wp-json\/wp\/v2\/posts\/4610\/revisions"}],"predecessor-version":[{"id":4621,"href":"https:\/\/ozinzen.com\/blog\/wp-json\/wp\/v2\/posts\/4610\/revisions\/4621"}],"wp:featuredmedia":[{"embeddable":true,"href":"https:\/\/ozinzen.com\/blog\/wp-json\/wp\/v2\/media\/4612"}],"wp:attachment":[{"href":"https:\/\/ozinzen.com\/blog\/wp-json\/wp\/v2\/media?parent=4610"}],"wp:term":[{"taxonomy":"category","embeddable":true,"href":"https:\/\/ozinzen.com\/blog\/wp-json\/wp\/v2\/categories?post=4610"},{"taxonomy":"post_tag","embeddable":true,"href":"https:\/\/ozinzen.com\/blog\/wp-json\/wp\/v2\/tags?post=4610"}],"curies":[{"name":"wp","href":"https:\/\/api.w.org\/{rel}","templated":true}]}}