{"id":4705,"date":"2015-12-04T11:51:16","date_gmt":"2015-12-04T10:51:16","guid":{"rendered":"http:\/\/ozinzen.com\/blog\/?p=4705"},"modified":"2015-12-10T16:25:23","modified_gmt":"2015-12-10T15:25:23","slug":"victime-du-terrorisme-elle-danse-a-nouveau-grace-a-une-jambe-bionique","status":"publish","type":"post","link":"https:\/\/ozinzen.com\/blog\/victime-du-terrorisme-elle-danse-a-nouveau-grace-a-une-jambe-bionique\/","title":{"rendered":"Victime du terrorisme, elle danse \u00e0 nouveau gr\u00e2ce \u00e0 une jambe bionique"},"content":{"rendered":"<p><span style=\"color: #000000;\"><a style=\"color: #000000;\" href=\"http:\/\/ozinzen.com\/blog\/wp-content\/uploads\/2015\/12\/danseuse-jambe-bionique.jpg\"><img loading=\"lazy\" decoding=\"async\" class=\"alignnone size-full wp-image-4706\" src=\"http:\/\/ozinzen.com\/blog\/wp-content\/uploads\/2015\/12\/danseuse-jambe-bionique.jpg\" alt=\"danseuse jambe bionique\" width=\"620\" height=\"350\" srcset=\"https:\/\/ozinzen.com\/blog\/wp-content\/uploads\/2015\/12\/danseuse-jambe-bionique.jpg 620w, https:\/\/ozinzen.com\/blog\/wp-content\/uploads\/2015\/12\/danseuse-jambe-bionique-300x169.jpg 300w\" sizes=\"auto, (max-width: 620px) 100vw, 620px\" \/><\/a><\/span><\/p>\n<p style=\"text-align: justify;\"><span style=\"color: #000000;\">La danseuse Haslet-Davis, qui a perdu sa jambe gauche en 2013 lors de l&rsquo;attentat du marathon de Boston, se produit de nouveau sur la sc\u00e8ne.<\/span><\/p>\n<p style=\"text-align: justify;\"><span style=\"color: #000000;\"><!--more--><\/span><\/p>\n<p style=\"text-align: justify;\"><span style=\"color: #000000;\"><strong>A voir sur Youtube <span style=\"color: #ff0000;\"><a style=\"color: #ff0000;\" href=\"https:\/\/youtu.be\/CDsNZJTWw0w?t=16m39s\" target=\"_blank\">sur ce lien<\/a>.<\/span><\/strong><\/span><\/p>\n<p style=\"text-align: justify;\"><span style=\"color: #000000;\">Hugh Herr a invent\u00e9 cette nouvelle g\u00e9n\u00e9ration de membres bioniques, des proth\u00e8ses robotiques inspir\u00e9es par ses propres conceptions de la nature.<\/span><\/p>\n<p style=\"text-align: justify;\"><span style=\"color: #000000;\">Hugh a perdu ses deux jambes dans un accident d&rsquo;escalade il y a 30 ans. Maintenant \u00e0 la t\u00eate du groupe Biom\u00e9catronique du Media Lab du MIT, il montre son incroyable technologie dans un expos\u00e9 qui est \u00e0 la fois technique et profond\u00e9ment personnel.<\/span><\/p>\n<p style=\"text-align: justify;\"><span style=\"color: #000000;\">\u00a0<\/span><\/p>\n","protected":false},"excerpt":{"rendered":"<p>La danseuse Haslet-Davis, qui a perdu sa jambe gauche en 2013 lors de l&rsquo;attentat du marathon de Boston, se produit de nouveau sur la sc\u00e8ne.<\/p>\n","protected":false},"author":2,"featured_media":4706,"comment_status":"open","ping_status":"open","sticky":false,"template":"","format":"standard","meta":{"_genesis_hide_title":false,"_genesis_hide_breadcrumbs":false,"_genesis_hide_singular_image":false,"_genesis_hide_footer_widgets":false,"_genesis_custom_body_class":"","_genesis_custom_post_class":"","_genesis_layout":"","footnotes":""},"categories":[27],"tags":[],"class_list":{"0":"post-4705","1":"post","2":"type-post","3":"status-publish","4":"format-standard","5":"has-post-thumbnail","7":"category-sante","8":"entry"},"yoast_head":"<!-- This site is optimized with the Yoast SEO plugin v27.1.1 - https:\/\/yoast.com\/product\/yoast-seo-wordpress\/ -->\n<title>Victime du terrorisme, elle danse \u00e0 nouveau gr\u00e2ce \u00e0 une jambe bionique - Ozinzen<\/title>\n<meta name=\"description\" content=\"La danseuse Haslet-Davis, qui a perdu sa jambe gauche en 2013 lors de l&#039;attentat du marathon de Boston, se produit de nouveau sur la sc\u00e8ne.\" \/>\n<meta name=\"robots\" content=\"index, follow, max-snippet:-1, max-image-preview:large, max-video-preview:-1\" \/>\n<link rel=\"canonical\" href=\"https:\/\/ozinzen.com\/blog\/victime-du-terrorisme-elle-danse-a-nouveau-grace-a-une-jambe-bionique\/\" \/>\n<meta property=\"og:locale\" content=\"fr_FR\" \/>\n<meta property=\"og:type\" content=\"article\" \/>\n<meta property=\"og:title\" content=\"Victime du terrorisme, elle danse \u00e0 nouveau gr\u00e2ce \u00e0 une jambe bionique - Ozinzen\" \/>\n<meta property=\"og:description\" content=\"La danseuse Haslet-Davis, qui a perdu sa jambe gauche en 2013 lors de l&#039;attentat du marathon de Boston, se produit de nouveau sur la sc\u00e8ne.\" \/>\n<meta property=\"og:url\" content=\"https:\/\/ozinzen.com\/blog\/victime-du-terrorisme-elle-danse-a-nouveau-grace-a-une-jambe-bionique\/\" \/>\n<meta property=\"og:site_name\" content=\"Ozinzen\" \/>\n<meta property=\"article:published_time\" content=\"2015-12-04T10:51:16+00:00\" \/>\n<meta property=\"article:modified_time\" content=\"2015-12-10T15:25:23+00:00\" \/>\n<meta property=\"og:image\" content=\"https:\/\/ozinzen.com\/blog\/wp-content\/uploads\/2015\/12\/danseuse-jambe-bionique.jpg\" \/>\n\t<meta property=\"og:image:width\" content=\"620\" \/>\n\t<meta property=\"og:image:height\" content=\"350\" \/>\n\t<meta property=\"og:image:type\" content=\"image\/jpeg\" \/>\n<meta name=\"author\" content=\"Marc Sigrist\" \/>\n<meta name=\"twitter:card\" content=\"summary_large_image\" \/>\n<meta name=\"twitter:creator\" content=\"@ozinzen\" \/>\n<meta name=\"twitter:site\" content=\"@ozinzen\" \/>\n<meta name=\"twitter:label1\" content=\"\u00c9crit par\" \/>\n\t<meta name=\"twitter:data1\" content=\"Marc Sigrist\" \/>\n\t<meta name=\"twitter:label2\" content=\"Dur\u00e9e de lecture estim\u00e9e\" \/>\n\t<meta name=\"twitter:data2\" content=\"1 minute\" \/>\n<script type=\"application\/ld+json\" class=\"yoast-schema-graph\">{\"@context\":\"https:\/\/schema.org\",\"@graph\":[{\"@type\":\"Article\",\"@id\":\"https:\/\/ozinzen.com\/blog\/victime-du-terrorisme-elle-danse-a-nouveau-grace-a-une-jambe-bionique\/#article\",\"isPartOf\":{\"@id\":\"https:\/\/ozinzen.com\/blog\/victime-du-terrorisme-elle-danse-a-nouveau-grace-a-une-jambe-bionique\/\"},\"author\":{\"name\":\"Marc Sigrist\",\"@id\":\"https:\/\/ozinzen.com\/blog\/#\/schema\/person\/c3f9b942ea7cfc90188ae840a2cf2fb1\"},\"headline\":\"Victime du terrorisme, elle danse \u00e0 nouveau gr\u00e2ce \u00e0 une jambe bionique\",\"datePublished\":\"2015-12-04T10:51:16+00:00\",\"dateModified\":\"2015-12-10T15:25:23+00:00\",\"mainEntityOfPage\":{\"@id\":\"https:\/\/ozinzen.com\/blog\/victime-du-terrorisme-elle-danse-a-nouveau-grace-a-une-jambe-bionique\/\"},\"wordCount\":112,\"commentCount\":0,\"publisher\":{\"@id\":\"https:\/\/ozinzen.com\/blog\/#organization\"},\"image\":{\"@id\":\"https:\/\/ozinzen.com\/blog\/victime-du-terrorisme-elle-danse-a-nouveau-grace-a-une-jambe-bionique\/#primaryimage\"},\"thumbnailUrl\":\"https:\/\/ozinzen.com\/blog\/wp-content\/uploads\/2015\/12\/danseuse-jambe-bionique.jpg\",\"articleSection\":[\"Sant\u00e9\"],\"inLanguage\":\"fr-FR\"},{\"@type\":\"WebPage\",\"@id\":\"https:\/\/ozinzen.com\/blog\/victime-du-terrorisme-elle-danse-a-nouveau-grace-a-une-jambe-bionique\/\",\"url\":\"https:\/\/ozinzen.com\/blog\/victime-du-terrorisme-elle-danse-a-nouveau-grace-a-une-jambe-bionique\/\",\"name\":\"Victime du terrorisme, elle danse \u00e0 nouveau gr\u00e2ce \u00e0 une jambe bionique - Ozinzen\",\"isPartOf\":{\"@id\":\"https:\/\/ozinzen.com\/blog\/#website\"},\"primaryImageOfPage\":{\"@id\":\"https:\/\/ozinzen.com\/blog\/victime-du-terrorisme-elle-danse-a-nouveau-grace-a-une-jambe-bionique\/#primaryimage\"},\"image\":{\"@id\":\"https:\/\/ozinzen.com\/blog\/victime-du-terrorisme-elle-danse-a-nouveau-grace-a-une-jambe-bionique\/#primaryimage\"},\"thumbnailUrl\":\"https:\/\/ozinzen.com\/blog\/wp-content\/uploads\/2015\/12\/danseuse-jambe-bionique.jpg\",\"datePublished\":\"2015-12-04T10:51:16+00:00\",\"dateModified\":\"2015-12-10T15:25:23+00:00\",\"description\":\"La danseuse Haslet-Davis, qui a perdu sa jambe gauche en 2013 lors de l'attentat du marathon de Boston, se produit de nouveau sur la sc\u00e8ne.\",\"breadcrumb\":{\"@id\":\"https:\/\/ozinzen.com\/blog\/victime-du-terrorisme-elle-danse-a-nouveau-grace-a-une-jambe-bionique\/#breadcrumb\"},\"inLanguage\":\"fr-FR\",\"potentialAction\":[{\"@type\":\"ReadAction\",\"target\":[\"https:\/\/ozinzen.com\/blog\/victime-du-terrorisme-elle-danse-a-nouveau-grace-a-une-jambe-bionique\/\"]}]},{\"@type\":\"ImageObject\",\"inLanguage\":\"fr-FR\",\"@id\":\"https:\/\/ozinzen.com\/blog\/victime-du-terrorisme-elle-danse-a-nouveau-grace-a-une-jambe-bionique\/#primaryimage\",\"url\":\"https:\/\/ozinzen.com\/blog\/wp-content\/uploads\/2015\/12\/danseuse-jambe-bionique.jpg\",\"contentUrl\":\"https:\/\/ozinzen.com\/blog\/wp-content\/uploads\/2015\/12\/danseuse-jambe-bionique.jpg\",\"width\":620,\"height\":350,\"caption\":\"danseuse jambe bionique\"},{\"@type\":\"BreadcrumbList\",\"@id\":\"https:\/\/ozinzen.com\/blog\/victime-du-terrorisme-elle-danse-a-nouveau-grace-a-une-jambe-bionique\/#breadcrumb\",\"itemListElement\":[{\"@type\":\"ListItem\",\"position\":1,\"name\":\"Accueil\",\"item\":\"https:\/\/ozinzen.com\/blog\/\"},{\"@type\":\"ListItem\",\"position\":2,\"name\":\"Victime du terrorisme, elle danse \u00e0 nouveau gr\u00e2ce \u00e0 une jambe bionique\"}]},{\"@type\":\"WebSite\",\"@id\":\"https:\/\/ozinzen.com\/blog\/#website\",\"url\":\"https:\/\/ozinzen.com\/blog\/\",\"name\":\"Ozinzen\",\"description\":\"Mode de vie et sant\u00e9\",\"publisher\":{\"@id\":\"https:\/\/ozinzen.com\/blog\/#organization\"},\"potentialAction\":[{\"@type\":\"SearchAction\",\"target\":{\"@type\":\"EntryPoint\",\"urlTemplate\":\"https:\/\/ozinzen.com\/blog\/?s={search_term_string}\"},\"query-input\":{\"@type\":\"PropertyValueSpecification\",\"valueRequired\":true,\"valueName\":\"search_term_string\"}}],\"inLanguage\":\"fr-FR\"},{\"@type\":\"Organization\",\"@id\":\"https:\/\/ozinzen.com\/blog\/#organization\",\"name\":\"Ozinzen\",\"url\":\"https:\/\/ozinzen.com\/blog\/\",\"logo\":{\"@type\":\"ImageObject\",\"inLanguage\":\"fr-FR\",\"@id\":\"https:\/\/ozinzen.com\/blog\/#\/schema\/logo\/image\/\",\"url\":\"https:\/\/ozinzen.com\/blog\/wp-content\/uploads\/2023\/01\/ozinzen.png\",\"contentUrl\":\"https:\/\/ozinzen.com\/blog\/wp-content\/uploads\/2023\/01\/ozinzen.png\",\"width\":64,\"height\":64,\"caption\":\"Ozinzen\"},\"image\":{\"@id\":\"https:\/\/ozinzen.com\/blog\/#\/schema\/logo\/image\/\"},\"sameAs\":[\"https:\/\/x.com\/ozinzen\"]},{\"@type\":\"Person\",\"@id\":\"https:\/\/ozinzen.com\/blog\/#\/schema\/person\/c3f9b942ea7cfc90188ae840a2cf2fb1\",\"name\":\"Marc Sigrist\",\"image\":{\"@type\":\"ImageObject\",\"inLanguage\":\"fr-FR\",\"@id\":\"https:\/\/ozinzen.com\/blog\/#\/schema\/person\/image\/\",\"url\":\"https:\/\/secure.gravatar.com\/avatar\/187f82243f15c243b39ac53fcbd3ac6ae072d40425f7b43c2878b6fb120dbb31?s=96&d=mm&r=g\",\"contentUrl\":\"https:\/\/secure.gravatar.com\/avatar\/187f82243f15c243b39ac53fcbd3ac6ae072d40425f7b43c2878b6fb120dbb31?s=96&d=mm&r=g\",\"caption\":\"Marc Sigrist\"}}]}<\/script>\n<!-- \/ Yoast SEO plugin. -->","yoast_head_json":{"title":"Victime du terrorisme, elle danse \u00e0 nouveau gr\u00e2ce \u00e0 une jambe bionique - Ozinzen","description":"La danseuse Haslet-Davis, qui a perdu sa jambe gauche en 2013 lors de l'attentat du marathon de Boston, se produit de nouveau sur la sc\u00e8ne.","robots":{"index":"index","follow":"follow","max-snippet":"max-snippet:-1","max-image-preview":"max-image-preview:large","max-video-preview":"max-video-preview:-1"},"canonical":"https:\/\/ozinzen.com\/blog\/victime-du-terrorisme-elle-danse-a-nouveau-grace-a-une-jambe-bionique\/","og_locale":"fr_FR","og_type":"article","og_title":"Victime du terrorisme, elle danse \u00e0 nouveau gr\u00e2ce \u00e0 une jambe bionique - Ozinzen","og_description":"La danseuse Haslet-Davis, qui a perdu sa jambe gauche en 2013 lors de l'attentat du marathon de Boston, se produit de nouveau sur la sc\u00e8ne.","og_url":"https:\/\/ozinzen.com\/blog\/victime-du-terrorisme-elle-danse-a-nouveau-grace-a-une-jambe-bionique\/","og_site_name":"Ozinzen","article_published_time":"2015-12-04T10:51:16+00:00","article_modified_time":"2015-12-10T15:25:23+00:00","og_image":[{"width":620,"height":350,"url":"https:\/\/ozinzen.com\/blog\/wp-content\/uploads\/2015\/12\/danseuse-jambe-bionique.jpg","type":"image\/jpeg"}],"author":"Marc Sigrist","twitter_card":"summary_large_image","twitter_creator":"@ozinzen","twitter_site":"@ozinzen","twitter_misc":{"\u00c9crit par":"Marc Sigrist","Dur\u00e9e de lecture estim\u00e9e":"1 minute"},"schema":{"@context":"https:\/\/schema.org","@graph":[{"@type":"Article","@id":"https:\/\/ozinzen.com\/blog\/victime-du-terrorisme-elle-danse-a-nouveau-grace-a-une-jambe-bionique\/#article","isPartOf":{"@id":"https:\/\/ozinzen.com\/blog\/victime-du-terrorisme-elle-danse-a-nouveau-grace-a-une-jambe-bionique\/"},"author":{"name":"Marc Sigrist","@id":"https:\/\/ozinzen.com\/blog\/#\/schema\/person\/c3f9b942ea7cfc90188ae840a2cf2fb1"},"headline":"Victime du terrorisme, elle danse \u00e0 nouveau gr\u00e2ce \u00e0 une jambe bionique","datePublished":"2015-12-04T10:51:16+00:00","dateModified":"2015-12-10T15:25:23+00:00","mainEntityOfPage":{"@id":"https:\/\/ozinzen.com\/blog\/victime-du-terrorisme-elle-danse-a-nouveau-grace-a-une-jambe-bionique\/"},"wordCount":112,"commentCount":0,"publisher":{"@id":"https:\/\/ozinzen.com\/blog\/#organization"},"image":{"@id":"https:\/\/ozinzen.com\/blog\/victime-du-terrorisme-elle-danse-a-nouveau-grace-a-une-jambe-bionique\/#primaryimage"},"thumbnailUrl":"https:\/\/ozinzen.com\/blog\/wp-content\/uploads\/2015\/12\/danseuse-jambe-bionique.jpg","articleSection":["Sant\u00e9"],"inLanguage":"fr-FR"},{"@type":"WebPage","@id":"https:\/\/ozinzen.com\/blog\/victime-du-terrorisme-elle-danse-a-nouveau-grace-a-une-jambe-bionique\/","url":"https:\/\/ozinzen.com\/blog\/victime-du-terrorisme-elle-danse-a-nouveau-grace-a-une-jambe-bionique\/","name":"Victime du terrorisme, elle danse \u00e0 nouveau gr\u00e2ce \u00e0 une jambe bionique - Ozinzen","isPartOf":{"@id":"https:\/\/ozinzen.com\/blog\/#website"},"primaryImageOfPage":{"@id":"https:\/\/ozinzen.com\/blog\/victime-du-terrorisme-elle-danse-a-nouveau-grace-a-une-jambe-bionique\/#primaryimage"},"image":{"@id":"https:\/\/ozinzen.com\/blog\/victime-du-terrorisme-elle-danse-a-nouveau-grace-a-une-jambe-bionique\/#primaryimage"},"thumbnailUrl":"https:\/\/ozinzen.com\/blog\/wp-content\/uploads\/2015\/12\/danseuse-jambe-bionique.jpg","datePublished":"2015-12-04T10:51:16+00:00","dateModified":"2015-12-10T15:25:23+00:00","description":"La danseuse Haslet-Davis, qui a perdu sa jambe gauche en 2013 lors de l'attentat du marathon de Boston, se produit de nouveau sur la sc\u00e8ne.","breadcrumb":{"@id":"https:\/\/ozinzen.com\/blog\/victime-du-terrorisme-elle-danse-a-nouveau-grace-a-une-jambe-bionique\/#breadcrumb"},"inLanguage":"fr-FR","potentialAction":[{"@type":"ReadAction","target":["https:\/\/ozinzen.com\/blog\/victime-du-terrorisme-elle-danse-a-nouveau-grace-a-une-jambe-bionique\/"]}]},{"@type":"ImageObject","inLanguage":"fr-FR","@id":"https:\/\/ozinzen.com\/blog\/victime-du-terrorisme-elle-danse-a-nouveau-grace-a-une-jambe-bionique\/#primaryimage","url":"https:\/\/ozinzen.com\/blog\/wp-content\/uploads\/2015\/12\/danseuse-jambe-bionique.jpg","contentUrl":"https:\/\/ozinzen.com\/blog\/wp-content\/uploads\/2015\/12\/danseuse-jambe-bionique.jpg","width":620,"height":350,"caption":"danseuse jambe bionique"},{"@type":"BreadcrumbList","@id":"https:\/\/ozinzen.com\/blog\/victime-du-terrorisme-elle-danse-a-nouveau-grace-a-une-jambe-bionique\/#breadcrumb","itemListElement":[{"@type":"ListItem","position":1,"name":"Accueil","item":"https:\/\/ozinzen.com\/blog\/"},{"@type":"ListItem","position":2,"name":"Victime du terrorisme, elle danse \u00e0 nouveau gr\u00e2ce \u00e0 une jambe bionique"}]},{"@type":"WebSite","@id":"https:\/\/ozinzen.com\/blog\/#website","url":"https:\/\/ozinzen.com\/blog\/","name":"Ozinzen","description":"Mode de vie et sant\u00e9","publisher":{"@id":"https:\/\/ozinzen.com\/blog\/#organization"},"potentialAction":[{"@type":"SearchAction","target":{"@type":"EntryPoint","urlTemplate":"https:\/\/ozinzen.com\/blog\/?s={search_term_string}"},"query-input":{"@type":"PropertyValueSpecification","valueRequired":true,"valueName":"search_term_string"}}],"inLanguage":"fr-FR"},{"@type":"Organization","@id":"https:\/\/ozinzen.com\/blog\/#organization","name":"Ozinzen","url":"https:\/\/ozinzen.com\/blog\/","logo":{"@type":"ImageObject","inLanguage":"fr-FR","@id":"https:\/\/ozinzen.com\/blog\/#\/schema\/logo\/image\/","url":"https:\/\/ozinzen.com\/blog\/wp-content\/uploads\/2023\/01\/ozinzen.png","contentUrl":"https:\/\/ozinzen.com\/blog\/wp-content\/uploads\/2023\/01\/ozinzen.png","width":64,"height":64,"caption":"Ozinzen"},"image":{"@id":"https:\/\/ozinzen.com\/blog\/#\/schema\/logo\/image\/"},"sameAs":["https:\/\/x.com\/ozinzen"]},{"@type":"Person","@id":"https:\/\/ozinzen.com\/blog\/#\/schema\/person\/c3f9b942ea7cfc90188ae840a2cf2fb1","name":"Marc Sigrist","image":{"@type":"ImageObject","inLanguage":"fr-FR","@id":"https:\/\/ozinzen.com\/blog\/#\/schema\/person\/image\/","url":"https:\/\/secure.gravatar.com\/avatar\/187f82243f15c243b39ac53fcbd3ac6ae072d40425f7b43c2878b6fb120dbb31?s=96&d=mm&r=g","contentUrl":"https:\/\/secure.gravatar.com\/avatar\/187f82243f15c243b39ac53fcbd3ac6ae072d40425f7b43c2878b6fb120dbb31?s=96&d=mm&r=g","caption":"Marc Sigrist"}}]}},"amp_enabled":true,"_links":{"self":[{"href":"https:\/\/ozinzen.com\/blog\/wp-json\/wp\/v2\/posts\/4705","targetHints":{"allow":["GET"]}}],"collection":[{"href":"https:\/\/ozinzen.com\/blog\/wp-json\/wp\/v2\/posts"}],"about":[{"href":"https:\/\/ozinzen.com\/blog\/wp-json\/wp\/v2\/types\/post"}],"author":[{"embeddable":true,"href":"https:\/\/ozinzen.com\/blog\/wp-json\/wp\/v2\/users\/2"}],"replies":[{"embeddable":true,"href":"https:\/\/ozinzen.com\/blog\/wp-json\/wp\/v2\/comments?post=4705"}],"version-history":[{"count":6,"href":"https:\/\/ozinzen.com\/blog\/wp-json\/wp\/v2\/posts\/4705\/revisions"}],"predecessor-version":[{"id":4712,"href":"https:\/\/ozinzen.com\/blog\/wp-json\/wp\/v2\/posts\/4705\/revisions\/4712"}],"wp:featuredmedia":[{"embeddable":true,"href":"https:\/\/ozinzen.com\/blog\/wp-json\/wp\/v2\/media\/4706"}],"wp:attachment":[{"href":"https:\/\/ozinzen.com\/blog\/wp-json\/wp\/v2\/media?parent=4705"}],"wp:term":[{"taxonomy":"category","embeddable":true,"href":"https:\/\/ozinzen.com\/blog\/wp-json\/wp\/v2\/categories?post=4705"},{"taxonomy":"post_tag","embeddable":true,"href":"https:\/\/ozinzen.com\/blog\/wp-json\/wp\/v2\/tags?post=4705"}],"curies":[{"name":"wp","href":"https:\/\/api.w.org\/{rel}","templated":true}]}}