{"id":4805,"date":"2015-12-20T18:50:25","date_gmt":"2015-12-20T17:50:25","guid":{"rendered":"http:\/\/ozinzen.com\/blog\/?p=4805"},"modified":"2015-12-20T18:52:45","modified_gmt":"2015-12-20T17:52:45","slug":"jeune-randonnee-vacances-aux-antipodes-club-med","status":"publish","type":"post","link":"https:\/\/ozinzen.com\/blog\/jeune-randonnee-vacances-aux-antipodes-club-med\/","title":{"rendered":"Je\u00fbne et randonn\u00e9e, des vacances aux antipodes du Club Med"},"content":{"rendered":"<p><a href=\"http:\/\/ozinzen.com\/blog\/wp-content\/uploads\/2015\/12\/jeune-et-randonn\u00e9e.jpg\" rel=\"attachment wp-att-4807\"><img loading=\"lazy\" decoding=\"async\" class=\"alignnone size-full wp-image-4807\" src=\"http:\/\/ozinzen.com\/blog\/wp-content\/uploads\/2015\/12\/jeune-et-randonn\u00e9e.jpg\" alt=\"jeune et randonn\u00e9e\" width=\"480\" height=\"210\" srcset=\"https:\/\/ozinzen.com\/blog\/wp-content\/uploads\/2015\/12\/jeune-et-randonn\u00e9e.jpg 480w, https:\/\/ozinzen.com\/blog\/wp-content\/uploads\/2015\/12\/jeune-et-randonn\u00e9e-300x131.jpg 300w\" sizes=\"auto, (max-width: 480px) 100vw, 480px\" \/><\/a><\/p>\n<p style=\"text-align: justify;\"><span style=\"color: #000000;\">Un reportage sur le je\u00fbne th\u00e9rapeutique et le je\u00fbne du bien-\u00eatre (par All\u00f4 Docteurs, \u00e9mission de France 5).<\/span><\/p>\n<p style=\"text-align: justify;\"><span style=\"color: #000000;\"><!--more-->Vers 7 min 40 s, le reportage aborde le sujet des stages \u00ab je\u00fbne et randonn\u00e9e \u00bb. Si vous \u00eates du genre courageux, pour 550 euros la semaine vous pouvez vous offrir des vacances spartiates.<\/span><\/p>\n<p style=\"text-align: justify;\"><span style=\"color: #000000;\">Chaque jour vous aurez juste droit \u00e0 un peu de bouillon de l\u00e9gumes \u00a0pour tout repas et vous marcherez longuement sur des sentiers de randonn\u00e9e. Le transport sur place n\u2019est pas inclus dans le prix.<\/span><\/p>\n<p>&nbsp;<\/p>\n<p><iframe loading=\"lazy\" src=\"https:\/\/www.youtube.com\/embed\/XMNWcYGAe6c\" width=\"560\" height=\"315\" frameborder=\"0\" allowfullscreen=\"allowfullscreen\"><\/iframe><\/p>\n","protected":false},"excerpt":{"rendered":"<p>Un reportage sur le je\u00fbne th\u00e9rapeutique et le je\u00fbne du bien-\u00eatre (par All\u00f4 Docteurs, \u00e9mission de France 5).<\/p>\n","protected":false},"author":2,"featured_media":4807,"comment_status":"open","ping_status":"open","sticky":false,"template":"","format":"standard","meta":{"_genesis_hide_title":false,"_genesis_hide_breadcrumbs":false,"_genesis_hide_singular_image":false,"_genesis_hide_footer_widgets":false,"_genesis_custom_body_class":"","_genesis_custom_post_class":"","_genesis_layout":"","footnotes":""},"categories":[27],"tags":[],"class_list":{"0":"post-4805","1":"post","2":"type-post","3":"status-publish","4":"format-standard","5":"has-post-thumbnail","7":"category-sante","8":"entry"},"yoast_head":"<!-- This site is optimized with the Yoast SEO plugin v27.1.1 - https:\/\/yoast.com\/product\/yoast-seo-wordpress\/ -->\n<title>Je\u00fbne et randonn\u00e9e, des vacances aux antipodes du Club Med - Ozinzen<\/title>\n<meta name=\"description\" content=\"Un reportage sur le je\u00fbne th\u00e9rapeutique et le je\u00fbne du bien-\u00eatre (par All\u00f4 Docteurs, \u00e9mission de France 5). Vers 7 min 40 s, le reportage aborde le sujet\" \/>\n<meta name=\"robots\" content=\"index, follow, max-snippet:-1, max-image-preview:large, max-video-preview:-1\" \/>\n<link rel=\"canonical\" href=\"https:\/\/ozinzen.com\/blog\/jeune-randonnee-vacances-aux-antipodes-club-med\/\" \/>\n<meta property=\"og:locale\" content=\"fr_FR\" \/>\n<meta property=\"og:type\" content=\"article\" \/>\n<meta property=\"og:title\" content=\"Je\u00fbne et randonn\u00e9e, des vacances aux antipodes du Club Med - Ozinzen\" \/>\n<meta property=\"og:description\" content=\"Un reportage sur le je\u00fbne th\u00e9rapeutique et le je\u00fbne du bien-\u00eatre (par All\u00f4 Docteurs, \u00e9mission de France 5). Vers 7 min 40 s, le reportage aborde le sujet\" \/>\n<meta property=\"og:url\" content=\"https:\/\/ozinzen.com\/blog\/jeune-randonnee-vacances-aux-antipodes-club-med\/\" \/>\n<meta property=\"og:site_name\" content=\"Ozinzen\" \/>\n<meta property=\"article:published_time\" content=\"2015-12-20T17:50:25+00:00\" \/>\n<meta property=\"article:modified_time\" content=\"2015-12-20T17:52:45+00:00\" \/>\n<meta property=\"og:image\" content=\"https:\/\/ozinzen.com\/blog\/wp-content\/uploads\/2015\/12\/jeune-et-randonn\u00e9e.jpg\" \/>\n\t<meta property=\"og:image:width\" content=\"480\" \/>\n\t<meta property=\"og:image:height\" content=\"210\" \/>\n\t<meta property=\"og:image:type\" content=\"image\/jpeg\" \/>\n<meta name=\"author\" content=\"Marc Sigrist\" \/>\n<meta name=\"twitter:card\" content=\"summary_large_image\" \/>\n<meta name=\"twitter:creator\" content=\"@ozinzen\" \/>\n<meta name=\"twitter:site\" content=\"@ozinzen\" \/>\n<meta name=\"twitter:label1\" content=\"\u00c9crit par\" \/>\n\t<meta name=\"twitter:data1\" content=\"Marc Sigrist\" \/>\n<script type=\"application\/ld+json\" class=\"yoast-schema-graph\">{\"@context\":\"https:\/\/schema.org\",\"@graph\":[{\"@type\":\"Article\",\"@id\":\"https:\/\/ozinzen.com\/blog\/jeune-randonnee-vacances-aux-antipodes-club-med\/#article\",\"isPartOf\":{\"@id\":\"https:\/\/ozinzen.com\/blog\/jeune-randonnee-vacances-aux-antipodes-club-med\/\"},\"author\":{\"name\":\"Marc Sigrist\",\"@id\":\"https:\/\/ozinzen.com\/blog\/#\/schema\/person\/c3f9b942ea7cfc90188ae840a2cf2fb1\"},\"headline\":\"Je\u00fbne et randonn\u00e9e, des vacances aux antipodes du Club Med\",\"datePublished\":\"2015-12-20T17:50:25+00:00\",\"dateModified\":\"2015-12-20T17:52:45+00:00\",\"mainEntityOfPage\":{\"@id\":\"https:\/\/ozinzen.com\/blog\/jeune-randonnee-vacances-aux-antipodes-club-med\/\"},\"wordCount\":103,\"commentCount\":0,\"publisher\":{\"@id\":\"https:\/\/ozinzen.com\/blog\/#organization\"},\"image\":{\"@id\":\"https:\/\/ozinzen.com\/blog\/jeune-randonnee-vacances-aux-antipodes-club-med\/#primaryimage\"},\"thumbnailUrl\":\"https:\/\/ozinzen.com\/blog\/wp-content\/uploads\/2015\/12\/jeune-et-randonn\u00e9e.jpg\",\"articleSection\":[\"Sant\u00e9\"],\"inLanguage\":\"fr-FR\"},{\"@type\":\"WebPage\",\"@id\":\"https:\/\/ozinzen.com\/blog\/jeune-randonnee-vacances-aux-antipodes-club-med\/\",\"url\":\"https:\/\/ozinzen.com\/blog\/jeune-randonnee-vacances-aux-antipodes-club-med\/\",\"name\":\"Je\u00fbne et randonn\u00e9e, des vacances aux antipodes du Club Med - Ozinzen\",\"isPartOf\":{\"@id\":\"https:\/\/ozinzen.com\/blog\/#website\"},\"primaryImageOfPage\":{\"@id\":\"https:\/\/ozinzen.com\/blog\/jeune-randonnee-vacances-aux-antipodes-club-med\/#primaryimage\"},\"image\":{\"@id\":\"https:\/\/ozinzen.com\/blog\/jeune-randonnee-vacances-aux-antipodes-club-med\/#primaryimage\"},\"thumbnailUrl\":\"https:\/\/ozinzen.com\/blog\/wp-content\/uploads\/2015\/12\/jeune-et-randonn\u00e9e.jpg\",\"datePublished\":\"2015-12-20T17:50:25+00:00\",\"dateModified\":\"2015-12-20T17:52:45+00:00\",\"description\":\"Un reportage sur le je\u00fbne th\u00e9rapeutique et le je\u00fbne du bien-\u00eatre (par All\u00f4 Docteurs, \u00e9mission de France 5). Vers 7 min 40 s, le reportage aborde le sujet\",\"breadcrumb\":{\"@id\":\"https:\/\/ozinzen.com\/blog\/jeune-randonnee-vacances-aux-antipodes-club-med\/#breadcrumb\"},\"inLanguage\":\"fr-FR\",\"potentialAction\":[{\"@type\":\"ReadAction\",\"target\":[\"https:\/\/ozinzen.com\/blog\/jeune-randonnee-vacances-aux-antipodes-club-med\/\"]}]},{\"@type\":\"ImageObject\",\"inLanguage\":\"fr-FR\",\"@id\":\"https:\/\/ozinzen.com\/blog\/jeune-randonnee-vacances-aux-antipodes-club-med\/#primaryimage\",\"url\":\"https:\/\/ozinzen.com\/blog\/wp-content\/uploads\/2015\/12\/jeune-et-randonn\u00e9e.jpg\",\"contentUrl\":\"https:\/\/ozinzen.com\/blog\/wp-content\/uploads\/2015\/12\/jeune-et-randonn\u00e9e.jpg\",\"width\":480,\"height\":210,\"caption\":\"jeune et randonn\u00e9e\"},{\"@type\":\"BreadcrumbList\",\"@id\":\"https:\/\/ozinzen.com\/blog\/jeune-randonnee-vacances-aux-antipodes-club-med\/#breadcrumb\",\"itemListElement\":[{\"@type\":\"ListItem\",\"position\":1,\"name\":\"Accueil\",\"item\":\"https:\/\/ozinzen.com\/blog\/\"},{\"@type\":\"ListItem\",\"position\":2,\"name\":\"Je\u00fbne et randonn\u00e9e, des vacances aux antipodes du Club Med\"}]},{\"@type\":\"WebSite\",\"@id\":\"https:\/\/ozinzen.com\/blog\/#website\",\"url\":\"https:\/\/ozinzen.com\/blog\/\",\"name\":\"Ozinzen\",\"description\":\"Mode de vie et sant\u00e9\",\"publisher\":{\"@id\":\"https:\/\/ozinzen.com\/blog\/#organization\"},\"potentialAction\":[{\"@type\":\"SearchAction\",\"target\":{\"@type\":\"EntryPoint\",\"urlTemplate\":\"https:\/\/ozinzen.com\/blog\/?s={search_term_string}\"},\"query-input\":{\"@type\":\"PropertyValueSpecification\",\"valueRequired\":true,\"valueName\":\"search_term_string\"}}],\"inLanguage\":\"fr-FR\"},{\"@type\":\"Organization\",\"@id\":\"https:\/\/ozinzen.com\/blog\/#organization\",\"name\":\"Ozinzen\",\"url\":\"https:\/\/ozinzen.com\/blog\/\",\"logo\":{\"@type\":\"ImageObject\",\"inLanguage\":\"fr-FR\",\"@id\":\"https:\/\/ozinzen.com\/blog\/#\/schema\/logo\/image\/\",\"url\":\"https:\/\/ozinzen.com\/blog\/wp-content\/uploads\/2023\/01\/ozinzen.png\",\"contentUrl\":\"https:\/\/ozinzen.com\/blog\/wp-content\/uploads\/2023\/01\/ozinzen.png\",\"width\":64,\"height\":64,\"caption\":\"Ozinzen\"},\"image\":{\"@id\":\"https:\/\/ozinzen.com\/blog\/#\/schema\/logo\/image\/\"},\"sameAs\":[\"https:\/\/x.com\/ozinzen\"]},{\"@type\":\"Person\",\"@id\":\"https:\/\/ozinzen.com\/blog\/#\/schema\/person\/c3f9b942ea7cfc90188ae840a2cf2fb1\",\"name\":\"Marc Sigrist\",\"image\":{\"@type\":\"ImageObject\",\"inLanguage\":\"fr-FR\",\"@id\":\"https:\/\/ozinzen.com\/blog\/#\/schema\/person\/image\/\",\"url\":\"https:\/\/secure.gravatar.com\/avatar\/187f82243f15c243b39ac53fcbd3ac6ae072d40425f7b43c2878b6fb120dbb31?s=96&d=mm&r=g\",\"contentUrl\":\"https:\/\/secure.gravatar.com\/avatar\/187f82243f15c243b39ac53fcbd3ac6ae072d40425f7b43c2878b6fb120dbb31?s=96&d=mm&r=g\",\"caption\":\"Marc Sigrist\"}}]}<\/script>\n<!-- \/ Yoast SEO plugin. -->","yoast_head_json":{"title":"Je\u00fbne et randonn\u00e9e, des vacances aux antipodes du Club Med - Ozinzen","description":"Un reportage sur le je\u00fbne th\u00e9rapeutique et le je\u00fbne du bien-\u00eatre (par All\u00f4 Docteurs, \u00e9mission de France 5). Vers 7 min 40 s, le reportage aborde le sujet","robots":{"index":"index","follow":"follow","max-snippet":"max-snippet:-1","max-image-preview":"max-image-preview:large","max-video-preview":"max-video-preview:-1"},"canonical":"https:\/\/ozinzen.com\/blog\/jeune-randonnee-vacances-aux-antipodes-club-med\/","og_locale":"fr_FR","og_type":"article","og_title":"Je\u00fbne et randonn\u00e9e, des vacances aux antipodes du Club Med - Ozinzen","og_description":"Un reportage sur le je\u00fbne th\u00e9rapeutique et le je\u00fbne du bien-\u00eatre (par All\u00f4 Docteurs, \u00e9mission de France 5). Vers 7 min 40 s, le reportage aborde le sujet","og_url":"https:\/\/ozinzen.com\/blog\/jeune-randonnee-vacances-aux-antipodes-club-med\/","og_site_name":"Ozinzen","article_published_time":"2015-12-20T17:50:25+00:00","article_modified_time":"2015-12-20T17:52:45+00:00","og_image":[{"width":480,"height":210,"url":"https:\/\/ozinzen.com\/blog\/wp-content\/uploads\/2015\/12\/jeune-et-randonn\u00e9e.jpg","type":"image\/jpeg"}],"author":"Marc Sigrist","twitter_card":"summary_large_image","twitter_creator":"@ozinzen","twitter_site":"@ozinzen","twitter_misc":{"\u00c9crit par":"Marc Sigrist"},"schema":{"@context":"https:\/\/schema.org","@graph":[{"@type":"Article","@id":"https:\/\/ozinzen.com\/blog\/jeune-randonnee-vacances-aux-antipodes-club-med\/#article","isPartOf":{"@id":"https:\/\/ozinzen.com\/blog\/jeune-randonnee-vacances-aux-antipodes-club-med\/"},"author":{"name":"Marc Sigrist","@id":"https:\/\/ozinzen.com\/blog\/#\/schema\/person\/c3f9b942ea7cfc90188ae840a2cf2fb1"},"headline":"Je\u00fbne et randonn\u00e9e, des vacances aux antipodes du Club Med","datePublished":"2015-12-20T17:50:25+00:00","dateModified":"2015-12-20T17:52:45+00:00","mainEntityOfPage":{"@id":"https:\/\/ozinzen.com\/blog\/jeune-randonnee-vacances-aux-antipodes-club-med\/"},"wordCount":103,"commentCount":0,"publisher":{"@id":"https:\/\/ozinzen.com\/blog\/#organization"},"image":{"@id":"https:\/\/ozinzen.com\/blog\/jeune-randonnee-vacances-aux-antipodes-club-med\/#primaryimage"},"thumbnailUrl":"https:\/\/ozinzen.com\/blog\/wp-content\/uploads\/2015\/12\/jeune-et-randonn\u00e9e.jpg","articleSection":["Sant\u00e9"],"inLanguage":"fr-FR"},{"@type":"WebPage","@id":"https:\/\/ozinzen.com\/blog\/jeune-randonnee-vacances-aux-antipodes-club-med\/","url":"https:\/\/ozinzen.com\/blog\/jeune-randonnee-vacances-aux-antipodes-club-med\/","name":"Je\u00fbne et randonn\u00e9e, des vacances aux antipodes du Club Med - Ozinzen","isPartOf":{"@id":"https:\/\/ozinzen.com\/blog\/#website"},"primaryImageOfPage":{"@id":"https:\/\/ozinzen.com\/blog\/jeune-randonnee-vacances-aux-antipodes-club-med\/#primaryimage"},"image":{"@id":"https:\/\/ozinzen.com\/blog\/jeune-randonnee-vacances-aux-antipodes-club-med\/#primaryimage"},"thumbnailUrl":"https:\/\/ozinzen.com\/blog\/wp-content\/uploads\/2015\/12\/jeune-et-randonn\u00e9e.jpg","datePublished":"2015-12-20T17:50:25+00:00","dateModified":"2015-12-20T17:52:45+00:00","description":"Un reportage sur le je\u00fbne th\u00e9rapeutique et le je\u00fbne du bien-\u00eatre (par All\u00f4 Docteurs, \u00e9mission de France 5). Vers 7 min 40 s, le reportage aborde le sujet","breadcrumb":{"@id":"https:\/\/ozinzen.com\/blog\/jeune-randonnee-vacances-aux-antipodes-club-med\/#breadcrumb"},"inLanguage":"fr-FR","potentialAction":[{"@type":"ReadAction","target":["https:\/\/ozinzen.com\/blog\/jeune-randonnee-vacances-aux-antipodes-club-med\/"]}]},{"@type":"ImageObject","inLanguage":"fr-FR","@id":"https:\/\/ozinzen.com\/blog\/jeune-randonnee-vacances-aux-antipodes-club-med\/#primaryimage","url":"https:\/\/ozinzen.com\/blog\/wp-content\/uploads\/2015\/12\/jeune-et-randonn\u00e9e.jpg","contentUrl":"https:\/\/ozinzen.com\/blog\/wp-content\/uploads\/2015\/12\/jeune-et-randonn\u00e9e.jpg","width":480,"height":210,"caption":"jeune et randonn\u00e9e"},{"@type":"BreadcrumbList","@id":"https:\/\/ozinzen.com\/blog\/jeune-randonnee-vacances-aux-antipodes-club-med\/#breadcrumb","itemListElement":[{"@type":"ListItem","position":1,"name":"Accueil","item":"https:\/\/ozinzen.com\/blog\/"},{"@type":"ListItem","position":2,"name":"Je\u00fbne et randonn\u00e9e, des vacances aux antipodes du Club Med"}]},{"@type":"WebSite","@id":"https:\/\/ozinzen.com\/blog\/#website","url":"https:\/\/ozinzen.com\/blog\/","name":"Ozinzen","description":"Mode de vie et sant\u00e9","publisher":{"@id":"https:\/\/ozinzen.com\/blog\/#organization"},"potentialAction":[{"@type":"SearchAction","target":{"@type":"EntryPoint","urlTemplate":"https:\/\/ozinzen.com\/blog\/?s={search_term_string}"},"query-input":{"@type":"PropertyValueSpecification","valueRequired":true,"valueName":"search_term_string"}}],"inLanguage":"fr-FR"},{"@type":"Organization","@id":"https:\/\/ozinzen.com\/blog\/#organization","name":"Ozinzen","url":"https:\/\/ozinzen.com\/blog\/","logo":{"@type":"ImageObject","inLanguage":"fr-FR","@id":"https:\/\/ozinzen.com\/blog\/#\/schema\/logo\/image\/","url":"https:\/\/ozinzen.com\/blog\/wp-content\/uploads\/2023\/01\/ozinzen.png","contentUrl":"https:\/\/ozinzen.com\/blog\/wp-content\/uploads\/2023\/01\/ozinzen.png","width":64,"height":64,"caption":"Ozinzen"},"image":{"@id":"https:\/\/ozinzen.com\/blog\/#\/schema\/logo\/image\/"},"sameAs":["https:\/\/x.com\/ozinzen"]},{"@type":"Person","@id":"https:\/\/ozinzen.com\/blog\/#\/schema\/person\/c3f9b942ea7cfc90188ae840a2cf2fb1","name":"Marc Sigrist","image":{"@type":"ImageObject","inLanguage":"fr-FR","@id":"https:\/\/ozinzen.com\/blog\/#\/schema\/person\/image\/","url":"https:\/\/secure.gravatar.com\/avatar\/187f82243f15c243b39ac53fcbd3ac6ae072d40425f7b43c2878b6fb120dbb31?s=96&d=mm&r=g","contentUrl":"https:\/\/secure.gravatar.com\/avatar\/187f82243f15c243b39ac53fcbd3ac6ae072d40425f7b43c2878b6fb120dbb31?s=96&d=mm&r=g","caption":"Marc Sigrist"}}]}},"amp_enabled":true,"_links":{"self":[{"href":"https:\/\/ozinzen.com\/blog\/wp-json\/wp\/v2\/posts\/4805","targetHints":{"allow":["GET"]}}],"collection":[{"href":"https:\/\/ozinzen.com\/blog\/wp-json\/wp\/v2\/posts"}],"about":[{"href":"https:\/\/ozinzen.com\/blog\/wp-json\/wp\/v2\/types\/post"}],"author":[{"embeddable":true,"href":"https:\/\/ozinzen.com\/blog\/wp-json\/wp\/v2\/users\/2"}],"replies":[{"embeddable":true,"href":"https:\/\/ozinzen.com\/blog\/wp-json\/wp\/v2\/comments?post=4805"}],"version-history":[{"count":8,"href":"https:\/\/ozinzen.com\/blog\/wp-json\/wp\/v2\/posts\/4805\/revisions"}],"predecessor-version":[{"id":4814,"href":"https:\/\/ozinzen.com\/blog\/wp-json\/wp\/v2\/posts\/4805\/revisions\/4814"}],"wp:featuredmedia":[{"embeddable":true,"href":"https:\/\/ozinzen.com\/blog\/wp-json\/wp\/v2\/media\/4807"}],"wp:attachment":[{"href":"https:\/\/ozinzen.com\/blog\/wp-json\/wp\/v2\/media?parent=4805"}],"wp:term":[{"taxonomy":"category","embeddable":true,"href":"https:\/\/ozinzen.com\/blog\/wp-json\/wp\/v2\/categories?post=4805"},{"taxonomy":"post_tag","embeddable":true,"href":"https:\/\/ozinzen.com\/blog\/wp-json\/wp\/v2\/tags?post=4805"}],"curies":[{"name":"wp","href":"https:\/\/api.w.org\/{rel}","templated":true}]}}