{"id":5198,"date":"2016-03-09T07:16:27","date_gmt":"2016-03-09T06:16:27","guid":{"rendered":"http:\/\/ozinzen.com\/blog\/?p=5198"},"modified":"2016-03-10T04:49:14","modified_gmt":"2016-03-10T03:49:14","slug":"freres-coen-refusent-de-se-soumettre-diktat-de-diversite-leurs-films","status":"publish","type":"post","link":"https:\/\/ozinzen.com\/blog\/freres-coen-refusent-de-se-soumettre-diktat-de-diversite-leurs-films\/","title":{"rendered":"Les fr\u00e8res Coen refusent de se soumettre au diktat de la diversit\u00e9 dans leurs films"},"content":{"rendered":"<p style=\"text-align: justify;\"><span style=\"color: #000000;\"><a style=\"color: #000000;\" href=\"http:\/\/ozinzen.com\/blog\/wp-content\/uploads\/2016\/03\/Ave-Cesar-des-freres-Coen-.jpg\" rel=\"attachment wp-att-5199\"><img loading=\"lazy\" decoding=\"async\" class=\"alignnone size-full wp-image-5199\" src=\"http:\/\/ozinzen.com\/blog\/wp-content\/uploads\/2016\/03\/Ave-Cesar-des-freres-Coen-.jpg\" alt=\"Ave-Cesar!-des-freres-Coen-\" width=\"2000\" height=\"1332\" srcset=\"https:\/\/ozinzen.com\/blog\/wp-content\/uploads\/2016\/03\/Ave-Cesar-des-freres-Coen-.jpg 2000w, https:\/\/ozinzen.com\/blog\/wp-content\/uploads\/2016\/03\/Ave-Cesar-des-freres-Coen--300x200.jpg 300w, https:\/\/ozinzen.com\/blog\/wp-content\/uploads\/2016\/03\/Ave-Cesar-des-freres-Coen--768x511.jpg 768w, https:\/\/ozinzen.com\/blog\/wp-content\/uploads\/2016\/03\/Ave-Cesar-des-freres-Coen--1024x682.jpg 1024w\" sizes=\"auto, (max-width: 2000px) 100vw, 2000px\" \/><\/a><\/span><\/p>\n<p style=\"text-align: justify;\"><span style=\"color: #000000;\">A l\u2019occasion de la sortie de leur nouveau film \u00ab Ave, C\u00e9sar ! \u00bb, <strong>les fr\u00e8res Coen<\/strong> ont \u00e9t\u00e9 interrog\u00e9s au sujet de la diversit\u00e9 \u00e0 Hollywood.<br \/>\n<\/span><!--more--><br \/>\n<span style=\"color: #000000;\"> Ils ont d\u00e9fendu dans le Washington Post leur historique de films sur les juifs et les habitants du Minnesota.<\/span><\/p>\n<p><span style=\"color: #000000;\">Les deux r\u00e9alisateurs-producteurs pensent que la controverse sur le manque d\u2019acteurs noirs dans les nominations des Oscars peut refl\u00e9ter un r\u00e9el probl\u00e8me.\u00a0<\/span><span style=\"color: #000000;\">Mais les fr\u00e8res rejettent la notion que les cr\u00e9ateurs de films portent une responsabilit\u00e9 personnelle pour promouvoir la diversit\u00e9, affirmant que vous \u00e9crivez sur ce que vous connaissez.<br \/>\n<\/span><br \/>\n<span style=\"color: #000000;\"> \u00ab Prenez n\u2019importe quel acteur, ou auteur, ou r\u00e9alisateur, et il est facile de dire : \u2018Vos films devraient \u00eatre plus ceci ou plus cela ou plus autre chose\u2019. La seule et unique r\u00e9ponse est que vous ne pouvez \u00e9crire que ce que vous pouvez \u00e9crire. Vous ne pouvez pas vous asseoir et dire \u2018Je vais \u00e9crire quelque chose qui suit les diktats de ce que la culture pense qu\u2019il devrait arriver, en termes de diversit\u00e9 culturelle et de narration\u2019. Pour \u00eatre honn\u00eate avec vous, c\u2019est compl\u00e8tement d\u00e9ment \u00bb, a d\u00e9clar\u00e9 Joel Coen.<br \/>\n<\/span><br \/>\n<span style=\"color: #000000;\"> \u00ab Nous \u00e9crivons en fait des films dans lesquels les personnages sont juifs ou du Minnesota \u00bb, a ajout\u00e9 Ethan Coen.<\/span><\/p>\n<p><iframe loading=\"lazy\" src=\"https:\/\/www.youtube.com\/embed\/y73RYOUbBgE\" width=\"560\" height=\"315\" frameborder=\"0\" allowfullscreen=\"allowfullscreen\"><\/iframe><\/p>\n","protected":false},"excerpt":{"rendered":"<p>A l\u2019occasion de la sortie de leur nouveau film \u00ab Ave, C\u00e9sar ! \u00bb, les fr\u00e8res Coen ont \u00e9t\u00e9 interrog\u00e9s au sujet de la diversit\u00e9 \u00e0 Hollywood.<\/p>\n","protected":false},"author":2,"featured_media":5199,"comment_status":"open","ping_status":"open","sticky":false,"template":"","format":"standard","meta":{"_genesis_hide_title":false,"_genesis_hide_breadcrumbs":false,"_genesis_hide_singular_image":false,"_genesis_hide_footer_widgets":false,"_genesis_custom_body_class":"","_genesis_custom_post_class":"","_genesis_layout":"","footnotes":""},"categories":[55],"tags":[],"class_list":{"0":"post-5198","1":"post","2":"type-post","3":"status-publish","4":"format-standard","5":"has-post-thumbnail","7":"category-societe","8":"entry"},"yoast_head":"<!-- This site is optimized with the Yoast SEO plugin v27.1.1 - https:\/\/yoast.com\/product\/yoast-seo-wordpress\/ -->\n<title>Les fr\u00e8res Coen refusent de se soumettre au diktat de la diversit\u00e9 dans leurs films - Ozinzen<\/title>\n<meta name=\"description\" content=\"A l\u2019occasion de la sortie de leur nouveau film \u00ab Ave, C\u00e9sar ! \u00bb, les fr\u00e8res Coen ont \u00e9t\u00e9 interrog\u00e9s au sujet de la diversit\u00e9 \u00e0 Hollywood. Ils ont d\u00e9fendu\" \/>\n<meta name=\"robots\" content=\"index, follow, max-snippet:-1, max-image-preview:large, max-video-preview:-1\" \/>\n<link rel=\"canonical\" href=\"https:\/\/ozinzen.com\/blog\/freres-coen-refusent-de-se-soumettre-diktat-de-diversite-leurs-films\/\" \/>\n<meta property=\"og:locale\" content=\"fr_FR\" \/>\n<meta property=\"og:type\" content=\"article\" \/>\n<meta property=\"og:title\" content=\"Les fr\u00e8res Coen refusent de se soumettre au diktat de la diversit\u00e9 dans leurs films - Ozinzen\" \/>\n<meta property=\"og:description\" content=\"A l\u2019occasion de la sortie de leur nouveau film \u00ab Ave, C\u00e9sar ! \u00bb, les fr\u00e8res Coen ont \u00e9t\u00e9 interrog\u00e9s au sujet de la diversit\u00e9 \u00e0 Hollywood. Ils ont d\u00e9fendu\" \/>\n<meta property=\"og:url\" content=\"https:\/\/ozinzen.com\/blog\/freres-coen-refusent-de-se-soumettre-diktat-de-diversite-leurs-films\/\" \/>\n<meta property=\"og:site_name\" content=\"Ozinzen\" \/>\n<meta property=\"article:published_time\" content=\"2016-03-09T06:16:27+00:00\" \/>\n<meta property=\"article:modified_time\" content=\"2016-03-10T03:49:14+00:00\" \/>\n<meta property=\"og:image\" content=\"https:\/\/ozinzen.com\/blog\/wp-content\/uploads\/2016\/03\/Ave-Cesar-des-freres-Coen-.jpg\" \/>\n\t<meta property=\"og:image:width\" content=\"2000\" \/>\n\t<meta property=\"og:image:height\" content=\"1332\" \/>\n\t<meta property=\"og:image:type\" content=\"image\/jpeg\" \/>\n<meta name=\"author\" content=\"Marc Sigrist\" \/>\n<meta name=\"twitter:card\" content=\"summary_large_image\" \/>\n<meta name=\"twitter:creator\" content=\"@ozinzen\" \/>\n<meta name=\"twitter:site\" content=\"@ozinzen\" \/>\n<meta name=\"twitter:label1\" content=\"\u00c9crit par\" \/>\n\t<meta name=\"twitter:data1\" content=\"Marc Sigrist\" \/>\n\t<meta name=\"twitter:label2\" content=\"Dur\u00e9e de lecture estim\u00e9e\" \/>\n\t<meta name=\"twitter:data2\" content=\"1 minute\" \/>\n<script type=\"application\/ld+json\" class=\"yoast-schema-graph\">{\"@context\":\"https:\/\/schema.org\",\"@graph\":[{\"@type\":\"Article\",\"@id\":\"https:\/\/ozinzen.com\/blog\/freres-coen-refusent-de-se-soumettre-diktat-de-diversite-leurs-films\/#article\",\"isPartOf\":{\"@id\":\"https:\/\/ozinzen.com\/blog\/freres-coen-refusent-de-se-soumettre-diktat-de-diversite-leurs-films\/\"},\"author\":{\"name\":\"Marc Sigrist\",\"@id\":\"https:\/\/ozinzen.com\/blog\/#\/schema\/person\/c3f9b942ea7cfc90188ae840a2cf2fb1\"},\"headline\":\"Les fr\u00e8res Coen refusent de se soumettre au diktat de la diversit\u00e9 dans leurs films\",\"datePublished\":\"2016-03-09T06:16:27+00:00\",\"dateModified\":\"2016-03-10T03:49:14+00:00\",\"mainEntityOfPage\":{\"@id\":\"https:\/\/ozinzen.com\/blog\/freres-coen-refusent-de-se-soumettre-diktat-de-diversite-leurs-films\/\"},\"wordCount\":238,\"commentCount\":0,\"publisher\":{\"@id\":\"https:\/\/ozinzen.com\/blog\/#organization\"},\"image\":{\"@id\":\"https:\/\/ozinzen.com\/blog\/freres-coen-refusent-de-se-soumettre-diktat-de-diversite-leurs-films\/#primaryimage\"},\"thumbnailUrl\":\"https:\/\/ozinzen.com\/blog\/wp-content\/uploads\/2016\/03\/Ave-Cesar-des-freres-Coen-.jpg\",\"articleSection\":[\"Soci\u00e9t\u00e9\"],\"inLanguage\":\"fr-FR\"},{\"@type\":\"WebPage\",\"@id\":\"https:\/\/ozinzen.com\/blog\/freres-coen-refusent-de-se-soumettre-diktat-de-diversite-leurs-films\/\",\"url\":\"https:\/\/ozinzen.com\/blog\/freres-coen-refusent-de-se-soumettre-diktat-de-diversite-leurs-films\/\",\"name\":\"Les fr\u00e8res Coen refusent de se soumettre au diktat de la diversit\u00e9 dans leurs films - Ozinzen\",\"isPartOf\":{\"@id\":\"https:\/\/ozinzen.com\/blog\/#website\"},\"primaryImageOfPage\":{\"@id\":\"https:\/\/ozinzen.com\/blog\/freres-coen-refusent-de-se-soumettre-diktat-de-diversite-leurs-films\/#primaryimage\"},\"image\":{\"@id\":\"https:\/\/ozinzen.com\/blog\/freres-coen-refusent-de-se-soumettre-diktat-de-diversite-leurs-films\/#primaryimage\"},\"thumbnailUrl\":\"https:\/\/ozinzen.com\/blog\/wp-content\/uploads\/2016\/03\/Ave-Cesar-des-freres-Coen-.jpg\",\"datePublished\":\"2016-03-09T06:16:27+00:00\",\"dateModified\":\"2016-03-10T03:49:14+00:00\",\"description\":\"A l\u2019occasion de la sortie de leur nouveau film \u00ab Ave, C\u00e9sar ! \u00bb, les fr\u00e8res Coen ont \u00e9t\u00e9 interrog\u00e9s au sujet de la diversit\u00e9 \u00e0 Hollywood. Ils ont d\u00e9fendu\",\"breadcrumb\":{\"@id\":\"https:\/\/ozinzen.com\/blog\/freres-coen-refusent-de-se-soumettre-diktat-de-diversite-leurs-films\/#breadcrumb\"},\"inLanguage\":\"fr-FR\",\"potentialAction\":[{\"@type\":\"ReadAction\",\"target\":[\"https:\/\/ozinzen.com\/blog\/freres-coen-refusent-de-se-soumettre-diktat-de-diversite-leurs-films\/\"]}]},{\"@type\":\"ImageObject\",\"inLanguage\":\"fr-FR\",\"@id\":\"https:\/\/ozinzen.com\/blog\/freres-coen-refusent-de-se-soumettre-diktat-de-diversite-leurs-films\/#primaryimage\",\"url\":\"https:\/\/ozinzen.com\/blog\/wp-content\/uploads\/2016\/03\/Ave-Cesar-des-freres-Coen-.jpg\",\"contentUrl\":\"https:\/\/ozinzen.com\/blog\/wp-content\/uploads\/2016\/03\/Ave-Cesar-des-freres-Coen-.jpg\",\"width\":2000,\"height\":1332,\"caption\":\"Ave-Cesar!-des-freres-Coen-\"},{\"@type\":\"BreadcrumbList\",\"@id\":\"https:\/\/ozinzen.com\/blog\/freres-coen-refusent-de-se-soumettre-diktat-de-diversite-leurs-films\/#breadcrumb\",\"itemListElement\":[{\"@type\":\"ListItem\",\"position\":1,\"name\":\"Accueil\",\"item\":\"https:\/\/ozinzen.com\/blog\/\"},{\"@type\":\"ListItem\",\"position\":2,\"name\":\"Les fr\u00e8res Coen refusent de se soumettre au diktat de la diversit\u00e9 dans leurs films\"}]},{\"@type\":\"WebSite\",\"@id\":\"https:\/\/ozinzen.com\/blog\/#website\",\"url\":\"https:\/\/ozinzen.com\/blog\/\",\"name\":\"Ozinzen\",\"description\":\"Mode de vie et sant\u00e9\",\"publisher\":{\"@id\":\"https:\/\/ozinzen.com\/blog\/#organization\"},\"potentialAction\":[{\"@type\":\"SearchAction\",\"target\":{\"@type\":\"EntryPoint\",\"urlTemplate\":\"https:\/\/ozinzen.com\/blog\/?s={search_term_string}\"},\"query-input\":{\"@type\":\"PropertyValueSpecification\",\"valueRequired\":true,\"valueName\":\"search_term_string\"}}],\"inLanguage\":\"fr-FR\"},{\"@type\":\"Organization\",\"@id\":\"https:\/\/ozinzen.com\/blog\/#organization\",\"name\":\"Ozinzen\",\"url\":\"https:\/\/ozinzen.com\/blog\/\",\"logo\":{\"@type\":\"ImageObject\",\"inLanguage\":\"fr-FR\",\"@id\":\"https:\/\/ozinzen.com\/blog\/#\/schema\/logo\/image\/\",\"url\":\"https:\/\/ozinzen.com\/blog\/wp-content\/uploads\/2023\/01\/ozinzen.png\",\"contentUrl\":\"https:\/\/ozinzen.com\/blog\/wp-content\/uploads\/2023\/01\/ozinzen.png\",\"width\":64,\"height\":64,\"caption\":\"Ozinzen\"},\"image\":{\"@id\":\"https:\/\/ozinzen.com\/blog\/#\/schema\/logo\/image\/\"},\"sameAs\":[\"https:\/\/x.com\/ozinzen\"]},{\"@type\":\"Person\",\"@id\":\"https:\/\/ozinzen.com\/blog\/#\/schema\/person\/c3f9b942ea7cfc90188ae840a2cf2fb1\",\"name\":\"Marc Sigrist\",\"image\":{\"@type\":\"ImageObject\",\"inLanguage\":\"fr-FR\",\"@id\":\"https:\/\/ozinzen.com\/blog\/#\/schema\/person\/image\/\",\"url\":\"https:\/\/secure.gravatar.com\/avatar\/187f82243f15c243b39ac53fcbd3ac6ae072d40425f7b43c2878b6fb120dbb31?s=96&d=mm&r=g\",\"contentUrl\":\"https:\/\/secure.gravatar.com\/avatar\/187f82243f15c243b39ac53fcbd3ac6ae072d40425f7b43c2878b6fb120dbb31?s=96&d=mm&r=g\",\"caption\":\"Marc Sigrist\"}}]}<\/script>\n<!-- \/ Yoast SEO plugin. -->","yoast_head_json":{"title":"Les fr\u00e8res Coen refusent de se soumettre au diktat de la diversit\u00e9 dans leurs films - Ozinzen","description":"A l\u2019occasion de la sortie de leur nouveau film \u00ab Ave, C\u00e9sar ! \u00bb, les fr\u00e8res Coen ont \u00e9t\u00e9 interrog\u00e9s au sujet de la diversit\u00e9 \u00e0 Hollywood. Ils ont d\u00e9fendu","robots":{"index":"index","follow":"follow","max-snippet":"max-snippet:-1","max-image-preview":"max-image-preview:large","max-video-preview":"max-video-preview:-1"},"canonical":"https:\/\/ozinzen.com\/blog\/freres-coen-refusent-de-se-soumettre-diktat-de-diversite-leurs-films\/","og_locale":"fr_FR","og_type":"article","og_title":"Les fr\u00e8res Coen refusent de se soumettre au diktat de la diversit\u00e9 dans leurs films - Ozinzen","og_description":"A l\u2019occasion de la sortie de leur nouveau film \u00ab Ave, C\u00e9sar ! \u00bb, les fr\u00e8res Coen ont \u00e9t\u00e9 interrog\u00e9s au sujet de la diversit\u00e9 \u00e0 Hollywood. Ils ont d\u00e9fendu","og_url":"https:\/\/ozinzen.com\/blog\/freres-coen-refusent-de-se-soumettre-diktat-de-diversite-leurs-films\/","og_site_name":"Ozinzen","article_published_time":"2016-03-09T06:16:27+00:00","article_modified_time":"2016-03-10T03:49:14+00:00","og_image":[{"width":2000,"height":1332,"url":"https:\/\/ozinzen.com\/blog\/wp-content\/uploads\/2016\/03\/Ave-Cesar-des-freres-Coen-.jpg","type":"image\/jpeg"}],"author":"Marc Sigrist","twitter_card":"summary_large_image","twitter_creator":"@ozinzen","twitter_site":"@ozinzen","twitter_misc":{"\u00c9crit par":"Marc Sigrist","Dur\u00e9e de lecture estim\u00e9e":"1 minute"},"schema":{"@context":"https:\/\/schema.org","@graph":[{"@type":"Article","@id":"https:\/\/ozinzen.com\/blog\/freres-coen-refusent-de-se-soumettre-diktat-de-diversite-leurs-films\/#article","isPartOf":{"@id":"https:\/\/ozinzen.com\/blog\/freres-coen-refusent-de-se-soumettre-diktat-de-diversite-leurs-films\/"},"author":{"name":"Marc Sigrist","@id":"https:\/\/ozinzen.com\/blog\/#\/schema\/person\/c3f9b942ea7cfc90188ae840a2cf2fb1"},"headline":"Les fr\u00e8res Coen refusent de se soumettre au diktat de la diversit\u00e9 dans leurs films","datePublished":"2016-03-09T06:16:27+00:00","dateModified":"2016-03-10T03:49:14+00:00","mainEntityOfPage":{"@id":"https:\/\/ozinzen.com\/blog\/freres-coen-refusent-de-se-soumettre-diktat-de-diversite-leurs-films\/"},"wordCount":238,"commentCount":0,"publisher":{"@id":"https:\/\/ozinzen.com\/blog\/#organization"},"image":{"@id":"https:\/\/ozinzen.com\/blog\/freres-coen-refusent-de-se-soumettre-diktat-de-diversite-leurs-films\/#primaryimage"},"thumbnailUrl":"https:\/\/ozinzen.com\/blog\/wp-content\/uploads\/2016\/03\/Ave-Cesar-des-freres-Coen-.jpg","articleSection":["Soci\u00e9t\u00e9"],"inLanguage":"fr-FR"},{"@type":"WebPage","@id":"https:\/\/ozinzen.com\/blog\/freres-coen-refusent-de-se-soumettre-diktat-de-diversite-leurs-films\/","url":"https:\/\/ozinzen.com\/blog\/freres-coen-refusent-de-se-soumettre-diktat-de-diversite-leurs-films\/","name":"Les fr\u00e8res Coen refusent de se soumettre au diktat de la diversit\u00e9 dans leurs films - Ozinzen","isPartOf":{"@id":"https:\/\/ozinzen.com\/blog\/#website"},"primaryImageOfPage":{"@id":"https:\/\/ozinzen.com\/blog\/freres-coen-refusent-de-se-soumettre-diktat-de-diversite-leurs-films\/#primaryimage"},"image":{"@id":"https:\/\/ozinzen.com\/blog\/freres-coen-refusent-de-se-soumettre-diktat-de-diversite-leurs-films\/#primaryimage"},"thumbnailUrl":"https:\/\/ozinzen.com\/blog\/wp-content\/uploads\/2016\/03\/Ave-Cesar-des-freres-Coen-.jpg","datePublished":"2016-03-09T06:16:27+00:00","dateModified":"2016-03-10T03:49:14+00:00","description":"A l\u2019occasion de la sortie de leur nouveau film \u00ab Ave, C\u00e9sar ! \u00bb, les fr\u00e8res Coen ont \u00e9t\u00e9 interrog\u00e9s au sujet de la diversit\u00e9 \u00e0 Hollywood. Ils ont d\u00e9fendu","breadcrumb":{"@id":"https:\/\/ozinzen.com\/blog\/freres-coen-refusent-de-se-soumettre-diktat-de-diversite-leurs-films\/#breadcrumb"},"inLanguage":"fr-FR","potentialAction":[{"@type":"ReadAction","target":["https:\/\/ozinzen.com\/blog\/freres-coen-refusent-de-se-soumettre-diktat-de-diversite-leurs-films\/"]}]},{"@type":"ImageObject","inLanguage":"fr-FR","@id":"https:\/\/ozinzen.com\/blog\/freres-coen-refusent-de-se-soumettre-diktat-de-diversite-leurs-films\/#primaryimage","url":"https:\/\/ozinzen.com\/blog\/wp-content\/uploads\/2016\/03\/Ave-Cesar-des-freres-Coen-.jpg","contentUrl":"https:\/\/ozinzen.com\/blog\/wp-content\/uploads\/2016\/03\/Ave-Cesar-des-freres-Coen-.jpg","width":2000,"height":1332,"caption":"Ave-Cesar!-des-freres-Coen-"},{"@type":"BreadcrumbList","@id":"https:\/\/ozinzen.com\/blog\/freres-coen-refusent-de-se-soumettre-diktat-de-diversite-leurs-films\/#breadcrumb","itemListElement":[{"@type":"ListItem","position":1,"name":"Accueil","item":"https:\/\/ozinzen.com\/blog\/"},{"@type":"ListItem","position":2,"name":"Les fr\u00e8res Coen refusent de se soumettre au diktat de la diversit\u00e9 dans leurs films"}]},{"@type":"WebSite","@id":"https:\/\/ozinzen.com\/blog\/#website","url":"https:\/\/ozinzen.com\/blog\/","name":"Ozinzen","description":"Mode de vie et sant\u00e9","publisher":{"@id":"https:\/\/ozinzen.com\/blog\/#organization"},"potentialAction":[{"@type":"SearchAction","target":{"@type":"EntryPoint","urlTemplate":"https:\/\/ozinzen.com\/blog\/?s={search_term_string}"},"query-input":{"@type":"PropertyValueSpecification","valueRequired":true,"valueName":"search_term_string"}}],"inLanguage":"fr-FR"},{"@type":"Organization","@id":"https:\/\/ozinzen.com\/blog\/#organization","name":"Ozinzen","url":"https:\/\/ozinzen.com\/blog\/","logo":{"@type":"ImageObject","inLanguage":"fr-FR","@id":"https:\/\/ozinzen.com\/blog\/#\/schema\/logo\/image\/","url":"https:\/\/ozinzen.com\/blog\/wp-content\/uploads\/2023\/01\/ozinzen.png","contentUrl":"https:\/\/ozinzen.com\/blog\/wp-content\/uploads\/2023\/01\/ozinzen.png","width":64,"height":64,"caption":"Ozinzen"},"image":{"@id":"https:\/\/ozinzen.com\/blog\/#\/schema\/logo\/image\/"},"sameAs":["https:\/\/x.com\/ozinzen"]},{"@type":"Person","@id":"https:\/\/ozinzen.com\/blog\/#\/schema\/person\/c3f9b942ea7cfc90188ae840a2cf2fb1","name":"Marc Sigrist","image":{"@type":"ImageObject","inLanguage":"fr-FR","@id":"https:\/\/ozinzen.com\/blog\/#\/schema\/person\/image\/","url":"https:\/\/secure.gravatar.com\/avatar\/187f82243f15c243b39ac53fcbd3ac6ae072d40425f7b43c2878b6fb120dbb31?s=96&d=mm&r=g","contentUrl":"https:\/\/secure.gravatar.com\/avatar\/187f82243f15c243b39ac53fcbd3ac6ae072d40425f7b43c2878b6fb120dbb31?s=96&d=mm&r=g","caption":"Marc Sigrist"}}]}},"amp_enabled":true,"_links":{"self":[{"href":"https:\/\/ozinzen.com\/blog\/wp-json\/wp\/v2\/posts\/5198","targetHints":{"allow":["GET"]}}],"collection":[{"href":"https:\/\/ozinzen.com\/blog\/wp-json\/wp\/v2\/posts"}],"about":[{"href":"https:\/\/ozinzen.com\/blog\/wp-json\/wp\/v2\/types\/post"}],"author":[{"embeddable":true,"href":"https:\/\/ozinzen.com\/blog\/wp-json\/wp\/v2\/users\/2"}],"replies":[{"embeddable":true,"href":"https:\/\/ozinzen.com\/blog\/wp-json\/wp\/v2\/comments?post=5198"}],"version-history":[{"count":6,"href":"https:\/\/ozinzen.com\/blog\/wp-json\/wp\/v2\/posts\/5198\/revisions"}],"predecessor-version":[{"id":5217,"href":"https:\/\/ozinzen.com\/blog\/wp-json\/wp\/v2\/posts\/5198\/revisions\/5217"}],"wp:featuredmedia":[{"embeddable":true,"href":"https:\/\/ozinzen.com\/blog\/wp-json\/wp\/v2\/media\/5199"}],"wp:attachment":[{"href":"https:\/\/ozinzen.com\/blog\/wp-json\/wp\/v2\/media?parent=5198"}],"wp:term":[{"taxonomy":"category","embeddable":true,"href":"https:\/\/ozinzen.com\/blog\/wp-json\/wp\/v2\/categories?post=5198"},{"taxonomy":"post_tag","embeddable":true,"href":"https:\/\/ozinzen.com\/blog\/wp-json\/wp\/v2\/tags?post=5198"}],"curies":[{"name":"wp","href":"https:\/\/api.w.org\/{rel}","templated":true}]}}