{"id":5205,"date":"2016-03-10T01:01:09","date_gmt":"2016-03-10T00:01:09","guid":{"rendered":"http:\/\/ozinzen.com\/blog\/?p=5205"},"modified":"2016-03-10T04:40:51","modified_gmt":"2016-03-10T03:40:51","slug":"j-k-rowling-accusee-de-racisme-a-loccasion-de-publication-dune-nouvelle-consacree-aux-amerindiens","status":"publish","type":"post","link":"https:\/\/ozinzen.com\/blog\/j-k-rowling-accusee-de-racisme-a-loccasion-de-publication-dune-nouvelle-consacree-aux-amerindiens\/","title":{"rendered":"J.K. Rowling est accus\u00e9e de racisme \u00e0 l&rsquo;occasion de la publication d\u2019une nouvelle consacr\u00e9e aux Am\u00e9rindiens"},"content":{"rendered":"<p style=\"text-align: justify;\"><a href=\"http:\/\/ozinzen.com\/blog\/wp-content\/uploads\/2016\/03\/J.K.-Rowlings-raciste.jpg\" rel=\"attachment wp-att-5207\"><img loading=\"lazy\" decoding=\"async\" class=\"alignnone size-full wp-image-5207\" src=\"http:\/\/ozinzen.com\/blog\/wp-content\/uploads\/2016\/03\/J.K.-Rowlings-raciste.jpg\" alt=\"J.K. Rowlings raciste\" width=\"409\" height=\"450\" srcset=\"https:\/\/ozinzen.com\/blog\/wp-content\/uploads\/2016\/03\/J.K.-Rowlings-raciste.jpg 409w, https:\/\/ozinzen.com\/blog\/wp-content\/uploads\/2016\/03\/J.K.-Rowlings-raciste-273x300.jpg 273w\" sizes=\"auto, (max-width: 409px) 100vw, 409px\" \/><\/a><\/p>\n<p style=\"text-align: justify;\"><span style=\"color: #000000;\">J.K. Rowling est la romanci\u00e8re qui a cr\u00e9\u00e9 les romans de la s\u00e9rie Harry Potter. Le succ\u00e8s de ses livres lui ont permis d\u2019accumuler une fortune de plusieurs centaines de millions d\u2019euro.<br \/>\n<\/span><br \/>\n<span style=\"color: #000000;\">Elle d\u00e9cide alors d\u2019apporter sa contribution \u00e0 de nombreuses associations caritatives luttant contre les maladies et les in\u00e9galit\u00e9s sociales. Une partie des fonds est vers\u00e9e \u00e0 des associations d\u2019aide aux enfants, aux familles monoparentales et \u00e0 la recherche sur la scl\u00e9rose en plaques.<br \/>\n<\/span><br \/>\n<span style=\"color: #000000;\">Les \u0153uvres de J.K. Rowling ont d\u00e9j\u00e0 suscit\u00e9 des controverses. Plusieurs groupes de chr\u00e9tiens fondamentalistes ont ainsi d\u00e9nonc\u00e9 les livres Harry Potter, affirmant qu\u2019ils pr\u00f4naient la sorcellerie.<br \/>\n<\/span><br \/>\n<span style=\"color: #000000;\">Mardi 9 mars, une nouvelle de J.K. Rowling sur le monde des sorciers am\u00e9rindiens<a href=\"https:\/\/www.pottermore.com\/news\/history-of-magic-in-north-america-starts-today-on-pottermore\" target=\"_blank\"> a \u00e9t\u00e9 publi\u00e9e sur le site de Pottermore<\/a>. J.K. Rowling y fournit de nombreux d\u00e9tails sur le mode de vie des sorciers des tribus am\u00e9rindiennes.<\/span><!--more--><\/p>\n<p style=\"text-align: justify;\"><span style=\"color: #000000;\">La cr\u00e9atrice d\u2019Harry Potter est depuis accus\u00e9e de v\u00e9hiculer des st\u00e9r\u00e9otypes racistes par de nombreux membres de la communaut\u00e9 am\u00e9rindienne.<br \/>\n<\/span><br \/>\n<span style=\"color: #000000;\">Selon ses accusateurs, elle dresse un tableau r\u00e9ducteur et une vision simplificatrice des diff\u00e9rentes communaut\u00e9s am\u00e9rindiennes. Il lui est \u00e9galement\u00a0reproch\u00e9 de s&rsquo;approprier leur culture en r\u00e9\u00e9crivant compl\u00e8tement leurs traditions. Selon eux, c\u2019est de \u00ab l\u2019appropriation culturelle \u00bb, un terme \u00e0 la mode en ce moment pour censurer des ouvrages.<br \/>\n<\/span><br \/>\n<span style=\"color: #000000;\">\u00ab\u00a0Mes anc\u00eatres n&rsquo;ont pas surv\u00e9cu \u00e0 la colonisation pour que vous puissiez utiliser leur culture pour votre propre promotion\u00a0\u00bb, d\u00e9clare l&rsquo;\u00e9crivain Navajo Brian Young.<br \/>\n<\/span><br \/>\n<span style=\"color: #000000;\">Les critiques sont nombreuses alors qu\u2019il s\u2019agit d\u2019un ouvrage de fiction et non du travail d\u2019un historien. La libert\u00e9 d\u2019expression, et donc la libert\u00e9 tout court, risque de passer \u00e0 la trappe au nom du politiquement correct.<br \/>\n<\/span><br \/>\n<span style=\"color: #000000;\">Une nouvelle forme d\u2019inquisition a vu le jour ces derni\u00e8res ann\u00e9es. Quand les nouveaux inquisiteurs veulent s\u2019attaquer \u00e0 un bouc-\u00e9missaire, ils vont l\u2019accuser de racisme ou de sexisme en d\u00e9formant les faits. Ces chasses \u00e0 l\u2019homme ne finissent plus dans le b\u00fbcher comme au moyen-\u00e2ge, mais elles peuvent d\u00e9truire la vie de nombreuses personnes. Les m\u00e9dias sont souvent complices quand il s\u2019agit de calomnier des gens victimes de la vindicte populaire.<br \/>\n<\/span><br \/>\n<span style=\"color: #000000;\">Ironiquement, J.K. Rowling est prise dans une chasse aux sorci\u00e8res. Dans son cas, elle est suffisamment solide et populaire pour r\u00e9sister \u00e0 ces attaques et les m\u00e9dias vont probablement rester de son c\u00f4t\u00e9 dans cette affaire.<\/span><\/p>\n","protected":false},"excerpt":{"rendered":"<p>J.K. Rowling est la romanci\u00e8re qui a cr\u00e9\u00e9 les romans de la s\u00e9rie Harry Potter. Le succ\u00e8s de ses livres lui ont permis d\u2019accumuler une fortune de plusieurs centaines de millions d\u2019euro. Elle d\u00e9cide alors d\u2019apporter sa contribution \u00e0 de nombreuses associations caritatives luttant contre les maladies et les in\u00e9galit\u00e9s sociales. Une partie des fonds [&hellip;]<\/p>\n","protected":false},"author":2,"featured_media":5207,"comment_status":"open","ping_status":"open","sticky":false,"template":"","format":"standard","meta":{"_genesis_hide_title":false,"_genesis_hide_breadcrumbs":false,"_genesis_hide_singular_image":false,"_genesis_hide_footer_widgets":false,"_genesis_custom_body_class":"","_genesis_custom_post_class":"","_genesis_layout":"","footnotes":""},"categories":[55],"tags":[],"class_list":{"0":"post-5205","1":"post","2":"type-post","3":"status-publish","4":"format-standard","5":"has-post-thumbnail","7":"category-societe","8":"entry"},"yoast_head":"<!-- This site is optimized with the Yoast SEO plugin v27.1.1 - https:\/\/yoast.com\/product\/yoast-seo-wordpress\/ -->\n<title>J.K. Rowling est accus\u00e9e de racisme \u00e0 l&#039;occasion de la publication d\u2019une nouvelle consacr\u00e9e aux Am\u00e9rindiens - Ozinzen<\/title>\n<meta name=\"description\" content=\"J.K. Rowling est la romanci\u00e8re qui a cr\u00e9\u00e9 les romans de la s\u00e9rie Harry Potter. Le succ\u00e8s de ses livres lui ont permis d\u2019accumuler une fortune de plusieurs\" \/>\n<meta name=\"robots\" content=\"index, follow, max-snippet:-1, max-image-preview:large, max-video-preview:-1\" \/>\n<link rel=\"canonical\" href=\"https:\/\/ozinzen.com\/blog\/j-k-rowling-accusee-de-racisme-a-loccasion-de-publication-dune-nouvelle-consacree-aux-amerindiens\/\" \/>\n<meta property=\"og:locale\" content=\"fr_FR\" \/>\n<meta property=\"og:type\" content=\"article\" \/>\n<meta property=\"og:title\" content=\"J.K. Rowling est accus\u00e9e de racisme \u00e0 l&#039;occasion de la publication d\u2019une nouvelle consacr\u00e9e aux Am\u00e9rindiens - Ozinzen\" \/>\n<meta property=\"og:description\" content=\"J.K. Rowling est la romanci\u00e8re qui a cr\u00e9\u00e9 les romans de la s\u00e9rie Harry Potter. Le succ\u00e8s de ses livres lui ont permis d\u2019accumuler une fortune de plusieurs\" \/>\n<meta property=\"og:url\" content=\"https:\/\/ozinzen.com\/blog\/j-k-rowling-accusee-de-racisme-a-loccasion-de-publication-dune-nouvelle-consacree-aux-amerindiens\/\" \/>\n<meta property=\"og:site_name\" content=\"Ozinzen\" \/>\n<meta property=\"article:published_time\" content=\"2016-03-10T00:01:09+00:00\" \/>\n<meta property=\"article:modified_time\" content=\"2016-03-10T03:40:51+00:00\" \/>\n<meta property=\"og:image\" content=\"https:\/\/ozinzen.com\/blog\/wp-content\/uploads\/2016\/03\/J.K.-Rowlings-raciste.jpg\" \/>\n\t<meta property=\"og:image:width\" content=\"409\" \/>\n\t<meta property=\"og:image:height\" content=\"450\" \/>\n\t<meta property=\"og:image:type\" content=\"image\/jpeg\" \/>\n<meta name=\"author\" content=\"Marc Sigrist\" \/>\n<meta name=\"twitter:card\" content=\"summary_large_image\" \/>\n<meta name=\"twitter:creator\" content=\"@ozinzen\" \/>\n<meta name=\"twitter:site\" content=\"@ozinzen\" \/>\n<meta name=\"twitter:label1\" content=\"\u00c9crit par\" \/>\n\t<meta name=\"twitter:data1\" content=\"Marc Sigrist\" \/>\n\t<meta name=\"twitter:label2\" content=\"Dur\u00e9e de lecture estim\u00e9e\" \/>\n\t<meta name=\"twitter:data2\" content=\"2 minutes\" \/>\n<script type=\"application\/ld+json\" class=\"yoast-schema-graph\">{\"@context\":\"https:\/\/schema.org\",\"@graph\":[{\"@type\":\"Article\",\"@id\":\"https:\/\/ozinzen.com\/blog\/j-k-rowling-accusee-de-racisme-a-loccasion-de-publication-dune-nouvelle-consacree-aux-amerindiens\/#article\",\"isPartOf\":{\"@id\":\"https:\/\/ozinzen.com\/blog\/j-k-rowling-accusee-de-racisme-a-loccasion-de-publication-dune-nouvelle-consacree-aux-amerindiens\/\"},\"author\":{\"name\":\"Marc Sigrist\",\"@id\":\"https:\/\/ozinzen.com\/blog\/#\/schema\/person\/c3f9b942ea7cfc90188ae840a2cf2fb1\"},\"headline\":\"J.K. Rowling est accus\u00e9e de racisme \u00e0 l&rsquo;occasion de la publication d\u2019une nouvelle consacr\u00e9e aux Am\u00e9rindiens\",\"datePublished\":\"2016-03-10T00:01:09+00:00\",\"dateModified\":\"2016-03-10T03:40:51+00:00\",\"mainEntityOfPage\":{\"@id\":\"https:\/\/ozinzen.com\/blog\/j-k-rowling-accusee-de-racisme-a-loccasion-de-publication-dune-nouvelle-consacree-aux-amerindiens\/\"},\"wordCount\":454,\"commentCount\":0,\"publisher\":{\"@id\":\"https:\/\/ozinzen.com\/blog\/#organization\"},\"image\":{\"@id\":\"https:\/\/ozinzen.com\/blog\/j-k-rowling-accusee-de-racisme-a-loccasion-de-publication-dune-nouvelle-consacree-aux-amerindiens\/#primaryimage\"},\"thumbnailUrl\":\"https:\/\/ozinzen.com\/blog\/wp-content\/uploads\/2016\/03\/J.K.-Rowlings-raciste.jpg\",\"articleSection\":[\"Soci\u00e9t\u00e9\"],\"inLanguage\":\"fr-FR\"},{\"@type\":\"WebPage\",\"@id\":\"https:\/\/ozinzen.com\/blog\/j-k-rowling-accusee-de-racisme-a-loccasion-de-publication-dune-nouvelle-consacree-aux-amerindiens\/\",\"url\":\"https:\/\/ozinzen.com\/blog\/j-k-rowling-accusee-de-racisme-a-loccasion-de-publication-dune-nouvelle-consacree-aux-amerindiens\/\",\"name\":\"J.K. Rowling est accus\u00e9e de racisme \u00e0 l'occasion de la publication d\u2019une nouvelle consacr\u00e9e aux Am\u00e9rindiens - Ozinzen\",\"isPartOf\":{\"@id\":\"https:\/\/ozinzen.com\/blog\/#website\"},\"primaryImageOfPage\":{\"@id\":\"https:\/\/ozinzen.com\/blog\/j-k-rowling-accusee-de-racisme-a-loccasion-de-publication-dune-nouvelle-consacree-aux-amerindiens\/#primaryimage\"},\"image\":{\"@id\":\"https:\/\/ozinzen.com\/blog\/j-k-rowling-accusee-de-racisme-a-loccasion-de-publication-dune-nouvelle-consacree-aux-amerindiens\/#primaryimage\"},\"thumbnailUrl\":\"https:\/\/ozinzen.com\/blog\/wp-content\/uploads\/2016\/03\/J.K.-Rowlings-raciste.jpg\",\"datePublished\":\"2016-03-10T00:01:09+00:00\",\"dateModified\":\"2016-03-10T03:40:51+00:00\",\"description\":\"J.K. Rowling est la romanci\u00e8re qui a cr\u00e9\u00e9 les romans de la s\u00e9rie Harry Potter. Le succ\u00e8s de ses livres lui ont permis d\u2019accumuler une fortune de plusieurs\",\"breadcrumb\":{\"@id\":\"https:\/\/ozinzen.com\/blog\/j-k-rowling-accusee-de-racisme-a-loccasion-de-publication-dune-nouvelle-consacree-aux-amerindiens\/#breadcrumb\"},\"inLanguage\":\"fr-FR\",\"potentialAction\":[{\"@type\":\"ReadAction\",\"target\":[\"https:\/\/ozinzen.com\/blog\/j-k-rowling-accusee-de-racisme-a-loccasion-de-publication-dune-nouvelle-consacree-aux-amerindiens\/\"]}]},{\"@type\":\"ImageObject\",\"inLanguage\":\"fr-FR\",\"@id\":\"https:\/\/ozinzen.com\/blog\/j-k-rowling-accusee-de-racisme-a-loccasion-de-publication-dune-nouvelle-consacree-aux-amerindiens\/#primaryimage\",\"url\":\"https:\/\/ozinzen.com\/blog\/wp-content\/uploads\/2016\/03\/J.K.-Rowlings-raciste.jpg\",\"contentUrl\":\"https:\/\/ozinzen.com\/blog\/wp-content\/uploads\/2016\/03\/J.K.-Rowlings-raciste.jpg\",\"width\":409,\"height\":450,\"caption\":\"J.K. Rowlings raciste\"},{\"@type\":\"BreadcrumbList\",\"@id\":\"https:\/\/ozinzen.com\/blog\/j-k-rowling-accusee-de-racisme-a-loccasion-de-publication-dune-nouvelle-consacree-aux-amerindiens\/#breadcrumb\",\"itemListElement\":[{\"@type\":\"ListItem\",\"position\":1,\"name\":\"Accueil\",\"item\":\"https:\/\/ozinzen.com\/blog\/\"},{\"@type\":\"ListItem\",\"position\":2,\"name\":\"J.K. Rowling est accus\u00e9e de racisme \u00e0 l&#8217;occasion de la publication d\u2019une nouvelle consacr\u00e9e aux Am\u00e9rindiens\"}]},{\"@type\":\"WebSite\",\"@id\":\"https:\/\/ozinzen.com\/blog\/#website\",\"url\":\"https:\/\/ozinzen.com\/blog\/\",\"name\":\"Ozinzen\",\"description\":\"Mode de vie et sant\u00e9\",\"publisher\":{\"@id\":\"https:\/\/ozinzen.com\/blog\/#organization\"},\"potentialAction\":[{\"@type\":\"SearchAction\",\"target\":{\"@type\":\"EntryPoint\",\"urlTemplate\":\"https:\/\/ozinzen.com\/blog\/?s={search_term_string}\"},\"query-input\":{\"@type\":\"PropertyValueSpecification\",\"valueRequired\":true,\"valueName\":\"search_term_string\"}}],\"inLanguage\":\"fr-FR\"},{\"@type\":\"Organization\",\"@id\":\"https:\/\/ozinzen.com\/blog\/#organization\",\"name\":\"Ozinzen\",\"url\":\"https:\/\/ozinzen.com\/blog\/\",\"logo\":{\"@type\":\"ImageObject\",\"inLanguage\":\"fr-FR\",\"@id\":\"https:\/\/ozinzen.com\/blog\/#\/schema\/logo\/image\/\",\"url\":\"https:\/\/ozinzen.com\/blog\/wp-content\/uploads\/2023\/01\/ozinzen.png\",\"contentUrl\":\"https:\/\/ozinzen.com\/blog\/wp-content\/uploads\/2023\/01\/ozinzen.png\",\"width\":64,\"height\":64,\"caption\":\"Ozinzen\"},\"image\":{\"@id\":\"https:\/\/ozinzen.com\/blog\/#\/schema\/logo\/image\/\"},\"sameAs\":[\"https:\/\/x.com\/ozinzen\"]},{\"@type\":\"Person\",\"@id\":\"https:\/\/ozinzen.com\/blog\/#\/schema\/person\/c3f9b942ea7cfc90188ae840a2cf2fb1\",\"name\":\"Marc Sigrist\",\"image\":{\"@type\":\"ImageObject\",\"inLanguage\":\"fr-FR\",\"@id\":\"https:\/\/ozinzen.com\/blog\/#\/schema\/person\/image\/\",\"url\":\"https:\/\/secure.gravatar.com\/avatar\/187f82243f15c243b39ac53fcbd3ac6ae072d40425f7b43c2878b6fb120dbb31?s=96&d=mm&r=g\",\"contentUrl\":\"https:\/\/secure.gravatar.com\/avatar\/187f82243f15c243b39ac53fcbd3ac6ae072d40425f7b43c2878b6fb120dbb31?s=96&d=mm&r=g\",\"caption\":\"Marc Sigrist\"}}]}<\/script>\n<!-- \/ Yoast SEO plugin. -->","yoast_head_json":{"title":"J.K. Rowling est accus\u00e9e de racisme \u00e0 l'occasion de la publication d\u2019une nouvelle consacr\u00e9e aux Am\u00e9rindiens - Ozinzen","description":"J.K. Rowling est la romanci\u00e8re qui a cr\u00e9\u00e9 les romans de la s\u00e9rie Harry Potter. Le succ\u00e8s de ses livres lui ont permis d\u2019accumuler une fortune de plusieurs","robots":{"index":"index","follow":"follow","max-snippet":"max-snippet:-1","max-image-preview":"max-image-preview:large","max-video-preview":"max-video-preview:-1"},"canonical":"https:\/\/ozinzen.com\/blog\/j-k-rowling-accusee-de-racisme-a-loccasion-de-publication-dune-nouvelle-consacree-aux-amerindiens\/","og_locale":"fr_FR","og_type":"article","og_title":"J.K. Rowling est accus\u00e9e de racisme \u00e0 l'occasion de la publication d\u2019une nouvelle consacr\u00e9e aux Am\u00e9rindiens - Ozinzen","og_description":"J.K. Rowling est la romanci\u00e8re qui a cr\u00e9\u00e9 les romans de la s\u00e9rie Harry Potter. Le succ\u00e8s de ses livres lui ont permis d\u2019accumuler une fortune de plusieurs","og_url":"https:\/\/ozinzen.com\/blog\/j-k-rowling-accusee-de-racisme-a-loccasion-de-publication-dune-nouvelle-consacree-aux-amerindiens\/","og_site_name":"Ozinzen","article_published_time":"2016-03-10T00:01:09+00:00","article_modified_time":"2016-03-10T03:40:51+00:00","og_image":[{"width":409,"height":450,"url":"https:\/\/ozinzen.com\/blog\/wp-content\/uploads\/2016\/03\/J.K.-Rowlings-raciste.jpg","type":"image\/jpeg"}],"author":"Marc Sigrist","twitter_card":"summary_large_image","twitter_creator":"@ozinzen","twitter_site":"@ozinzen","twitter_misc":{"\u00c9crit par":"Marc Sigrist","Dur\u00e9e de lecture estim\u00e9e":"2 minutes"},"schema":{"@context":"https:\/\/schema.org","@graph":[{"@type":"Article","@id":"https:\/\/ozinzen.com\/blog\/j-k-rowling-accusee-de-racisme-a-loccasion-de-publication-dune-nouvelle-consacree-aux-amerindiens\/#article","isPartOf":{"@id":"https:\/\/ozinzen.com\/blog\/j-k-rowling-accusee-de-racisme-a-loccasion-de-publication-dune-nouvelle-consacree-aux-amerindiens\/"},"author":{"name":"Marc Sigrist","@id":"https:\/\/ozinzen.com\/blog\/#\/schema\/person\/c3f9b942ea7cfc90188ae840a2cf2fb1"},"headline":"J.K. Rowling est accus\u00e9e de racisme \u00e0 l&rsquo;occasion de la publication d\u2019une nouvelle consacr\u00e9e aux Am\u00e9rindiens","datePublished":"2016-03-10T00:01:09+00:00","dateModified":"2016-03-10T03:40:51+00:00","mainEntityOfPage":{"@id":"https:\/\/ozinzen.com\/blog\/j-k-rowling-accusee-de-racisme-a-loccasion-de-publication-dune-nouvelle-consacree-aux-amerindiens\/"},"wordCount":454,"commentCount":0,"publisher":{"@id":"https:\/\/ozinzen.com\/blog\/#organization"},"image":{"@id":"https:\/\/ozinzen.com\/blog\/j-k-rowling-accusee-de-racisme-a-loccasion-de-publication-dune-nouvelle-consacree-aux-amerindiens\/#primaryimage"},"thumbnailUrl":"https:\/\/ozinzen.com\/blog\/wp-content\/uploads\/2016\/03\/J.K.-Rowlings-raciste.jpg","articleSection":["Soci\u00e9t\u00e9"],"inLanguage":"fr-FR"},{"@type":"WebPage","@id":"https:\/\/ozinzen.com\/blog\/j-k-rowling-accusee-de-racisme-a-loccasion-de-publication-dune-nouvelle-consacree-aux-amerindiens\/","url":"https:\/\/ozinzen.com\/blog\/j-k-rowling-accusee-de-racisme-a-loccasion-de-publication-dune-nouvelle-consacree-aux-amerindiens\/","name":"J.K. Rowling est accus\u00e9e de racisme \u00e0 l'occasion de la publication d\u2019une nouvelle consacr\u00e9e aux Am\u00e9rindiens - Ozinzen","isPartOf":{"@id":"https:\/\/ozinzen.com\/blog\/#website"},"primaryImageOfPage":{"@id":"https:\/\/ozinzen.com\/blog\/j-k-rowling-accusee-de-racisme-a-loccasion-de-publication-dune-nouvelle-consacree-aux-amerindiens\/#primaryimage"},"image":{"@id":"https:\/\/ozinzen.com\/blog\/j-k-rowling-accusee-de-racisme-a-loccasion-de-publication-dune-nouvelle-consacree-aux-amerindiens\/#primaryimage"},"thumbnailUrl":"https:\/\/ozinzen.com\/blog\/wp-content\/uploads\/2016\/03\/J.K.-Rowlings-raciste.jpg","datePublished":"2016-03-10T00:01:09+00:00","dateModified":"2016-03-10T03:40:51+00:00","description":"J.K. Rowling est la romanci\u00e8re qui a cr\u00e9\u00e9 les romans de la s\u00e9rie Harry Potter. Le succ\u00e8s de ses livres lui ont permis d\u2019accumuler une fortune de plusieurs","breadcrumb":{"@id":"https:\/\/ozinzen.com\/blog\/j-k-rowling-accusee-de-racisme-a-loccasion-de-publication-dune-nouvelle-consacree-aux-amerindiens\/#breadcrumb"},"inLanguage":"fr-FR","potentialAction":[{"@type":"ReadAction","target":["https:\/\/ozinzen.com\/blog\/j-k-rowling-accusee-de-racisme-a-loccasion-de-publication-dune-nouvelle-consacree-aux-amerindiens\/"]}]},{"@type":"ImageObject","inLanguage":"fr-FR","@id":"https:\/\/ozinzen.com\/blog\/j-k-rowling-accusee-de-racisme-a-loccasion-de-publication-dune-nouvelle-consacree-aux-amerindiens\/#primaryimage","url":"https:\/\/ozinzen.com\/blog\/wp-content\/uploads\/2016\/03\/J.K.-Rowlings-raciste.jpg","contentUrl":"https:\/\/ozinzen.com\/blog\/wp-content\/uploads\/2016\/03\/J.K.-Rowlings-raciste.jpg","width":409,"height":450,"caption":"J.K. Rowlings raciste"},{"@type":"BreadcrumbList","@id":"https:\/\/ozinzen.com\/blog\/j-k-rowling-accusee-de-racisme-a-loccasion-de-publication-dune-nouvelle-consacree-aux-amerindiens\/#breadcrumb","itemListElement":[{"@type":"ListItem","position":1,"name":"Accueil","item":"https:\/\/ozinzen.com\/blog\/"},{"@type":"ListItem","position":2,"name":"J.K. Rowling est accus\u00e9e de racisme \u00e0 l&#8217;occasion de la publication d\u2019une nouvelle consacr\u00e9e aux Am\u00e9rindiens"}]},{"@type":"WebSite","@id":"https:\/\/ozinzen.com\/blog\/#website","url":"https:\/\/ozinzen.com\/blog\/","name":"Ozinzen","description":"Mode de vie et sant\u00e9","publisher":{"@id":"https:\/\/ozinzen.com\/blog\/#organization"},"potentialAction":[{"@type":"SearchAction","target":{"@type":"EntryPoint","urlTemplate":"https:\/\/ozinzen.com\/blog\/?s={search_term_string}"},"query-input":{"@type":"PropertyValueSpecification","valueRequired":true,"valueName":"search_term_string"}}],"inLanguage":"fr-FR"},{"@type":"Organization","@id":"https:\/\/ozinzen.com\/blog\/#organization","name":"Ozinzen","url":"https:\/\/ozinzen.com\/blog\/","logo":{"@type":"ImageObject","inLanguage":"fr-FR","@id":"https:\/\/ozinzen.com\/blog\/#\/schema\/logo\/image\/","url":"https:\/\/ozinzen.com\/blog\/wp-content\/uploads\/2023\/01\/ozinzen.png","contentUrl":"https:\/\/ozinzen.com\/blog\/wp-content\/uploads\/2023\/01\/ozinzen.png","width":64,"height":64,"caption":"Ozinzen"},"image":{"@id":"https:\/\/ozinzen.com\/blog\/#\/schema\/logo\/image\/"},"sameAs":["https:\/\/x.com\/ozinzen"]},{"@type":"Person","@id":"https:\/\/ozinzen.com\/blog\/#\/schema\/person\/c3f9b942ea7cfc90188ae840a2cf2fb1","name":"Marc Sigrist","image":{"@type":"ImageObject","inLanguage":"fr-FR","@id":"https:\/\/ozinzen.com\/blog\/#\/schema\/person\/image\/","url":"https:\/\/secure.gravatar.com\/avatar\/187f82243f15c243b39ac53fcbd3ac6ae072d40425f7b43c2878b6fb120dbb31?s=96&d=mm&r=g","contentUrl":"https:\/\/secure.gravatar.com\/avatar\/187f82243f15c243b39ac53fcbd3ac6ae072d40425f7b43c2878b6fb120dbb31?s=96&d=mm&r=g","caption":"Marc Sigrist"}}]}},"amp_enabled":true,"_links":{"self":[{"href":"https:\/\/ozinzen.com\/blog\/wp-json\/wp\/v2\/posts\/5205","targetHints":{"allow":["GET"]}}],"collection":[{"href":"https:\/\/ozinzen.com\/blog\/wp-json\/wp\/v2\/posts"}],"about":[{"href":"https:\/\/ozinzen.com\/blog\/wp-json\/wp\/v2\/types\/post"}],"author":[{"embeddable":true,"href":"https:\/\/ozinzen.com\/blog\/wp-json\/wp\/v2\/users\/2"}],"replies":[{"embeddable":true,"href":"https:\/\/ozinzen.com\/blog\/wp-json\/wp\/v2\/comments?post=5205"}],"version-history":[{"count":8,"href":"https:\/\/ozinzen.com\/blog\/wp-json\/wp\/v2\/posts\/5205\/revisions"}],"predecessor-version":[{"id":5214,"href":"https:\/\/ozinzen.com\/blog\/wp-json\/wp\/v2\/posts\/5205\/revisions\/5214"}],"wp:featuredmedia":[{"embeddable":true,"href":"https:\/\/ozinzen.com\/blog\/wp-json\/wp\/v2\/media\/5207"}],"wp:attachment":[{"href":"https:\/\/ozinzen.com\/blog\/wp-json\/wp\/v2\/media?parent=5205"}],"wp:term":[{"taxonomy":"category","embeddable":true,"href":"https:\/\/ozinzen.com\/blog\/wp-json\/wp\/v2\/categories?post=5205"},{"taxonomy":"post_tag","embeddable":true,"href":"https:\/\/ozinzen.com\/blog\/wp-json\/wp\/v2\/tags?post=5205"}],"curies":[{"name":"wp","href":"https:\/\/api.w.org\/{rel}","templated":true}]}}