{"id":5394,"date":"2016-04-12T05:11:48","date_gmt":"2016-04-12T03:11:48","guid":{"rendered":"http:\/\/ozinzen.com\/blog\/?p=5394"},"modified":"2016-04-12T09:49:47","modified_gmt":"2016-04-12T07:49:47","slug":"examen-de-medecine-pose-question-jugee-sexiste-prendrons-mesures-necessaires-declare-najat-vallaud-belkacem","status":"publish","type":"post","link":"https:\/\/ozinzen.com\/blog\/examen-de-medecine-pose-question-jugee-sexiste-prendrons-mesures-necessaires-declare-najat-vallaud-belkacem\/","title":{"rendered":"Un examen de m\u00e9decine pose une question jug\u00e9e sexiste : \u00ab\u00a0Nous prendrons les mesures n\u00e9cessaires\u00a0\u00bb, d\u00e9clare Najat Vallaud-Belkacem"},"content":{"rendered":"<p style=\"text-align: justify;\"><span style=\"color: #000000;\"><a style=\"color: #000000;\" href=\"http:\/\/ozinzen.com\/blog\/wp-content\/uploads\/2016\/04\/les-nouveaux-inquisiteurs.jpg\" rel=\"attachment wp-att-5397\"><img loading=\"lazy\" decoding=\"async\" class=\"alignnone size-full wp-image-5397\" src=\"http:\/\/ozinzen.com\/blog\/wp-content\/uploads\/2016\/04\/les-nouveaux-inquisiteurs.jpg\" alt=\"les nouveaux inquisiteurs\" width=\"500\" height=\"350\" srcset=\"https:\/\/ozinzen.com\/blog\/wp-content\/uploads\/2016\/04\/les-nouveaux-inquisiteurs.jpg 500w, https:\/\/ozinzen.com\/blog\/wp-content\/uploads\/2016\/04\/les-nouveaux-inquisiteurs-300x210.jpg 300w\" sizes=\"auto, (max-width: 500px) 100vw, 500px\" \/><\/a><\/span><\/p>\n<p style=\"text-align: justify;\"><span style=\"color: #000000;\">Un an apr\u00e8s <a href=\"http:\/\/ozinzen.com\/blog\/les-nouveaux-inquisiteurs-sattaquent-aux-internes-de-lhopital-de-clermont-ferrand\/\" target=\"_blank\">l\u2019affaire de la fresque de Clermont-Ferrand<\/a>, le milieu des \u00e9tudiants en m\u00e9decine est de nouveau frapp\u00e9 par des critiques moralisatrices orchestr\u00e9es par des m\u00e9dias et des politiciens.<\/span><\/p>\n<p style=\"text-align: justify;\"><span style=\"color: #000000;\">L\u2019affaire de la fresque de Clermont-Ferrand avait pr\u00e9sent\u00e9 les \u00e9tudiants en m\u00e9decine comme des partisans du viol collectif.<\/span><\/p>\n<p style=\"text-align: justify;\"><span style=\"color: #000000;\">Cette fois-ci une simple blague gliss\u00e9e dans un examen a d\u00e9clench\u00e9 la r\u00e9action courrouc\u00e9e de Najat Vallaud-Belkacem, ministre de l&rsquo;\u00c9ducation nationale, de l&rsquo;Enseignement sup\u00e9rieur et de la Recherche. Najat Vallaud-Belkacem a envoy\u00e9 une menace sur Twitter : \u00ab\u00a0Nous prendrons les mesures n\u00e9cessaires.\u00a0\u00bb Najat Vallaud-Belkacem esp\u00e8re clairement punir les coupables de cet humour non politiquement correct.<\/span><\/p>\n<p style=\"text-align: justify;\"><span style=\"color: #000000;\">Aussi incroyable que \u00e7a puisse para\u00eetre, le message de\u00a0Najat Vallaud-Belkacem comporte de nombreuses fautes d\u2019orthographe et de syntaxe. Cela rend cette affaire encore plus\u00a0grotesque.\u00a0<\/span><\/p>\n<p style=\"text-align: justify;\"><span style=\"color: #000000;\"><a style=\"color: #000000;\" href=\"http:\/\/ozinzen.com\/blog\/wp-content\/uploads\/2016\/04\/ministre-de-l\u00e9ducation-stupide-1.jpg\" rel=\"attachment wp-att-5401\"><img loading=\"lazy\" decoding=\"async\" class=\"alignnone size-full wp-image-5401\" src=\"http:\/\/ozinzen.com\/blog\/wp-content\/uploads\/2016\/04\/ministre-de-l\u00e9ducation-stupide-1.jpg\" alt=\"ministre de l'\u00e9ducation stupide\" width=\"593\" height=\"486\" srcset=\"https:\/\/ozinzen.com\/blog\/wp-content\/uploads\/2016\/04\/ministre-de-l\u00e9ducation-stupide-1.jpg 593w, https:\/\/ozinzen.com\/blog\/wp-content\/uploads\/2016\/04\/ministre-de-l\u00e9ducation-stupide-1-300x246.jpg 300w\" sizes=\"auto, (max-width: 593px) 100vw, 593px\" \/><\/a><\/span><!--more--><\/p>\n<p style=\"text-align: justify;\"><strong><a href=\"http:\/\/www.slate.fr\/story\/116583\/examen-blanc-medecine-sexisme-ordinaire\" target=\"_blank\">Extrait de slate.fr<\/a><\/strong><\/p>\n<blockquote>\n<p style=\"text-align: justify;\"><span style=\"color: #000000;\">Les \u00e9tudiants en m\u00e9decine de trois facult\u00e9s parisiennes passaient un iECN blanc ce vendredi 8 avril durant lequel leur a \u00e9t\u00e9 pos\u00e9e une question symptomatique d&rsquo;un \u00e9tat d&rsquo;esprit tr\u00e8s \u00abmasculin\u00bb.<\/span><\/p>\n<p style=\"text-align: justify;\"><span style=\"color: #000000;\">Pour certains, le trait d\u2019humour a du mal \u00e0 passer. Les \u00e9tudiants en sixi\u00e8me ann\u00e9e de m\u00e9decine de trois facs parisiennes passaient ce vendredi 8 avril un iECN blanc les pr\u00e9parant au grand examen de fin d\u2019ann\u00e9e menant au choix de sa sp\u00e9cialit\u00e9. Si les \u00e9l\u00e8ves \u00e9taient habitu\u00e9s \u00e0 trouver des calembours ou une forme d\u2019humour dans la formulation des questions, ils ne s\u2019attendaient en aucun cas \u00e0 \u00e7a.<br \/>\n<\/span><br \/>\n<span style=\"color: #000000;\"> \u00c0 la question n\u00b037, on leur pr\u00e9sentait le cas d\u2019une patiente de 35 ans qui re\u00e7oit une fess\u00e9e sur son lieu de travail par son sup\u00e9rieur hi\u00e9rarchique devant ses coll\u00e8gues et qui consulte aux urgences. L\u00e0, il est pr\u00e9sent\u00e9 diff\u00e9rents types de r\u00e9actions du professionnel en charge de l\u2019auscultation. Parmi les choix possibles, le tout dernier: \u00abVous lui demandez d\u2019aller au coin car elle n\u2019a pas \u00e9t\u00e9 sage.\u00bb<\/span><\/p>\n<p style=\"text-align: justify;\"><span style=\"color: #000000;\">Sur Twitter, Pauline a ouvertement regrett\u00e9 le sexisme de la question. Jointe au t\u00e9l\u00e9phone, elle explique que, pour elle, une telle formulation est symptomatique d\u2019un \u00e9tat d\u2019esprit tr\u00e8s masculin propre aux facult\u00e9s de m\u00e9decine. \u00abC\u2019est toujours sous couvert d\u2019humour ou de tradition, d\u00e9crypte-t-elle. Beaucoup ne se rendent pas compte que c\u2019est tout simplement sexiste.\u00bb<br \/>\n<\/span><br \/>\n<span style=\"color: #000000;\"> Elle cite notamment la violence de certaines remarques que les \u00e9tudiantes subissent de mani\u00e8re quasi syst\u00e9matique en chirurgie: \u00abUne fois, j\u2019ai expliqu\u00e9 qu\u2019il pouvait m\u2019arriver de faire des malaises. On m\u2019a r\u00e9pondu que j\u2019allais me r\u00e9veiller avec une bite dans l\u2019oreille.\u00bb<br \/>\n<\/span><br \/>\n<span style=\"color: #000000;\"> Un mal profond<\/span><br \/>\n<span style=\"color: #000000;\"> En janvier 2015, une fresque grivoise, peinte sur les murs d\u2019une salle d\u2019internes du CHU de Clermont-Ferrand, avait d\u00e9clench\u00e9 une pol\u00e9mique nationale. Slate pointait alors dans un long article le fait que le sexisme ordinaire s\u2019\u00e9tait durablement implant\u00e9 dans la m\u00e9decine, que ce soit dans les \u00e9tudes, les soir\u00e9es, la profession, les pratiques m\u00e9dicales, le rapport des patients aux m\u00e9decins et des m\u00e9decins aux patientes.<br \/>\n<\/span><\/p>\n<\/blockquote>\n","protected":false},"excerpt":{"rendered":"<p>Un an apr\u00e8s l\u2019affaire de la fresque de Clermont-Ferrand, le milieu des \u00e9tudiants en m\u00e9decine est de nouveau frapp\u00e9 par des critiques moralisatrices orchestr\u00e9es par des m\u00e9dias et des politiciens. L\u2019affaire de la fresque de Clermont-Ferrand avait pr\u00e9sent\u00e9 les \u00e9tudiants en m\u00e9decine comme des partisans du viol collectif. Cette fois-ci une simple blague gliss\u00e9e dans [&hellip;]<\/p>\n","protected":false},"author":2,"featured_media":5397,"comment_status":"open","ping_status":"open","sticky":false,"template":"","format":"standard","meta":{"_genesis_hide_title":false,"_genesis_hide_breadcrumbs":false,"_genesis_hide_singular_image":false,"_genesis_hide_footer_widgets":false,"_genesis_custom_body_class":"","_genesis_custom_post_class":"","_genesis_layout":"","footnotes":""},"categories":[55],"tags":[],"class_list":{"0":"post-5394","1":"post","2":"type-post","3":"status-publish","4":"format-standard","5":"has-post-thumbnail","7":"category-societe","8":"entry"},"yoast_head":"<!-- This site is optimized with the Yoast SEO plugin v27.1.1 - https:\/\/yoast.com\/product\/yoast-seo-wordpress\/ -->\n<title>Un examen de m\u00e9decine pose une question jug\u00e9e sexiste : &quot;Nous prendrons les mesures n\u00e9cessaires&quot;, d\u00e9clare Najat Vallaud-Belkacem - Ozinzen<\/title>\n<meta name=\"description\" content=\"Un an apr\u00e8s l\u2019affaire de la fresque de Clermont-Ferrand, le milieu des \u00e9tudiants en m\u00e9decine est de nouveau frapp\u00e9 par des critiques moralisatrices\" \/>\n<meta name=\"robots\" content=\"index, follow, max-snippet:-1, max-image-preview:large, max-video-preview:-1\" \/>\n<link rel=\"canonical\" href=\"https:\/\/ozinzen.com\/blog\/examen-de-medecine-pose-question-jugee-sexiste-prendrons-mesures-necessaires-declare-najat-vallaud-belkacem\/\" \/>\n<meta property=\"og:locale\" content=\"fr_FR\" \/>\n<meta property=\"og:type\" content=\"article\" \/>\n<meta property=\"og:title\" content=\"Un examen de m\u00e9decine pose une question jug\u00e9e sexiste : &quot;Nous prendrons les mesures n\u00e9cessaires&quot;, d\u00e9clare Najat Vallaud-Belkacem - Ozinzen\" \/>\n<meta property=\"og:description\" content=\"Un an apr\u00e8s l\u2019affaire de la fresque de Clermont-Ferrand, le milieu des \u00e9tudiants en m\u00e9decine est de nouveau frapp\u00e9 par des critiques moralisatrices\" \/>\n<meta property=\"og:url\" content=\"https:\/\/ozinzen.com\/blog\/examen-de-medecine-pose-question-jugee-sexiste-prendrons-mesures-necessaires-declare-najat-vallaud-belkacem\/\" \/>\n<meta property=\"og:site_name\" content=\"Ozinzen\" \/>\n<meta property=\"article:published_time\" content=\"2016-04-12T03:11:48+00:00\" \/>\n<meta property=\"article:modified_time\" content=\"2016-04-12T07:49:47+00:00\" \/>\n<meta property=\"og:image\" content=\"https:\/\/ozinzen.com\/blog\/wp-content\/uploads\/2016\/04\/les-nouveaux-inquisiteurs.jpg\" \/>\n\t<meta property=\"og:image:width\" content=\"500\" \/>\n\t<meta property=\"og:image:height\" content=\"350\" \/>\n\t<meta property=\"og:image:type\" content=\"image\/jpeg\" \/>\n<meta name=\"author\" content=\"Marc Sigrist\" \/>\n<meta name=\"twitter:card\" content=\"summary_large_image\" \/>\n<meta name=\"twitter:creator\" content=\"@ozinzen\" \/>\n<meta name=\"twitter:site\" content=\"@ozinzen\" \/>\n<meta name=\"twitter:label1\" content=\"\u00c9crit par\" \/>\n\t<meta name=\"twitter:data1\" content=\"Marc Sigrist\" \/>\n\t<meta name=\"twitter:label2\" content=\"Dur\u00e9e de lecture estim\u00e9e\" \/>\n\t<meta name=\"twitter:data2\" content=\"3 minutes\" \/>\n<script type=\"application\/ld+json\" class=\"yoast-schema-graph\">{\"@context\":\"https:\/\/schema.org\",\"@graph\":[{\"@type\":\"Article\",\"@id\":\"https:\/\/ozinzen.com\/blog\/examen-de-medecine-pose-question-jugee-sexiste-prendrons-mesures-necessaires-declare-najat-vallaud-belkacem\/#article\",\"isPartOf\":{\"@id\":\"https:\/\/ozinzen.com\/blog\/examen-de-medecine-pose-question-jugee-sexiste-prendrons-mesures-necessaires-declare-najat-vallaud-belkacem\/\"},\"author\":{\"name\":\"Marc Sigrist\",\"@id\":\"https:\/\/ozinzen.com\/blog\/#\/schema\/person\/c3f9b942ea7cfc90188ae840a2cf2fb1\"},\"headline\":\"Un examen de m\u00e9decine pose une question jug\u00e9e sexiste : \u00ab\u00a0Nous prendrons les mesures n\u00e9cessaires\u00a0\u00bb, d\u00e9clare Najat Vallaud-Belkacem\",\"datePublished\":\"2016-04-12T03:11:48+00:00\",\"dateModified\":\"2016-04-12T07:49:47+00:00\",\"mainEntityOfPage\":{\"@id\":\"https:\/\/ozinzen.com\/blog\/examen-de-medecine-pose-question-jugee-sexiste-prendrons-mesures-necessaires-declare-najat-vallaud-belkacem\/\"},\"wordCount\":553,\"commentCount\":1,\"publisher\":{\"@id\":\"https:\/\/ozinzen.com\/blog\/#organization\"},\"image\":{\"@id\":\"https:\/\/ozinzen.com\/blog\/examen-de-medecine-pose-question-jugee-sexiste-prendrons-mesures-necessaires-declare-najat-vallaud-belkacem\/#primaryimage\"},\"thumbnailUrl\":\"https:\/\/ozinzen.com\/blog\/wp-content\/uploads\/2016\/04\/les-nouveaux-inquisiteurs.jpg\",\"articleSection\":[\"Soci\u00e9t\u00e9\"],\"inLanguage\":\"fr-FR\"},{\"@type\":\"WebPage\",\"@id\":\"https:\/\/ozinzen.com\/blog\/examen-de-medecine-pose-question-jugee-sexiste-prendrons-mesures-necessaires-declare-najat-vallaud-belkacem\/\",\"url\":\"https:\/\/ozinzen.com\/blog\/examen-de-medecine-pose-question-jugee-sexiste-prendrons-mesures-necessaires-declare-najat-vallaud-belkacem\/\",\"name\":\"Un examen de m\u00e9decine pose une question jug\u00e9e sexiste : \\\"Nous prendrons les mesures n\u00e9cessaires\\\", d\u00e9clare Najat Vallaud-Belkacem - Ozinzen\",\"isPartOf\":{\"@id\":\"https:\/\/ozinzen.com\/blog\/#website\"},\"primaryImageOfPage\":{\"@id\":\"https:\/\/ozinzen.com\/blog\/examen-de-medecine-pose-question-jugee-sexiste-prendrons-mesures-necessaires-declare-najat-vallaud-belkacem\/#primaryimage\"},\"image\":{\"@id\":\"https:\/\/ozinzen.com\/blog\/examen-de-medecine-pose-question-jugee-sexiste-prendrons-mesures-necessaires-declare-najat-vallaud-belkacem\/#primaryimage\"},\"thumbnailUrl\":\"https:\/\/ozinzen.com\/blog\/wp-content\/uploads\/2016\/04\/les-nouveaux-inquisiteurs.jpg\",\"datePublished\":\"2016-04-12T03:11:48+00:00\",\"dateModified\":\"2016-04-12T07:49:47+00:00\",\"description\":\"Un an apr\u00e8s l\u2019affaire de la fresque de Clermont-Ferrand, le milieu des \u00e9tudiants en m\u00e9decine est de nouveau frapp\u00e9 par des critiques moralisatrices\",\"breadcrumb\":{\"@id\":\"https:\/\/ozinzen.com\/blog\/examen-de-medecine-pose-question-jugee-sexiste-prendrons-mesures-necessaires-declare-najat-vallaud-belkacem\/#breadcrumb\"},\"inLanguage\":\"fr-FR\",\"potentialAction\":[{\"@type\":\"ReadAction\",\"target\":[\"https:\/\/ozinzen.com\/blog\/examen-de-medecine-pose-question-jugee-sexiste-prendrons-mesures-necessaires-declare-najat-vallaud-belkacem\/\"]}]},{\"@type\":\"ImageObject\",\"inLanguage\":\"fr-FR\",\"@id\":\"https:\/\/ozinzen.com\/blog\/examen-de-medecine-pose-question-jugee-sexiste-prendrons-mesures-necessaires-declare-najat-vallaud-belkacem\/#primaryimage\",\"url\":\"https:\/\/ozinzen.com\/blog\/wp-content\/uploads\/2016\/04\/les-nouveaux-inquisiteurs.jpg\",\"contentUrl\":\"https:\/\/ozinzen.com\/blog\/wp-content\/uploads\/2016\/04\/les-nouveaux-inquisiteurs.jpg\",\"width\":500,\"height\":350,\"caption\":\"les nouveaux inquisiteurs\"},{\"@type\":\"BreadcrumbList\",\"@id\":\"https:\/\/ozinzen.com\/blog\/examen-de-medecine-pose-question-jugee-sexiste-prendrons-mesures-necessaires-declare-najat-vallaud-belkacem\/#breadcrumb\",\"itemListElement\":[{\"@type\":\"ListItem\",\"position\":1,\"name\":\"Accueil\",\"item\":\"https:\/\/ozinzen.com\/blog\/\"},{\"@type\":\"ListItem\",\"position\":2,\"name\":\"Un examen de m\u00e9decine pose une question jug\u00e9e sexiste : &#8220;Nous prendrons les mesures n\u00e9cessaires&#8221;, d\u00e9clare Najat Vallaud-Belkacem\"}]},{\"@type\":\"WebSite\",\"@id\":\"https:\/\/ozinzen.com\/blog\/#website\",\"url\":\"https:\/\/ozinzen.com\/blog\/\",\"name\":\"Ozinzen\",\"description\":\"Mode de vie et sant\u00e9\",\"publisher\":{\"@id\":\"https:\/\/ozinzen.com\/blog\/#organization\"},\"potentialAction\":[{\"@type\":\"SearchAction\",\"target\":{\"@type\":\"EntryPoint\",\"urlTemplate\":\"https:\/\/ozinzen.com\/blog\/?s={search_term_string}\"},\"query-input\":{\"@type\":\"PropertyValueSpecification\",\"valueRequired\":true,\"valueName\":\"search_term_string\"}}],\"inLanguage\":\"fr-FR\"},{\"@type\":\"Organization\",\"@id\":\"https:\/\/ozinzen.com\/blog\/#organization\",\"name\":\"Ozinzen\",\"url\":\"https:\/\/ozinzen.com\/blog\/\",\"logo\":{\"@type\":\"ImageObject\",\"inLanguage\":\"fr-FR\",\"@id\":\"https:\/\/ozinzen.com\/blog\/#\/schema\/logo\/image\/\",\"url\":\"https:\/\/ozinzen.com\/blog\/wp-content\/uploads\/2023\/01\/ozinzen.png\",\"contentUrl\":\"https:\/\/ozinzen.com\/blog\/wp-content\/uploads\/2023\/01\/ozinzen.png\",\"width\":64,\"height\":64,\"caption\":\"Ozinzen\"},\"image\":{\"@id\":\"https:\/\/ozinzen.com\/blog\/#\/schema\/logo\/image\/\"},\"sameAs\":[\"https:\/\/x.com\/ozinzen\"]},{\"@type\":\"Person\",\"@id\":\"https:\/\/ozinzen.com\/blog\/#\/schema\/person\/c3f9b942ea7cfc90188ae840a2cf2fb1\",\"name\":\"Marc Sigrist\",\"image\":{\"@type\":\"ImageObject\",\"inLanguage\":\"fr-FR\",\"@id\":\"https:\/\/ozinzen.com\/blog\/#\/schema\/person\/image\/\",\"url\":\"https:\/\/secure.gravatar.com\/avatar\/187f82243f15c243b39ac53fcbd3ac6ae072d40425f7b43c2878b6fb120dbb31?s=96&d=mm&r=g\",\"contentUrl\":\"https:\/\/secure.gravatar.com\/avatar\/187f82243f15c243b39ac53fcbd3ac6ae072d40425f7b43c2878b6fb120dbb31?s=96&d=mm&r=g\",\"caption\":\"Marc Sigrist\"}}]}<\/script>\n<!-- \/ Yoast SEO plugin. -->","yoast_head_json":{"title":"Un examen de m\u00e9decine pose une question jug\u00e9e sexiste : \"Nous prendrons les mesures n\u00e9cessaires\", d\u00e9clare Najat Vallaud-Belkacem - Ozinzen","description":"Un an apr\u00e8s l\u2019affaire de la fresque de Clermont-Ferrand, le milieu des \u00e9tudiants en m\u00e9decine est de nouveau frapp\u00e9 par des critiques moralisatrices","robots":{"index":"index","follow":"follow","max-snippet":"max-snippet:-1","max-image-preview":"max-image-preview:large","max-video-preview":"max-video-preview:-1"},"canonical":"https:\/\/ozinzen.com\/blog\/examen-de-medecine-pose-question-jugee-sexiste-prendrons-mesures-necessaires-declare-najat-vallaud-belkacem\/","og_locale":"fr_FR","og_type":"article","og_title":"Un examen de m\u00e9decine pose une question jug\u00e9e sexiste : \"Nous prendrons les mesures n\u00e9cessaires\", d\u00e9clare Najat Vallaud-Belkacem - Ozinzen","og_description":"Un an apr\u00e8s l\u2019affaire de la fresque de Clermont-Ferrand, le milieu des \u00e9tudiants en m\u00e9decine est de nouveau frapp\u00e9 par des critiques moralisatrices","og_url":"https:\/\/ozinzen.com\/blog\/examen-de-medecine-pose-question-jugee-sexiste-prendrons-mesures-necessaires-declare-najat-vallaud-belkacem\/","og_site_name":"Ozinzen","article_published_time":"2016-04-12T03:11:48+00:00","article_modified_time":"2016-04-12T07:49:47+00:00","og_image":[{"width":500,"height":350,"url":"https:\/\/ozinzen.com\/blog\/wp-content\/uploads\/2016\/04\/les-nouveaux-inquisiteurs.jpg","type":"image\/jpeg"}],"author":"Marc Sigrist","twitter_card":"summary_large_image","twitter_creator":"@ozinzen","twitter_site":"@ozinzen","twitter_misc":{"\u00c9crit par":"Marc Sigrist","Dur\u00e9e de lecture estim\u00e9e":"3 minutes"},"schema":{"@context":"https:\/\/schema.org","@graph":[{"@type":"Article","@id":"https:\/\/ozinzen.com\/blog\/examen-de-medecine-pose-question-jugee-sexiste-prendrons-mesures-necessaires-declare-najat-vallaud-belkacem\/#article","isPartOf":{"@id":"https:\/\/ozinzen.com\/blog\/examen-de-medecine-pose-question-jugee-sexiste-prendrons-mesures-necessaires-declare-najat-vallaud-belkacem\/"},"author":{"name":"Marc Sigrist","@id":"https:\/\/ozinzen.com\/blog\/#\/schema\/person\/c3f9b942ea7cfc90188ae840a2cf2fb1"},"headline":"Un examen de m\u00e9decine pose une question jug\u00e9e sexiste : \u00ab\u00a0Nous prendrons les mesures n\u00e9cessaires\u00a0\u00bb, d\u00e9clare Najat Vallaud-Belkacem","datePublished":"2016-04-12T03:11:48+00:00","dateModified":"2016-04-12T07:49:47+00:00","mainEntityOfPage":{"@id":"https:\/\/ozinzen.com\/blog\/examen-de-medecine-pose-question-jugee-sexiste-prendrons-mesures-necessaires-declare-najat-vallaud-belkacem\/"},"wordCount":553,"commentCount":1,"publisher":{"@id":"https:\/\/ozinzen.com\/blog\/#organization"},"image":{"@id":"https:\/\/ozinzen.com\/blog\/examen-de-medecine-pose-question-jugee-sexiste-prendrons-mesures-necessaires-declare-najat-vallaud-belkacem\/#primaryimage"},"thumbnailUrl":"https:\/\/ozinzen.com\/blog\/wp-content\/uploads\/2016\/04\/les-nouveaux-inquisiteurs.jpg","articleSection":["Soci\u00e9t\u00e9"],"inLanguage":"fr-FR"},{"@type":"WebPage","@id":"https:\/\/ozinzen.com\/blog\/examen-de-medecine-pose-question-jugee-sexiste-prendrons-mesures-necessaires-declare-najat-vallaud-belkacem\/","url":"https:\/\/ozinzen.com\/blog\/examen-de-medecine-pose-question-jugee-sexiste-prendrons-mesures-necessaires-declare-najat-vallaud-belkacem\/","name":"Un examen de m\u00e9decine pose une question jug\u00e9e sexiste : \"Nous prendrons les mesures n\u00e9cessaires\", d\u00e9clare Najat Vallaud-Belkacem - Ozinzen","isPartOf":{"@id":"https:\/\/ozinzen.com\/blog\/#website"},"primaryImageOfPage":{"@id":"https:\/\/ozinzen.com\/blog\/examen-de-medecine-pose-question-jugee-sexiste-prendrons-mesures-necessaires-declare-najat-vallaud-belkacem\/#primaryimage"},"image":{"@id":"https:\/\/ozinzen.com\/blog\/examen-de-medecine-pose-question-jugee-sexiste-prendrons-mesures-necessaires-declare-najat-vallaud-belkacem\/#primaryimage"},"thumbnailUrl":"https:\/\/ozinzen.com\/blog\/wp-content\/uploads\/2016\/04\/les-nouveaux-inquisiteurs.jpg","datePublished":"2016-04-12T03:11:48+00:00","dateModified":"2016-04-12T07:49:47+00:00","description":"Un an apr\u00e8s l\u2019affaire de la fresque de Clermont-Ferrand, le milieu des \u00e9tudiants en m\u00e9decine est de nouveau frapp\u00e9 par des critiques moralisatrices","breadcrumb":{"@id":"https:\/\/ozinzen.com\/blog\/examen-de-medecine-pose-question-jugee-sexiste-prendrons-mesures-necessaires-declare-najat-vallaud-belkacem\/#breadcrumb"},"inLanguage":"fr-FR","potentialAction":[{"@type":"ReadAction","target":["https:\/\/ozinzen.com\/blog\/examen-de-medecine-pose-question-jugee-sexiste-prendrons-mesures-necessaires-declare-najat-vallaud-belkacem\/"]}]},{"@type":"ImageObject","inLanguage":"fr-FR","@id":"https:\/\/ozinzen.com\/blog\/examen-de-medecine-pose-question-jugee-sexiste-prendrons-mesures-necessaires-declare-najat-vallaud-belkacem\/#primaryimage","url":"https:\/\/ozinzen.com\/blog\/wp-content\/uploads\/2016\/04\/les-nouveaux-inquisiteurs.jpg","contentUrl":"https:\/\/ozinzen.com\/blog\/wp-content\/uploads\/2016\/04\/les-nouveaux-inquisiteurs.jpg","width":500,"height":350,"caption":"les nouveaux inquisiteurs"},{"@type":"BreadcrumbList","@id":"https:\/\/ozinzen.com\/blog\/examen-de-medecine-pose-question-jugee-sexiste-prendrons-mesures-necessaires-declare-najat-vallaud-belkacem\/#breadcrumb","itemListElement":[{"@type":"ListItem","position":1,"name":"Accueil","item":"https:\/\/ozinzen.com\/blog\/"},{"@type":"ListItem","position":2,"name":"Un examen de m\u00e9decine pose une question jug\u00e9e sexiste : &#8220;Nous prendrons les mesures n\u00e9cessaires&#8221;, d\u00e9clare Najat Vallaud-Belkacem"}]},{"@type":"WebSite","@id":"https:\/\/ozinzen.com\/blog\/#website","url":"https:\/\/ozinzen.com\/blog\/","name":"Ozinzen","description":"Mode de vie et sant\u00e9","publisher":{"@id":"https:\/\/ozinzen.com\/blog\/#organization"},"potentialAction":[{"@type":"SearchAction","target":{"@type":"EntryPoint","urlTemplate":"https:\/\/ozinzen.com\/blog\/?s={search_term_string}"},"query-input":{"@type":"PropertyValueSpecification","valueRequired":true,"valueName":"search_term_string"}}],"inLanguage":"fr-FR"},{"@type":"Organization","@id":"https:\/\/ozinzen.com\/blog\/#organization","name":"Ozinzen","url":"https:\/\/ozinzen.com\/blog\/","logo":{"@type":"ImageObject","inLanguage":"fr-FR","@id":"https:\/\/ozinzen.com\/blog\/#\/schema\/logo\/image\/","url":"https:\/\/ozinzen.com\/blog\/wp-content\/uploads\/2023\/01\/ozinzen.png","contentUrl":"https:\/\/ozinzen.com\/blog\/wp-content\/uploads\/2023\/01\/ozinzen.png","width":64,"height":64,"caption":"Ozinzen"},"image":{"@id":"https:\/\/ozinzen.com\/blog\/#\/schema\/logo\/image\/"},"sameAs":["https:\/\/x.com\/ozinzen"]},{"@type":"Person","@id":"https:\/\/ozinzen.com\/blog\/#\/schema\/person\/c3f9b942ea7cfc90188ae840a2cf2fb1","name":"Marc Sigrist","image":{"@type":"ImageObject","inLanguage":"fr-FR","@id":"https:\/\/ozinzen.com\/blog\/#\/schema\/person\/image\/","url":"https:\/\/secure.gravatar.com\/avatar\/187f82243f15c243b39ac53fcbd3ac6ae072d40425f7b43c2878b6fb120dbb31?s=96&d=mm&r=g","contentUrl":"https:\/\/secure.gravatar.com\/avatar\/187f82243f15c243b39ac53fcbd3ac6ae072d40425f7b43c2878b6fb120dbb31?s=96&d=mm&r=g","caption":"Marc Sigrist"}}]}},"amp_enabled":true,"_links":{"self":[{"href":"https:\/\/ozinzen.com\/blog\/wp-json\/wp\/v2\/posts\/5394","targetHints":{"allow":["GET"]}}],"collection":[{"href":"https:\/\/ozinzen.com\/blog\/wp-json\/wp\/v2\/posts"}],"about":[{"href":"https:\/\/ozinzen.com\/blog\/wp-json\/wp\/v2\/types\/post"}],"author":[{"embeddable":true,"href":"https:\/\/ozinzen.com\/blog\/wp-json\/wp\/v2\/users\/2"}],"replies":[{"embeddable":true,"href":"https:\/\/ozinzen.com\/blog\/wp-json\/wp\/v2\/comments?post=5394"}],"version-history":[{"count":16,"href":"https:\/\/ozinzen.com\/blog\/wp-json\/wp\/v2\/posts\/5394\/revisions"}],"predecessor-version":[{"id":5413,"href":"https:\/\/ozinzen.com\/blog\/wp-json\/wp\/v2\/posts\/5394\/revisions\/5413"}],"wp:featuredmedia":[{"embeddable":true,"href":"https:\/\/ozinzen.com\/blog\/wp-json\/wp\/v2\/media\/5397"}],"wp:attachment":[{"href":"https:\/\/ozinzen.com\/blog\/wp-json\/wp\/v2\/media?parent=5394"}],"wp:term":[{"taxonomy":"category","embeddable":true,"href":"https:\/\/ozinzen.com\/blog\/wp-json\/wp\/v2\/categories?post=5394"},{"taxonomy":"post_tag","embeddable":true,"href":"https:\/\/ozinzen.com\/blog\/wp-json\/wp\/v2\/tags?post=5394"}],"curies":[{"name":"wp","href":"https:\/\/api.w.org\/{rel}","templated":true}]}}