{"id":5486,"date":"2016-04-27T13:16:56","date_gmt":"2016-04-27T11:16:56","guid":{"rendered":"http:\/\/ozinzen.com\/blog\/?p=5486"},"modified":"2016-04-27T19:04:39","modified_gmt":"2016-04-27T17:04:39","slug":"disney-contes-enfants-stereotypes-de-genres-contre-attaquent","status":"publish","type":"post","link":"https:\/\/ozinzen.com\/blog\/disney-contes-enfants-stereotypes-de-genres-contre-attaquent\/","title":{"rendered":"Disney et les contes pour enfants : les st\u00e9r\u00e9otypes de genres contre-attaquent"},"content":{"rendered":"<p style=\"text-align: justify;\"><span style=\"color: #000000;\"><a style=\"color: #000000;\" href=\"http:\/\/ozinzen.com\/blog\/wp-content\/uploads\/2016\/04\/la-belle-et-la-b\u00eate-alex-.png\"><img loading=\"lazy\" decoding=\"async\" class=\"alignnone size-full wp-image-5489\" src=\"http:\/\/ozinzen.com\/blog\/wp-content\/uploads\/2016\/04\/la-belle-et-la-b\u00eate-alex-.png\" alt=\"la-belle-et-la-b\u00eate\" width=\"727\" height=\"474\" srcset=\"https:\/\/ozinzen.com\/blog\/wp-content\/uploads\/2016\/04\/la-belle-et-la-b\u00eate-alex-.png 727w, https:\/\/ozinzen.com\/blog\/wp-content\/uploads\/2016\/04\/la-belle-et-la-b\u00eate-alex--300x196.png 300w\" sizes=\"auto, (max-width: 727px) 100vw, 727px\" \/><\/a><\/span><\/p>\n<p style=\"text-align: justify;\"><span style=\"color: #000000;\">Depuis quelques ann\u00e9es, les studios Disney mettent au go\u00fbt du jour leurs dessins anim\u00e9s historiques. En 2010, le remake en prises de vues r\u00e9elles d&rsquo;Alice au pays des merveilles a r\u00e9colt\u00e9 plus d\u2019un milliard de dollars de recettes. Quatre ans plus tard le film Mal\u00e9fique connait un succ\u00e8s monumental. Mal\u00e9fique est une histoire revisit\u00e9e\u00a0de la Belle au bois dormant. En 2015 c\u2019est le film Cendrillon qui connait un succ\u00e8s mondial.<\/span><\/p>\n<p style=\"text-align: justify;\"><span style=\"color: #000000;\">En 2017, c\u2019est le conte <strong>La Belle et la B\u00eate<\/strong> qui va sortir sur les \u00e9crans du monde entier. Dans ce conte pour enfant, la belle \u00e9pouse le prince \u00e0 la fin du r\u00e9cit. C\u2019est tout \u00e0 fait le genre d\u2019histoire qui a le don de provoquer des crises chez les partisans de la th\u00e9orie du genre et les pseudo-f\u00e9ministes. Le succ\u00e8s de ces films contredit compl\u00e8tement leurs th\u00e9ories farfelues concernant l\u2019\u00e9ducation des enfants.<\/span><!--more--><\/p>\n<p style=\"text-align: justify;\"><span style=\"color: #000000;\">Prenons un exemple pour illustrer le point de vue des partisans de la th\u00e9orie du genre\u00a0:<\/span><\/p>\n<blockquote>\n<p style=\"text-align: justify;\"><span style=\"color: #000000;\"><a href=\"http:\/\/www.lab-elle.org\/\">Lab-elle<\/a> est une association suisse, dont l\u2019objectif est de mettre en \u00e9vidence les livres pour enfants qui \u2013 la formule est jolie \u2013 \u00ab <strong>ouvrent les horizons<\/strong> des filles et des gar\u00e7ons\u00a0\u00bb.<\/span><\/p>\n<p style=\"text-align: justify;\"><span style=\"color: #000000;\">Lab-elle a donc r\u00e9uni une commission de lecture, qui a cr\u00e9\u00e9 entre 2006 et 2010 une liste de 300 livres exempts de st\u00e9r\u00e9otypes sexistes, le tout appuy\u00e9 sur des crit\u00e8res plut\u00f4t stricts (par exemple des filles dans des r\u00f4les actifs et valoris\u00e9s, des gar\u00e7ons dans des r\u00f4les habituellement attribu\u00e9s \u00e0 l\u2019univers f\u00e9minin, des m\u00e8res dans des r\u00f4les non st\u00e9r\u00e9otyp\u00e9s et des p\u00e8res proches du partage des t\u00e2ches entre les sexes).<\/span><\/p>\n<\/blockquote>\n<p style=\"text-align: justify;\"><span style=\"color: #000000;\">L\u2019association Lab-elle proposait aux biblioth\u00e8ques et librairies de commander des stickers pour \u00ab \u00e9tiqueter \u00bb les albums tir\u00e9s de cette fameuse liste.<\/span><\/p>\n<p style=\"text-align: justify;\"><a href=\"http:\/\/ozinzen.com\/blog\/wp-content\/uploads\/2016\/04\/feministe-enrag\u00e9.gif\"><img loading=\"lazy\" decoding=\"async\" class=\"alignnone size-full wp-image-5506\" src=\"http:\/\/ozinzen.com\/blog\/wp-content\/uploads\/2016\/04\/feministe-enrag\u00e9.gif\" alt=\"feministe enrag\u00e9e\" width=\"156\" height=\"183\" \/><\/a><\/p>\n<p style=\"text-align: justify;\"><span style=\"color: #000000;\">Les crit\u00e8res qui permettent de savoir si un livre doit \u00eatre censur\u00e9 pour non-conformit\u00e9 \u00e0 la th\u00e9orie du genre sont donc\u00a0:<\/span><\/p>\n<ul>\n<li style=\"text-align: justify;\"><span style=\"color: #000000;\">Gar\u00e7on dans un r\u00f4le attribu\u00e9 \u00e0 l\u2019univers f\u00e9minin = bien<\/span><\/li>\n<li style=\"text-align: justify;\"><span style=\"color: #000000;\">Fille dans un r\u00f4le attribu\u00e9 \u00e0 l\u2019univers f\u00e9minin = pas bien<\/span><\/li>\n<li style=\"text-align: justify;\"><span style=\"color: #000000;\">Fille dans un r\u00f4le attribu\u00e9 \u00e0 l\u2019univers masculin = tr\u00e8s bien<\/span><\/li>\n<li style=\"text-align: justify;\"><span style=\"color: #000000;\">Gar\u00e7on dans un r\u00f4le attribu\u00e9 \u00e0 l\u2019univers masculin = mal<\/span><\/li>\n<li style=\"text-align: justify;\"><span style=\"color: #000000;\">Bonus si les h\u00e9ros et h\u00e9ro\u00efnes du conte pour enfant sont lesbiennes, gays, bisexuels ou transgenres.<\/span><\/li>\n<\/ul>\n<p style=\"text-align: justify;\"><span style=\"color: #000000;\">Le film <strong>Blanche-Neige et le Chasseur<\/strong>, sorti en 2012, n&rsquo;est pas produit par les studios Disney. Il a lui aussi connu un tr\u00e8s grand succ\u00e8s international. La suite de ce film <strong>Les Chroniques de Blanche-Neige : Le Chasseur et la Reine des glaces<\/strong> vient de sortir en 2016.<\/span><\/p>\n<p style=\"text-align: justify;\"><span style=\"color: #000000;\">Quelques commentaires loufoques sur le classique de Disney\u00a0<strong>Blanche-Neige<\/strong>;\u00a0des commentaires r\u00e9colt\u00e9s sur divers sites :<\/span><\/p>\n<p style=\"text-align: justify;\"><span style=\"color: #000000;\"><a style=\"color: #000000;\" href=\"http:\/\/www.toutalego.com\/2014\/05\/blanche-neige-30-ans-apres.html\">http:\/\/www.toutalego.com\/2014\/05\/blanche-neige-30-ans-apres.html<\/a><\/span><\/p>\n<p style=\"text-align: justify;\"><span style=\"color: #000000;\">La sc\u00e8ne d\u2019ouverture donne le ton imm\u00e9diatement : on ne sait alors rien de Blanche-Neige mais on la d\u00e9couvre en haillons, occup\u00e9e \u00e0 astiquer le sol. Elle se penche ensuite au-dessus du puits \u00e0 souhaits en chantant \u00ab Je souhaite voir celui que j\u2019aime et qu\u2019il vienne bient\u00f4t, je l\u2019attends \u00bb. L\u2019h\u00e9ro\u00efne n\u2019est d\u00e9finie ici que dans son rapport \u00e0 l\u2019homme, qu\u2019elle attend comme le sauveur. \u00ab Les femmes Disney sont incompl\u00e8tes sans un homme \u00bb cite cette passionnante \u00e9tude \u00ab <strong>De Blanche-niaise \u00e0 Blanche neige<\/strong> \u00bb : cela se v\u00e9rifie bien ici.<\/span><\/p>\n<p style=\"text-align: justify;\"><span style=\"color: #000000;\">Plus tard, on la retrouve entrant dans la maison de 7 nains et se mettant imm\u00e9diatement \u00e0 astiquer et \u00e0 ranger, en chantant et en souriant, comme s\u2019il s\u2019agissait d\u2019une activit\u00e9 inn\u00e9e et agr\u00e9able. L\u2019\u00e9tude \u00ab <strong>De Blanche-niaise \u00e0 Blanche neige<\/strong> \u00bb nous apprend que Disney est ici bien plus sexiste les fr\u00e8res Grimm\u00a0 \u00ab\u00a0car dans le conte ce sont les sept nains qui invitent Blanche-Neige (laquelle accepte bien volontiers) \u00e0 s&rsquo;occuper de leur m\u00e9nage, cuisine, lessive\u2026 tandis que chez Disney c\u2019est Blanche-Neige elle-m\u00eame qui propose ses services aux nains inquiets de recueillir chez eux une fugitive : \u00ab\u00a0Si vous me gardez, je m\u2019occuperai de tout : je ferai la lessive, la couture, le m\u00e9nage et la cuisine.\u00a0\u00bb\u00a0<\/span><\/p>\n<p style=\"text-align: justify;\"><span style=\"color: #000000;\"><a style=\"color: #000000;\" href=\"http:\/\/je-suis-une-publication-sexiste.tumblr.com\/post\/132219748926\/le-sexisme-%C3%A0-travers-les-contes-de-f%C3%A9e\">http:\/\/je-suis-une-publication-sexiste.tumblr.com\/post\/132219748926\/le-sexisme-%C3%A0-travers-les-contes-de-f%C3%A9e<\/a><\/span><\/p>\n<p style=\"text-align: justify;\"><span style=\"color: #000000;\">La maman de Blanche-Neige meurt \u00e0 la naissance, Blanche Neige grandit et devient la plus belle et la plus douce des filles du royaume. Et puis patatra son p\u00e8re se marie avec la m\u00e9chante reine jalouse de sa beaut\u00e9 qui a p\u00e9t\u00e9 un c\u00e2ble quand son miroir lui a dit que c&rsquo;\u00e9tait Blanche-Neige la plus belle fille du royaume, toutes les femmes ayant quand m\u00eame pour but principal d&rsquo;\u00eatre plus belles que leurs voisines.<\/span><\/p>\n<p style=\"text-align: justify;\"><span style=\"color: #000000;\">En effet, comme vous le savez tous, Blanche-Neige finit par bouffer la pomme de la m\u00e9chante reine, apr\u00e8s tout si les femmes savaient r\u00e9sister aux pommes \u00e7a se saurait. Je veux dire on le sait depuis la Cr\u00e9ation, Eve bouffe une pomme et c&rsquo;est la merde, Pandore ouvre une bo\u00eete et c&rsquo;est la merde, et l\u00e0 Blanche-Neige s&rsquo;y met aussi. Bref une femme qui prend une initiative va savoir pourquoi mais dans la fiction \u00e7a finit toujours mal. Du coup, les nains qui ont comme je le rappelle servi \u00e0 rien jusque l\u00e0, lui construisent tout de m\u00eame un beau cercueil en verre. Et c&rsquo;est l\u00e0 que l\u2019indispensable prince charmant appara\u00eet.<\/span><\/p>\n<p style=\"text-align: justify;\"><span style=\"color: #000000;\"><a style=\"color: #000000;\" href=\"http:\/\/filys.fr\/blanche-neige-film-sexiste\/\">http:\/\/filys.fr\/blanche-neige-film-sexiste\/<\/a><\/span><\/p>\n<p style=\"text-align: justify;\"><span style=\"color: #000000;\">Le sexisme se trouve surtout dans le message global du film : la vie d\u2019une femme tourne autour du mariage. La qualit\u00e9 supr\u00eame de la femme est sa beaut\u00e9 qu\u2019elle doit absolument prot\u00e9ger et qui est sa seule arme contre les chasseurs et les femmes jalouses.<\/span><\/p>\n<p style=\"text-align: justify;\"><span style=\"color: #000000;\">Et puis Blanche-Neige est si na\u00efve ! Une femme n\u2019a absolument pas besoin de jugeote, c\u2019est connu ! \u00catre un objet sexuel et un ventre pour la procr\u00e9ation est sa raison d\u2019\u00eatre ultime !<\/span><\/p>\n<p style=\"text-align: justify;\"><span style=\"color: #000000;\">Le prince, v\u00e9ritable st\u00e9r\u00e9otype, frise le ridicule !<\/span><\/p>\n<p style=\"text-align: justify;\"><span style=\"color: #000000;\">C\u2019est un film r\u00e9trograde et superficiel ! <strong>C\u2019est l\u2019une des plus grandes propagandes sexistes !<\/strong><\/span><\/p>\n<p style=\"text-align: justify;\"><span style=\"color: #000000;\">Et puis il n\u2019y a pas que le sexisme ! <strong>Pourquoi les nains sont-ils trait\u00e9s comme des enfants ? Pourquoi Blanche-Neige n\u2019\u00e9pouse-t-elle pas l\u2019un des nains d\u2019ailleurs ?<\/strong> Ah oui, d\u00e9sol\u00e9e, j\u2019ai oubli\u00e9 : il faut se marier dans sa classe sociale ! Un prince sinon rien !<\/span><\/p>\n<p style=\"text-align: justify;\"><span style=\"color: #000000;\">Critique d\u2019une philosophe cin\u00e9phile soulignant le fait que Blanche Neige est extr\u00eamement mise en valeur dans le film\u00a0:<\/span><\/p>\n<p style=\"text-align: justify;\"><span style=\"color: #000000;\"><a style=\"color: #000000;\" href=\"http:\/\/www.chroniquedisney.fr\/dossier\/2011-femmes01.htm\">http:\/\/www.chroniquedisney.fr\/dossier\/2011-femmes01.htm<\/a><\/span><\/p>\n<p style=\"text-align: justify;\"><span style=\"color: #000000;\">Lorsqu\u2019un h\u00e9ros est r\u00e9ussi, cela signifie que le public s\u2019est identifi\u00e9 \u00e0 lui. C\u2019est le cas de Blanche Neige qui est un v\u00e9ritable succ\u00e8s. Beaucoup se sont retrouv\u00e9s dans l\u2019histoire de cette jeune fille menac\u00e9e et vuln\u00e9rable, sauv\u00e9e par un prince. Si le personnage de Blanche Neige est peu fouill\u00e9, fade, et nous semble simpliste aujourd\u2019hui, que dire du prince dont nous avons encore moins d\u2019\u00e9l\u00e9ments ? Nous ignorons tout de sa personnalit\u00e9. Mais l\u00e0 n\u2019est pas la question puisque ce Prince Charmant est l\u00e0 uniquement pour faire briller l\u2019h\u00e9ro\u00efne.<\/span><\/p>\n<p>&nbsp;<\/p>\n","protected":false},"excerpt":{"rendered":"<p>Depuis quelques ann\u00e9es, les studios Disney mettent au go\u00fbt du jour leurs dessins anim\u00e9s historiques. En 2010, le remake en prises de vues r\u00e9elles d&rsquo;Alice au pays des merveilles a r\u00e9colt\u00e9 plus d\u2019un milliard de dollars de recettes. Quatre ans plus tard le film Mal\u00e9fique connait un succ\u00e8s monumental. Mal\u00e9fique est une histoire revisit\u00e9e\u00a0de la [&hellip;]<\/p>\n","protected":false},"author":2,"featured_media":5489,"comment_status":"open","ping_status":"open","sticky":false,"template":"","format":"standard","meta":{"_genesis_hide_title":false,"_genesis_hide_breadcrumbs":false,"_genesis_hide_singular_image":false,"_genesis_hide_footer_widgets":false,"_genesis_custom_body_class":"","_genesis_custom_post_class":"","_genesis_layout":"","footnotes":""},"categories":[55],"tags":[],"class_list":{"0":"post-5486","1":"post","2":"type-post","3":"status-publish","4":"format-standard","5":"has-post-thumbnail","7":"category-societe","8":"entry"},"yoast_head":"<!-- This site is optimized with the Yoast SEO plugin v27.1.1 - https:\/\/yoast.com\/product\/yoast-seo-wordpress\/ -->\n<title>Disney et les contes pour enfants : les st\u00e9r\u00e9otypes de genres contre-attaquent - Ozinzen<\/title>\n<meta name=\"description\" content=\"Depuis quelques ann\u00e9es, les studios Disney mettent au go\u00fbt du jour leurs dessins anim\u00e9s historiques. En 2010, le remake en prises de vues r\u00e9elles d&#039;Alice\" \/>\n<meta name=\"robots\" content=\"index, follow, max-snippet:-1, max-image-preview:large, max-video-preview:-1\" \/>\n<link rel=\"canonical\" href=\"https:\/\/ozinzen.com\/blog\/disney-contes-enfants-stereotypes-de-genres-contre-attaquent\/\" \/>\n<meta property=\"og:locale\" content=\"fr_FR\" \/>\n<meta property=\"og:type\" content=\"article\" \/>\n<meta property=\"og:title\" content=\"Disney et les contes pour enfants : les st\u00e9r\u00e9otypes de genres contre-attaquent - Ozinzen\" \/>\n<meta property=\"og:description\" content=\"Depuis quelques ann\u00e9es, les studios Disney mettent au go\u00fbt du jour leurs dessins anim\u00e9s historiques. En 2010, le remake en prises de vues r\u00e9elles d&#039;Alice\" \/>\n<meta property=\"og:url\" content=\"https:\/\/ozinzen.com\/blog\/disney-contes-enfants-stereotypes-de-genres-contre-attaquent\/\" \/>\n<meta property=\"og:site_name\" content=\"Ozinzen\" \/>\n<meta property=\"article:published_time\" content=\"2016-04-27T11:16:56+00:00\" \/>\n<meta property=\"article:modified_time\" content=\"2016-04-27T17:04:39+00:00\" \/>\n<meta property=\"og:image\" content=\"https:\/\/ozinzen.com\/blog\/wp-content\/uploads\/2016\/04\/la-belle-et-la-b\u00eate-alex-.png\" \/>\n\t<meta property=\"og:image:width\" content=\"727\" \/>\n\t<meta property=\"og:image:height\" content=\"474\" \/>\n\t<meta property=\"og:image:type\" content=\"image\/png\" \/>\n<meta name=\"author\" content=\"Marc Sigrist\" \/>\n<meta name=\"twitter:card\" content=\"summary_large_image\" \/>\n<meta name=\"twitter:creator\" content=\"@ozinzen\" \/>\n<meta name=\"twitter:site\" content=\"@ozinzen\" \/>\n<meta name=\"twitter:label1\" content=\"\u00c9crit par\" \/>\n\t<meta name=\"twitter:data1\" content=\"Marc Sigrist\" \/>\n\t<meta name=\"twitter:label2\" content=\"Dur\u00e9e de lecture estim\u00e9e\" \/>\n\t<meta name=\"twitter:data2\" content=\"6 minutes\" \/>\n<script type=\"application\/ld+json\" class=\"yoast-schema-graph\">{\"@context\":\"https:\/\/schema.org\",\"@graph\":[{\"@type\":\"Article\",\"@id\":\"https:\/\/ozinzen.com\/blog\/disney-contes-enfants-stereotypes-de-genres-contre-attaquent\/#article\",\"isPartOf\":{\"@id\":\"https:\/\/ozinzen.com\/blog\/disney-contes-enfants-stereotypes-de-genres-contre-attaquent\/\"},\"author\":{\"name\":\"Marc Sigrist\",\"@id\":\"https:\/\/ozinzen.com\/blog\/#\/schema\/person\/c3f9b942ea7cfc90188ae840a2cf2fb1\"},\"headline\":\"Disney et les contes pour enfants : les st\u00e9r\u00e9otypes de genres contre-attaquent\",\"datePublished\":\"2016-04-27T11:16:56+00:00\",\"dateModified\":\"2016-04-27T17:04:39+00:00\",\"mainEntityOfPage\":{\"@id\":\"https:\/\/ozinzen.com\/blog\/disney-contes-enfants-stereotypes-de-genres-contre-attaquent\/\"},\"wordCount\":1224,\"commentCount\":0,\"publisher\":{\"@id\":\"https:\/\/ozinzen.com\/blog\/#organization\"},\"image\":{\"@id\":\"https:\/\/ozinzen.com\/blog\/disney-contes-enfants-stereotypes-de-genres-contre-attaquent\/#primaryimage\"},\"thumbnailUrl\":\"https:\/\/ozinzen.com\/blog\/wp-content\/uploads\/2016\/04\/la-belle-et-la-b\u00eate-alex-.png\",\"articleSection\":[\"Soci\u00e9t\u00e9\"],\"inLanguage\":\"fr-FR\"},{\"@type\":\"WebPage\",\"@id\":\"https:\/\/ozinzen.com\/blog\/disney-contes-enfants-stereotypes-de-genres-contre-attaquent\/\",\"url\":\"https:\/\/ozinzen.com\/blog\/disney-contes-enfants-stereotypes-de-genres-contre-attaquent\/\",\"name\":\"Disney et les contes pour enfants : les st\u00e9r\u00e9otypes de genres contre-attaquent - Ozinzen\",\"isPartOf\":{\"@id\":\"https:\/\/ozinzen.com\/blog\/#website\"},\"primaryImageOfPage\":{\"@id\":\"https:\/\/ozinzen.com\/blog\/disney-contes-enfants-stereotypes-de-genres-contre-attaquent\/#primaryimage\"},\"image\":{\"@id\":\"https:\/\/ozinzen.com\/blog\/disney-contes-enfants-stereotypes-de-genres-contre-attaquent\/#primaryimage\"},\"thumbnailUrl\":\"https:\/\/ozinzen.com\/blog\/wp-content\/uploads\/2016\/04\/la-belle-et-la-b\u00eate-alex-.png\",\"datePublished\":\"2016-04-27T11:16:56+00:00\",\"dateModified\":\"2016-04-27T17:04:39+00:00\",\"description\":\"Depuis quelques ann\u00e9es, les studios Disney mettent au go\u00fbt du jour leurs dessins anim\u00e9s historiques. En 2010, le remake en prises de vues r\u00e9elles d'Alice\",\"breadcrumb\":{\"@id\":\"https:\/\/ozinzen.com\/blog\/disney-contes-enfants-stereotypes-de-genres-contre-attaquent\/#breadcrumb\"},\"inLanguage\":\"fr-FR\",\"potentialAction\":[{\"@type\":\"ReadAction\",\"target\":[\"https:\/\/ozinzen.com\/blog\/disney-contes-enfants-stereotypes-de-genres-contre-attaquent\/\"]}]},{\"@type\":\"ImageObject\",\"inLanguage\":\"fr-FR\",\"@id\":\"https:\/\/ozinzen.com\/blog\/disney-contes-enfants-stereotypes-de-genres-contre-attaquent\/#primaryimage\",\"url\":\"https:\/\/ozinzen.com\/blog\/wp-content\/uploads\/2016\/04\/la-belle-et-la-b\u00eate-alex-.png\",\"contentUrl\":\"https:\/\/ozinzen.com\/blog\/wp-content\/uploads\/2016\/04\/la-belle-et-la-b\u00eate-alex-.png\",\"width\":727,\"height\":474,\"caption\":\"la-belle-et-la-b\u00eate\"},{\"@type\":\"BreadcrumbList\",\"@id\":\"https:\/\/ozinzen.com\/blog\/disney-contes-enfants-stereotypes-de-genres-contre-attaquent\/#breadcrumb\",\"itemListElement\":[{\"@type\":\"ListItem\",\"position\":1,\"name\":\"Accueil\",\"item\":\"https:\/\/ozinzen.com\/blog\/\"},{\"@type\":\"ListItem\",\"position\":2,\"name\":\"Disney et les contes pour enfants : les st\u00e9r\u00e9otypes de genres contre-attaquent\"}]},{\"@type\":\"WebSite\",\"@id\":\"https:\/\/ozinzen.com\/blog\/#website\",\"url\":\"https:\/\/ozinzen.com\/blog\/\",\"name\":\"Ozinzen\",\"description\":\"Mode de vie et sant\u00e9\",\"publisher\":{\"@id\":\"https:\/\/ozinzen.com\/blog\/#organization\"},\"potentialAction\":[{\"@type\":\"SearchAction\",\"target\":{\"@type\":\"EntryPoint\",\"urlTemplate\":\"https:\/\/ozinzen.com\/blog\/?s={search_term_string}\"},\"query-input\":{\"@type\":\"PropertyValueSpecification\",\"valueRequired\":true,\"valueName\":\"search_term_string\"}}],\"inLanguage\":\"fr-FR\"},{\"@type\":\"Organization\",\"@id\":\"https:\/\/ozinzen.com\/blog\/#organization\",\"name\":\"Ozinzen\",\"url\":\"https:\/\/ozinzen.com\/blog\/\",\"logo\":{\"@type\":\"ImageObject\",\"inLanguage\":\"fr-FR\",\"@id\":\"https:\/\/ozinzen.com\/blog\/#\/schema\/logo\/image\/\",\"url\":\"https:\/\/ozinzen.com\/blog\/wp-content\/uploads\/2023\/01\/ozinzen.png\",\"contentUrl\":\"https:\/\/ozinzen.com\/blog\/wp-content\/uploads\/2023\/01\/ozinzen.png\",\"width\":64,\"height\":64,\"caption\":\"Ozinzen\"},\"image\":{\"@id\":\"https:\/\/ozinzen.com\/blog\/#\/schema\/logo\/image\/\"},\"sameAs\":[\"https:\/\/x.com\/ozinzen\"]},{\"@type\":\"Person\",\"@id\":\"https:\/\/ozinzen.com\/blog\/#\/schema\/person\/c3f9b942ea7cfc90188ae840a2cf2fb1\",\"name\":\"Marc Sigrist\",\"image\":{\"@type\":\"ImageObject\",\"inLanguage\":\"fr-FR\",\"@id\":\"https:\/\/ozinzen.com\/blog\/#\/schema\/person\/image\/\",\"url\":\"https:\/\/secure.gravatar.com\/avatar\/187f82243f15c243b39ac53fcbd3ac6ae072d40425f7b43c2878b6fb120dbb31?s=96&d=mm&r=g\",\"contentUrl\":\"https:\/\/secure.gravatar.com\/avatar\/187f82243f15c243b39ac53fcbd3ac6ae072d40425f7b43c2878b6fb120dbb31?s=96&d=mm&r=g\",\"caption\":\"Marc Sigrist\"}}]}<\/script>\n<!-- \/ Yoast SEO plugin. -->","yoast_head_json":{"title":"Disney et les contes pour enfants : les st\u00e9r\u00e9otypes de genres contre-attaquent - Ozinzen","description":"Depuis quelques ann\u00e9es, les studios Disney mettent au go\u00fbt du jour leurs dessins anim\u00e9s historiques. En 2010, le remake en prises de vues r\u00e9elles d'Alice","robots":{"index":"index","follow":"follow","max-snippet":"max-snippet:-1","max-image-preview":"max-image-preview:large","max-video-preview":"max-video-preview:-1"},"canonical":"https:\/\/ozinzen.com\/blog\/disney-contes-enfants-stereotypes-de-genres-contre-attaquent\/","og_locale":"fr_FR","og_type":"article","og_title":"Disney et les contes pour enfants : les st\u00e9r\u00e9otypes de genres contre-attaquent - Ozinzen","og_description":"Depuis quelques ann\u00e9es, les studios Disney mettent au go\u00fbt du jour leurs dessins anim\u00e9s historiques. En 2010, le remake en prises de vues r\u00e9elles d'Alice","og_url":"https:\/\/ozinzen.com\/blog\/disney-contes-enfants-stereotypes-de-genres-contre-attaquent\/","og_site_name":"Ozinzen","article_published_time":"2016-04-27T11:16:56+00:00","article_modified_time":"2016-04-27T17:04:39+00:00","og_image":[{"width":727,"height":474,"url":"https:\/\/ozinzen.com\/blog\/wp-content\/uploads\/2016\/04\/la-belle-et-la-b\u00eate-alex-.png","type":"image\/png"}],"author":"Marc Sigrist","twitter_card":"summary_large_image","twitter_creator":"@ozinzen","twitter_site":"@ozinzen","twitter_misc":{"\u00c9crit par":"Marc Sigrist","Dur\u00e9e de lecture estim\u00e9e":"6 minutes"},"schema":{"@context":"https:\/\/schema.org","@graph":[{"@type":"Article","@id":"https:\/\/ozinzen.com\/blog\/disney-contes-enfants-stereotypes-de-genres-contre-attaquent\/#article","isPartOf":{"@id":"https:\/\/ozinzen.com\/blog\/disney-contes-enfants-stereotypes-de-genres-contre-attaquent\/"},"author":{"name":"Marc Sigrist","@id":"https:\/\/ozinzen.com\/blog\/#\/schema\/person\/c3f9b942ea7cfc90188ae840a2cf2fb1"},"headline":"Disney et les contes pour enfants : les st\u00e9r\u00e9otypes de genres contre-attaquent","datePublished":"2016-04-27T11:16:56+00:00","dateModified":"2016-04-27T17:04:39+00:00","mainEntityOfPage":{"@id":"https:\/\/ozinzen.com\/blog\/disney-contes-enfants-stereotypes-de-genres-contre-attaquent\/"},"wordCount":1224,"commentCount":0,"publisher":{"@id":"https:\/\/ozinzen.com\/blog\/#organization"},"image":{"@id":"https:\/\/ozinzen.com\/blog\/disney-contes-enfants-stereotypes-de-genres-contre-attaquent\/#primaryimage"},"thumbnailUrl":"https:\/\/ozinzen.com\/blog\/wp-content\/uploads\/2016\/04\/la-belle-et-la-b\u00eate-alex-.png","articleSection":["Soci\u00e9t\u00e9"],"inLanguage":"fr-FR"},{"@type":"WebPage","@id":"https:\/\/ozinzen.com\/blog\/disney-contes-enfants-stereotypes-de-genres-contre-attaquent\/","url":"https:\/\/ozinzen.com\/blog\/disney-contes-enfants-stereotypes-de-genres-contre-attaquent\/","name":"Disney et les contes pour enfants : les st\u00e9r\u00e9otypes de genres contre-attaquent - Ozinzen","isPartOf":{"@id":"https:\/\/ozinzen.com\/blog\/#website"},"primaryImageOfPage":{"@id":"https:\/\/ozinzen.com\/blog\/disney-contes-enfants-stereotypes-de-genres-contre-attaquent\/#primaryimage"},"image":{"@id":"https:\/\/ozinzen.com\/blog\/disney-contes-enfants-stereotypes-de-genres-contre-attaquent\/#primaryimage"},"thumbnailUrl":"https:\/\/ozinzen.com\/blog\/wp-content\/uploads\/2016\/04\/la-belle-et-la-b\u00eate-alex-.png","datePublished":"2016-04-27T11:16:56+00:00","dateModified":"2016-04-27T17:04:39+00:00","description":"Depuis quelques ann\u00e9es, les studios Disney mettent au go\u00fbt du jour leurs dessins anim\u00e9s historiques. En 2010, le remake en prises de vues r\u00e9elles d'Alice","breadcrumb":{"@id":"https:\/\/ozinzen.com\/blog\/disney-contes-enfants-stereotypes-de-genres-contre-attaquent\/#breadcrumb"},"inLanguage":"fr-FR","potentialAction":[{"@type":"ReadAction","target":["https:\/\/ozinzen.com\/blog\/disney-contes-enfants-stereotypes-de-genres-contre-attaquent\/"]}]},{"@type":"ImageObject","inLanguage":"fr-FR","@id":"https:\/\/ozinzen.com\/blog\/disney-contes-enfants-stereotypes-de-genres-contre-attaquent\/#primaryimage","url":"https:\/\/ozinzen.com\/blog\/wp-content\/uploads\/2016\/04\/la-belle-et-la-b\u00eate-alex-.png","contentUrl":"https:\/\/ozinzen.com\/blog\/wp-content\/uploads\/2016\/04\/la-belle-et-la-b\u00eate-alex-.png","width":727,"height":474,"caption":"la-belle-et-la-b\u00eate"},{"@type":"BreadcrumbList","@id":"https:\/\/ozinzen.com\/blog\/disney-contes-enfants-stereotypes-de-genres-contre-attaquent\/#breadcrumb","itemListElement":[{"@type":"ListItem","position":1,"name":"Accueil","item":"https:\/\/ozinzen.com\/blog\/"},{"@type":"ListItem","position":2,"name":"Disney et les contes pour enfants : les st\u00e9r\u00e9otypes de genres contre-attaquent"}]},{"@type":"WebSite","@id":"https:\/\/ozinzen.com\/blog\/#website","url":"https:\/\/ozinzen.com\/blog\/","name":"Ozinzen","description":"Mode de vie et sant\u00e9","publisher":{"@id":"https:\/\/ozinzen.com\/blog\/#organization"},"potentialAction":[{"@type":"SearchAction","target":{"@type":"EntryPoint","urlTemplate":"https:\/\/ozinzen.com\/blog\/?s={search_term_string}"},"query-input":{"@type":"PropertyValueSpecification","valueRequired":true,"valueName":"search_term_string"}}],"inLanguage":"fr-FR"},{"@type":"Organization","@id":"https:\/\/ozinzen.com\/blog\/#organization","name":"Ozinzen","url":"https:\/\/ozinzen.com\/blog\/","logo":{"@type":"ImageObject","inLanguage":"fr-FR","@id":"https:\/\/ozinzen.com\/blog\/#\/schema\/logo\/image\/","url":"https:\/\/ozinzen.com\/blog\/wp-content\/uploads\/2023\/01\/ozinzen.png","contentUrl":"https:\/\/ozinzen.com\/blog\/wp-content\/uploads\/2023\/01\/ozinzen.png","width":64,"height":64,"caption":"Ozinzen"},"image":{"@id":"https:\/\/ozinzen.com\/blog\/#\/schema\/logo\/image\/"},"sameAs":["https:\/\/x.com\/ozinzen"]},{"@type":"Person","@id":"https:\/\/ozinzen.com\/blog\/#\/schema\/person\/c3f9b942ea7cfc90188ae840a2cf2fb1","name":"Marc Sigrist","image":{"@type":"ImageObject","inLanguage":"fr-FR","@id":"https:\/\/ozinzen.com\/blog\/#\/schema\/person\/image\/","url":"https:\/\/secure.gravatar.com\/avatar\/187f82243f15c243b39ac53fcbd3ac6ae072d40425f7b43c2878b6fb120dbb31?s=96&d=mm&r=g","contentUrl":"https:\/\/secure.gravatar.com\/avatar\/187f82243f15c243b39ac53fcbd3ac6ae072d40425f7b43c2878b6fb120dbb31?s=96&d=mm&r=g","caption":"Marc Sigrist"}}]}},"amp_enabled":true,"_links":{"self":[{"href":"https:\/\/ozinzen.com\/blog\/wp-json\/wp\/v2\/posts\/5486","targetHints":{"allow":["GET"]}}],"collection":[{"href":"https:\/\/ozinzen.com\/blog\/wp-json\/wp\/v2\/posts"}],"about":[{"href":"https:\/\/ozinzen.com\/blog\/wp-json\/wp\/v2\/types\/post"}],"author":[{"embeddable":true,"href":"https:\/\/ozinzen.com\/blog\/wp-json\/wp\/v2\/users\/2"}],"replies":[{"embeddable":true,"href":"https:\/\/ozinzen.com\/blog\/wp-json\/wp\/v2\/comments?post=5486"}],"version-history":[{"count":20,"href":"https:\/\/ozinzen.com\/blog\/wp-json\/wp\/v2\/posts\/5486\/revisions"}],"predecessor-version":[{"id":5508,"href":"https:\/\/ozinzen.com\/blog\/wp-json\/wp\/v2\/posts\/5486\/revisions\/5508"}],"wp:featuredmedia":[{"embeddable":true,"href":"https:\/\/ozinzen.com\/blog\/wp-json\/wp\/v2\/media\/5489"}],"wp:attachment":[{"href":"https:\/\/ozinzen.com\/blog\/wp-json\/wp\/v2\/media?parent=5486"}],"wp:term":[{"taxonomy":"category","embeddable":true,"href":"https:\/\/ozinzen.com\/blog\/wp-json\/wp\/v2\/categories?post=5486"},{"taxonomy":"post_tag","embeddable":true,"href":"https:\/\/ozinzen.com\/blog\/wp-json\/wp\/v2\/tags?post=5486"}],"curies":[{"name":"wp","href":"https:\/\/api.w.org\/{rel}","templated":true}]}}