{"id":5713,"date":"2016-05-31T12:57:19","date_gmt":"2016-05-31T10:57:19","guid":{"rendered":"http:\/\/ozinzen.com\/blog\/?p=5713"},"modified":"2016-06-01T21:00:13","modified_gmt":"2016-06-01T19:00:13","slug":"linventeur-capsules-de-cafe-regrette-creation","status":"publish","type":"post","link":"https:\/\/ozinzen.com\/blog\/linventeur-capsules-de-cafe-regrette-creation\/","title":{"rendered":"Scandale : l&rsquo;inventeur des capsules de caf\u00e9 regrette sa cr\u00e9ation"},"content":{"rendered":"<p style=\"text-align: justify;\"><span style=\"color: #000000;\"><a style=\"color: #000000;\" href=\"http:\/\/ozinzen.com\/blog\/wp-content\/uploads\/2016\/05\/scandale-des-capsules-de-caf\u00e9.jpg\"><img loading=\"lazy\" decoding=\"async\" class=\"alignnone size-full wp-image-5714\" src=\"http:\/\/ozinzen.com\/blog\/wp-content\/uploads\/2016\/05\/scandale-des-capsules-de-caf\u00e9.jpg\" alt=\"scandale des capsules de caf\u00e9\" width=\"630\" height=\"704\" srcset=\"https:\/\/ozinzen.com\/blog\/wp-content\/uploads\/2016\/05\/scandale-des-capsules-de-caf\u00e9.jpg 630w, https:\/\/ozinzen.com\/blog\/wp-content\/uploads\/2016\/05\/scandale-des-capsules-de-caf\u00e9-268x300.jpg 268w\" sizes=\"auto, (max-width: 630px) 100vw, 630px\" \/><\/a><\/span><\/p>\n<p><span style=\"color: #999999;\"><em><strong>George Clooney fait la promotion des dosettes \u00e0 caf\u00e9\u00a0depuis de nombreuses ann\u00e9es. Il a ainsi gagn\u00e9 une immense fortune.<\/strong><\/em><\/span><\/p>\n<p style=\"text-align: justify;\"><span style=\"color: #000000;\">John Sylvan, cr\u00e9ateur des dosettes \u00e0 caf\u00e9 pour la soci\u00e9t\u00e9 Keurig, <strong>pointe du doigt l&rsquo;impossibilit\u00e9 de recycler ces \u00abchoses\u00bb.<\/strong> La marque suisse Nespresso a adapt\u00e9 ce concept en proposant des capsules recyclables.<\/span><\/p>\n<p style=\"text-align: justify;\"><span style=\"color: #000000;\">Son invention conna\u00eet un succ\u00e8s retentissant, et pourtant, il la regrette. Une vingtaine d&rsquo;ann\u00e9es apr\u00e8s avoir con\u00e7u la capsule individuelle renfermant du caf\u00e9, John Sylvan, d\u00e9plore \u00abl&rsquo;impact environnemental de son invention\u00bb dans un entretien accord\u00e9 au site am\u00e9ricain The Atlantic. \u00abCes choses ne seront jamais recyclables\u00bb, ajoute-t-il.<\/span><\/p>\n<p style=\"text-align: justify;\">[&#8230;]<\/p>\n<p style=\"text-align: justify;\"><span style=\"color: #000000;\">L&rsquo;inventeur de la capsule s&rsquo;est d\u00e9finitivement retir\u00e9 de l&rsquo;univers du caf\u00e9. John Sylvan s&rsquo;est reconverti dans le secteur de la photovolta\u00efque et<strong> ne poss\u00e8de pas de cafeti\u00e8re \u00e0 dosettes chez lui. \u00abElles sont assez ch\u00e8res \u00e0 l&rsquo;usage, et ce n&rsquo;est pas comme si c&rsquo;\u00e9tait compliqu\u00e9 de faire tourner une cafeti\u00e8re\u00bb, ironise-t-il.<\/strong> En 1995, il a d\u00fb \u00eatre hospitalis\u00e9 pour des palpitations cardiaques apr\u00e8s avoir test\u00e9 jusqu&rsquo;\u00e0 40 tasses de son caf\u00e9 par jour.<\/span><\/p>\n<p style=\"text-align: justify;\"><span style=\"color: #000000;\"><!--more--><\/span><\/p>\n<p style=\"text-align: justify;\"><a href=\"http:\/\/www.lefigaro.fr\/societes\/2015\/03\/11\/20005-20150311ARTFIG00045-quand-l-inventeur-des-capsules-de-cafe-regrette-sa-creation.php\"><span style=\"color: #000000;\">Lire la suite sur le figaro.fr<\/span><\/a><\/p>\n<p>&nbsp;<\/p>\n","protected":false},"excerpt":{"rendered":"<p>George Clooney fait la promotion des dosettes \u00e0 caf\u00e9\u00a0depuis de nombreuses ann\u00e9es. Il a ainsi gagn\u00e9 une immense fortune. John Sylvan, cr\u00e9ateur des dosettes \u00e0 caf\u00e9 pour la soci\u00e9t\u00e9 Keurig, pointe du doigt l&rsquo;impossibilit\u00e9 de recycler ces \u00abchoses\u00bb. La marque suisse Nespresso a adapt\u00e9 ce concept en proposant des capsules recyclables. Son invention conna\u00eet un [&hellip;]<\/p>\n","protected":false},"author":2,"featured_media":5714,"comment_status":"open","ping_status":"open","sticky":false,"template":"","format":"standard","meta":{"_genesis_hide_title":false,"_genesis_hide_breadcrumbs":false,"_genesis_hide_singular_image":false,"_genesis_hide_footer_widgets":false,"_genesis_custom_body_class":"","_genesis_custom_post_class":"","_genesis_layout":"","footnotes":""},"categories":[55],"tags":[],"class_list":{"0":"post-5713","1":"post","2":"type-post","3":"status-publish","4":"format-standard","5":"has-post-thumbnail","7":"category-societe","8":"entry"},"yoast_head":"<!-- This site is optimized with the Yoast SEO plugin v27.1.1 - https:\/\/yoast.com\/product\/yoast-seo-wordpress\/ -->\n<title>Scandale : l&#039;inventeur des capsules de caf\u00e9 regrette sa cr\u00e9ation - Ozinzen<\/title>\n<meta name=\"description\" content=\"George Clooney fait la promotion des dosettes \u00e0 caf\u00e9\u00a0depuis de nombreuses ann\u00e9es. Il a ainsi gagn\u00e9 une immense fortune. John Sylvan, cr\u00e9ateur des dosettes\" \/>\n<meta name=\"robots\" content=\"index, follow, max-snippet:-1, max-image-preview:large, max-video-preview:-1\" \/>\n<link rel=\"canonical\" href=\"https:\/\/ozinzen.com\/blog\/linventeur-capsules-de-cafe-regrette-creation\/\" \/>\n<meta property=\"og:locale\" content=\"fr_FR\" \/>\n<meta property=\"og:type\" content=\"article\" \/>\n<meta property=\"og:title\" content=\"Scandale : l&#039;inventeur des capsules de caf\u00e9 regrette sa cr\u00e9ation - Ozinzen\" \/>\n<meta property=\"og:description\" content=\"George Clooney fait la promotion des dosettes \u00e0 caf\u00e9\u00a0depuis de nombreuses ann\u00e9es. Il a ainsi gagn\u00e9 une immense fortune. John Sylvan, cr\u00e9ateur des dosettes\" \/>\n<meta property=\"og:url\" content=\"https:\/\/ozinzen.com\/blog\/linventeur-capsules-de-cafe-regrette-creation\/\" \/>\n<meta property=\"og:site_name\" content=\"Ozinzen\" \/>\n<meta property=\"article:published_time\" content=\"2016-05-31T10:57:19+00:00\" \/>\n<meta property=\"article:modified_time\" content=\"2016-06-01T19:00:13+00:00\" \/>\n<meta property=\"og:image\" content=\"https:\/\/ozinzen.com\/blog\/wp-content\/uploads\/2016\/05\/scandale-des-capsules-de-caf\u00e9.jpg\" \/>\n\t<meta property=\"og:image:width\" content=\"630\" \/>\n\t<meta property=\"og:image:height\" content=\"704\" \/>\n\t<meta property=\"og:image:type\" content=\"image\/jpeg\" \/>\n<meta name=\"author\" content=\"Marc Sigrist\" \/>\n<meta name=\"twitter:card\" content=\"summary_large_image\" \/>\n<meta name=\"twitter:creator\" content=\"@ozinzen\" \/>\n<meta name=\"twitter:site\" content=\"@ozinzen\" \/>\n<meta name=\"twitter:label1\" content=\"\u00c9crit par\" \/>\n\t<meta name=\"twitter:data1\" content=\"Marc Sigrist\" \/>\n\t<meta name=\"twitter:label2\" content=\"Dur\u00e9e de lecture estim\u00e9e\" \/>\n\t<meta name=\"twitter:data2\" content=\"1 minute\" \/>\n<script type=\"application\/ld+json\" class=\"yoast-schema-graph\">{\"@context\":\"https:\/\/schema.org\",\"@graph\":[{\"@type\":\"Article\",\"@id\":\"https:\/\/ozinzen.com\/blog\/linventeur-capsules-de-cafe-regrette-creation\/#article\",\"isPartOf\":{\"@id\":\"https:\/\/ozinzen.com\/blog\/linventeur-capsules-de-cafe-regrette-creation\/\"},\"author\":{\"name\":\"Marc Sigrist\",\"@id\":\"https:\/\/ozinzen.com\/blog\/#\/schema\/person\/c3f9b942ea7cfc90188ae840a2cf2fb1\"},\"headline\":\"Scandale : l&rsquo;inventeur des capsules de caf\u00e9 regrette sa cr\u00e9ation\",\"datePublished\":\"2016-05-31T10:57:19+00:00\",\"dateModified\":\"2016-06-01T19:00:13+00:00\",\"mainEntityOfPage\":{\"@id\":\"https:\/\/ozinzen.com\/blog\/linventeur-capsules-de-cafe-regrette-creation\/\"},\"wordCount\":202,\"commentCount\":0,\"publisher\":{\"@id\":\"https:\/\/ozinzen.com\/blog\/#organization\"},\"image\":{\"@id\":\"https:\/\/ozinzen.com\/blog\/linventeur-capsules-de-cafe-regrette-creation\/#primaryimage\"},\"thumbnailUrl\":\"https:\/\/ozinzen.com\/blog\/wp-content\/uploads\/2016\/05\/scandale-des-capsules-de-caf\u00e9.jpg\",\"articleSection\":[\"Soci\u00e9t\u00e9\"],\"inLanguage\":\"fr-FR\"},{\"@type\":\"WebPage\",\"@id\":\"https:\/\/ozinzen.com\/blog\/linventeur-capsules-de-cafe-regrette-creation\/\",\"url\":\"https:\/\/ozinzen.com\/blog\/linventeur-capsules-de-cafe-regrette-creation\/\",\"name\":\"Scandale : l'inventeur des capsules de caf\u00e9 regrette sa cr\u00e9ation - Ozinzen\",\"isPartOf\":{\"@id\":\"https:\/\/ozinzen.com\/blog\/#website\"},\"primaryImageOfPage\":{\"@id\":\"https:\/\/ozinzen.com\/blog\/linventeur-capsules-de-cafe-regrette-creation\/#primaryimage\"},\"image\":{\"@id\":\"https:\/\/ozinzen.com\/blog\/linventeur-capsules-de-cafe-regrette-creation\/#primaryimage\"},\"thumbnailUrl\":\"https:\/\/ozinzen.com\/blog\/wp-content\/uploads\/2016\/05\/scandale-des-capsules-de-caf\u00e9.jpg\",\"datePublished\":\"2016-05-31T10:57:19+00:00\",\"dateModified\":\"2016-06-01T19:00:13+00:00\",\"description\":\"George Clooney fait la promotion des dosettes \u00e0 caf\u00e9\u00a0depuis de nombreuses ann\u00e9es. Il a ainsi gagn\u00e9 une immense fortune. John Sylvan, cr\u00e9ateur des dosettes\",\"breadcrumb\":{\"@id\":\"https:\/\/ozinzen.com\/blog\/linventeur-capsules-de-cafe-regrette-creation\/#breadcrumb\"},\"inLanguage\":\"fr-FR\",\"potentialAction\":[{\"@type\":\"ReadAction\",\"target\":[\"https:\/\/ozinzen.com\/blog\/linventeur-capsules-de-cafe-regrette-creation\/\"]}]},{\"@type\":\"ImageObject\",\"inLanguage\":\"fr-FR\",\"@id\":\"https:\/\/ozinzen.com\/blog\/linventeur-capsules-de-cafe-regrette-creation\/#primaryimage\",\"url\":\"https:\/\/ozinzen.com\/blog\/wp-content\/uploads\/2016\/05\/scandale-des-capsules-de-caf\u00e9.jpg\",\"contentUrl\":\"https:\/\/ozinzen.com\/blog\/wp-content\/uploads\/2016\/05\/scandale-des-capsules-de-caf\u00e9.jpg\",\"width\":630,\"height\":704,\"caption\":\"scandale des capsules de caf\u00e9\"},{\"@type\":\"BreadcrumbList\",\"@id\":\"https:\/\/ozinzen.com\/blog\/linventeur-capsules-de-cafe-regrette-creation\/#breadcrumb\",\"itemListElement\":[{\"@type\":\"ListItem\",\"position\":1,\"name\":\"Accueil\",\"item\":\"https:\/\/ozinzen.com\/blog\/\"},{\"@type\":\"ListItem\",\"position\":2,\"name\":\"Scandale : l&#8217;inventeur des capsules de caf\u00e9 regrette sa cr\u00e9ation\"}]},{\"@type\":\"WebSite\",\"@id\":\"https:\/\/ozinzen.com\/blog\/#website\",\"url\":\"https:\/\/ozinzen.com\/blog\/\",\"name\":\"Ozinzen\",\"description\":\"Mode de vie et sant\u00e9\",\"publisher\":{\"@id\":\"https:\/\/ozinzen.com\/blog\/#organization\"},\"potentialAction\":[{\"@type\":\"SearchAction\",\"target\":{\"@type\":\"EntryPoint\",\"urlTemplate\":\"https:\/\/ozinzen.com\/blog\/?s={search_term_string}\"},\"query-input\":{\"@type\":\"PropertyValueSpecification\",\"valueRequired\":true,\"valueName\":\"search_term_string\"}}],\"inLanguage\":\"fr-FR\"},{\"@type\":\"Organization\",\"@id\":\"https:\/\/ozinzen.com\/blog\/#organization\",\"name\":\"Ozinzen\",\"url\":\"https:\/\/ozinzen.com\/blog\/\",\"logo\":{\"@type\":\"ImageObject\",\"inLanguage\":\"fr-FR\",\"@id\":\"https:\/\/ozinzen.com\/blog\/#\/schema\/logo\/image\/\",\"url\":\"https:\/\/ozinzen.com\/blog\/wp-content\/uploads\/2023\/01\/ozinzen.png\",\"contentUrl\":\"https:\/\/ozinzen.com\/blog\/wp-content\/uploads\/2023\/01\/ozinzen.png\",\"width\":64,\"height\":64,\"caption\":\"Ozinzen\"},\"image\":{\"@id\":\"https:\/\/ozinzen.com\/blog\/#\/schema\/logo\/image\/\"},\"sameAs\":[\"https:\/\/x.com\/ozinzen\"]},{\"@type\":\"Person\",\"@id\":\"https:\/\/ozinzen.com\/blog\/#\/schema\/person\/c3f9b942ea7cfc90188ae840a2cf2fb1\",\"name\":\"Marc Sigrist\",\"image\":{\"@type\":\"ImageObject\",\"inLanguage\":\"fr-FR\",\"@id\":\"https:\/\/ozinzen.com\/blog\/#\/schema\/person\/image\/\",\"url\":\"https:\/\/secure.gravatar.com\/avatar\/187f82243f15c243b39ac53fcbd3ac6ae072d40425f7b43c2878b6fb120dbb31?s=96&d=mm&r=g\",\"contentUrl\":\"https:\/\/secure.gravatar.com\/avatar\/187f82243f15c243b39ac53fcbd3ac6ae072d40425f7b43c2878b6fb120dbb31?s=96&d=mm&r=g\",\"caption\":\"Marc Sigrist\"}}]}<\/script>\n<!-- \/ Yoast SEO plugin. -->","yoast_head_json":{"title":"Scandale : l'inventeur des capsules de caf\u00e9 regrette sa cr\u00e9ation - Ozinzen","description":"George Clooney fait la promotion des dosettes \u00e0 caf\u00e9\u00a0depuis de nombreuses ann\u00e9es. Il a ainsi gagn\u00e9 une immense fortune. John Sylvan, cr\u00e9ateur des dosettes","robots":{"index":"index","follow":"follow","max-snippet":"max-snippet:-1","max-image-preview":"max-image-preview:large","max-video-preview":"max-video-preview:-1"},"canonical":"https:\/\/ozinzen.com\/blog\/linventeur-capsules-de-cafe-regrette-creation\/","og_locale":"fr_FR","og_type":"article","og_title":"Scandale : l'inventeur des capsules de caf\u00e9 regrette sa cr\u00e9ation - Ozinzen","og_description":"George Clooney fait la promotion des dosettes \u00e0 caf\u00e9\u00a0depuis de nombreuses ann\u00e9es. Il a ainsi gagn\u00e9 une immense fortune. John Sylvan, cr\u00e9ateur des dosettes","og_url":"https:\/\/ozinzen.com\/blog\/linventeur-capsules-de-cafe-regrette-creation\/","og_site_name":"Ozinzen","article_published_time":"2016-05-31T10:57:19+00:00","article_modified_time":"2016-06-01T19:00:13+00:00","og_image":[{"width":630,"height":704,"url":"https:\/\/ozinzen.com\/blog\/wp-content\/uploads\/2016\/05\/scandale-des-capsules-de-caf\u00e9.jpg","type":"image\/jpeg"}],"author":"Marc Sigrist","twitter_card":"summary_large_image","twitter_creator":"@ozinzen","twitter_site":"@ozinzen","twitter_misc":{"\u00c9crit par":"Marc Sigrist","Dur\u00e9e de lecture estim\u00e9e":"1 minute"},"schema":{"@context":"https:\/\/schema.org","@graph":[{"@type":"Article","@id":"https:\/\/ozinzen.com\/blog\/linventeur-capsules-de-cafe-regrette-creation\/#article","isPartOf":{"@id":"https:\/\/ozinzen.com\/blog\/linventeur-capsules-de-cafe-regrette-creation\/"},"author":{"name":"Marc Sigrist","@id":"https:\/\/ozinzen.com\/blog\/#\/schema\/person\/c3f9b942ea7cfc90188ae840a2cf2fb1"},"headline":"Scandale : l&rsquo;inventeur des capsules de caf\u00e9 regrette sa cr\u00e9ation","datePublished":"2016-05-31T10:57:19+00:00","dateModified":"2016-06-01T19:00:13+00:00","mainEntityOfPage":{"@id":"https:\/\/ozinzen.com\/blog\/linventeur-capsules-de-cafe-regrette-creation\/"},"wordCount":202,"commentCount":0,"publisher":{"@id":"https:\/\/ozinzen.com\/blog\/#organization"},"image":{"@id":"https:\/\/ozinzen.com\/blog\/linventeur-capsules-de-cafe-regrette-creation\/#primaryimage"},"thumbnailUrl":"https:\/\/ozinzen.com\/blog\/wp-content\/uploads\/2016\/05\/scandale-des-capsules-de-caf\u00e9.jpg","articleSection":["Soci\u00e9t\u00e9"],"inLanguage":"fr-FR"},{"@type":"WebPage","@id":"https:\/\/ozinzen.com\/blog\/linventeur-capsules-de-cafe-regrette-creation\/","url":"https:\/\/ozinzen.com\/blog\/linventeur-capsules-de-cafe-regrette-creation\/","name":"Scandale : l'inventeur des capsules de caf\u00e9 regrette sa cr\u00e9ation - Ozinzen","isPartOf":{"@id":"https:\/\/ozinzen.com\/blog\/#website"},"primaryImageOfPage":{"@id":"https:\/\/ozinzen.com\/blog\/linventeur-capsules-de-cafe-regrette-creation\/#primaryimage"},"image":{"@id":"https:\/\/ozinzen.com\/blog\/linventeur-capsules-de-cafe-regrette-creation\/#primaryimage"},"thumbnailUrl":"https:\/\/ozinzen.com\/blog\/wp-content\/uploads\/2016\/05\/scandale-des-capsules-de-caf\u00e9.jpg","datePublished":"2016-05-31T10:57:19+00:00","dateModified":"2016-06-01T19:00:13+00:00","description":"George Clooney fait la promotion des dosettes \u00e0 caf\u00e9\u00a0depuis de nombreuses ann\u00e9es. Il a ainsi gagn\u00e9 une immense fortune. John Sylvan, cr\u00e9ateur des dosettes","breadcrumb":{"@id":"https:\/\/ozinzen.com\/blog\/linventeur-capsules-de-cafe-regrette-creation\/#breadcrumb"},"inLanguage":"fr-FR","potentialAction":[{"@type":"ReadAction","target":["https:\/\/ozinzen.com\/blog\/linventeur-capsules-de-cafe-regrette-creation\/"]}]},{"@type":"ImageObject","inLanguage":"fr-FR","@id":"https:\/\/ozinzen.com\/blog\/linventeur-capsules-de-cafe-regrette-creation\/#primaryimage","url":"https:\/\/ozinzen.com\/blog\/wp-content\/uploads\/2016\/05\/scandale-des-capsules-de-caf\u00e9.jpg","contentUrl":"https:\/\/ozinzen.com\/blog\/wp-content\/uploads\/2016\/05\/scandale-des-capsules-de-caf\u00e9.jpg","width":630,"height":704,"caption":"scandale des capsules de caf\u00e9"},{"@type":"BreadcrumbList","@id":"https:\/\/ozinzen.com\/blog\/linventeur-capsules-de-cafe-regrette-creation\/#breadcrumb","itemListElement":[{"@type":"ListItem","position":1,"name":"Accueil","item":"https:\/\/ozinzen.com\/blog\/"},{"@type":"ListItem","position":2,"name":"Scandale : l&#8217;inventeur des capsules de caf\u00e9 regrette sa cr\u00e9ation"}]},{"@type":"WebSite","@id":"https:\/\/ozinzen.com\/blog\/#website","url":"https:\/\/ozinzen.com\/blog\/","name":"Ozinzen","description":"Mode de vie et sant\u00e9","publisher":{"@id":"https:\/\/ozinzen.com\/blog\/#organization"},"potentialAction":[{"@type":"SearchAction","target":{"@type":"EntryPoint","urlTemplate":"https:\/\/ozinzen.com\/blog\/?s={search_term_string}"},"query-input":{"@type":"PropertyValueSpecification","valueRequired":true,"valueName":"search_term_string"}}],"inLanguage":"fr-FR"},{"@type":"Organization","@id":"https:\/\/ozinzen.com\/blog\/#organization","name":"Ozinzen","url":"https:\/\/ozinzen.com\/blog\/","logo":{"@type":"ImageObject","inLanguage":"fr-FR","@id":"https:\/\/ozinzen.com\/blog\/#\/schema\/logo\/image\/","url":"https:\/\/ozinzen.com\/blog\/wp-content\/uploads\/2023\/01\/ozinzen.png","contentUrl":"https:\/\/ozinzen.com\/blog\/wp-content\/uploads\/2023\/01\/ozinzen.png","width":64,"height":64,"caption":"Ozinzen"},"image":{"@id":"https:\/\/ozinzen.com\/blog\/#\/schema\/logo\/image\/"},"sameAs":["https:\/\/x.com\/ozinzen"]},{"@type":"Person","@id":"https:\/\/ozinzen.com\/blog\/#\/schema\/person\/c3f9b942ea7cfc90188ae840a2cf2fb1","name":"Marc Sigrist","image":{"@type":"ImageObject","inLanguage":"fr-FR","@id":"https:\/\/ozinzen.com\/blog\/#\/schema\/person\/image\/","url":"https:\/\/secure.gravatar.com\/avatar\/187f82243f15c243b39ac53fcbd3ac6ae072d40425f7b43c2878b6fb120dbb31?s=96&d=mm&r=g","contentUrl":"https:\/\/secure.gravatar.com\/avatar\/187f82243f15c243b39ac53fcbd3ac6ae072d40425f7b43c2878b6fb120dbb31?s=96&d=mm&r=g","caption":"Marc Sigrist"}}]}},"amp_enabled":true,"_links":{"self":[{"href":"https:\/\/ozinzen.com\/blog\/wp-json\/wp\/v2\/posts\/5713","targetHints":{"allow":["GET"]}}],"collection":[{"href":"https:\/\/ozinzen.com\/blog\/wp-json\/wp\/v2\/posts"}],"about":[{"href":"https:\/\/ozinzen.com\/blog\/wp-json\/wp\/v2\/types\/post"}],"author":[{"embeddable":true,"href":"https:\/\/ozinzen.com\/blog\/wp-json\/wp\/v2\/users\/2"}],"replies":[{"embeddable":true,"href":"https:\/\/ozinzen.com\/blog\/wp-json\/wp\/v2\/comments?post=5713"}],"version-history":[{"count":7,"href":"https:\/\/ozinzen.com\/blog\/wp-json\/wp\/v2\/posts\/5713\/revisions"}],"predecessor-version":[{"id":5721,"href":"https:\/\/ozinzen.com\/blog\/wp-json\/wp\/v2\/posts\/5713\/revisions\/5721"}],"wp:featuredmedia":[{"embeddable":true,"href":"https:\/\/ozinzen.com\/blog\/wp-json\/wp\/v2\/media\/5714"}],"wp:attachment":[{"href":"https:\/\/ozinzen.com\/blog\/wp-json\/wp\/v2\/media?parent=5713"}],"wp:term":[{"taxonomy":"category","embeddable":true,"href":"https:\/\/ozinzen.com\/blog\/wp-json\/wp\/v2\/categories?post=5713"},{"taxonomy":"post_tag","embeddable":true,"href":"https:\/\/ozinzen.com\/blog\/wp-json\/wp\/v2\/tags?post=5713"}],"curies":[{"name":"wp","href":"https:\/\/api.w.org\/{rel}","templated":true}]}}