{"id":5800,"date":"2016-06-12T12:55:38","date_gmt":"2016-06-12T10:55:38","guid":{"rendered":"http:\/\/ozinzen.com\/blog\/?p=5800"},"modified":"2016-06-12T12:56:51","modified_gmt":"2016-06-12T10:56:51","slug":"celibataire-enfant-a-35-ans-savons-sommes-fantastiques","status":"publish","type":"post","link":"https:\/\/ozinzen.com\/blog\/celibataire-enfant-a-35-ans-savons-sommes-fantastiques\/","title":{"rendered":"C\u00e9libataire et sans enfant \u00e0 35 ans ? Nous savons que nous sommes fantastiques"},"content":{"rendered":"<p style=\"text-align: justify;\"><a href=\"http:\/\/ozinzen.com\/blog\/wp-content\/uploads\/2016\/06\/femme-c\u00e9libataire-sans-enfant.jpg\"><img loading=\"lazy\" decoding=\"async\" class=\"alignnone size-full wp-image-5801\" src=\"http:\/\/ozinzen.com\/blog\/wp-content\/uploads\/2016\/06\/femme-c\u00e9libataire-sans-enfant.jpg\" alt=\"femme c\u00e9libataire sans enfant\" width=\"1200\" height=\"1200\" srcset=\"https:\/\/ozinzen.com\/blog\/wp-content\/uploads\/2016\/06\/femme-c\u00e9libataire-sans-enfant.jpg 1200w, https:\/\/ozinzen.com\/blog\/wp-content\/uploads\/2016\/06\/femme-c\u00e9libataire-sans-enfant-150x150.jpg 150w, https:\/\/ozinzen.com\/blog\/wp-content\/uploads\/2016\/06\/femme-c\u00e9libataire-sans-enfant-300x300.jpg 300w, https:\/\/ozinzen.com\/blog\/wp-content\/uploads\/2016\/06\/femme-c\u00e9libataire-sans-enfant-768x768.jpg 768w, https:\/\/ozinzen.com\/blog\/wp-content\/uploads\/2016\/06\/femme-c\u00e9libataire-sans-enfant-1024x1024.jpg 1024w, https:\/\/ozinzen.com\/blog\/wp-content\/uploads\/2016\/06\/femme-c\u00e9libataire-sans-enfant-45x45.jpg 45w\" sizes=\"auto, (max-width: 1200px) 100vw, 1200px\" \/><\/a><\/p>\n<p style=\"text-align: justify;\">\n<p style=\"text-align: justify;\"><a href=\"http:\/\/www.huffingtonpost.fr\/gunda-windmaller\/temoignage-celibataire-sans-enfants-35-ans_b_10349612.html\" target=\"_blank\">Un article du huffingtonpos<\/a>t, <span style=\"color: #000000;\">sur le th\u00e8me rab\u00e2ch\u00e9 de \u00ab<strong> Je suis bien, tout va bien<\/strong> \u00bb. L\u2019auteur de ce genre d\u2019article essaye toujours de se persuader que sa vie est formidable, \u00e0 grand coup d\u2019arguments tarabiscot\u00e9s.<\/span><!--more--><\/p>\n<p style=\"text-align: justify;\"><strong>Extrait :<\/strong><\/p>\n<blockquote>\n<p style=\"text-align: justify;\"><span style=\"color: #000000;\">Mes amies et moi faisions la queue au bar en qu\u00eate d&rsquo;une petite coupe ou deux. J&rsquo;ai entam\u00e9 la discussion avec une autre invit\u00e9e. Chacune demandait \u00e0 l&rsquo;autre d&rsquo;o\u00f9 elle connaissait la mari\u00e9e, tout en admirant la d\u00e9coration de la salle. Et puis, soudain, elle m&rsquo;a demand\u00e9: \u00ab\u00a0Et toi? O\u00f9 t&rsquo;es-tu mari\u00e9e?\u00a0\u00bb<\/span><\/p>\n<p style=\"text-align: justify;\"><span style=\"color: #000000;\">\u00ab\u00a0Je ne suis pas mari\u00e9e\u00a0\u00bb, ai-je r\u00e9pondu.<\/span><\/p>\n<p style=\"text-align: justify;\"><span style=\"color: #000000;\">Vous voyez cette fraction de seconde o\u00f9 votre interlocuteur marque une pause apr\u00e8s ce qu&rsquo;il a entendu? Comme si vous lui aviez racont\u00e9 que votre gagne-pain consistait \u00e0 tuer des chatons? C&rsquo;est pr\u00e9cis\u00e9ment ce \u00e0 quoi j&rsquo;ai eu droit.<\/span><\/p>\n<p style=\"text-align: justify;\"><span style=\"color: #000000;\">Elle a ajout\u00e9: \u00ab\u00a0Ah.\u00a0\u00bb Et puis elle s&rsquo;est \u00e9loign\u00e9e, me laissant seule et abasourdie, mon verre de prosecco \u00e0 la main.<\/span><\/p>\n<\/blockquote>\n","protected":false},"excerpt":{"rendered":"<p>Un article du huffingtonpost, sur le th\u00e8me rab\u00e2ch\u00e9 de \u00ab Je suis bien, tout va bien \u00bb. L\u2019auteur de ce genre d\u2019article essaye toujours de se persuader que sa vie est formidable, \u00e0 grand coup d\u2019arguments tarabiscot\u00e9s.<\/p>\n","protected":false},"author":2,"featured_media":5801,"comment_status":"open","ping_status":"open","sticky":false,"template":"","format":"standard","meta":{"_genesis_hide_title":false,"_genesis_hide_breadcrumbs":false,"_genesis_hide_singular_image":false,"_genesis_hide_footer_widgets":false,"_genesis_custom_body_class":"","_genesis_custom_post_class":"","_genesis_layout":"","footnotes":""},"categories":[55],"tags":[],"class_list":{"0":"post-5800","1":"post","2":"type-post","3":"status-publish","4":"format-standard","5":"has-post-thumbnail","7":"category-societe","8":"entry"},"yoast_head":"<!-- This site is optimized with the Yoast SEO plugin v27.1.1 - https:\/\/yoast.com\/product\/yoast-seo-wordpress\/ -->\n<title>C\u00e9libataire et sans enfant \u00e0 35 ans ? Nous savons que nous sommes fantastiques - Ozinzen<\/title>\n<meta name=\"description\" content=\"Un article du huffingtonpost, sur le th\u00e8me rab\u00e2ch\u00e9 de \u00ab Je suis bien, tout va bien \u00bb. L\u2019auteur de ce genre d\u2019article essaye toujours de se persuader que\" \/>\n<meta name=\"robots\" content=\"index, follow, max-snippet:-1, max-image-preview:large, max-video-preview:-1\" \/>\n<link rel=\"canonical\" href=\"https:\/\/ozinzen.com\/blog\/celibataire-enfant-a-35-ans-savons-sommes-fantastiques\/\" \/>\n<meta property=\"og:locale\" content=\"fr_FR\" \/>\n<meta property=\"og:type\" content=\"article\" \/>\n<meta property=\"og:title\" content=\"C\u00e9libataire et sans enfant \u00e0 35 ans ? Nous savons que nous sommes fantastiques - Ozinzen\" \/>\n<meta property=\"og:description\" content=\"Un article du huffingtonpost, sur le th\u00e8me rab\u00e2ch\u00e9 de \u00ab Je suis bien, tout va bien \u00bb. L\u2019auteur de ce genre d\u2019article essaye toujours de se persuader que\" \/>\n<meta property=\"og:url\" content=\"https:\/\/ozinzen.com\/blog\/celibataire-enfant-a-35-ans-savons-sommes-fantastiques\/\" \/>\n<meta property=\"og:site_name\" content=\"Ozinzen\" \/>\n<meta property=\"article:published_time\" content=\"2016-06-12T10:55:38+00:00\" \/>\n<meta property=\"article:modified_time\" content=\"2016-06-12T10:56:51+00:00\" \/>\n<meta property=\"og:image\" content=\"https:\/\/ozinzen.com\/blog\/wp-content\/uploads\/2016\/06\/femme-c\u00e9libataire-sans-enfant.jpg\" \/>\n\t<meta property=\"og:image:width\" content=\"1200\" \/>\n\t<meta property=\"og:image:height\" content=\"1200\" \/>\n\t<meta property=\"og:image:type\" content=\"image\/jpeg\" \/>\n<meta name=\"author\" content=\"Marc Sigrist\" \/>\n<meta name=\"twitter:card\" content=\"summary_large_image\" \/>\n<meta name=\"twitter:creator\" content=\"@ozinzen\" \/>\n<meta name=\"twitter:site\" content=\"@ozinzen\" \/>\n<meta name=\"twitter:label1\" content=\"\u00c9crit par\" \/>\n\t<meta name=\"twitter:data1\" content=\"Marc Sigrist\" \/>\n\t<meta name=\"twitter:label2\" content=\"Dur\u00e9e de lecture estim\u00e9e\" \/>\n\t<meta name=\"twitter:data2\" content=\"1 minute\" \/>\n<script type=\"application\/ld+json\" class=\"yoast-schema-graph\">{\"@context\":\"https:\/\/schema.org\",\"@graph\":[{\"@type\":\"Article\",\"@id\":\"https:\/\/ozinzen.com\/blog\/celibataire-enfant-a-35-ans-savons-sommes-fantastiques\/#article\",\"isPartOf\":{\"@id\":\"https:\/\/ozinzen.com\/blog\/celibataire-enfant-a-35-ans-savons-sommes-fantastiques\/\"},\"author\":{\"name\":\"Marc Sigrist\",\"@id\":\"https:\/\/ozinzen.com\/blog\/#\/schema\/person\/c3f9b942ea7cfc90188ae840a2cf2fb1\"},\"headline\":\"C\u00e9libataire et sans enfant \u00e0 35 ans ? Nous savons que nous sommes fantastiques\",\"datePublished\":\"2016-06-12T10:55:38+00:00\",\"dateModified\":\"2016-06-12T10:56:51+00:00\",\"mainEntityOfPage\":{\"@id\":\"https:\/\/ozinzen.com\/blog\/celibataire-enfant-a-35-ans-savons-sommes-fantastiques\/\"},\"wordCount\":179,\"commentCount\":0,\"publisher\":{\"@id\":\"https:\/\/ozinzen.com\/blog\/#organization\"},\"image\":{\"@id\":\"https:\/\/ozinzen.com\/blog\/celibataire-enfant-a-35-ans-savons-sommes-fantastiques\/#primaryimage\"},\"thumbnailUrl\":\"https:\/\/ozinzen.com\/blog\/wp-content\/uploads\/2016\/06\/femme-c\u00e9libataire-sans-enfant.jpg\",\"articleSection\":[\"Soci\u00e9t\u00e9\"],\"inLanguage\":\"fr-FR\"},{\"@type\":\"WebPage\",\"@id\":\"https:\/\/ozinzen.com\/blog\/celibataire-enfant-a-35-ans-savons-sommes-fantastiques\/\",\"url\":\"https:\/\/ozinzen.com\/blog\/celibataire-enfant-a-35-ans-savons-sommes-fantastiques\/\",\"name\":\"C\u00e9libataire et sans enfant \u00e0 35 ans ? Nous savons que nous sommes fantastiques - Ozinzen\",\"isPartOf\":{\"@id\":\"https:\/\/ozinzen.com\/blog\/#website\"},\"primaryImageOfPage\":{\"@id\":\"https:\/\/ozinzen.com\/blog\/celibataire-enfant-a-35-ans-savons-sommes-fantastiques\/#primaryimage\"},\"image\":{\"@id\":\"https:\/\/ozinzen.com\/blog\/celibataire-enfant-a-35-ans-savons-sommes-fantastiques\/#primaryimage\"},\"thumbnailUrl\":\"https:\/\/ozinzen.com\/blog\/wp-content\/uploads\/2016\/06\/femme-c\u00e9libataire-sans-enfant.jpg\",\"datePublished\":\"2016-06-12T10:55:38+00:00\",\"dateModified\":\"2016-06-12T10:56:51+00:00\",\"description\":\"Un article du huffingtonpost, sur le th\u00e8me rab\u00e2ch\u00e9 de \u00ab Je suis bien, tout va bien \u00bb. L\u2019auteur de ce genre d\u2019article essaye toujours de se persuader que\",\"breadcrumb\":{\"@id\":\"https:\/\/ozinzen.com\/blog\/celibataire-enfant-a-35-ans-savons-sommes-fantastiques\/#breadcrumb\"},\"inLanguage\":\"fr-FR\",\"potentialAction\":[{\"@type\":\"ReadAction\",\"target\":[\"https:\/\/ozinzen.com\/blog\/celibataire-enfant-a-35-ans-savons-sommes-fantastiques\/\"]}]},{\"@type\":\"ImageObject\",\"inLanguage\":\"fr-FR\",\"@id\":\"https:\/\/ozinzen.com\/blog\/celibataire-enfant-a-35-ans-savons-sommes-fantastiques\/#primaryimage\",\"url\":\"https:\/\/ozinzen.com\/blog\/wp-content\/uploads\/2016\/06\/femme-c\u00e9libataire-sans-enfant.jpg\",\"contentUrl\":\"https:\/\/ozinzen.com\/blog\/wp-content\/uploads\/2016\/06\/femme-c\u00e9libataire-sans-enfant.jpg\",\"width\":1200,\"height\":1200,\"caption\":\"femme c\u00e9libataire sans enfant\"},{\"@type\":\"BreadcrumbList\",\"@id\":\"https:\/\/ozinzen.com\/blog\/celibataire-enfant-a-35-ans-savons-sommes-fantastiques\/#breadcrumb\",\"itemListElement\":[{\"@type\":\"ListItem\",\"position\":1,\"name\":\"Accueil\",\"item\":\"https:\/\/ozinzen.com\/blog\/\"},{\"@type\":\"ListItem\",\"position\":2,\"name\":\"C\u00e9libataire et sans enfant \u00e0 35 ans ? Nous savons que nous sommes fantastiques\"}]},{\"@type\":\"WebSite\",\"@id\":\"https:\/\/ozinzen.com\/blog\/#website\",\"url\":\"https:\/\/ozinzen.com\/blog\/\",\"name\":\"Ozinzen\",\"description\":\"Mode de vie et sant\u00e9\",\"publisher\":{\"@id\":\"https:\/\/ozinzen.com\/blog\/#organization\"},\"potentialAction\":[{\"@type\":\"SearchAction\",\"target\":{\"@type\":\"EntryPoint\",\"urlTemplate\":\"https:\/\/ozinzen.com\/blog\/?s={search_term_string}\"},\"query-input\":{\"@type\":\"PropertyValueSpecification\",\"valueRequired\":true,\"valueName\":\"search_term_string\"}}],\"inLanguage\":\"fr-FR\"},{\"@type\":\"Organization\",\"@id\":\"https:\/\/ozinzen.com\/blog\/#organization\",\"name\":\"Ozinzen\",\"url\":\"https:\/\/ozinzen.com\/blog\/\",\"logo\":{\"@type\":\"ImageObject\",\"inLanguage\":\"fr-FR\",\"@id\":\"https:\/\/ozinzen.com\/blog\/#\/schema\/logo\/image\/\",\"url\":\"https:\/\/ozinzen.com\/blog\/wp-content\/uploads\/2023\/01\/ozinzen.png\",\"contentUrl\":\"https:\/\/ozinzen.com\/blog\/wp-content\/uploads\/2023\/01\/ozinzen.png\",\"width\":64,\"height\":64,\"caption\":\"Ozinzen\"},\"image\":{\"@id\":\"https:\/\/ozinzen.com\/blog\/#\/schema\/logo\/image\/\"},\"sameAs\":[\"https:\/\/x.com\/ozinzen\"]},{\"@type\":\"Person\",\"@id\":\"https:\/\/ozinzen.com\/blog\/#\/schema\/person\/c3f9b942ea7cfc90188ae840a2cf2fb1\",\"name\":\"Marc Sigrist\",\"image\":{\"@type\":\"ImageObject\",\"inLanguage\":\"fr-FR\",\"@id\":\"https:\/\/ozinzen.com\/blog\/#\/schema\/person\/image\/\",\"url\":\"https:\/\/secure.gravatar.com\/avatar\/187f82243f15c243b39ac53fcbd3ac6ae072d40425f7b43c2878b6fb120dbb31?s=96&d=mm&r=g\",\"contentUrl\":\"https:\/\/secure.gravatar.com\/avatar\/187f82243f15c243b39ac53fcbd3ac6ae072d40425f7b43c2878b6fb120dbb31?s=96&d=mm&r=g\",\"caption\":\"Marc Sigrist\"}}]}<\/script>\n<!-- \/ Yoast SEO plugin. -->","yoast_head_json":{"title":"C\u00e9libataire et sans enfant \u00e0 35 ans ? Nous savons que nous sommes fantastiques - Ozinzen","description":"Un article du huffingtonpost, sur le th\u00e8me rab\u00e2ch\u00e9 de \u00ab Je suis bien, tout va bien \u00bb. L\u2019auteur de ce genre d\u2019article essaye toujours de se persuader que","robots":{"index":"index","follow":"follow","max-snippet":"max-snippet:-1","max-image-preview":"max-image-preview:large","max-video-preview":"max-video-preview:-1"},"canonical":"https:\/\/ozinzen.com\/blog\/celibataire-enfant-a-35-ans-savons-sommes-fantastiques\/","og_locale":"fr_FR","og_type":"article","og_title":"C\u00e9libataire et sans enfant \u00e0 35 ans ? Nous savons que nous sommes fantastiques - Ozinzen","og_description":"Un article du huffingtonpost, sur le th\u00e8me rab\u00e2ch\u00e9 de \u00ab Je suis bien, tout va bien \u00bb. L\u2019auteur de ce genre d\u2019article essaye toujours de se persuader que","og_url":"https:\/\/ozinzen.com\/blog\/celibataire-enfant-a-35-ans-savons-sommes-fantastiques\/","og_site_name":"Ozinzen","article_published_time":"2016-06-12T10:55:38+00:00","article_modified_time":"2016-06-12T10:56:51+00:00","og_image":[{"width":1200,"height":1200,"url":"https:\/\/ozinzen.com\/blog\/wp-content\/uploads\/2016\/06\/femme-c\u00e9libataire-sans-enfant.jpg","type":"image\/jpeg"}],"author":"Marc Sigrist","twitter_card":"summary_large_image","twitter_creator":"@ozinzen","twitter_site":"@ozinzen","twitter_misc":{"\u00c9crit par":"Marc Sigrist","Dur\u00e9e de lecture estim\u00e9e":"1 minute"},"schema":{"@context":"https:\/\/schema.org","@graph":[{"@type":"Article","@id":"https:\/\/ozinzen.com\/blog\/celibataire-enfant-a-35-ans-savons-sommes-fantastiques\/#article","isPartOf":{"@id":"https:\/\/ozinzen.com\/blog\/celibataire-enfant-a-35-ans-savons-sommes-fantastiques\/"},"author":{"name":"Marc Sigrist","@id":"https:\/\/ozinzen.com\/blog\/#\/schema\/person\/c3f9b942ea7cfc90188ae840a2cf2fb1"},"headline":"C\u00e9libataire et sans enfant \u00e0 35 ans ? Nous savons que nous sommes fantastiques","datePublished":"2016-06-12T10:55:38+00:00","dateModified":"2016-06-12T10:56:51+00:00","mainEntityOfPage":{"@id":"https:\/\/ozinzen.com\/blog\/celibataire-enfant-a-35-ans-savons-sommes-fantastiques\/"},"wordCount":179,"commentCount":0,"publisher":{"@id":"https:\/\/ozinzen.com\/blog\/#organization"},"image":{"@id":"https:\/\/ozinzen.com\/blog\/celibataire-enfant-a-35-ans-savons-sommes-fantastiques\/#primaryimage"},"thumbnailUrl":"https:\/\/ozinzen.com\/blog\/wp-content\/uploads\/2016\/06\/femme-c\u00e9libataire-sans-enfant.jpg","articleSection":["Soci\u00e9t\u00e9"],"inLanguage":"fr-FR"},{"@type":"WebPage","@id":"https:\/\/ozinzen.com\/blog\/celibataire-enfant-a-35-ans-savons-sommes-fantastiques\/","url":"https:\/\/ozinzen.com\/blog\/celibataire-enfant-a-35-ans-savons-sommes-fantastiques\/","name":"C\u00e9libataire et sans enfant \u00e0 35 ans ? Nous savons que nous sommes fantastiques - Ozinzen","isPartOf":{"@id":"https:\/\/ozinzen.com\/blog\/#website"},"primaryImageOfPage":{"@id":"https:\/\/ozinzen.com\/blog\/celibataire-enfant-a-35-ans-savons-sommes-fantastiques\/#primaryimage"},"image":{"@id":"https:\/\/ozinzen.com\/blog\/celibataire-enfant-a-35-ans-savons-sommes-fantastiques\/#primaryimage"},"thumbnailUrl":"https:\/\/ozinzen.com\/blog\/wp-content\/uploads\/2016\/06\/femme-c\u00e9libataire-sans-enfant.jpg","datePublished":"2016-06-12T10:55:38+00:00","dateModified":"2016-06-12T10:56:51+00:00","description":"Un article du huffingtonpost, sur le th\u00e8me rab\u00e2ch\u00e9 de \u00ab Je suis bien, tout va bien \u00bb. L\u2019auteur de ce genre d\u2019article essaye toujours de se persuader que","breadcrumb":{"@id":"https:\/\/ozinzen.com\/blog\/celibataire-enfant-a-35-ans-savons-sommes-fantastiques\/#breadcrumb"},"inLanguage":"fr-FR","potentialAction":[{"@type":"ReadAction","target":["https:\/\/ozinzen.com\/blog\/celibataire-enfant-a-35-ans-savons-sommes-fantastiques\/"]}]},{"@type":"ImageObject","inLanguage":"fr-FR","@id":"https:\/\/ozinzen.com\/blog\/celibataire-enfant-a-35-ans-savons-sommes-fantastiques\/#primaryimage","url":"https:\/\/ozinzen.com\/blog\/wp-content\/uploads\/2016\/06\/femme-c\u00e9libataire-sans-enfant.jpg","contentUrl":"https:\/\/ozinzen.com\/blog\/wp-content\/uploads\/2016\/06\/femme-c\u00e9libataire-sans-enfant.jpg","width":1200,"height":1200,"caption":"femme c\u00e9libataire sans enfant"},{"@type":"BreadcrumbList","@id":"https:\/\/ozinzen.com\/blog\/celibataire-enfant-a-35-ans-savons-sommes-fantastiques\/#breadcrumb","itemListElement":[{"@type":"ListItem","position":1,"name":"Accueil","item":"https:\/\/ozinzen.com\/blog\/"},{"@type":"ListItem","position":2,"name":"C\u00e9libataire et sans enfant \u00e0 35 ans ? Nous savons que nous sommes fantastiques"}]},{"@type":"WebSite","@id":"https:\/\/ozinzen.com\/blog\/#website","url":"https:\/\/ozinzen.com\/blog\/","name":"Ozinzen","description":"Mode de vie et sant\u00e9","publisher":{"@id":"https:\/\/ozinzen.com\/blog\/#organization"},"potentialAction":[{"@type":"SearchAction","target":{"@type":"EntryPoint","urlTemplate":"https:\/\/ozinzen.com\/blog\/?s={search_term_string}"},"query-input":{"@type":"PropertyValueSpecification","valueRequired":true,"valueName":"search_term_string"}}],"inLanguage":"fr-FR"},{"@type":"Organization","@id":"https:\/\/ozinzen.com\/blog\/#organization","name":"Ozinzen","url":"https:\/\/ozinzen.com\/blog\/","logo":{"@type":"ImageObject","inLanguage":"fr-FR","@id":"https:\/\/ozinzen.com\/blog\/#\/schema\/logo\/image\/","url":"https:\/\/ozinzen.com\/blog\/wp-content\/uploads\/2023\/01\/ozinzen.png","contentUrl":"https:\/\/ozinzen.com\/blog\/wp-content\/uploads\/2023\/01\/ozinzen.png","width":64,"height":64,"caption":"Ozinzen"},"image":{"@id":"https:\/\/ozinzen.com\/blog\/#\/schema\/logo\/image\/"},"sameAs":["https:\/\/x.com\/ozinzen"]},{"@type":"Person","@id":"https:\/\/ozinzen.com\/blog\/#\/schema\/person\/c3f9b942ea7cfc90188ae840a2cf2fb1","name":"Marc Sigrist","image":{"@type":"ImageObject","inLanguage":"fr-FR","@id":"https:\/\/ozinzen.com\/blog\/#\/schema\/person\/image\/","url":"https:\/\/secure.gravatar.com\/avatar\/187f82243f15c243b39ac53fcbd3ac6ae072d40425f7b43c2878b6fb120dbb31?s=96&d=mm&r=g","contentUrl":"https:\/\/secure.gravatar.com\/avatar\/187f82243f15c243b39ac53fcbd3ac6ae072d40425f7b43c2878b6fb120dbb31?s=96&d=mm&r=g","caption":"Marc Sigrist"}}]}},"amp_enabled":true,"_links":{"self":[{"href":"https:\/\/ozinzen.com\/blog\/wp-json\/wp\/v2\/posts\/5800","targetHints":{"allow":["GET"]}}],"collection":[{"href":"https:\/\/ozinzen.com\/blog\/wp-json\/wp\/v2\/posts"}],"about":[{"href":"https:\/\/ozinzen.com\/blog\/wp-json\/wp\/v2\/types\/post"}],"author":[{"embeddable":true,"href":"https:\/\/ozinzen.com\/blog\/wp-json\/wp\/v2\/users\/2"}],"replies":[{"embeddable":true,"href":"https:\/\/ozinzen.com\/blog\/wp-json\/wp\/v2\/comments?post=5800"}],"version-history":[{"count":6,"href":"https:\/\/ozinzen.com\/blog\/wp-json\/wp\/v2\/posts\/5800\/revisions"}],"predecessor-version":[{"id":5807,"href":"https:\/\/ozinzen.com\/blog\/wp-json\/wp\/v2\/posts\/5800\/revisions\/5807"}],"wp:featuredmedia":[{"embeddable":true,"href":"https:\/\/ozinzen.com\/blog\/wp-json\/wp\/v2\/media\/5801"}],"wp:attachment":[{"href":"https:\/\/ozinzen.com\/blog\/wp-json\/wp\/v2\/media?parent=5800"}],"wp:term":[{"taxonomy":"category","embeddable":true,"href":"https:\/\/ozinzen.com\/blog\/wp-json\/wp\/v2\/categories?post=5800"},{"taxonomy":"post_tag","embeddable":true,"href":"https:\/\/ozinzen.com\/blog\/wp-json\/wp\/v2\/tags?post=5800"}],"curies":[{"name":"wp","href":"https:\/\/api.w.org\/{rel}","templated":true}]}}