{"id":6116,"date":"2016-07-16T20:43:20","date_gmt":"2016-07-16T18:43:20","guid":{"rendered":"http:\/\/ozinzen.com\/blog\/?p=6116"},"modified":"2016-07-22T21:00:43","modified_gmt":"2016-07-22T19:00:43","slug":"instagram-juge-offensant-non-choque-lactrice-sacha-parkinson","status":"publish","type":"post","link":"https:\/\/ozinzen.com\/blog\/instagram-juge-offensant-non-choque-lactrice-sacha-parkinson\/","title":{"rendered":"Instagram veut censurer une de ses photos&#8230; sa r\u00e9ponse est g\u00e9niale"},"content":{"rendered":"<p style=\"text-align: justify;\"><a href=\"http:\/\/ozinzen.com\/blog\/wp-content\/uploads\/2016\/07\/Sacha-Parkinson.jpg\"><img loading=\"lazy\" decoding=\"async\" class=\"alignnone size-full wp-image-6118\" src=\"http:\/\/ozinzen.com\/blog\/wp-content\/uploads\/2016\/07\/Sacha-Parkinson.jpg\" alt=\"Sacha Parkinson\" width=\"450\" height=\"338\" srcset=\"https:\/\/ozinzen.com\/blog\/wp-content\/uploads\/2016\/07\/Sacha-Parkinson.jpg 450w, https:\/\/ozinzen.com\/blog\/wp-content\/uploads\/2016\/07\/Sacha-Parkinson-300x225.jpg 300w\" sizes=\"auto, (max-width: 450px) 100vw, 450px\" \/><\/a><\/p>\n<p style=\"text-align: justify;\"><span style=\"color: #000000;\">L\u2019actrice anglaise <strong>Sacha Parkinson<\/strong> a \u00e9t\u00e9 invit\u00e9e \u00e0 supprimer une photo qu&rsquo;elle avait post\u00e9e sur Instagram. Elle a d\u00fb modifier cette photo en couvrant les mamelons, afin de pouvoir la mettre en ligne.<br \/>\n<\/span><!--more--><\/p>\n<p style=\"text-align: justify;\"><span style=\"color: #000000;\">Ayant ob\u00e9i \u00e0 la censure d\u2019Instagram en pla\u00e7ant une fleur sur chaque mamelon, Sacha en a profit\u00e9 pour ajouter un commentaire cinglant, d\u00e9non\u00e7ant ce site qui consid\u00e8re les femmes et leurs mamelons comme des objets sexuels.<\/span><\/p>\n<blockquote class=\"instagram-media\" style=\"background: #FFF; border: 0; border-radius: 3px; box-shadow: 0 0 1px 0 rgba(0,0,0,0.5),0 1px 10px 0 rgba(0,0,0,0.15); margin: 1px; max-width: 658px; padding: 0; width: calc(100% - 2px);\" data-instgrm-captioned=\"\" data-instgrm-version=\"7\">\n<div style=\"padding: 8px;\">\n<div style=\"background: #F8F8F8; line-height: 0; margin-top: 40px; padding: 62.5156445557% 0; text-align: center; width: 100%;\"><\/div>\n<p style=\"margin: 8px 0 0 0; padding: 0 4px;\"><a style=\"color: #000; font-family: Arial,sans-serif; font-size: 14px; font-style: normal; font-weight: normal; line-height: 17px; text-decoration: none; word-wrap: break-word;\" href=\"https:\/\/www.instagram.com\/p\/BH2CAzZjAdv\/\" target=\"_blank\">WEEKEND READY. ____________________________________________ Instagram, Is it acceptable to upload this image now one of the most significant parts of the female body is covered?! How dare you objectify us and insist this image is in any way offensive. Do not imply our nipples are merely sex objects you piece of shit!! And to anyone who reported the original post GET A LIFE &amp; GET LAID! &#x1f485;&#x1f3fc; #Girls _____________________________________________<\/a><\/p>\n<p style=\"color: #c9c8cd; font-family: Arial,sans-serif; font-size: 14px; line-height: 17px; margin-bottom: 0; margin-top: 8px; overflow: hidden; padding: 8px 0 7px; text-align: center; text-overflow: ellipsis; white-space: nowrap;\">Une photo publi\u00e9e par Sacha&#x1f33b; (@sachalparkinson) le <time style=\"font-family: Arial,sans-serif; font-size: 14px; line-height: 17px;\" datetime=\"2016-07-14T13:52:35+00:00\">14 Juil. 2016 \u00e0 6h52 PDT<\/time><\/p>\n<\/div>\n<\/blockquote>\n<p><script src=\"\/\/platform.instagram.com\/en_US\/embeds.js\" async=\"\" defer=\"defer\"><\/script><br \/>\n<span style=\"color: #000000;\">Elle hurle au sexisme dans son commentaire vengeur : \u00abInstagram, est-il acceptable de mettre en ligne cette image maintenant que l&rsquo;une des parties les plus importantes du corps f\u00e9minin est couvert ?! Comment osez-vous nous objectiver sexuellement nous les femmes, et consid\u00e9rer cette image comme offensante ! Vous sous-entendez donc que nos mamelons ne sont que des objets sexuels, tas de merde !! #Girls \u00bb.<\/span><\/p>\n<p style=\"text-align: justify;\"><span style=\"color: #000000;\">La ligne officielle d\u2019Instagram concernant la nudit\u00e9 est la suivante : \u00abNous savons qu&rsquo;il y a des moments o\u00f9 les utilisateurs veulent partager des photos\u00a0de nus qui sont artistiques, mais pour diverses raisons, nous ne permettons pas la nudit\u00e9 sur Instagram \u00bb.<\/span><\/p>\n<p style=\"text-align: justify;\"><span style=\"color: #000000;\">La ligne est \u00e9troite entre ce qu\u2019Instagram juge offensant ou non en termes de contenu \u00ab sexuel\u00bb :<\/span>\u00a0<span style=\"color: #000000;\">\u00abLes gros plans de fesses enti\u00e8rement nues et les mamelons f\u00e9minins ne sont pas autoris\u00e9s, mais les photos de femmes qui allaitent sont autoris\u00e9es\u00bb.<\/span><\/p>\n<p style=\"text-align: justify;\"><span style=\"color: #000000;\">En termes de f\u00e9minisme, Sacha Parkinson a donn\u00e9 une formidable le\u00e7on de bravoure afin de permettre une prise de conscience du tabou des mamelons. Elle lutte contre l\u2019intol\u00e9rance d\u2019une soci\u00e9t\u00e9 sexiste o\u00f9 des actrices multimillionnaires sont durement exploit\u00e9es et opprim\u00e9es.<\/span><\/p>\n","protected":false},"excerpt":{"rendered":"<p>L\u2019actrice anglaise Sacha Parkinson a \u00e9t\u00e9 invit\u00e9e \u00e0 supprimer une photo qu&rsquo;elle avait post\u00e9e sur Instagram. Elle a d\u00fb modifier cette photo en couvrant les mamelons, afin de pouvoir la mettre en ligne.<\/p>\n","protected":false},"author":2,"featured_media":6118,"comment_status":"open","ping_status":"open","sticky":false,"template":"","format":"standard","meta":{"_genesis_hide_title":false,"_genesis_hide_breadcrumbs":false,"_genesis_hide_singular_image":false,"_genesis_hide_footer_widgets":false,"_genesis_custom_body_class":"","_genesis_custom_post_class":"","_genesis_layout":"","footnotes":""},"categories":[55],"tags":[],"class_list":{"0":"post-6116","1":"post","2":"type-post","3":"status-publish","4":"format-standard","5":"has-post-thumbnail","7":"category-societe","8":"entry"},"yoast_head":"<!-- This site is optimized with the Yoast SEO plugin v27.1.1 - https:\/\/yoast.com\/product\/yoast-seo-wordpress\/ -->\n<title>Instagram veut censurer une de ses photos... sa r\u00e9ponse est g\u00e9niale - Ozinzen<\/title>\n<meta name=\"description\" content=\"L\u2019actrice anglaise Sacha Parkinson a \u00e9t\u00e9 invit\u00e9e \u00e0 supprimer une photo qu&#039;elle avait post\u00e9e sur Instagram. Elle a d\u00fb modifier cette photo en couvrant les\" \/>\n<meta name=\"robots\" content=\"index, follow, max-snippet:-1, max-image-preview:large, max-video-preview:-1\" \/>\n<link rel=\"canonical\" href=\"https:\/\/ozinzen.com\/blog\/instagram-juge-offensant-non-choque-lactrice-sacha-parkinson\/\" \/>\n<meta property=\"og:locale\" content=\"fr_FR\" \/>\n<meta property=\"og:type\" content=\"article\" \/>\n<meta property=\"og:title\" content=\"Instagram veut censurer une de ses photos... sa r\u00e9ponse est g\u00e9niale - Ozinzen\" \/>\n<meta property=\"og:description\" content=\"L\u2019actrice anglaise Sacha Parkinson a \u00e9t\u00e9 invit\u00e9e \u00e0 supprimer une photo qu&#039;elle avait post\u00e9e sur Instagram. Elle a d\u00fb modifier cette photo en couvrant les\" \/>\n<meta property=\"og:url\" content=\"https:\/\/ozinzen.com\/blog\/instagram-juge-offensant-non-choque-lactrice-sacha-parkinson\/\" \/>\n<meta property=\"og:site_name\" content=\"Ozinzen\" \/>\n<meta property=\"article:published_time\" content=\"2016-07-16T18:43:20+00:00\" \/>\n<meta property=\"article:modified_time\" content=\"2016-07-22T19:00:43+00:00\" \/>\n<meta property=\"og:image\" content=\"https:\/\/ozinzen.com\/blog\/wp-content\/uploads\/2016\/07\/Sacha-Parkinson.jpg\" \/>\n\t<meta property=\"og:image:width\" content=\"450\" \/>\n\t<meta property=\"og:image:height\" content=\"338\" \/>\n\t<meta property=\"og:image:type\" content=\"image\/jpeg\" \/>\n<meta name=\"author\" content=\"Marc Sigrist\" \/>\n<meta name=\"twitter:card\" content=\"summary_large_image\" \/>\n<meta name=\"twitter:creator\" content=\"@ozinzen\" \/>\n<meta name=\"twitter:site\" content=\"@ozinzen\" \/>\n<meta name=\"twitter:label1\" content=\"\u00c9crit par\" \/>\n\t<meta name=\"twitter:data1\" content=\"Marc Sigrist\" \/>\n\t<meta name=\"twitter:label2\" content=\"Dur\u00e9e de lecture estim\u00e9e\" \/>\n\t<meta name=\"twitter:data2\" content=\"2 minutes\" \/>\n<script type=\"application\/ld+json\" class=\"yoast-schema-graph\">{\"@context\":\"https:\/\/schema.org\",\"@graph\":[{\"@type\":\"Article\",\"@id\":\"https:\/\/ozinzen.com\/blog\/instagram-juge-offensant-non-choque-lactrice-sacha-parkinson\/#article\",\"isPartOf\":{\"@id\":\"https:\/\/ozinzen.com\/blog\/instagram-juge-offensant-non-choque-lactrice-sacha-parkinson\/\"},\"author\":{\"name\":\"Marc Sigrist\",\"@id\":\"https:\/\/ozinzen.com\/blog\/#\/schema\/person\/c3f9b942ea7cfc90188ae840a2cf2fb1\"},\"headline\":\"Instagram veut censurer une de ses photos&#8230; sa r\u00e9ponse est g\u00e9niale\",\"datePublished\":\"2016-07-16T18:43:20+00:00\",\"dateModified\":\"2016-07-22T19:00:43+00:00\",\"mainEntityOfPage\":{\"@id\":\"https:\/\/ozinzen.com\/blog\/instagram-juge-offensant-non-choque-lactrice-sacha-parkinson\/\"},\"wordCount\":370,\"commentCount\":0,\"publisher\":{\"@id\":\"https:\/\/ozinzen.com\/blog\/#organization\"},\"image\":{\"@id\":\"https:\/\/ozinzen.com\/blog\/instagram-juge-offensant-non-choque-lactrice-sacha-parkinson\/#primaryimage\"},\"thumbnailUrl\":\"https:\/\/ozinzen.com\/blog\/wp-content\/uploads\/2016\/07\/Sacha-Parkinson.jpg\",\"articleSection\":[\"Soci\u00e9t\u00e9\"],\"inLanguage\":\"fr-FR\"},{\"@type\":\"WebPage\",\"@id\":\"https:\/\/ozinzen.com\/blog\/instagram-juge-offensant-non-choque-lactrice-sacha-parkinson\/\",\"url\":\"https:\/\/ozinzen.com\/blog\/instagram-juge-offensant-non-choque-lactrice-sacha-parkinson\/\",\"name\":\"Instagram veut censurer une de ses photos... sa r\u00e9ponse est g\u00e9niale - Ozinzen\",\"isPartOf\":{\"@id\":\"https:\/\/ozinzen.com\/blog\/#website\"},\"primaryImageOfPage\":{\"@id\":\"https:\/\/ozinzen.com\/blog\/instagram-juge-offensant-non-choque-lactrice-sacha-parkinson\/#primaryimage\"},\"image\":{\"@id\":\"https:\/\/ozinzen.com\/blog\/instagram-juge-offensant-non-choque-lactrice-sacha-parkinson\/#primaryimage\"},\"thumbnailUrl\":\"https:\/\/ozinzen.com\/blog\/wp-content\/uploads\/2016\/07\/Sacha-Parkinson.jpg\",\"datePublished\":\"2016-07-16T18:43:20+00:00\",\"dateModified\":\"2016-07-22T19:00:43+00:00\",\"description\":\"L\u2019actrice anglaise Sacha Parkinson a \u00e9t\u00e9 invit\u00e9e \u00e0 supprimer une photo qu'elle avait post\u00e9e sur Instagram. Elle a d\u00fb modifier cette photo en couvrant les\",\"breadcrumb\":{\"@id\":\"https:\/\/ozinzen.com\/blog\/instagram-juge-offensant-non-choque-lactrice-sacha-parkinson\/#breadcrumb\"},\"inLanguage\":\"fr-FR\",\"potentialAction\":[{\"@type\":\"ReadAction\",\"target\":[\"https:\/\/ozinzen.com\/blog\/instagram-juge-offensant-non-choque-lactrice-sacha-parkinson\/\"]}]},{\"@type\":\"ImageObject\",\"inLanguage\":\"fr-FR\",\"@id\":\"https:\/\/ozinzen.com\/blog\/instagram-juge-offensant-non-choque-lactrice-sacha-parkinson\/#primaryimage\",\"url\":\"https:\/\/ozinzen.com\/blog\/wp-content\/uploads\/2016\/07\/Sacha-Parkinson.jpg\",\"contentUrl\":\"https:\/\/ozinzen.com\/blog\/wp-content\/uploads\/2016\/07\/Sacha-Parkinson.jpg\",\"width\":450,\"height\":338,\"caption\":\"Sacha Parkinson\"},{\"@type\":\"BreadcrumbList\",\"@id\":\"https:\/\/ozinzen.com\/blog\/instagram-juge-offensant-non-choque-lactrice-sacha-parkinson\/#breadcrumb\",\"itemListElement\":[{\"@type\":\"ListItem\",\"position\":1,\"name\":\"Accueil\",\"item\":\"https:\/\/ozinzen.com\/blog\/\"},{\"@type\":\"ListItem\",\"position\":2,\"name\":\"Instagram veut censurer une de ses photos&#8230; sa r\u00e9ponse est g\u00e9niale\"}]},{\"@type\":\"WebSite\",\"@id\":\"https:\/\/ozinzen.com\/blog\/#website\",\"url\":\"https:\/\/ozinzen.com\/blog\/\",\"name\":\"Ozinzen\",\"description\":\"Mode de vie et sant\u00e9\",\"publisher\":{\"@id\":\"https:\/\/ozinzen.com\/blog\/#organization\"},\"potentialAction\":[{\"@type\":\"SearchAction\",\"target\":{\"@type\":\"EntryPoint\",\"urlTemplate\":\"https:\/\/ozinzen.com\/blog\/?s={search_term_string}\"},\"query-input\":{\"@type\":\"PropertyValueSpecification\",\"valueRequired\":true,\"valueName\":\"search_term_string\"}}],\"inLanguage\":\"fr-FR\"},{\"@type\":\"Organization\",\"@id\":\"https:\/\/ozinzen.com\/blog\/#organization\",\"name\":\"Ozinzen\",\"url\":\"https:\/\/ozinzen.com\/blog\/\",\"logo\":{\"@type\":\"ImageObject\",\"inLanguage\":\"fr-FR\",\"@id\":\"https:\/\/ozinzen.com\/blog\/#\/schema\/logo\/image\/\",\"url\":\"https:\/\/ozinzen.com\/blog\/wp-content\/uploads\/2023\/01\/ozinzen.png\",\"contentUrl\":\"https:\/\/ozinzen.com\/blog\/wp-content\/uploads\/2023\/01\/ozinzen.png\",\"width\":64,\"height\":64,\"caption\":\"Ozinzen\"},\"image\":{\"@id\":\"https:\/\/ozinzen.com\/blog\/#\/schema\/logo\/image\/\"},\"sameAs\":[\"https:\/\/x.com\/ozinzen\"]},{\"@type\":\"Person\",\"@id\":\"https:\/\/ozinzen.com\/blog\/#\/schema\/person\/c3f9b942ea7cfc90188ae840a2cf2fb1\",\"name\":\"Marc Sigrist\",\"image\":{\"@type\":\"ImageObject\",\"inLanguage\":\"fr-FR\",\"@id\":\"https:\/\/ozinzen.com\/blog\/#\/schema\/person\/image\/\",\"url\":\"https:\/\/secure.gravatar.com\/avatar\/187f82243f15c243b39ac53fcbd3ac6ae072d40425f7b43c2878b6fb120dbb31?s=96&d=mm&r=g\",\"contentUrl\":\"https:\/\/secure.gravatar.com\/avatar\/187f82243f15c243b39ac53fcbd3ac6ae072d40425f7b43c2878b6fb120dbb31?s=96&d=mm&r=g\",\"caption\":\"Marc Sigrist\"}}]}<\/script>\n<!-- \/ Yoast SEO plugin. -->","yoast_head_json":{"title":"Instagram veut censurer une de ses photos... sa r\u00e9ponse est g\u00e9niale - Ozinzen","description":"L\u2019actrice anglaise Sacha Parkinson a \u00e9t\u00e9 invit\u00e9e \u00e0 supprimer une photo qu'elle avait post\u00e9e sur Instagram. Elle a d\u00fb modifier cette photo en couvrant les","robots":{"index":"index","follow":"follow","max-snippet":"max-snippet:-1","max-image-preview":"max-image-preview:large","max-video-preview":"max-video-preview:-1"},"canonical":"https:\/\/ozinzen.com\/blog\/instagram-juge-offensant-non-choque-lactrice-sacha-parkinson\/","og_locale":"fr_FR","og_type":"article","og_title":"Instagram veut censurer une de ses photos... sa r\u00e9ponse est g\u00e9niale - Ozinzen","og_description":"L\u2019actrice anglaise Sacha Parkinson a \u00e9t\u00e9 invit\u00e9e \u00e0 supprimer une photo qu'elle avait post\u00e9e sur Instagram. Elle a d\u00fb modifier cette photo en couvrant les","og_url":"https:\/\/ozinzen.com\/blog\/instagram-juge-offensant-non-choque-lactrice-sacha-parkinson\/","og_site_name":"Ozinzen","article_published_time":"2016-07-16T18:43:20+00:00","article_modified_time":"2016-07-22T19:00:43+00:00","og_image":[{"width":450,"height":338,"url":"https:\/\/ozinzen.com\/blog\/wp-content\/uploads\/2016\/07\/Sacha-Parkinson.jpg","type":"image\/jpeg"}],"author":"Marc Sigrist","twitter_card":"summary_large_image","twitter_creator":"@ozinzen","twitter_site":"@ozinzen","twitter_misc":{"\u00c9crit par":"Marc Sigrist","Dur\u00e9e de lecture estim\u00e9e":"2 minutes"},"schema":{"@context":"https:\/\/schema.org","@graph":[{"@type":"Article","@id":"https:\/\/ozinzen.com\/blog\/instagram-juge-offensant-non-choque-lactrice-sacha-parkinson\/#article","isPartOf":{"@id":"https:\/\/ozinzen.com\/blog\/instagram-juge-offensant-non-choque-lactrice-sacha-parkinson\/"},"author":{"name":"Marc Sigrist","@id":"https:\/\/ozinzen.com\/blog\/#\/schema\/person\/c3f9b942ea7cfc90188ae840a2cf2fb1"},"headline":"Instagram veut censurer une de ses photos&#8230; sa r\u00e9ponse est g\u00e9niale","datePublished":"2016-07-16T18:43:20+00:00","dateModified":"2016-07-22T19:00:43+00:00","mainEntityOfPage":{"@id":"https:\/\/ozinzen.com\/blog\/instagram-juge-offensant-non-choque-lactrice-sacha-parkinson\/"},"wordCount":370,"commentCount":0,"publisher":{"@id":"https:\/\/ozinzen.com\/blog\/#organization"},"image":{"@id":"https:\/\/ozinzen.com\/blog\/instagram-juge-offensant-non-choque-lactrice-sacha-parkinson\/#primaryimage"},"thumbnailUrl":"https:\/\/ozinzen.com\/blog\/wp-content\/uploads\/2016\/07\/Sacha-Parkinson.jpg","articleSection":["Soci\u00e9t\u00e9"],"inLanguage":"fr-FR"},{"@type":"WebPage","@id":"https:\/\/ozinzen.com\/blog\/instagram-juge-offensant-non-choque-lactrice-sacha-parkinson\/","url":"https:\/\/ozinzen.com\/blog\/instagram-juge-offensant-non-choque-lactrice-sacha-parkinson\/","name":"Instagram veut censurer une de ses photos... sa r\u00e9ponse est g\u00e9niale - Ozinzen","isPartOf":{"@id":"https:\/\/ozinzen.com\/blog\/#website"},"primaryImageOfPage":{"@id":"https:\/\/ozinzen.com\/blog\/instagram-juge-offensant-non-choque-lactrice-sacha-parkinson\/#primaryimage"},"image":{"@id":"https:\/\/ozinzen.com\/blog\/instagram-juge-offensant-non-choque-lactrice-sacha-parkinson\/#primaryimage"},"thumbnailUrl":"https:\/\/ozinzen.com\/blog\/wp-content\/uploads\/2016\/07\/Sacha-Parkinson.jpg","datePublished":"2016-07-16T18:43:20+00:00","dateModified":"2016-07-22T19:00:43+00:00","description":"L\u2019actrice anglaise Sacha Parkinson a \u00e9t\u00e9 invit\u00e9e \u00e0 supprimer une photo qu'elle avait post\u00e9e sur Instagram. Elle a d\u00fb modifier cette photo en couvrant les","breadcrumb":{"@id":"https:\/\/ozinzen.com\/blog\/instagram-juge-offensant-non-choque-lactrice-sacha-parkinson\/#breadcrumb"},"inLanguage":"fr-FR","potentialAction":[{"@type":"ReadAction","target":["https:\/\/ozinzen.com\/blog\/instagram-juge-offensant-non-choque-lactrice-sacha-parkinson\/"]}]},{"@type":"ImageObject","inLanguage":"fr-FR","@id":"https:\/\/ozinzen.com\/blog\/instagram-juge-offensant-non-choque-lactrice-sacha-parkinson\/#primaryimage","url":"https:\/\/ozinzen.com\/blog\/wp-content\/uploads\/2016\/07\/Sacha-Parkinson.jpg","contentUrl":"https:\/\/ozinzen.com\/blog\/wp-content\/uploads\/2016\/07\/Sacha-Parkinson.jpg","width":450,"height":338,"caption":"Sacha Parkinson"},{"@type":"BreadcrumbList","@id":"https:\/\/ozinzen.com\/blog\/instagram-juge-offensant-non-choque-lactrice-sacha-parkinson\/#breadcrumb","itemListElement":[{"@type":"ListItem","position":1,"name":"Accueil","item":"https:\/\/ozinzen.com\/blog\/"},{"@type":"ListItem","position":2,"name":"Instagram veut censurer une de ses photos&#8230; sa r\u00e9ponse est g\u00e9niale"}]},{"@type":"WebSite","@id":"https:\/\/ozinzen.com\/blog\/#website","url":"https:\/\/ozinzen.com\/blog\/","name":"Ozinzen","description":"Mode de vie et sant\u00e9","publisher":{"@id":"https:\/\/ozinzen.com\/blog\/#organization"},"potentialAction":[{"@type":"SearchAction","target":{"@type":"EntryPoint","urlTemplate":"https:\/\/ozinzen.com\/blog\/?s={search_term_string}"},"query-input":{"@type":"PropertyValueSpecification","valueRequired":true,"valueName":"search_term_string"}}],"inLanguage":"fr-FR"},{"@type":"Organization","@id":"https:\/\/ozinzen.com\/blog\/#organization","name":"Ozinzen","url":"https:\/\/ozinzen.com\/blog\/","logo":{"@type":"ImageObject","inLanguage":"fr-FR","@id":"https:\/\/ozinzen.com\/blog\/#\/schema\/logo\/image\/","url":"https:\/\/ozinzen.com\/blog\/wp-content\/uploads\/2023\/01\/ozinzen.png","contentUrl":"https:\/\/ozinzen.com\/blog\/wp-content\/uploads\/2023\/01\/ozinzen.png","width":64,"height":64,"caption":"Ozinzen"},"image":{"@id":"https:\/\/ozinzen.com\/blog\/#\/schema\/logo\/image\/"},"sameAs":["https:\/\/x.com\/ozinzen"]},{"@type":"Person","@id":"https:\/\/ozinzen.com\/blog\/#\/schema\/person\/c3f9b942ea7cfc90188ae840a2cf2fb1","name":"Marc Sigrist","image":{"@type":"ImageObject","inLanguage":"fr-FR","@id":"https:\/\/ozinzen.com\/blog\/#\/schema\/person\/image\/","url":"https:\/\/secure.gravatar.com\/avatar\/187f82243f15c243b39ac53fcbd3ac6ae072d40425f7b43c2878b6fb120dbb31?s=96&d=mm&r=g","contentUrl":"https:\/\/secure.gravatar.com\/avatar\/187f82243f15c243b39ac53fcbd3ac6ae072d40425f7b43c2878b6fb120dbb31?s=96&d=mm&r=g","caption":"Marc Sigrist"}}]}},"amp_enabled":true,"_links":{"self":[{"href":"https:\/\/ozinzen.com\/blog\/wp-json\/wp\/v2\/posts\/6116","targetHints":{"allow":["GET"]}}],"collection":[{"href":"https:\/\/ozinzen.com\/blog\/wp-json\/wp\/v2\/posts"}],"about":[{"href":"https:\/\/ozinzen.com\/blog\/wp-json\/wp\/v2\/types\/post"}],"author":[{"embeddable":true,"href":"https:\/\/ozinzen.com\/blog\/wp-json\/wp\/v2\/users\/2"}],"replies":[{"embeddable":true,"href":"https:\/\/ozinzen.com\/blog\/wp-json\/wp\/v2\/comments?post=6116"}],"version-history":[{"count":15,"href":"https:\/\/ozinzen.com\/blog\/wp-json\/wp\/v2\/posts\/6116\/revisions"}],"predecessor-version":[{"id":6132,"href":"https:\/\/ozinzen.com\/blog\/wp-json\/wp\/v2\/posts\/6116\/revisions\/6132"}],"wp:featuredmedia":[{"embeddable":true,"href":"https:\/\/ozinzen.com\/blog\/wp-json\/wp\/v2\/media\/6118"}],"wp:attachment":[{"href":"https:\/\/ozinzen.com\/blog\/wp-json\/wp\/v2\/media?parent=6116"}],"wp:term":[{"taxonomy":"category","embeddable":true,"href":"https:\/\/ozinzen.com\/blog\/wp-json\/wp\/v2\/categories?post=6116"},{"taxonomy":"post_tag","embeddable":true,"href":"https:\/\/ozinzen.com\/blog\/wp-json\/wp\/v2\/tags?post=6116"}],"curies":[{"name":"wp","href":"https:\/\/api.w.org\/{rel}","templated":true}]}}