{"id":6487,"date":"2016-08-19T21:59:11","date_gmt":"2016-08-19T19:59:11","guid":{"rendered":"http:\/\/ozinzen.com\/blog\/?p=6487"},"modified":"2016-08-19T22:06:17","modified_gmt":"2016-08-19T20:06:17","slug":"kim-kardashian-ne-suis-genre-de-fille-soutient-liberation-teton","status":"publish","type":"post","link":"https:\/\/ozinzen.com\/blog\/kim-kardashian-ne-suis-genre-de-fille-soutient-liberation-teton\/","title":{"rendered":"Kim Kardashian : je ne suis pas ce genre de fille qui soutient la lib\u00e9ration du t\u00e9ton"},"content":{"rendered":"<p style=\"text-align: justify;\"><span style=\"color: #000000;\"><a style=\"color: #000000;\" href=\"http:\/\/ozinzen.com\/blog\/wp-content\/uploads\/2016\/08\/Kim-Kardashian-.jpg\"><img loading=\"lazy\" decoding=\"async\" class=\"alignnone size-full wp-image-6489\" src=\"http:\/\/ozinzen.com\/blog\/wp-content\/uploads\/2016\/08\/Kim-Kardashian-.jpg\" alt=\"Kim-Kardashian-\" width=\"492\" height=\"678\" srcset=\"https:\/\/ozinzen.com\/blog\/wp-content\/uploads\/2016\/08\/Kim-Kardashian-.jpg 492w, https:\/\/ozinzen.com\/blog\/wp-content\/uploads\/2016\/08\/Kim-Kardashian--218x300.jpg 218w\" sizes=\"auto, (max-width: 492px) 100vw, 492px\" \/><\/a><\/span><\/p>\n<p style=\"text-align: justify;\"><span style=\"color: #000000;\">Apr\u00e8s l\u2019art de cr\u00e9er du buzz et l\u2019art de provoquer le scandale, la vedette de t\u00e9l\u00e9-r\u00e9alit\u00e9 <strong>Kim Kardashian<\/strong> a prouv\u00e9 qu\u2019elle \u00e9tait en passe de devenir ma\u00eetre dans l\u2019art de retourner sa veste ! Apr\u00e8s avoir mis en avant le caract\u00e8re f\u00e9ministe de son geste pour justifier le d\u00e9sormais c\u00e9l\u00e8bre selfie la montrant nue dans la salle de bain, Kim Kardashian a fait machine arri\u00e8re.<\/span><!--more--><\/p>\n<p style=\"text-align: justify;\"><span style=\"color: #000000;\">Dans une entrevue accord\u00e9e \u00e0 E ! News, Kim Kardashian a en effet d\u00e9clar\u00e9 : \u00ab\u00a0Je ne pense pas \u00eatre une f\u00e9ministe. Je n\u2019aime pas les \u00e9tiquettes. Je ne fais que ce qui me rend heureuse et je veux que les femmes soient confiantes. Je suis juste une supportrice des femmes. Je n\u2019aime rien d\u2019autre que d\u2019\u00eatre avec mes amis et j\u2019aime supporter les femmes mais je ne suis pas quelqu\u2019un du type<strong> free the nipples<\/strong>. Si tu n\u2019es pas \u00e0 l\u2019aise avec \u00e7a, ne le fais pas ! Il faut que tu sois juste toi et que tu aies\u00a0confiance en toi \u00ab\u00a0.<\/span><\/p>\n<p style=\"text-align: justify;\"><span style=\"color: #000000;\">Si elle n\u2019est pas une femme du type free the nipples (ce qui \u00e9quivaut \u00e0 se mettre torse nu pour une revendication f\u00e9ministe), elle a n\u00e9anmoins laiss\u00e9 entendre au cours d&rsquo;une conf\u00e9rence qu\u2019elle pourrait bient\u00f4t se remettre nue sur la toile.<\/span><\/p>\n<p style=\"text-align: justify;\"><span style=\"color: #000000;\">\u00ab\u00a0Ai-je post\u00e9 une photographie depuis que j\u2019ai perdu tout le poids de ma grossesse\u00a0\u00bb s\u2019est-elle faussement interrog\u00e9e, avant de poursuivre \u00ab\u00a0Je ne crois pas\u2026 Alors, pr\u00e9parez-vous \u00a0\u00bb !<\/span><\/p>\n<p style=\"text-align: justify;\"><a href=\"http:\/\/ozinzen.com\/blog\/wp-content\/uploads\/2016\/08\/attention-whore.gif\"><img loading=\"lazy\" decoding=\"async\" class=\"alignnone size-full wp-image-6497\" src=\"http:\/\/ozinzen.com\/blog\/wp-content\/uploads\/2016\/08\/attention-whore.gif\" alt=\"attention whore\" width=\"800\" height=\"450\" \/><\/a><\/p>\n<p style=\"text-align: justify;\"><a href=\"http:\/\/www.public.fr\/News\/Kim-Kardashian-Elle-devient-experte-dans-l-art-de-retourner-sa-veste-1082755\" target=\"_blank\"><strong>Extrait de\u00a0public.fr<\/strong><\/a><\/p>\n","protected":false},"excerpt":{"rendered":"<p>Apr\u00e8s l\u2019art de cr\u00e9er du buzz et l\u2019art de provoquer le scandale, la vedette de t\u00e9l\u00e9-r\u00e9alit\u00e9 Kim Kardashian a prouv\u00e9 qu\u2019elle \u00e9tait en passe de devenir ma\u00eetre dans l\u2019art de retourner sa veste ! Apr\u00e8s avoir mis en avant le caract\u00e8re f\u00e9ministe de son geste pour justifier le d\u00e9sormais c\u00e9l\u00e8bre selfie la montrant nue dans [&hellip;]<\/p>\n","protected":false},"author":2,"featured_media":6489,"comment_status":"open","ping_status":"open","sticky":false,"template":"","format":"standard","meta":{"_genesis_hide_title":false,"_genesis_hide_breadcrumbs":false,"_genesis_hide_singular_image":false,"_genesis_hide_footer_widgets":false,"_genesis_custom_body_class":"","_genesis_custom_post_class":"","_genesis_layout":"","footnotes":""},"categories":[55],"tags":[],"class_list":{"0":"post-6487","1":"post","2":"type-post","3":"status-publish","4":"format-standard","5":"has-post-thumbnail","7":"category-societe","8":"entry"},"yoast_head":"<!-- This site is optimized with the Yoast SEO plugin v27.1.1 - https:\/\/yoast.com\/product\/yoast-seo-wordpress\/ -->\n<title>Kim Kardashian : je ne suis pas ce genre de fille qui soutient la lib\u00e9ration du t\u00e9ton - Ozinzen<\/title>\n<meta name=\"description\" content=\"Apr\u00e8s l\u2019art de cr\u00e9er du buzz et l\u2019art de provoquer le scandale, la vedette de t\u00e9l\u00e9-r\u00e9alit\u00e9 Kim Kardashian a prouv\u00e9 qu\u2019elle \u00e9tait en passe de devenir\" \/>\n<meta name=\"robots\" content=\"index, follow, max-snippet:-1, max-image-preview:large, max-video-preview:-1\" \/>\n<link rel=\"canonical\" href=\"https:\/\/ozinzen.com\/blog\/kim-kardashian-ne-suis-genre-de-fille-soutient-liberation-teton\/\" \/>\n<meta property=\"og:locale\" content=\"fr_FR\" \/>\n<meta property=\"og:type\" content=\"article\" \/>\n<meta property=\"og:title\" content=\"Kim Kardashian : je ne suis pas ce genre de fille qui soutient la lib\u00e9ration du t\u00e9ton - Ozinzen\" \/>\n<meta property=\"og:description\" content=\"Apr\u00e8s l\u2019art de cr\u00e9er du buzz et l\u2019art de provoquer le scandale, la vedette de t\u00e9l\u00e9-r\u00e9alit\u00e9 Kim Kardashian a prouv\u00e9 qu\u2019elle \u00e9tait en passe de devenir\" \/>\n<meta property=\"og:url\" content=\"https:\/\/ozinzen.com\/blog\/kim-kardashian-ne-suis-genre-de-fille-soutient-liberation-teton\/\" \/>\n<meta property=\"og:site_name\" content=\"Ozinzen\" \/>\n<meta property=\"article:published_time\" content=\"2016-08-19T19:59:11+00:00\" \/>\n<meta property=\"article:modified_time\" content=\"2016-08-19T20:06:17+00:00\" \/>\n<meta property=\"og:image\" content=\"https:\/\/ozinzen.com\/blog\/wp-content\/uploads\/2016\/08\/Kim-Kardashian-.jpg\" \/>\n\t<meta property=\"og:image:width\" content=\"492\" \/>\n\t<meta property=\"og:image:height\" content=\"678\" \/>\n\t<meta property=\"og:image:type\" content=\"image\/jpeg\" \/>\n<meta name=\"author\" content=\"Marc Sigrist\" \/>\n<meta name=\"twitter:card\" content=\"summary_large_image\" \/>\n<meta name=\"twitter:creator\" content=\"@ozinzen\" \/>\n<meta name=\"twitter:site\" content=\"@ozinzen\" \/>\n<meta name=\"twitter:label1\" content=\"\u00c9crit par\" \/>\n\t<meta name=\"twitter:data1\" content=\"Marc Sigrist\" \/>\n\t<meta name=\"twitter:label2\" content=\"Dur\u00e9e de lecture estim\u00e9e\" \/>\n\t<meta name=\"twitter:data2\" content=\"1 minute\" \/>\n<script type=\"application\/ld+json\" class=\"yoast-schema-graph\">{\"@context\":\"https:\/\/schema.org\",\"@graph\":[{\"@type\":\"Article\",\"@id\":\"https:\/\/ozinzen.com\/blog\/kim-kardashian-ne-suis-genre-de-fille-soutient-liberation-teton\/#article\",\"isPartOf\":{\"@id\":\"https:\/\/ozinzen.com\/blog\/kim-kardashian-ne-suis-genre-de-fille-soutient-liberation-teton\/\"},\"author\":{\"name\":\"Marc Sigrist\",\"@id\":\"https:\/\/ozinzen.com\/blog\/#\/schema\/person\/c3f9b942ea7cfc90188ae840a2cf2fb1\"},\"headline\":\"Kim Kardashian : je ne suis pas ce genre de fille qui soutient la lib\u00e9ration du t\u00e9ton\",\"datePublished\":\"2016-08-19T19:59:11+00:00\",\"dateModified\":\"2016-08-19T20:06:17+00:00\",\"mainEntityOfPage\":{\"@id\":\"https:\/\/ozinzen.com\/blog\/kim-kardashian-ne-suis-genre-de-fille-soutient-liberation-teton\/\"},\"wordCount\":288,\"commentCount\":0,\"publisher\":{\"@id\":\"https:\/\/ozinzen.com\/blog\/#organization\"},\"image\":{\"@id\":\"https:\/\/ozinzen.com\/blog\/kim-kardashian-ne-suis-genre-de-fille-soutient-liberation-teton\/#primaryimage\"},\"thumbnailUrl\":\"https:\/\/ozinzen.com\/blog\/wp-content\/uploads\/2016\/08\/Kim-Kardashian-.jpg\",\"articleSection\":[\"Soci\u00e9t\u00e9\"],\"inLanguage\":\"fr-FR\"},{\"@type\":\"WebPage\",\"@id\":\"https:\/\/ozinzen.com\/blog\/kim-kardashian-ne-suis-genre-de-fille-soutient-liberation-teton\/\",\"url\":\"https:\/\/ozinzen.com\/blog\/kim-kardashian-ne-suis-genre-de-fille-soutient-liberation-teton\/\",\"name\":\"Kim Kardashian : je ne suis pas ce genre de fille qui soutient la lib\u00e9ration du t\u00e9ton - Ozinzen\",\"isPartOf\":{\"@id\":\"https:\/\/ozinzen.com\/blog\/#website\"},\"primaryImageOfPage\":{\"@id\":\"https:\/\/ozinzen.com\/blog\/kim-kardashian-ne-suis-genre-de-fille-soutient-liberation-teton\/#primaryimage\"},\"image\":{\"@id\":\"https:\/\/ozinzen.com\/blog\/kim-kardashian-ne-suis-genre-de-fille-soutient-liberation-teton\/#primaryimage\"},\"thumbnailUrl\":\"https:\/\/ozinzen.com\/blog\/wp-content\/uploads\/2016\/08\/Kim-Kardashian-.jpg\",\"datePublished\":\"2016-08-19T19:59:11+00:00\",\"dateModified\":\"2016-08-19T20:06:17+00:00\",\"description\":\"Apr\u00e8s l\u2019art de cr\u00e9er du buzz et l\u2019art de provoquer le scandale, la vedette de t\u00e9l\u00e9-r\u00e9alit\u00e9 Kim Kardashian a prouv\u00e9 qu\u2019elle \u00e9tait en passe de devenir\",\"breadcrumb\":{\"@id\":\"https:\/\/ozinzen.com\/blog\/kim-kardashian-ne-suis-genre-de-fille-soutient-liberation-teton\/#breadcrumb\"},\"inLanguage\":\"fr-FR\",\"potentialAction\":[{\"@type\":\"ReadAction\",\"target\":[\"https:\/\/ozinzen.com\/blog\/kim-kardashian-ne-suis-genre-de-fille-soutient-liberation-teton\/\"]}]},{\"@type\":\"ImageObject\",\"inLanguage\":\"fr-FR\",\"@id\":\"https:\/\/ozinzen.com\/blog\/kim-kardashian-ne-suis-genre-de-fille-soutient-liberation-teton\/#primaryimage\",\"url\":\"https:\/\/ozinzen.com\/blog\/wp-content\/uploads\/2016\/08\/Kim-Kardashian-.jpg\",\"contentUrl\":\"https:\/\/ozinzen.com\/blog\/wp-content\/uploads\/2016\/08\/Kim-Kardashian-.jpg\",\"width\":492,\"height\":678,\"caption\":\"Kim-Kardashian-\"},{\"@type\":\"BreadcrumbList\",\"@id\":\"https:\/\/ozinzen.com\/blog\/kim-kardashian-ne-suis-genre-de-fille-soutient-liberation-teton\/#breadcrumb\",\"itemListElement\":[{\"@type\":\"ListItem\",\"position\":1,\"name\":\"Accueil\",\"item\":\"https:\/\/ozinzen.com\/blog\/\"},{\"@type\":\"ListItem\",\"position\":2,\"name\":\"Kim Kardashian : je ne suis pas ce genre de fille qui soutient la lib\u00e9ration du t\u00e9ton\"}]},{\"@type\":\"WebSite\",\"@id\":\"https:\/\/ozinzen.com\/blog\/#website\",\"url\":\"https:\/\/ozinzen.com\/blog\/\",\"name\":\"Ozinzen\",\"description\":\"Mode de vie et sant\u00e9\",\"publisher\":{\"@id\":\"https:\/\/ozinzen.com\/blog\/#organization\"},\"potentialAction\":[{\"@type\":\"SearchAction\",\"target\":{\"@type\":\"EntryPoint\",\"urlTemplate\":\"https:\/\/ozinzen.com\/blog\/?s={search_term_string}\"},\"query-input\":{\"@type\":\"PropertyValueSpecification\",\"valueRequired\":true,\"valueName\":\"search_term_string\"}}],\"inLanguage\":\"fr-FR\"},{\"@type\":\"Organization\",\"@id\":\"https:\/\/ozinzen.com\/blog\/#organization\",\"name\":\"Ozinzen\",\"url\":\"https:\/\/ozinzen.com\/blog\/\",\"logo\":{\"@type\":\"ImageObject\",\"inLanguage\":\"fr-FR\",\"@id\":\"https:\/\/ozinzen.com\/blog\/#\/schema\/logo\/image\/\",\"url\":\"https:\/\/ozinzen.com\/blog\/wp-content\/uploads\/2023\/01\/ozinzen.png\",\"contentUrl\":\"https:\/\/ozinzen.com\/blog\/wp-content\/uploads\/2023\/01\/ozinzen.png\",\"width\":64,\"height\":64,\"caption\":\"Ozinzen\"},\"image\":{\"@id\":\"https:\/\/ozinzen.com\/blog\/#\/schema\/logo\/image\/\"},\"sameAs\":[\"https:\/\/x.com\/ozinzen\"]},{\"@type\":\"Person\",\"@id\":\"https:\/\/ozinzen.com\/blog\/#\/schema\/person\/c3f9b942ea7cfc90188ae840a2cf2fb1\",\"name\":\"Marc Sigrist\",\"image\":{\"@type\":\"ImageObject\",\"inLanguage\":\"fr-FR\",\"@id\":\"https:\/\/ozinzen.com\/blog\/#\/schema\/person\/image\/\",\"url\":\"https:\/\/secure.gravatar.com\/avatar\/187f82243f15c243b39ac53fcbd3ac6ae072d40425f7b43c2878b6fb120dbb31?s=96&d=mm&r=g\",\"contentUrl\":\"https:\/\/secure.gravatar.com\/avatar\/187f82243f15c243b39ac53fcbd3ac6ae072d40425f7b43c2878b6fb120dbb31?s=96&d=mm&r=g\",\"caption\":\"Marc Sigrist\"}}]}<\/script>\n<!-- \/ Yoast SEO plugin. -->","yoast_head_json":{"title":"Kim Kardashian : je ne suis pas ce genre de fille qui soutient la lib\u00e9ration du t\u00e9ton - Ozinzen","description":"Apr\u00e8s l\u2019art de cr\u00e9er du buzz et l\u2019art de provoquer le scandale, la vedette de t\u00e9l\u00e9-r\u00e9alit\u00e9 Kim Kardashian a prouv\u00e9 qu\u2019elle \u00e9tait en passe de devenir","robots":{"index":"index","follow":"follow","max-snippet":"max-snippet:-1","max-image-preview":"max-image-preview:large","max-video-preview":"max-video-preview:-1"},"canonical":"https:\/\/ozinzen.com\/blog\/kim-kardashian-ne-suis-genre-de-fille-soutient-liberation-teton\/","og_locale":"fr_FR","og_type":"article","og_title":"Kim Kardashian : je ne suis pas ce genre de fille qui soutient la lib\u00e9ration du t\u00e9ton - Ozinzen","og_description":"Apr\u00e8s l\u2019art de cr\u00e9er du buzz et l\u2019art de provoquer le scandale, la vedette de t\u00e9l\u00e9-r\u00e9alit\u00e9 Kim Kardashian a prouv\u00e9 qu\u2019elle \u00e9tait en passe de devenir","og_url":"https:\/\/ozinzen.com\/blog\/kim-kardashian-ne-suis-genre-de-fille-soutient-liberation-teton\/","og_site_name":"Ozinzen","article_published_time":"2016-08-19T19:59:11+00:00","article_modified_time":"2016-08-19T20:06:17+00:00","og_image":[{"width":492,"height":678,"url":"https:\/\/ozinzen.com\/blog\/wp-content\/uploads\/2016\/08\/Kim-Kardashian-.jpg","type":"image\/jpeg"}],"author":"Marc Sigrist","twitter_card":"summary_large_image","twitter_creator":"@ozinzen","twitter_site":"@ozinzen","twitter_misc":{"\u00c9crit par":"Marc Sigrist","Dur\u00e9e de lecture estim\u00e9e":"1 minute"},"schema":{"@context":"https:\/\/schema.org","@graph":[{"@type":"Article","@id":"https:\/\/ozinzen.com\/blog\/kim-kardashian-ne-suis-genre-de-fille-soutient-liberation-teton\/#article","isPartOf":{"@id":"https:\/\/ozinzen.com\/blog\/kim-kardashian-ne-suis-genre-de-fille-soutient-liberation-teton\/"},"author":{"name":"Marc Sigrist","@id":"https:\/\/ozinzen.com\/blog\/#\/schema\/person\/c3f9b942ea7cfc90188ae840a2cf2fb1"},"headline":"Kim Kardashian : je ne suis pas ce genre de fille qui soutient la lib\u00e9ration du t\u00e9ton","datePublished":"2016-08-19T19:59:11+00:00","dateModified":"2016-08-19T20:06:17+00:00","mainEntityOfPage":{"@id":"https:\/\/ozinzen.com\/blog\/kim-kardashian-ne-suis-genre-de-fille-soutient-liberation-teton\/"},"wordCount":288,"commentCount":0,"publisher":{"@id":"https:\/\/ozinzen.com\/blog\/#organization"},"image":{"@id":"https:\/\/ozinzen.com\/blog\/kim-kardashian-ne-suis-genre-de-fille-soutient-liberation-teton\/#primaryimage"},"thumbnailUrl":"https:\/\/ozinzen.com\/blog\/wp-content\/uploads\/2016\/08\/Kim-Kardashian-.jpg","articleSection":["Soci\u00e9t\u00e9"],"inLanguage":"fr-FR"},{"@type":"WebPage","@id":"https:\/\/ozinzen.com\/blog\/kim-kardashian-ne-suis-genre-de-fille-soutient-liberation-teton\/","url":"https:\/\/ozinzen.com\/blog\/kim-kardashian-ne-suis-genre-de-fille-soutient-liberation-teton\/","name":"Kim Kardashian : je ne suis pas ce genre de fille qui soutient la lib\u00e9ration du t\u00e9ton - Ozinzen","isPartOf":{"@id":"https:\/\/ozinzen.com\/blog\/#website"},"primaryImageOfPage":{"@id":"https:\/\/ozinzen.com\/blog\/kim-kardashian-ne-suis-genre-de-fille-soutient-liberation-teton\/#primaryimage"},"image":{"@id":"https:\/\/ozinzen.com\/blog\/kim-kardashian-ne-suis-genre-de-fille-soutient-liberation-teton\/#primaryimage"},"thumbnailUrl":"https:\/\/ozinzen.com\/blog\/wp-content\/uploads\/2016\/08\/Kim-Kardashian-.jpg","datePublished":"2016-08-19T19:59:11+00:00","dateModified":"2016-08-19T20:06:17+00:00","description":"Apr\u00e8s l\u2019art de cr\u00e9er du buzz et l\u2019art de provoquer le scandale, la vedette de t\u00e9l\u00e9-r\u00e9alit\u00e9 Kim Kardashian a prouv\u00e9 qu\u2019elle \u00e9tait en passe de devenir","breadcrumb":{"@id":"https:\/\/ozinzen.com\/blog\/kim-kardashian-ne-suis-genre-de-fille-soutient-liberation-teton\/#breadcrumb"},"inLanguage":"fr-FR","potentialAction":[{"@type":"ReadAction","target":["https:\/\/ozinzen.com\/blog\/kim-kardashian-ne-suis-genre-de-fille-soutient-liberation-teton\/"]}]},{"@type":"ImageObject","inLanguage":"fr-FR","@id":"https:\/\/ozinzen.com\/blog\/kim-kardashian-ne-suis-genre-de-fille-soutient-liberation-teton\/#primaryimage","url":"https:\/\/ozinzen.com\/blog\/wp-content\/uploads\/2016\/08\/Kim-Kardashian-.jpg","contentUrl":"https:\/\/ozinzen.com\/blog\/wp-content\/uploads\/2016\/08\/Kim-Kardashian-.jpg","width":492,"height":678,"caption":"Kim-Kardashian-"},{"@type":"BreadcrumbList","@id":"https:\/\/ozinzen.com\/blog\/kim-kardashian-ne-suis-genre-de-fille-soutient-liberation-teton\/#breadcrumb","itemListElement":[{"@type":"ListItem","position":1,"name":"Accueil","item":"https:\/\/ozinzen.com\/blog\/"},{"@type":"ListItem","position":2,"name":"Kim Kardashian : je ne suis pas ce genre de fille qui soutient la lib\u00e9ration du t\u00e9ton"}]},{"@type":"WebSite","@id":"https:\/\/ozinzen.com\/blog\/#website","url":"https:\/\/ozinzen.com\/blog\/","name":"Ozinzen","description":"Mode de vie et sant\u00e9","publisher":{"@id":"https:\/\/ozinzen.com\/blog\/#organization"},"potentialAction":[{"@type":"SearchAction","target":{"@type":"EntryPoint","urlTemplate":"https:\/\/ozinzen.com\/blog\/?s={search_term_string}"},"query-input":{"@type":"PropertyValueSpecification","valueRequired":true,"valueName":"search_term_string"}}],"inLanguage":"fr-FR"},{"@type":"Organization","@id":"https:\/\/ozinzen.com\/blog\/#organization","name":"Ozinzen","url":"https:\/\/ozinzen.com\/blog\/","logo":{"@type":"ImageObject","inLanguage":"fr-FR","@id":"https:\/\/ozinzen.com\/blog\/#\/schema\/logo\/image\/","url":"https:\/\/ozinzen.com\/blog\/wp-content\/uploads\/2023\/01\/ozinzen.png","contentUrl":"https:\/\/ozinzen.com\/blog\/wp-content\/uploads\/2023\/01\/ozinzen.png","width":64,"height":64,"caption":"Ozinzen"},"image":{"@id":"https:\/\/ozinzen.com\/blog\/#\/schema\/logo\/image\/"},"sameAs":["https:\/\/x.com\/ozinzen"]},{"@type":"Person","@id":"https:\/\/ozinzen.com\/blog\/#\/schema\/person\/c3f9b942ea7cfc90188ae840a2cf2fb1","name":"Marc Sigrist","image":{"@type":"ImageObject","inLanguage":"fr-FR","@id":"https:\/\/ozinzen.com\/blog\/#\/schema\/person\/image\/","url":"https:\/\/secure.gravatar.com\/avatar\/187f82243f15c243b39ac53fcbd3ac6ae072d40425f7b43c2878b6fb120dbb31?s=96&d=mm&r=g","contentUrl":"https:\/\/secure.gravatar.com\/avatar\/187f82243f15c243b39ac53fcbd3ac6ae072d40425f7b43c2878b6fb120dbb31?s=96&d=mm&r=g","caption":"Marc Sigrist"}}]}},"amp_enabled":true,"_links":{"self":[{"href":"https:\/\/ozinzen.com\/blog\/wp-json\/wp\/v2\/posts\/6487","targetHints":{"allow":["GET"]}}],"collection":[{"href":"https:\/\/ozinzen.com\/blog\/wp-json\/wp\/v2\/posts"}],"about":[{"href":"https:\/\/ozinzen.com\/blog\/wp-json\/wp\/v2\/types\/post"}],"author":[{"embeddable":true,"href":"https:\/\/ozinzen.com\/blog\/wp-json\/wp\/v2\/users\/2"}],"replies":[{"embeddable":true,"href":"https:\/\/ozinzen.com\/blog\/wp-json\/wp\/v2\/comments?post=6487"}],"version-history":[{"count":9,"href":"https:\/\/ozinzen.com\/blog\/wp-json\/wp\/v2\/posts\/6487\/revisions"}],"predecessor-version":[{"id":6498,"href":"https:\/\/ozinzen.com\/blog\/wp-json\/wp\/v2\/posts\/6487\/revisions\/6498"}],"wp:featuredmedia":[{"embeddable":true,"href":"https:\/\/ozinzen.com\/blog\/wp-json\/wp\/v2\/media\/6489"}],"wp:attachment":[{"href":"https:\/\/ozinzen.com\/blog\/wp-json\/wp\/v2\/media?parent=6487"}],"wp:term":[{"taxonomy":"category","embeddable":true,"href":"https:\/\/ozinzen.com\/blog\/wp-json\/wp\/v2\/categories?post=6487"},{"taxonomy":"post_tag","embeddable":true,"href":"https:\/\/ozinzen.com\/blog\/wp-json\/wp\/v2\/tags?post=6487"}],"curies":[{"name":"wp","href":"https:\/\/api.w.org\/{rel}","templated":true}]}}