{"id":6831,"date":"2016-09-16T10:55:51","date_gmt":"2016-09-16T08:55:51","guid":{"rendered":"http:\/\/ozinzen.com\/blog\/?p=6831"},"modified":"2016-09-16T11:01:51","modified_gmt":"2016-09-16T09:01:51","slug":"ashley-graham-presente-collection-de-lingerie-a-fashion-week-de-new-york","status":"publish","type":"post","link":"https:\/\/ozinzen.com\/blog\/ashley-graham-presente-collection-de-lingerie-a-fashion-week-de-new-york\/","title":{"rendered":"Ashley Graham pr\u00e9sente sa collection de lingerie \u00e0 la Fashion Week de New York"},"content":{"rendered":"<p><a href=\"http:\/\/ozinzen.com\/blog\/wp-content\/uploads\/2016\/09\/ashley-graham-sein.jpg\"><img loading=\"lazy\" decoding=\"async\" class=\"alignnone size-full wp-image-6832\" src=\"http:\/\/ozinzen.com\/blog\/wp-content\/uploads\/2016\/09\/ashley-graham-sein.jpg\" alt=\"ashley graham sein\" width=\"1050\" height=\"591\" srcset=\"https:\/\/ozinzen.com\/blog\/wp-content\/uploads\/2016\/09\/ashley-graham-sein.jpg 1050w, https:\/\/ozinzen.com\/blog\/wp-content\/uploads\/2016\/09\/ashley-graham-sein-300x169.jpg 300w, https:\/\/ozinzen.com\/blog\/wp-content\/uploads\/2016\/09\/ashley-graham-sein-768x432.jpg 768w, https:\/\/ozinzen.com\/blog\/wp-content\/uploads\/2016\/09\/ashley-graham-sein-1024x576.jpg 1024w\" sizes=\"auto, (max-width: 1050px) 100vw, 1050px\" \/><\/a><\/p>\n<p style=\"text-align: justify;\"><span style=\"color: #000000;\">Ashley Graham, la plus c\u00e9l\u00e8bre mod\u00e8le plus-size, pr\u00e9sente sa nouvelle collection \u00e0 la Fashion Week de New York, avec la marque <strong>Addition Elle<\/strong>.\u00a0<\/span><\/p>\n<p style=\"text-align: justify;\"><!--more--><\/p>\n<p style=\"text-align: justify;\"><span style=\"color: #000000;\">Le d\u00e9fil\u00e9 commence \u00e0 16 mn de cette vid\u00e9o.<\/span><br \/>\n<iframe loading=\"lazy\" style=\"border: none; overflow: hidden;\" src=\"https:\/\/www.facebook.com\/plugins\/video.php?href=https%3A%2F%2Fwww.facebook.com%2Fadditionelle%2Fvideos%2F10153991878192428%2F&amp;show_text=0&amp;width=560\" width=\"560\" height=\"315\" frameborder=\"0\" scrolling=\"no\" allowfullscreen=\"allowfullscreen\"><\/iframe><\/p>\n","protected":false},"excerpt":{"rendered":"<p>Ashley Graham, la plus c\u00e9l\u00e8bre mod\u00e8le plus-size, pr\u00e9sente sa nouvelle collection \u00e0 la Fashion Week de New York, avec la marque Addition Elle.\u00a0<\/p>\n","protected":false},"author":2,"featured_media":6832,"comment_status":"open","ping_status":"open","sticky":false,"template":"","format":"standard","meta":{"_genesis_hide_title":false,"_genesis_hide_breadcrumbs":false,"_genesis_hide_singular_image":false,"_genesis_hide_footer_widgets":false,"_genesis_custom_body_class":"","_genesis_custom_post_class":"","_genesis_layout":"","footnotes":""},"categories":[19],"tags":[],"class_list":{"0":"post-6831","1":"post","2":"type-post","3":"status-publish","4":"format-standard","5":"has-post-thumbnail","7":"category-beaute","8":"entry"},"yoast_head":"<!-- This site is optimized with the Yoast SEO plugin v27.1.1 - https:\/\/yoast.com\/product\/yoast-seo-wordpress\/ -->\n<title>Ashley Graham pr\u00e9sente sa collection de lingerie \u00e0 la Fashion Week de New York - Ozinzen<\/title>\n<meta name=\"description\" content=\"Ashley Graham, la plus c\u00e9l\u00e8bre mod\u00e8le plus-size, pr\u00e9sente sa nouvelle collection \u00e0 la Fashion Week de New York, avec la marque Addition Elle.\u00a0 Le d\u00e9fil\u00e9\" \/>\n<meta name=\"robots\" content=\"index, follow, max-snippet:-1, max-image-preview:large, max-video-preview:-1\" \/>\n<link rel=\"canonical\" href=\"https:\/\/ozinzen.com\/blog\/ashley-graham-presente-collection-de-lingerie-a-fashion-week-de-new-york\/\" \/>\n<meta property=\"og:locale\" content=\"fr_FR\" \/>\n<meta property=\"og:type\" content=\"article\" \/>\n<meta property=\"og:title\" content=\"Ashley Graham pr\u00e9sente sa collection de lingerie \u00e0 la Fashion Week de New York - Ozinzen\" \/>\n<meta property=\"og:description\" content=\"Ashley Graham, la plus c\u00e9l\u00e8bre mod\u00e8le plus-size, pr\u00e9sente sa nouvelle collection \u00e0 la Fashion Week de New York, avec la marque Addition Elle.\u00a0 Le d\u00e9fil\u00e9\" \/>\n<meta property=\"og:url\" content=\"https:\/\/ozinzen.com\/blog\/ashley-graham-presente-collection-de-lingerie-a-fashion-week-de-new-york\/\" \/>\n<meta property=\"og:site_name\" content=\"Ozinzen\" \/>\n<meta property=\"article:published_time\" content=\"2016-09-16T08:55:51+00:00\" \/>\n<meta property=\"article:modified_time\" content=\"2016-09-16T09:01:51+00:00\" \/>\n<meta property=\"og:image\" content=\"https:\/\/ozinzen.com\/blog\/wp-content\/uploads\/2016\/09\/ashley-graham-sein.jpg\" \/>\n\t<meta property=\"og:image:width\" content=\"1050\" \/>\n\t<meta property=\"og:image:height\" content=\"591\" \/>\n\t<meta property=\"og:image:type\" content=\"image\/jpeg\" \/>\n<meta name=\"author\" content=\"Marc Sigrist\" \/>\n<meta name=\"twitter:card\" content=\"summary_large_image\" \/>\n<meta name=\"twitter:creator\" content=\"@ozinzen\" \/>\n<meta name=\"twitter:site\" content=\"@ozinzen\" \/>\n<meta name=\"twitter:label1\" content=\"\u00c9crit par\" \/>\n\t<meta name=\"twitter:data1\" content=\"Marc Sigrist\" \/>\n<script type=\"application\/ld+json\" class=\"yoast-schema-graph\">{\"@context\":\"https:\/\/schema.org\",\"@graph\":[{\"@type\":\"Article\",\"@id\":\"https:\/\/ozinzen.com\/blog\/ashley-graham-presente-collection-de-lingerie-a-fashion-week-de-new-york\/#article\",\"isPartOf\":{\"@id\":\"https:\/\/ozinzen.com\/blog\/ashley-graham-presente-collection-de-lingerie-a-fashion-week-de-new-york\/\"},\"author\":{\"name\":\"Marc Sigrist\",\"@id\":\"https:\/\/ozinzen.com\/blog\/#\/schema\/person\/c3f9b942ea7cfc90188ae840a2cf2fb1\"},\"headline\":\"Ashley Graham pr\u00e9sente sa collection de lingerie \u00e0 la Fashion Week de New York\",\"datePublished\":\"2016-09-16T08:55:51+00:00\",\"dateModified\":\"2016-09-16T09:01:51+00:00\",\"mainEntityOfPage\":{\"@id\":\"https:\/\/ozinzen.com\/blog\/ashley-graham-presente-collection-de-lingerie-a-fashion-week-de-new-york\/\"},\"wordCount\":49,\"commentCount\":0,\"publisher\":{\"@id\":\"https:\/\/ozinzen.com\/blog\/#organization\"},\"image\":{\"@id\":\"https:\/\/ozinzen.com\/blog\/ashley-graham-presente-collection-de-lingerie-a-fashion-week-de-new-york\/#primaryimage\"},\"thumbnailUrl\":\"https:\/\/ozinzen.com\/blog\/wp-content\/uploads\/2016\/09\/ashley-graham-sein.jpg\",\"articleSection\":[\"beaut\u00e9\"],\"inLanguage\":\"fr-FR\"},{\"@type\":\"WebPage\",\"@id\":\"https:\/\/ozinzen.com\/blog\/ashley-graham-presente-collection-de-lingerie-a-fashion-week-de-new-york\/\",\"url\":\"https:\/\/ozinzen.com\/blog\/ashley-graham-presente-collection-de-lingerie-a-fashion-week-de-new-york\/\",\"name\":\"Ashley Graham pr\u00e9sente sa collection de lingerie \u00e0 la Fashion Week de New York - Ozinzen\",\"isPartOf\":{\"@id\":\"https:\/\/ozinzen.com\/blog\/#website\"},\"primaryImageOfPage\":{\"@id\":\"https:\/\/ozinzen.com\/blog\/ashley-graham-presente-collection-de-lingerie-a-fashion-week-de-new-york\/#primaryimage\"},\"image\":{\"@id\":\"https:\/\/ozinzen.com\/blog\/ashley-graham-presente-collection-de-lingerie-a-fashion-week-de-new-york\/#primaryimage\"},\"thumbnailUrl\":\"https:\/\/ozinzen.com\/blog\/wp-content\/uploads\/2016\/09\/ashley-graham-sein.jpg\",\"datePublished\":\"2016-09-16T08:55:51+00:00\",\"dateModified\":\"2016-09-16T09:01:51+00:00\",\"description\":\"Ashley Graham, la plus c\u00e9l\u00e8bre mod\u00e8le plus-size, pr\u00e9sente sa nouvelle collection \u00e0 la Fashion Week de New York, avec la marque Addition Elle.\u00a0 Le d\u00e9fil\u00e9\",\"breadcrumb\":{\"@id\":\"https:\/\/ozinzen.com\/blog\/ashley-graham-presente-collection-de-lingerie-a-fashion-week-de-new-york\/#breadcrumb\"},\"inLanguage\":\"fr-FR\",\"potentialAction\":[{\"@type\":\"ReadAction\",\"target\":[\"https:\/\/ozinzen.com\/blog\/ashley-graham-presente-collection-de-lingerie-a-fashion-week-de-new-york\/\"]}]},{\"@type\":\"ImageObject\",\"inLanguage\":\"fr-FR\",\"@id\":\"https:\/\/ozinzen.com\/blog\/ashley-graham-presente-collection-de-lingerie-a-fashion-week-de-new-york\/#primaryimage\",\"url\":\"https:\/\/ozinzen.com\/blog\/wp-content\/uploads\/2016\/09\/ashley-graham-sein.jpg\",\"contentUrl\":\"https:\/\/ozinzen.com\/blog\/wp-content\/uploads\/2016\/09\/ashley-graham-sein.jpg\",\"width\":1050,\"height\":591,\"caption\":\"ashley graham sein\"},{\"@type\":\"BreadcrumbList\",\"@id\":\"https:\/\/ozinzen.com\/blog\/ashley-graham-presente-collection-de-lingerie-a-fashion-week-de-new-york\/#breadcrumb\",\"itemListElement\":[{\"@type\":\"ListItem\",\"position\":1,\"name\":\"Accueil\",\"item\":\"https:\/\/ozinzen.com\/blog\/\"},{\"@type\":\"ListItem\",\"position\":2,\"name\":\"Ashley Graham pr\u00e9sente sa collection de lingerie \u00e0 la Fashion Week de New York\"}]},{\"@type\":\"WebSite\",\"@id\":\"https:\/\/ozinzen.com\/blog\/#website\",\"url\":\"https:\/\/ozinzen.com\/blog\/\",\"name\":\"Ozinzen\",\"description\":\"Mode de vie et sant\u00e9\",\"publisher\":{\"@id\":\"https:\/\/ozinzen.com\/blog\/#organization\"},\"potentialAction\":[{\"@type\":\"SearchAction\",\"target\":{\"@type\":\"EntryPoint\",\"urlTemplate\":\"https:\/\/ozinzen.com\/blog\/?s={search_term_string}\"},\"query-input\":{\"@type\":\"PropertyValueSpecification\",\"valueRequired\":true,\"valueName\":\"search_term_string\"}}],\"inLanguage\":\"fr-FR\"},{\"@type\":\"Organization\",\"@id\":\"https:\/\/ozinzen.com\/blog\/#organization\",\"name\":\"Ozinzen\",\"url\":\"https:\/\/ozinzen.com\/blog\/\",\"logo\":{\"@type\":\"ImageObject\",\"inLanguage\":\"fr-FR\",\"@id\":\"https:\/\/ozinzen.com\/blog\/#\/schema\/logo\/image\/\",\"url\":\"https:\/\/ozinzen.com\/blog\/wp-content\/uploads\/2023\/01\/ozinzen.png\",\"contentUrl\":\"https:\/\/ozinzen.com\/blog\/wp-content\/uploads\/2023\/01\/ozinzen.png\",\"width\":64,\"height\":64,\"caption\":\"Ozinzen\"},\"image\":{\"@id\":\"https:\/\/ozinzen.com\/blog\/#\/schema\/logo\/image\/\"},\"sameAs\":[\"https:\/\/x.com\/ozinzen\"]},{\"@type\":\"Person\",\"@id\":\"https:\/\/ozinzen.com\/blog\/#\/schema\/person\/c3f9b942ea7cfc90188ae840a2cf2fb1\",\"name\":\"Marc Sigrist\",\"image\":{\"@type\":\"ImageObject\",\"inLanguage\":\"fr-FR\",\"@id\":\"https:\/\/ozinzen.com\/blog\/#\/schema\/person\/image\/\",\"url\":\"https:\/\/secure.gravatar.com\/avatar\/187f82243f15c243b39ac53fcbd3ac6ae072d40425f7b43c2878b6fb120dbb31?s=96&d=mm&r=g\",\"contentUrl\":\"https:\/\/secure.gravatar.com\/avatar\/187f82243f15c243b39ac53fcbd3ac6ae072d40425f7b43c2878b6fb120dbb31?s=96&d=mm&r=g\",\"caption\":\"Marc Sigrist\"}}]}<\/script>\n<!-- \/ Yoast SEO plugin. -->","yoast_head_json":{"title":"Ashley Graham pr\u00e9sente sa collection de lingerie \u00e0 la Fashion Week de New York - Ozinzen","description":"Ashley Graham, la plus c\u00e9l\u00e8bre mod\u00e8le plus-size, pr\u00e9sente sa nouvelle collection \u00e0 la Fashion Week de New York, avec la marque Addition Elle.\u00a0 Le d\u00e9fil\u00e9","robots":{"index":"index","follow":"follow","max-snippet":"max-snippet:-1","max-image-preview":"max-image-preview:large","max-video-preview":"max-video-preview:-1"},"canonical":"https:\/\/ozinzen.com\/blog\/ashley-graham-presente-collection-de-lingerie-a-fashion-week-de-new-york\/","og_locale":"fr_FR","og_type":"article","og_title":"Ashley Graham pr\u00e9sente sa collection de lingerie \u00e0 la Fashion Week de New York - Ozinzen","og_description":"Ashley Graham, la plus c\u00e9l\u00e8bre mod\u00e8le plus-size, pr\u00e9sente sa nouvelle collection \u00e0 la Fashion Week de New York, avec la marque Addition Elle.\u00a0 Le d\u00e9fil\u00e9","og_url":"https:\/\/ozinzen.com\/blog\/ashley-graham-presente-collection-de-lingerie-a-fashion-week-de-new-york\/","og_site_name":"Ozinzen","article_published_time":"2016-09-16T08:55:51+00:00","article_modified_time":"2016-09-16T09:01:51+00:00","og_image":[{"width":1050,"height":591,"url":"https:\/\/ozinzen.com\/blog\/wp-content\/uploads\/2016\/09\/ashley-graham-sein.jpg","type":"image\/jpeg"}],"author":"Marc Sigrist","twitter_card":"summary_large_image","twitter_creator":"@ozinzen","twitter_site":"@ozinzen","twitter_misc":{"\u00c9crit par":"Marc Sigrist"},"schema":{"@context":"https:\/\/schema.org","@graph":[{"@type":"Article","@id":"https:\/\/ozinzen.com\/blog\/ashley-graham-presente-collection-de-lingerie-a-fashion-week-de-new-york\/#article","isPartOf":{"@id":"https:\/\/ozinzen.com\/blog\/ashley-graham-presente-collection-de-lingerie-a-fashion-week-de-new-york\/"},"author":{"name":"Marc Sigrist","@id":"https:\/\/ozinzen.com\/blog\/#\/schema\/person\/c3f9b942ea7cfc90188ae840a2cf2fb1"},"headline":"Ashley Graham pr\u00e9sente sa collection de lingerie \u00e0 la Fashion Week de New York","datePublished":"2016-09-16T08:55:51+00:00","dateModified":"2016-09-16T09:01:51+00:00","mainEntityOfPage":{"@id":"https:\/\/ozinzen.com\/blog\/ashley-graham-presente-collection-de-lingerie-a-fashion-week-de-new-york\/"},"wordCount":49,"commentCount":0,"publisher":{"@id":"https:\/\/ozinzen.com\/blog\/#organization"},"image":{"@id":"https:\/\/ozinzen.com\/blog\/ashley-graham-presente-collection-de-lingerie-a-fashion-week-de-new-york\/#primaryimage"},"thumbnailUrl":"https:\/\/ozinzen.com\/blog\/wp-content\/uploads\/2016\/09\/ashley-graham-sein.jpg","articleSection":["beaut\u00e9"],"inLanguage":"fr-FR"},{"@type":"WebPage","@id":"https:\/\/ozinzen.com\/blog\/ashley-graham-presente-collection-de-lingerie-a-fashion-week-de-new-york\/","url":"https:\/\/ozinzen.com\/blog\/ashley-graham-presente-collection-de-lingerie-a-fashion-week-de-new-york\/","name":"Ashley Graham pr\u00e9sente sa collection de lingerie \u00e0 la Fashion Week de New York - Ozinzen","isPartOf":{"@id":"https:\/\/ozinzen.com\/blog\/#website"},"primaryImageOfPage":{"@id":"https:\/\/ozinzen.com\/blog\/ashley-graham-presente-collection-de-lingerie-a-fashion-week-de-new-york\/#primaryimage"},"image":{"@id":"https:\/\/ozinzen.com\/blog\/ashley-graham-presente-collection-de-lingerie-a-fashion-week-de-new-york\/#primaryimage"},"thumbnailUrl":"https:\/\/ozinzen.com\/blog\/wp-content\/uploads\/2016\/09\/ashley-graham-sein.jpg","datePublished":"2016-09-16T08:55:51+00:00","dateModified":"2016-09-16T09:01:51+00:00","description":"Ashley Graham, la plus c\u00e9l\u00e8bre mod\u00e8le plus-size, pr\u00e9sente sa nouvelle collection \u00e0 la Fashion Week de New York, avec la marque Addition Elle.\u00a0 Le d\u00e9fil\u00e9","breadcrumb":{"@id":"https:\/\/ozinzen.com\/blog\/ashley-graham-presente-collection-de-lingerie-a-fashion-week-de-new-york\/#breadcrumb"},"inLanguage":"fr-FR","potentialAction":[{"@type":"ReadAction","target":["https:\/\/ozinzen.com\/blog\/ashley-graham-presente-collection-de-lingerie-a-fashion-week-de-new-york\/"]}]},{"@type":"ImageObject","inLanguage":"fr-FR","@id":"https:\/\/ozinzen.com\/blog\/ashley-graham-presente-collection-de-lingerie-a-fashion-week-de-new-york\/#primaryimage","url":"https:\/\/ozinzen.com\/blog\/wp-content\/uploads\/2016\/09\/ashley-graham-sein.jpg","contentUrl":"https:\/\/ozinzen.com\/blog\/wp-content\/uploads\/2016\/09\/ashley-graham-sein.jpg","width":1050,"height":591,"caption":"ashley graham sein"},{"@type":"BreadcrumbList","@id":"https:\/\/ozinzen.com\/blog\/ashley-graham-presente-collection-de-lingerie-a-fashion-week-de-new-york\/#breadcrumb","itemListElement":[{"@type":"ListItem","position":1,"name":"Accueil","item":"https:\/\/ozinzen.com\/blog\/"},{"@type":"ListItem","position":2,"name":"Ashley Graham pr\u00e9sente sa collection de lingerie \u00e0 la Fashion Week de New York"}]},{"@type":"WebSite","@id":"https:\/\/ozinzen.com\/blog\/#website","url":"https:\/\/ozinzen.com\/blog\/","name":"Ozinzen","description":"Mode de vie et sant\u00e9","publisher":{"@id":"https:\/\/ozinzen.com\/blog\/#organization"},"potentialAction":[{"@type":"SearchAction","target":{"@type":"EntryPoint","urlTemplate":"https:\/\/ozinzen.com\/blog\/?s={search_term_string}"},"query-input":{"@type":"PropertyValueSpecification","valueRequired":true,"valueName":"search_term_string"}}],"inLanguage":"fr-FR"},{"@type":"Organization","@id":"https:\/\/ozinzen.com\/blog\/#organization","name":"Ozinzen","url":"https:\/\/ozinzen.com\/blog\/","logo":{"@type":"ImageObject","inLanguage":"fr-FR","@id":"https:\/\/ozinzen.com\/blog\/#\/schema\/logo\/image\/","url":"https:\/\/ozinzen.com\/blog\/wp-content\/uploads\/2023\/01\/ozinzen.png","contentUrl":"https:\/\/ozinzen.com\/blog\/wp-content\/uploads\/2023\/01\/ozinzen.png","width":64,"height":64,"caption":"Ozinzen"},"image":{"@id":"https:\/\/ozinzen.com\/blog\/#\/schema\/logo\/image\/"},"sameAs":["https:\/\/x.com\/ozinzen"]},{"@type":"Person","@id":"https:\/\/ozinzen.com\/blog\/#\/schema\/person\/c3f9b942ea7cfc90188ae840a2cf2fb1","name":"Marc Sigrist","image":{"@type":"ImageObject","inLanguage":"fr-FR","@id":"https:\/\/ozinzen.com\/blog\/#\/schema\/person\/image\/","url":"https:\/\/secure.gravatar.com\/avatar\/187f82243f15c243b39ac53fcbd3ac6ae072d40425f7b43c2878b6fb120dbb31?s=96&d=mm&r=g","contentUrl":"https:\/\/secure.gravatar.com\/avatar\/187f82243f15c243b39ac53fcbd3ac6ae072d40425f7b43c2878b6fb120dbb31?s=96&d=mm&r=g","caption":"Marc Sigrist"}}]}},"amp_enabled":true,"_links":{"self":[{"href":"https:\/\/ozinzen.com\/blog\/wp-json\/wp\/v2\/posts\/6831","targetHints":{"allow":["GET"]}}],"collection":[{"href":"https:\/\/ozinzen.com\/blog\/wp-json\/wp\/v2\/posts"}],"about":[{"href":"https:\/\/ozinzen.com\/blog\/wp-json\/wp\/v2\/types\/post"}],"author":[{"embeddable":true,"href":"https:\/\/ozinzen.com\/blog\/wp-json\/wp\/v2\/users\/2"}],"replies":[{"embeddable":true,"href":"https:\/\/ozinzen.com\/blog\/wp-json\/wp\/v2\/comments?post=6831"}],"version-history":[{"count":5,"href":"https:\/\/ozinzen.com\/blog\/wp-json\/wp\/v2\/posts\/6831\/revisions"}],"predecessor-version":[{"id":6837,"href":"https:\/\/ozinzen.com\/blog\/wp-json\/wp\/v2\/posts\/6831\/revisions\/6837"}],"wp:featuredmedia":[{"embeddable":true,"href":"https:\/\/ozinzen.com\/blog\/wp-json\/wp\/v2\/media\/6832"}],"wp:attachment":[{"href":"https:\/\/ozinzen.com\/blog\/wp-json\/wp\/v2\/media?parent=6831"}],"wp:term":[{"taxonomy":"category","embeddable":true,"href":"https:\/\/ozinzen.com\/blog\/wp-json\/wp\/v2\/categories?post=6831"},{"taxonomy":"post_tag","embeddable":true,"href":"https:\/\/ozinzen.com\/blog\/wp-json\/wp\/v2\/tags?post=6831"}],"curies":[{"name":"wp","href":"https:\/\/api.w.org\/{rel}","templated":true}]}}