{"id":7057,"date":"2016-10-15T21:45:43","date_gmt":"2016-10-15T19:45:43","guid":{"rendered":"http:\/\/ozinzen.com\/blog\/?p=7057"},"modified":"2016-10-15T21:45:43","modified_gmt":"2016-10-15T19:45:43","slug":"langue-medias-lhypocrisie-journalistes-de-traitement-de-linformation","status":"publish","type":"post","link":"https:\/\/ozinzen.com\/blog\/langue-medias-lhypocrisie-journalistes-de-traitement-de-linformation\/","title":{"rendered":"La langue des m\u00e9dias : l\u2019hypocrisie des journalistes et de leur traitement de l\u2019information"},"content":{"rendered":"<p style=\"text-align: justify;\"><a href=\"http:\/\/ozinzen.com\/blog\/wp-content\/uploads\/2016\/10\/Ingrid-Riocreux-3.jpg\"><img loading=\"lazy\" decoding=\"async\" class=\"alignnone size-full wp-image-7058\" src=\"http:\/\/ozinzen.com\/blog\/wp-content\/uploads\/2016\/10\/Ingrid-Riocreux-3.jpg\" alt=\"ingrid-riocreux-3\" width=\"594\" height=\"295\" srcset=\"https:\/\/ozinzen.com\/blog\/wp-content\/uploads\/2016\/10\/Ingrid-Riocreux-3.jpg 594w, https:\/\/ozinzen.com\/blog\/wp-content\/uploads\/2016\/10\/Ingrid-Riocreux-3-300x149.jpg 300w\" sizes=\"auto, (max-width: 594px) 100vw, 594px\" \/><\/a><\/p>\n<p><span style=\"color: #000000;\"><strong>Comment la langue des m\u00e9dias influence-t-elle notre fa\u00e7on de percevoir l\u2019information ?<\/strong> <\/span><\/p>\n<p style=\"text-align: justify;\"><span style=\"color: #000000;\">C\u2019est \u00e0 cette question qu\u2019<strong>Ingrid Riocreux<\/strong>, agr\u00e9g\u00e9e de lettres modernes et docteur de l\u2019Universit\u00e9 Paris IV Sorbonne, r\u00e9pond dans son nouveau livre \u00ab La langue des m\u00e9dias : destruction du langage et fabrication du consentement \u00bb.<\/span><\/p>\n<p style=\"text-align: justify;\"><!--more--><br \/>\n<span style=\"color: #000000;\"><strong>Le langage du journaliste : un langage orient\u00e9<\/strong><\/span><br \/>\n<span style=\"color: #000000;\">Les actions des Femen, pr\u00e9vues pour offrir aux m\u00e9dias les images choc qu\u2019ils r\u00e9clament, se terminent invariablement de la m\u00eame mani\u00e8re : elles sont \u00e0 chaque fois, selon les journalistes, \u00ab violemment expuls\u00e9es \u00bb, devenant ainsi les victimes. De m\u00eame, le vocabulaire employ\u00e9 pour faire le bilan d\u2019une manifestation influence grandement la perception du public sur l\u2019\u00e9chec ou la r\u00e9ussite de celle-ci. Des violences arrivent lors d\u2019une manifestation mais le journaliste veut soigneusement \u201c\u00e9viter l\u2019amalgame\u201d ? <\/span><\/p>\n<p style=\"text-align: justify;\"><span style=\"color: #000000;\">Ces violences seront donc pr\u00e9sent\u00e9es comme ayant eu lieu \u201cen marge de\u201d cette manifestation. Il existe par ailleurs des termes pi\u00e9g\u00e9s. Celui de \u201cd\u00e9rapage\u201d en est le meilleur exemple : un propos qui choque, d\u00e9range, ou fait pol\u00e9mique peut \u00eatre d\u00e9battu. On peut alors l\u2019accepter, le soutenir, ou au contraire le critiquer. Mais quand le propos est qualifi\u00e9 de \u201cd\u00e9rapage\u201d, il entre alors imm\u00e9diatement dans la cat\u00e9gorie des propos qui doivent \u00eatre condamn\u00e9s sans discussion. \u00ab Le discours des journalistes est cousu d\u2019id\u00e9es toutes faites dont lui-m\u00eame ne per\u00e7oit pas le caract\u00e8re arbitraire \u00bb.<\/span><\/p>\n<p style=\"text-align: justify;\"><span style=\"color: #000000;\">L\u2019auteur analyse aussi<strong> l\u2019hypocrisie du \u201cd\u00e9cryptage\u201d et du fact-checking<\/strong> qui bien souvent ne se limitent aucunement aux faits mais s\u00e9lectionnent soigneusement ceux qui vont dans le sens qu\u2019ils souhaitent donner au \u201cd\u00e9cryptage\u201d. Prenant l\u2019exemple de la pol\u00e9mique sur la th\u00e9orie du genre, l\u2019auteur \u00e9voque par ailleurs une autre strat\u00e9gie du Journaliste pour traiter l\u2019information : \u00ab On introduit de la scientificit\u00e9 pour sp\u00e9cialistes dans le d\u00e9bat public afin de noyer le probl\u00e8me et de donner l\u2019impression aux non-initi\u00e9s que le sujet les d\u00e9passe compl\u00e8tement : ils n\u2019ont donc aucune raison d\u2019avoir leur avis sur la question. Les parents se moquent bien de la mani\u00e8re dont les sp\u00e9cialistes caract\u00e9risent telle ou telle m\u00e9thode, comme ils se moquent de la l\u00e9gitimit\u00e9 de la notion de \u00ab\u00a0th\u00e9orie du genre\u00a0\u00bb : ils savent qu\u2019ils ne veulent pas \u00ab\u00a0\u00e7a\u00a0\u00bb, quel que soit le nom technique que l\u2019on donne \u00e0 cet enseignement \u00bb.<\/span><\/p>\n<p style=\"text-align: justify;\"><span style=\"color: #000000;\">Les exemples sont nombreux et pourraient \u00eatre multipli\u00e9s \u00e0 l\u2019infini. Ce que souhaite avant tout montrer l\u2019auteur c\u2019est que si le discours des journalistes est orient\u00e9, l\u2019un des probl\u00e8mes majeurs de notre soci\u00e9t\u00e9 est qu\u2019une grande partie de la population n\u2019est plus capable d\u2019analyser le discours m\u00e9diatique et d\u2019en saisir les biais. La disparition de l\u2019enseignement de la rh\u00e9torique \u00e0 l\u2019\u00e9cole avait un avantage certain : non qu\u2019il permette \u00e0 tous de briller par son discours, mais il permettait \u00e0 tous de d\u00e9crypter les m\u00e9canismes linguistiques \u00e0 l\u2019\u0153uvre derri\u00e8re le discours des politiques et des journalistes. Il est urgent que les Fran\u00e7ais retrouvent cette capacit\u00e9 d\u2019analyse.<\/span><\/p>\n<p style=\"text-align: justify;\"><span style=\"color: #000000;\">Une critique (n\u00e9cessaire) de la \u201cr\u00e9information\u201d<\/span><br \/>\n<span style=\"color: #000000;\">Les m\u00e9dias, ou plut\u00f4t les journalistes qui y collaborent, ont donc nombre de d\u00e9fauts. Mais les m\u00e9dias dits de \u00ab r\u00e9information \u00bb sont-ils exempts de ces tares ? Non, r\u00e9pond l\u2019auteur, ils \u00ab ne fonctionnent pas autrement ; seul diff\u00e8re le soubassement id\u00e9ologique \u00bb. Et l\u2019auteur d\u2019\u00e9pingler le manque de rigueur de la r\u00e9infosph\u00e8re, particuli\u00e8rement des sites catholiques qui devraient pourtant se distinguer par une plus haute exigence morale.<\/span><br \/>\n<span style=\"color: #000000;\">Que l\u2019information y soit orient\u00e9e n\u2019est pas un probl\u00e8me (c\u2019est m\u00eame tout \u00e0 fait normal) tant que la v\u00e9rit\u00e9 n\u2019est pas travestie ou tronqu\u00e9e. Mais un grand d\u00e9faut de la r\u00e9infosph\u00e8re est en r\u00e9alit\u00e9 son lectorat : tr\u00e8s m\u00e9fiant envers les grands m\u00e9dias, il a tendance \u00e0 perdre tout sens critique d\u00e8s qu\u2019il se trouve dans sa zone de confort id\u00e9ologique. <\/span><\/p>\n<p style=\"text-align: justify;\"><span style=\"color: #000000;\">C\u2019est l\u00e0 le second point majeur de l\u2019ouvrage : quel que soit le m\u00e9dia, le lecteur\/auditeur\/spectateur doit faire preuve de sens critique, rechercher autant que possible la source exacte d\u2019une information au lieu de se contenter d\u2019un extrait ou d\u2019une citation partielle. Il ne doit pas h\u00e9siter non plus \u00e0 croiser plusieurs sources (y compris d\u2019orientation id\u00e9ologique diff\u00e9rente) pour se faire une id\u00e9e claire de l\u2019information.<\/span><\/p>\n<p style=\"text-align: justify;\"><a href=\"http:\/\/www.lerougeetlenoir.org\/opinions\/les-opinantes\/ex-libris-la-langue-des-medias-destruction-du-langage-et-fabrication-du-consentement\" target=\"_blank\"><strong>Extrait du site lerougeetlenoir.org<\/strong><\/a><\/p>\n","protected":false},"excerpt":{"rendered":"<p>Comment la langue des m\u00e9dias influence-t-elle notre fa\u00e7on de percevoir l\u2019information ? C\u2019est \u00e0 cette question qu\u2019Ingrid Riocreux, agr\u00e9g\u00e9e de lettres modernes et docteur de l\u2019Universit\u00e9 Paris IV Sorbonne, r\u00e9pond dans son nouveau livre \u00ab La langue des m\u00e9dias : destruction du langage et fabrication du consentement \u00bb.<\/p>\n","protected":false},"author":2,"featured_media":7058,"comment_status":"open","ping_status":"open","sticky":false,"template":"","format":"standard","meta":{"_genesis_hide_title":false,"_genesis_hide_breadcrumbs":false,"_genesis_hide_singular_image":false,"_genesis_hide_footer_widgets":false,"_genesis_custom_body_class":"","_genesis_custom_post_class":"","_genesis_layout":"","footnotes":""},"categories":[55],"tags":[],"class_list":{"0":"post-7057","1":"post","2":"type-post","3":"status-publish","4":"format-standard","5":"has-post-thumbnail","7":"category-societe","8":"entry"},"yoast_head":"<!-- This site is optimized with the Yoast SEO plugin v27.1.1 - https:\/\/yoast.com\/product\/yoast-seo-wordpress\/ -->\n<title>La langue des m\u00e9dias : l\u2019hypocrisie des journalistes et de leur traitement de l\u2019information - Ozinzen<\/title>\n<meta name=\"description\" content=\"Comment la langue des m\u00e9dias influence-t-elle notre fa\u00e7on de percevoir l\u2019information ? C\u2019est \u00e0 cette question qu\u2019Ingrid Riocreux, agr\u00e9g\u00e9e de lettres\" \/>\n<meta name=\"robots\" content=\"index, follow, max-snippet:-1, max-image-preview:large, max-video-preview:-1\" \/>\n<link rel=\"canonical\" href=\"https:\/\/ozinzen.com\/blog\/langue-medias-lhypocrisie-journalistes-de-traitement-de-linformation\/\" \/>\n<meta property=\"og:locale\" content=\"fr_FR\" \/>\n<meta property=\"og:type\" content=\"article\" \/>\n<meta property=\"og:title\" content=\"La langue des m\u00e9dias : l\u2019hypocrisie des journalistes et de leur traitement de l\u2019information - Ozinzen\" \/>\n<meta property=\"og:description\" content=\"Comment la langue des m\u00e9dias influence-t-elle notre fa\u00e7on de percevoir l\u2019information ? C\u2019est \u00e0 cette question qu\u2019Ingrid Riocreux, agr\u00e9g\u00e9e de lettres\" \/>\n<meta property=\"og:url\" content=\"https:\/\/ozinzen.com\/blog\/langue-medias-lhypocrisie-journalistes-de-traitement-de-linformation\/\" \/>\n<meta property=\"og:site_name\" content=\"Ozinzen\" \/>\n<meta property=\"article:published_time\" content=\"2016-10-15T19:45:43+00:00\" \/>\n<meta property=\"og:image\" content=\"https:\/\/ozinzen.com\/blog\/wp-content\/uploads\/2016\/10\/Ingrid-Riocreux-3.jpg\" \/>\n\t<meta property=\"og:image:width\" content=\"594\" \/>\n\t<meta property=\"og:image:height\" content=\"295\" \/>\n\t<meta property=\"og:image:type\" content=\"image\/jpeg\" \/>\n<meta name=\"author\" content=\"Marc Sigrist\" \/>\n<meta name=\"twitter:card\" content=\"summary_large_image\" \/>\n<meta name=\"twitter:creator\" content=\"@ozinzen\" \/>\n<meta name=\"twitter:site\" content=\"@ozinzen\" \/>\n<meta name=\"twitter:label1\" content=\"\u00c9crit par\" \/>\n\t<meta name=\"twitter:data1\" content=\"Marc Sigrist\" \/>\n\t<meta name=\"twitter:label2\" content=\"Dur\u00e9e de lecture estim\u00e9e\" \/>\n\t<meta name=\"twitter:data2\" content=\"4 minutes\" \/>\n<script type=\"application\/ld+json\" class=\"yoast-schema-graph\">{\"@context\":\"https:\/\/schema.org\",\"@graph\":[{\"@type\":\"Article\",\"@id\":\"https:\/\/ozinzen.com\/blog\/langue-medias-lhypocrisie-journalistes-de-traitement-de-linformation\/#article\",\"isPartOf\":{\"@id\":\"https:\/\/ozinzen.com\/blog\/langue-medias-lhypocrisie-journalistes-de-traitement-de-linformation\/\"},\"author\":{\"name\":\"Marc Sigrist\",\"@id\":\"https:\/\/ozinzen.com\/blog\/#\/schema\/person\/c3f9b942ea7cfc90188ae840a2cf2fb1\"},\"headline\":\"La langue des m\u00e9dias : l\u2019hypocrisie des journalistes et de leur traitement de l\u2019information\",\"datePublished\":\"2016-10-15T19:45:43+00:00\",\"mainEntityOfPage\":{\"@id\":\"https:\/\/ozinzen.com\/blog\/langue-medias-lhypocrisie-journalistes-de-traitement-de-linformation\/\"},\"wordCount\":806,\"commentCount\":1,\"publisher\":{\"@id\":\"https:\/\/ozinzen.com\/blog\/#organization\"},\"image\":{\"@id\":\"https:\/\/ozinzen.com\/blog\/langue-medias-lhypocrisie-journalistes-de-traitement-de-linformation\/#primaryimage\"},\"thumbnailUrl\":\"https:\/\/ozinzen.com\/blog\/wp-content\/uploads\/2016\/10\/Ingrid-Riocreux-3.jpg\",\"articleSection\":[\"Soci\u00e9t\u00e9\"],\"inLanguage\":\"fr-FR\"},{\"@type\":\"WebPage\",\"@id\":\"https:\/\/ozinzen.com\/blog\/langue-medias-lhypocrisie-journalistes-de-traitement-de-linformation\/\",\"url\":\"https:\/\/ozinzen.com\/blog\/langue-medias-lhypocrisie-journalistes-de-traitement-de-linformation\/\",\"name\":\"La langue des m\u00e9dias : l\u2019hypocrisie des journalistes et de leur traitement de l\u2019information - Ozinzen\",\"isPartOf\":{\"@id\":\"https:\/\/ozinzen.com\/blog\/#website\"},\"primaryImageOfPage\":{\"@id\":\"https:\/\/ozinzen.com\/blog\/langue-medias-lhypocrisie-journalistes-de-traitement-de-linformation\/#primaryimage\"},\"image\":{\"@id\":\"https:\/\/ozinzen.com\/blog\/langue-medias-lhypocrisie-journalistes-de-traitement-de-linformation\/#primaryimage\"},\"thumbnailUrl\":\"https:\/\/ozinzen.com\/blog\/wp-content\/uploads\/2016\/10\/Ingrid-Riocreux-3.jpg\",\"datePublished\":\"2016-10-15T19:45:43+00:00\",\"description\":\"Comment la langue des m\u00e9dias influence-t-elle notre fa\u00e7on de percevoir l\u2019information ? C\u2019est \u00e0 cette question qu\u2019Ingrid Riocreux, agr\u00e9g\u00e9e de lettres\",\"breadcrumb\":{\"@id\":\"https:\/\/ozinzen.com\/blog\/langue-medias-lhypocrisie-journalistes-de-traitement-de-linformation\/#breadcrumb\"},\"inLanguage\":\"fr-FR\",\"potentialAction\":[{\"@type\":\"ReadAction\",\"target\":[\"https:\/\/ozinzen.com\/blog\/langue-medias-lhypocrisie-journalistes-de-traitement-de-linformation\/\"]}]},{\"@type\":\"ImageObject\",\"inLanguage\":\"fr-FR\",\"@id\":\"https:\/\/ozinzen.com\/blog\/langue-medias-lhypocrisie-journalistes-de-traitement-de-linformation\/#primaryimage\",\"url\":\"https:\/\/ozinzen.com\/blog\/wp-content\/uploads\/2016\/10\/Ingrid-Riocreux-3.jpg\",\"contentUrl\":\"https:\/\/ozinzen.com\/blog\/wp-content\/uploads\/2016\/10\/Ingrid-Riocreux-3.jpg\",\"width\":594,\"height\":295,\"caption\":\"ingrid-riocreux-3\"},{\"@type\":\"BreadcrumbList\",\"@id\":\"https:\/\/ozinzen.com\/blog\/langue-medias-lhypocrisie-journalistes-de-traitement-de-linformation\/#breadcrumb\",\"itemListElement\":[{\"@type\":\"ListItem\",\"position\":1,\"name\":\"Accueil\",\"item\":\"https:\/\/ozinzen.com\/blog\/\"},{\"@type\":\"ListItem\",\"position\":2,\"name\":\"La langue des m\u00e9dias : l\u2019hypocrisie des journalistes et de leur traitement de l\u2019information\"}]},{\"@type\":\"WebSite\",\"@id\":\"https:\/\/ozinzen.com\/blog\/#website\",\"url\":\"https:\/\/ozinzen.com\/blog\/\",\"name\":\"Ozinzen\",\"description\":\"Mode de vie et sant\u00e9\",\"publisher\":{\"@id\":\"https:\/\/ozinzen.com\/blog\/#organization\"},\"potentialAction\":[{\"@type\":\"SearchAction\",\"target\":{\"@type\":\"EntryPoint\",\"urlTemplate\":\"https:\/\/ozinzen.com\/blog\/?s={search_term_string}\"},\"query-input\":{\"@type\":\"PropertyValueSpecification\",\"valueRequired\":true,\"valueName\":\"search_term_string\"}}],\"inLanguage\":\"fr-FR\"},{\"@type\":\"Organization\",\"@id\":\"https:\/\/ozinzen.com\/blog\/#organization\",\"name\":\"Ozinzen\",\"url\":\"https:\/\/ozinzen.com\/blog\/\",\"logo\":{\"@type\":\"ImageObject\",\"inLanguage\":\"fr-FR\",\"@id\":\"https:\/\/ozinzen.com\/blog\/#\/schema\/logo\/image\/\",\"url\":\"https:\/\/ozinzen.com\/blog\/wp-content\/uploads\/2023\/01\/ozinzen.png\",\"contentUrl\":\"https:\/\/ozinzen.com\/blog\/wp-content\/uploads\/2023\/01\/ozinzen.png\",\"width\":64,\"height\":64,\"caption\":\"Ozinzen\"},\"image\":{\"@id\":\"https:\/\/ozinzen.com\/blog\/#\/schema\/logo\/image\/\"},\"sameAs\":[\"https:\/\/x.com\/ozinzen\"]},{\"@type\":\"Person\",\"@id\":\"https:\/\/ozinzen.com\/blog\/#\/schema\/person\/c3f9b942ea7cfc90188ae840a2cf2fb1\",\"name\":\"Marc Sigrist\",\"image\":{\"@type\":\"ImageObject\",\"inLanguage\":\"fr-FR\",\"@id\":\"https:\/\/ozinzen.com\/blog\/#\/schema\/person\/image\/\",\"url\":\"https:\/\/secure.gravatar.com\/avatar\/187f82243f15c243b39ac53fcbd3ac6ae072d40425f7b43c2878b6fb120dbb31?s=96&d=mm&r=g\",\"contentUrl\":\"https:\/\/secure.gravatar.com\/avatar\/187f82243f15c243b39ac53fcbd3ac6ae072d40425f7b43c2878b6fb120dbb31?s=96&d=mm&r=g\",\"caption\":\"Marc Sigrist\"}}]}<\/script>\n<!-- \/ Yoast SEO plugin. -->","yoast_head_json":{"title":"La langue des m\u00e9dias : l\u2019hypocrisie des journalistes et de leur traitement de l\u2019information - Ozinzen","description":"Comment la langue des m\u00e9dias influence-t-elle notre fa\u00e7on de percevoir l\u2019information ? C\u2019est \u00e0 cette question qu\u2019Ingrid Riocreux, agr\u00e9g\u00e9e de lettres","robots":{"index":"index","follow":"follow","max-snippet":"max-snippet:-1","max-image-preview":"max-image-preview:large","max-video-preview":"max-video-preview:-1"},"canonical":"https:\/\/ozinzen.com\/blog\/langue-medias-lhypocrisie-journalistes-de-traitement-de-linformation\/","og_locale":"fr_FR","og_type":"article","og_title":"La langue des m\u00e9dias : l\u2019hypocrisie des journalistes et de leur traitement de l\u2019information - Ozinzen","og_description":"Comment la langue des m\u00e9dias influence-t-elle notre fa\u00e7on de percevoir l\u2019information ? C\u2019est \u00e0 cette question qu\u2019Ingrid Riocreux, agr\u00e9g\u00e9e de lettres","og_url":"https:\/\/ozinzen.com\/blog\/langue-medias-lhypocrisie-journalistes-de-traitement-de-linformation\/","og_site_name":"Ozinzen","article_published_time":"2016-10-15T19:45:43+00:00","og_image":[{"width":594,"height":295,"url":"https:\/\/ozinzen.com\/blog\/wp-content\/uploads\/2016\/10\/Ingrid-Riocreux-3.jpg","type":"image\/jpeg"}],"author":"Marc Sigrist","twitter_card":"summary_large_image","twitter_creator":"@ozinzen","twitter_site":"@ozinzen","twitter_misc":{"\u00c9crit par":"Marc Sigrist","Dur\u00e9e de lecture estim\u00e9e":"4 minutes"},"schema":{"@context":"https:\/\/schema.org","@graph":[{"@type":"Article","@id":"https:\/\/ozinzen.com\/blog\/langue-medias-lhypocrisie-journalistes-de-traitement-de-linformation\/#article","isPartOf":{"@id":"https:\/\/ozinzen.com\/blog\/langue-medias-lhypocrisie-journalistes-de-traitement-de-linformation\/"},"author":{"name":"Marc Sigrist","@id":"https:\/\/ozinzen.com\/blog\/#\/schema\/person\/c3f9b942ea7cfc90188ae840a2cf2fb1"},"headline":"La langue des m\u00e9dias : l\u2019hypocrisie des journalistes et de leur traitement de l\u2019information","datePublished":"2016-10-15T19:45:43+00:00","mainEntityOfPage":{"@id":"https:\/\/ozinzen.com\/blog\/langue-medias-lhypocrisie-journalistes-de-traitement-de-linformation\/"},"wordCount":806,"commentCount":1,"publisher":{"@id":"https:\/\/ozinzen.com\/blog\/#organization"},"image":{"@id":"https:\/\/ozinzen.com\/blog\/langue-medias-lhypocrisie-journalistes-de-traitement-de-linformation\/#primaryimage"},"thumbnailUrl":"https:\/\/ozinzen.com\/blog\/wp-content\/uploads\/2016\/10\/Ingrid-Riocreux-3.jpg","articleSection":["Soci\u00e9t\u00e9"],"inLanguage":"fr-FR"},{"@type":"WebPage","@id":"https:\/\/ozinzen.com\/blog\/langue-medias-lhypocrisie-journalistes-de-traitement-de-linformation\/","url":"https:\/\/ozinzen.com\/blog\/langue-medias-lhypocrisie-journalistes-de-traitement-de-linformation\/","name":"La langue des m\u00e9dias : l\u2019hypocrisie des journalistes et de leur traitement de l\u2019information - Ozinzen","isPartOf":{"@id":"https:\/\/ozinzen.com\/blog\/#website"},"primaryImageOfPage":{"@id":"https:\/\/ozinzen.com\/blog\/langue-medias-lhypocrisie-journalistes-de-traitement-de-linformation\/#primaryimage"},"image":{"@id":"https:\/\/ozinzen.com\/blog\/langue-medias-lhypocrisie-journalistes-de-traitement-de-linformation\/#primaryimage"},"thumbnailUrl":"https:\/\/ozinzen.com\/blog\/wp-content\/uploads\/2016\/10\/Ingrid-Riocreux-3.jpg","datePublished":"2016-10-15T19:45:43+00:00","description":"Comment la langue des m\u00e9dias influence-t-elle notre fa\u00e7on de percevoir l\u2019information ? C\u2019est \u00e0 cette question qu\u2019Ingrid Riocreux, agr\u00e9g\u00e9e de lettres","breadcrumb":{"@id":"https:\/\/ozinzen.com\/blog\/langue-medias-lhypocrisie-journalistes-de-traitement-de-linformation\/#breadcrumb"},"inLanguage":"fr-FR","potentialAction":[{"@type":"ReadAction","target":["https:\/\/ozinzen.com\/blog\/langue-medias-lhypocrisie-journalistes-de-traitement-de-linformation\/"]}]},{"@type":"ImageObject","inLanguage":"fr-FR","@id":"https:\/\/ozinzen.com\/blog\/langue-medias-lhypocrisie-journalistes-de-traitement-de-linformation\/#primaryimage","url":"https:\/\/ozinzen.com\/blog\/wp-content\/uploads\/2016\/10\/Ingrid-Riocreux-3.jpg","contentUrl":"https:\/\/ozinzen.com\/blog\/wp-content\/uploads\/2016\/10\/Ingrid-Riocreux-3.jpg","width":594,"height":295,"caption":"ingrid-riocreux-3"},{"@type":"BreadcrumbList","@id":"https:\/\/ozinzen.com\/blog\/langue-medias-lhypocrisie-journalistes-de-traitement-de-linformation\/#breadcrumb","itemListElement":[{"@type":"ListItem","position":1,"name":"Accueil","item":"https:\/\/ozinzen.com\/blog\/"},{"@type":"ListItem","position":2,"name":"La langue des m\u00e9dias : l\u2019hypocrisie des journalistes et de leur traitement de l\u2019information"}]},{"@type":"WebSite","@id":"https:\/\/ozinzen.com\/blog\/#website","url":"https:\/\/ozinzen.com\/blog\/","name":"Ozinzen","description":"Mode de vie et sant\u00e9","publisher":{"@id":"https:\/\/ozinzen.com\/blog\/#organization"},"potentialAction":[{"@type":"SearchAction","target":{"@type":"EntryPoint","urlTemplate":"https:\/\/ozinzen.com\/blog\/?s={search_term_string}"},"query-input":{"@type":"PropertyValueSpecification","valueRequired":true,"valueName":"search_term_string"}}],"inLanguage":"fr-FR"},{"@type":"Organization","@id":"https:\/\/ozinzen.com\/blog\/#organization","name":"Ozinzen","url":"https:\/\/ozinzen.com\/blog\/","logo":{"@type":"ImageObject","inLanguage":"fr-FR","@id":"https:\/\/ozinzen.com\/blog\/#\/schema\/logo\/image\/","url":"https:\/\/ozinzen.com\/blog\/wp-content\/uploads\/2023\/01\/ozinzen.png","contentUrl":"https:\/\/ozinzen.com\/blog\/wp-content\/uploads\/2023\/01\/ozinzen.png","width":64,"height":64,"caption":"Ozinzen"},"image":{"@id":"https:\/\/ozinzen.com\/blog\/#\/schema\/logo\/image\/"},"sameAs":["https:\/\/x.com\/ozinzen"]},{"@type":"Person","@id":"https:\/\/ozinzen.com\/blog\/#\/schema\/person\/c3f9b942ea7cfc90188ae840a2cf2fb1","name":"Marc Sigrist","image":{"@type":"ImageObject","inLanguage":"fr-FR","@id":"https:\/\/ozinzen.com\/blog\/#\/schema\/person\/image\/","url":"https:\/\/secure.gravatar.com\/avatar\/187f82243f15c243b39ac53fcbd3ac6ae072d40425f7b43c2878b6fb120dbb31?s=96&d=mm&r=g","contentUrl":"https:\/\/secure.gravatar.com\/avatar\/187f82243f15c243b39ac53fcbd3ac6ae072d40425f7b43c2878b6fb120dbb31?s=96&d=mm&r=g","caption":"Marc Sigrist"}}]}},"amp_enabled":true,"_links":{"self":[{"href":"https:\/\/ozinzen.com\/blog\/wp-json\/wp\/v2\/posts\/7057","targetHints":{"allow":["GET"]}}],"collection":[{"href":"https:\/\/ozinzen.com\/blog\/wp-json\/wp\/v2\/posts"}],"about":[{"href":"https:\/\/ozinzen.com\/blog\/wp-json\/wp\/v2\/types\/post"}],"author":[{"embeddable":true,"href":"https:\/\/ozinzen.com\/blog\/wp-json\/wp\/v2\/users\/2"}],"replies":[{"embeddable":true,"href":"https:\/\/ozinzen.com\/blog\/wp-json\/wp\/v2\/comments?post=7057"}],"version-history":[{"count":5,"href":"https:\/\/ozinzen.com\/blog\/wp-json\/wp\/v2\/posts\/7057\/revisions"}],"predecessor-version":[{"id":7063,"href":"https:\/\/ozinzen.com\/blog\/wp-json\/wp\/v2\/posts\/7057\/revisions\/7063"}],"wp:featuredmedia":[{"embeddable":true,"href":"https:\/\/ozinzen.com\/blog\/wp-json\/wp\/v2\/media\/7058"}],"wp:attachment":[{"href":"https:\/\/ozinzen.com\/blog\/wp-json\/wp\/v2\/media?parent=7057"}],"wp:term":[{"taxonomy":"category","embeddable":true,"href":"https:\/\/ozinzen.com\/blog\/wp-json\/wp\/v2\/categories?post=7057"},{"taxonomy":"post_tag","embeddable":true,"href":"https:\/\/ozinzen.com\/blog\/wp-json\/wp\/v2\/tags?post=7057"}],"curies":[{"name":"wp","href":"https:\/\/api.w.org\/{rel}","templated":true}]}}