{"id":7182,"date":"2016-11-12T18:18:19","date_gmt":"2016-11-12T17:18:19","guid":{"rendered":"http:\/\/ozinzen.com\/blog\/?p=7182"},"modified":"2016-11-12T18:19:39","modified_gmt":"2016-11-12T17:19:39","slug":"traumatismes-lies-a-lelection-de-trump-provoquent-de-nombreux-syndromes-de-stress-post-traumatique","status":"publish","type":"post","link":"https:\/\/ozinzen.com\/blog\/traumatismes-lies-a-lelection-de-trump-provoquent-de-nombreux-syndromes-de-stress-post-traumatique\/","title":{"rendered":"Les traumatismes li\u00e9s \u00e0 l\u2019\u00e9lection de Trump provoquent de nombreux syndromes de stress post-traumatique"},"content":{"rendered":"<p style=\"text-align: justify;\"><span style=\"color: #000000;\"><a style=\"color: #000000;\" href=\"http:\/\/ozinzen.com\/blog\/wp-content\/uploads\/2016\/11\/trump-noir-et-blanc.jpg\"><img loading=\"lazy\" decoding=\"async\" class=\"alignnone size-full wp-image-7183\" src=\"http:\/\/ozinzen.com\/blog\/wp-content\/uploads\/2016\/11\/trump-noir-et-blanc.jpg\" alt=\"trump-noir-et-blanc\" width=\"820\" height=\"546\" srcset=\"https:\/\/ozinzen.com\/blog\/wp-content\/uploads\/2016\/11\/trump-noir-et-blanc.jpg 820w, https:\/\/ozinzen.com\/blog\/wp-content\/uploads\/2016\/11\/trump-noir-et-blanc-300x200.jpg 300w, https:\/\/ozinzen.com\/blog\/wp-content\/uploads\/2016\/11\/trump-noir-et-blanc-768x511.jpg 768w\" sizes=\"auto, (max-width: 820px) 100vw, 820px\" \/><\/a><\/span><\/p>\n<p style=\"text-align: justify;\"><strong>Martyre\u00a0de cette \u00e9lection, elle \u00e9crit <a href=\"http:\/\/www.slate.fr\/story\/128450\/lettre-allemande-donald-trump\" target=\"_blank\">une lettre ouverte<\/a> aux\u00a0haineux\u00a0intol\u00e9rants qui ont vot\u00e9 pour ce monstre :<\/strong><\/p>\n<p style=\"text-align: justify;\"><span style=\"color: #000000;\">Cher ami qui a vot\u00e9 pour que Donald Trump devienne le pr\u00e9sident des \u00c9tats-Unis,<\/span><\/p>\n<p style=\"text-align: justify;\"><span style=\"color: #000000;\">Triste et \u00e9puis\u00e9e dans une chambre d\u2019h\u00f4tel outre-atlantique, je me demande comment tu te sentais ce matin, toi, en te r\u00e9veillant.<\/span><!--more--><\/p>\n<p style=\"text-align: justify;\"><span style=\"color: #000000;\">Est-ce que la victoire de ton candidat t\u2019a rendu survolt\u00e9? Heureux? Est-ce que tu t\u2019es fait un caf\u00e9, que tu t\u2019es install\u00e9 bien confortablement et que tu as pens\u00e9: \u00abBien jou\u00e9, l&rsquo;Am\u00e9rique\u00bb? Est-ce que tu \u00e9tais ravi d\u2019avoir choisi le chemin qui allait engager ton pays sur la voie de&#8230; de quoi? De la grandeur? As-tu song\u00e9 \u00e0 ce que ce mot signifie pour toi et \u00e0 ce que le slogan utilis\u00e9 comme principal argument \u00e9lectoral par ton candidat\u2013\u00abrendre sa grandeur \u00e0 l\u2019Am\u00e9rique\u00bb\u2013signifiait pour d\u2019autres? Surtout la partie \u00abrendre\u00bb? Pour les Am\u00e9rindiens, qui ont \u00e9t\u00e9 spoli\u00e9s, tu\u00e9s, parqu\u00e9s de force dans des r\u00e9serves dans l\u2019Am\u00e9rique d\u2019autrefois, celle qui avait tant de \u00abgrandeur\u00bb? Pour les noirs, descendants d\u2019anciens esclaves, exploit\u00e9s par <strong>les blancs<\/strong> afin de construire la fortune <strong>d\u2019Am\u00e9ricains blancs<\/strong> et uniquement celles<strong> d\u2019Am\u00e9ricains blancs<\/strong>\u2013dis-moi, \u00e0 quelle \u00e9poque, historiquement, l\u2019Am\u00e9rique a-t-elle fait preuve de grandeur pour ce groupe? Quand <strong>les blancs<\/strong> les traitaient, eux et leurs descendants, comme du b\u00e9tail, puis comme des citoyens de seconde zone, lorsqu\u2019ils les lynchaient et faisaient tout ce qu\u2019ils pouvaient pour emp\u00eacher la cr\u00e9ation d\u2019\u00e9coles ou de quartiers mixtes? Ou quand la violence polici\u00e8re contre les noirs a d\u00e9clench\u00e9 une spirale de violence qui engendre toujours plus de morts, toujours plus de vies g\u00e2ch\u00e9es, dans une guerre qui ne dit pas son nom? Est-ce que tu t\u2019es r\u00e9veill\u00e9 convaincu d\u2019avoir pris une d\u00e9cision qui allait permettre de panser ces blessures?<\/span><br \/>\n<span style=\"color: #000000;\">[&#8230;]<\/span><br \/>\n<span style=\"color: #000000;\">J\u2019ai pris comme un coup de poing dans le ventre en voyant les premiers messages arriver. Ceux d\u2019amis, qui suivaient les \u00e9lections pendant la nuit et m\u2019envoyaient des infos \u00e0 mesure. Je n\u2019ai regard\u00e9 que leurs derniers messages. Je savais que c\u2019\u00e9tait les seuls que j\u2019avais besoin de voir pour savoir ce qui \u00e9tait arriv\u00e9. \u00abJe ne comprends pas ce qui se passe\u00bb, disait l\u2019un. Et un autre, de mon petit ami qui savait \u00e0 quel point ces \u00e9lections m\u2019avaient angoiss\u00e9e: \u00abJe suis vraiment d\u00e9sol\u00e9. J\u2019aimerais \u00eatre l\u00e0 pour te serrer dans mes bras.\u00bb J\u2019ai ferm\u00e9 les yeux et j\u2019ai d\u00fb refouler mes larmes. Je me sentais engourdie. Mais je ressentais aussi un truc qui me faisait enrager: je me sentais trahie.<\/span><br \/>\n<span style=\"color: #000000;\">[&#8230;]<\/span><br \/>\n<span style=\"color: #000000;\">Je suis convaincue que c\u2019\u00e9tait un tr\u00e8s mauvais choix. Je suis convaincue que c\u2019\u00e9tait un choix qui a conduit le monde dans une situation pire qu\u2019avant en engendrant de la violence en cours de route. Je suis convaincue que tu as laiss\u00e9 parler la haine, et aussi<strong> ton privil\u00e8ge de blanc<\/strong> et ta peur de le perdre. Mais ce qui m\u2019ennuie le plus, c\u2019est que c\u2019est un choix qui me pousse \u00e0 me demander si je n\u2019ai jamais vu en toi celui que tu \u00e9tais vraiment. Parce que les choix d\u2019un homme d\u00e9coulent de ses convictions.<\/span><\/p>\n","protected":false},"excerpt":{"rendered":"<p>Martyre\u00a0de cette \u00e9lection, elle \u00e9crit une lettre ouverte aux\u00a0haineux\u00a0intol\u00e9rants qui ont vot\u00e9 pour ce monstre : Cher ami qui a vot\u00e9 pour que Donald Trump devienne le pr\u00e9sident des \u00c9tats-Unis, Triste et \u00e9puis\u00e9e dans une chambre d\u2019h\u00f4tel outre-atlantique, je me demande comment tu te sentais ce matin, toi, en te r\u00e9veillant.<\/p>\n","protected":false},"author":2,"featured_media":7183,"comment_status":"open","ping_status":"open","sticky":false,"template":"","format":"standard","meta":{"_genesis_hide_title":false,"_genesis_hide_breadcrumbs":false,"_genesis_hide_singular_image":false,"_genesis_hide_footer_widgets":false,"_genesis_custom_body_class":"","_genesis_custom_post_class":"","_genesis_layout":"","footnotes":""},"categories":[55],"tags":[],"class_list":{"0":"post-7182","1":"post","2":"type-post","3":"status-publish","4":"format-standard","5":"has-post-thumbnail","7":"category-societe","8":"entry"},"yoast_head":"<!-- This site is optimized with the Yoast SEO plugin v27.1.1 - https:\/\/yoast.com\/product\/yoast-seo-wordpress\/ -->\n<title>Les traumatismes li\u00e9s \u00e0 l\u2019\u00e9lection de Trump provoquent de nombreux syndromes de stress post-traumatique - Ozinzen<\/title>\n<meta name=\"description\" content=\"Martyre\u00a0de cette \u00e9lection, elle \u00e9crit une lettre ouverte aux\u00a0haineux\u00a0intol\u00e9rants qui ont vot\u00e9 pour ce monstre : Cher ami qui a vot\u00e9 pour que Donald Trump\" \/>\n<meta name=\"robots\" content=\"index, follow, max-snippet:-1, max-image-preview:large, max-video-preview:-1\" \/>\n<link rel=\"canonical\" href=\"https:\/\/ozinzen.com\/blog\/traumatismes-lies-a-lelection-de-trump-provoquent-de-nombreux-syndromes-de-stress-post-traumatique\/\" \/>\n<meta property=\"og:locale\" content=\"fr_FR\" \/>\n<meta property=\"og:type\" content=\"article\" \/>\n<meta property=\"og:title\" content=\"Les traumatismes li\u00e9s \u00e0 l\u2019\u00e9lection de Trump provoquent de nombreux syndromes de stress post-traumatique - Ozinzen\" \/>\n<meta property=\"og:description\" content=\"Martyre\u00a0de cette \u00e9lection, elle \u00e9crit une lettre ouverte aux\u00a0haineux\u00a0intol\u00e9rants qui ont vot\u00e9 pour ce monstre : Cher ami qui a vot\u00e9 pour que Donald Trump\" \/>\n<meta property=\"og:url\" content=\"https:\/\/ozinzen.com\/blog\/traumatismes-lies-a-lelection-de-trump-provoquent-de-nombreux-syndromes-de-stress-post-traumatique\/\" \/>\n<meta property=\"og:site_name\" content=\"Ozinzen\" \/>\n<meta property=\"article:published_time\" content=\"2016-11-12T17:18:19+00:00\" \/>\n<meta property=\"article:modified_time\" content=\"2016-11-12T17:19:39+00:00\" \/>\n<meta property=\"og:image\" content=\"https:\/\/ozinzen.com\/blog\/wp-content\/uploads\/2016\/11\/trump-noir-et-blanc.jpg\" \/>\n\t<meta property=\"og:image:width\" content=\"820\" \/>\n\t<meta property=\"og:image:height\" content=\"546\" \/>\n\t<meta property=\"og:image:type\" content=\"image\/jpeg\" \/>\n<meta name=\"author\" content=\"Marc Sigrist\" \/>\n<meta name=\"twitter:card\" content=\"summary_large_image\" \/>\n<meta name=\"twitter:creator\" content=\"@ozinzen\" \/>\n<meta name=\"twitter:site\" content=\"@ozinzen\" \/>\n<meta name=\"twitter:label1\" content=\"\u00c9crit par\" \/>\n\t<meta name=\"twitter:data1\" content=\"Marc Sigrist\" \/>\n\t<meta name=\"twitter:label2\" content=\"Dur\u00e9e de lecture estim\u00e9e\" \/>\n\t<meta name=\"twitter:data2\" content=\"3 minutes\" \/>\n<script type=\"application\/ld+json\" class=\"yoast-schema-graph\">{\"@context\":\"https:\/\/schema.org\",\"@graph\":[{\"@type\":\"Article\",\"@id\":\"https:\/\/ozinzen.com\/blog\/traumatismes-lies-a-lelection-de-trump-provoquent-de-nombreux-syndromes-de-stress-post-traumatique\/#article\",\"isPartOf\":{\"@id\":\"https:\/\/ozinzen.com\/blog\/traumatismes-lies-a-lelection-de-trump-provoquent-de-nombreux-syndromes-de-stress-post-traumatique\/\"},\"author\":{\"name\":\"Marc Sigrist\",\"@id\":\"https:\/\/ozinzen.com\/blog\/#\/schema\/person\/c3f9b942ea7cfc90188ae840a2cf2fb1\"},\"headline\":\"Les traumatismes li\u00e9s \u00e0 l\u2019\u00e9lection de Trump provoquent de nombreux syndromes de stress post-traumatique\",\"datePublished\":\"2016-11-12T17:18:19+00:00\",\"dateModified\":\"2016-11-12T17:19:39+00:00\",\"mainEntityOfPage\":{\"@id\":\"https:\/\/ozinzen.com\/blog\/traumatismes-lies-a-lelection-de-trump-provoquent-de-nombreux-syndromes-de-stress-post-traumatique\/\"},\"wordCount\":585,\"commentCount\":0,\"publisher\":{\"@id\":\"https:\/\/ozinzen.com\/blog\/#organization\"},\"image\":{\"@id\":\"https:\/\/ozinzen.com\/blog\/traumatismes-lies-a-lelection-de-trump-provoquent-de-nombreux-syndromes-de-stress-post-traumatique\/#primaryimage\"},\"thumbnailUrl\":\"https:\/\/ozinzen.com\/blog\/wp-content\/uploads\/2016\/11\/trump-noir-et-blanc.jpg\",\"articleSection\":[\"Soci\u00e9t\u00e9\"],\"inLanguage\":\"fr-FR\"},{\"@type\":\"WebPage\",\"@id\":\"https:\/\/ozinzen.com\/blog\/traumatismes-lies-a-lelection-de-trump-provoquent-de-nombreux-syndromes-de-stress-post-traumatique\/\",\"url\":\"https:\/\/ozinzen.com\/blog\/traumatismes-lies-a-lelection-de-trump-provoquent-de-nombreux-syndromes-de-stress-post-traumatique\/\",\"name\":\"Les traumatismes li\u00e9s \u00e0 l\u2019\u00e9lection de Trump provoquent de nombreux syndromes de stress post-traumatique - Ozinzen\",\"isPartOf\":{\"@id\":\"https:\/\/ozinzen.com\/blog\/#website\"},\"primaryImageOfPage\":{\"@id\":\"https:\/\/ozinzen.com\/blog\/traumatismes-lies-a-lelection-de-trump-provoquent-de-nombreux-syndromes-de-stress-post-traumatique\/#primaryimage\"},\"image\":{\"@id\":\"https:\/\/ozinzen.com\/blog\/traumatismes-lies-a-lelection-de-trump-provoquent-de-nombreux-syndromes-de-stress-post-traumatique\/#primaryimage\"},\"thumbnailUrl\":\"https:\/\/ozinzen.com\/blog\/wp-content\/uploads\/2016\/11\/trump-noir-et-blanc.jpg\",\"datePublished\":\"2016-11-12T17:18:19+00:00\",\"dateModified\":\"2016-11-12T17:19:39+00:00\",\"description\":\"Martyre\u00a0de cette \u00e9lection, elle \u00e9crit une lettre ouverte aux\u00a0haineux\u00a0intol\u00e9rants qui ont vot\u00e9 pour ce monstre : Cher ami qui a vot\u00e9 pour que Donald Trump\",\"breadcrumb\":{\"@id\":\"https:\/\/ozinzen.com\/blog\/traumatismes-lies-a-lelection-de-trump-provoquent-de-nombreux-syndromes-de-stress-post-traumatique\/#breadcrumb\"},\"inLanguage\":\"fr-FR\",\"potentialAction\":[{\"@type\":\"ReadAction\",\"target\":[\"https:\/\/ozinzen.com\/blog\/traumatismes-lies-a-lelection-de-trump-provoquent-de-nombreux-syndromes-de-stress-post-traumatique\/\"]}]},{\"@type\":\"ImageObject\",\"inLanguage\":\"fr-FR\",\"@id\":\"https:\/\/ozinzen.com\/blog\/traumatismes-lies-a-lelection-de-trump-provoquent-de-nombreux-syndromes-de-stress-post-traumatique\/#primaryimage\",\"url\":\"https:\/\/ozinzen.com\/blog\/wp-content\/uploads\/2016\/11\/trump-noir-et-blanc.jpg\",\"contentUrl\":\"https:\/\/ozinzen.com\/blog\/wp-content\/uploads\/2016\/11\/trump-noir-et-blanc.jpg\",\"width\":820,\"height\":546,\"caption\":\"trump-noir-et-blanc\"},{\"@type\":\"BreadcrumbList\",\"@id\":\"https:\/\/ozinzen.com\/blog\/traumatismes-lies-a-lelection-de-trump-provoquent-de-nombreux-syndromes-de-stress-post-traumatique\/#breadcrumb\",\"itemListElement\":[{\"@type\":\"ListItem\",\"position\":1,\"name\":\"Accueil\",\"item\":\"https:\/\/ozinzen.com\/blog\/\"},{\"@type\":\"ListItem\",\"position\":2,\"name\":\"Les traumatismes li\u00e9s \u00e0 l\u2019\u00e9lection de Trump provoquent de nombreux syndromes de stress post-traumatique\"}]},{\"@type\":\"WebSite\",\"@id\":\"https:\/\/ozinzen.com\/blog\/#website\",\"url\":\"https:\/\/ozinzen.com\/blog\/\",\"name\":\"Ozinzen\",\"description\":\"Mode de vie et sant\u00e9\",\"publisher\":{\"@id\":\"https:\/\/ozinzen.com\/blog\/#organization\"},\"potentialAction\":[{\"@type\":\"SearchAction\",\"target\":{\"@type\":\"EntryPoint\",\"urlTemplate\":\"https:\/\/ozinzen.com\/blog\/?s={search_term_string}\"},\"query-input\":{\"@type\":\"PropertyValueSpecification\",\"valueRequired\":true,\"valueName\":\"search_term_string\"}}],\"inLanguage\":\"fr-FR\"},{\"@type\":\"Organization\",\"@id\":\"https:\/\/ozinzen.com\/blog\/#organization\",\"name\":\"Ozinzen\",\"url\":\"https:\/\/ozinzen.com\/blog\/\",\"logo\":{\"@type\":\"ImageObject\",\"inLanguage\":\"fr-FR\",\"@id\":\"https:\/\/ozinzen.com\/blog\/#\/schema\/logo\/image\/\",\"url\":\"https:\/\/ozinzen.com\/blog\/wp-content\/uploads\/2023\/01\/ozinzen.png\",\"contentUrl\":\"https:\/\/ozinzen.com\/blog\/wp-content\/uploads\/2023\/01\/ozinzen.png\",\"width\":64,\"height\":64,\"caption\":\"Ozinzen\"},\"image\":{\"@id\":\"https:\/\/ozinzen.com\/blog\/#\/schema\/logo\/image\/\"},\"sameAs\":[\"https:\/\/x.com\/ozinzen\"]},{\"@type\":\"Person\",\"@id\":\"https:\/\/ozinzen.com\/blog\/#\/schema\/person\/c3f9b942ea7cfc90188ae840a2cf2fb1\",\"name\":\"Marc Sigrist\",\"image\":{\"@type\":\"ImageObject\",\"inLanguage\":\"fr-FR\",\"@id\":\"https:\/\/ozinzen.com\/blog\/#\/schema\/person\/image\/\",\"url\":\"https:\/\/secure.gravatar.com\/avatar\/187f82243f15c243b39ac53fcbd3ac6ae072d40425f7b43c2878b6fb120dbb31?s=96&d=mm&r=g\",\"contentUrl\":\"https:\/\/secure.gravatar.com\/avatar\/187f82243f15c243b39ac53fcbd3ac6ae072d40425f7b43c2878b6fb120dbb31?s=96&d=mm&r=g\",\"caption\":\"Marc Sigrist\"}}]}<\/script>\n<!-- \/ Yoast SEO plugin. -->","yoast_head_json":{"title":"Les traumatismes li\u00e9s \u00e0 l\u2019\u00e9lection de Trump provoquent de nombreux syndromes de stress post-traumatique - Ozinzen","description":"Martyre\u00a0de cette \u00e9lection, elle \u00e9crit une lettre ouverte aux\u00a0haineux\u00a0intol\u00e9rants qui ont vot\u00e9 pour ce monstre : Cher ami qui a vot\u00e9 pour que Donald Trump","robots":{"index":"index","follow":"follow","max-snippet":"max-snippet:-1","max-image-preview":"max-image-preview:large","max-video-preview":"max-video-preview:-1"},"canonical":"https:\/\/ozinzen.com\/blog\/traumatismes-lies-a-lelection-de-trump-provoquent-de-nombreux-syndromes-de-stress-post-traumatique\/","og_locale":"fr_FR","og_type":"article","og_title":"Les traumatismes li\u00e9s \u00e0 l\u2019\u00e9lection de Trump provoquent de nombreux syndromes de stress post-traumatique - Ozinzen","og_description":"Martyre\u00a0de cette \u00e9lection, elle \u00e9crit une lettre ouverte aux\u00a0haineux\u00a0intol\u00e9rants qui ont vot\u00e9 pour ce monstre : Cher ami qui a vot\u00e9 pour que Donald Trump","og_url":"https:\/\/ozinzen.com\/blog\/traumatismes-lies-a-lelection-de-trump-provoquent-de-nombreux-syndromes-de-stress-post-traumatique\/","og_site_name":"Ozinzen","article_published_time":"2016-11-12T17:18:19+00:00","article_modified_time":"2016-11-12T17:19:39+00:00","og_image":[{"width":820,"height":546,"url":"https:\/\/ozinzen.com\/blog\/wp-content\/uploads\/2016\/11\/trump-noir-et-blanc.jpg","type":"image\/jpeg"}],"author":"Marc Sigrist","twitter_card":"summary_large_image","twitter_creator":"@ozinzen","twitter_site":"@ozinzen","twitter_misc":{"\u00c9crit par":"Marc Sigrist","Dur\u00e9e de lecture estim\u00e9e":"3 minutes"},"schema":{"@context":"https:\/\/schema.org","@graph":[{"@type":"Article","@id":"https:\/\/ozinzen.com\/blog\/traumatismes-lies-a-lelection-de-trump-provoquent-de-nombreux-syndromes-de-stress-post-traumatique\/#article","isPartOf":{"@id":"https:\/\/ozinzen.com\/blog\/traumatismes-lies-a-lelection-de-trump-provoquent-de-nombreux-syndromes-de-stress-post-traumatique\/"},"author":{"name":"Marc Sigrist","@id":"https:\/\/ozinzen.com\/blog\/#\/schema\/person\/c3f9b942ea7cfc90188ae840a2cf2fb1"},"headline":"Les traumatismes li\u00e9s \u00e0 l\u2019\u00e9lection de Trump provoquent de nombreux syndromes de stress post-traumatique","datePublished":"2016-11-12T17:18:19+00:00","dateModified":"2016-11-12T17:19:39+00:00","mainEntityOfPage":{"@id":"https:\/\/ozinzen.com\/blog\/traumatismes-lies-a-lelection-de-trump-provoquent-de-nombreux-syndromes-de-stress-post-traumatique\/"},"wordCount":585,"commentCount":0,"publisher":{"@id":"https:\/\/ozinzen.com\/blog\/#organization"},"image":{"@id":"https:\/\/ozinzen.com\/blog\/traumatismes-lies-a-lelection-de-trump-provoquent-de-nombreux-syndromes-de-stress-post-traumatique\/#primaryimage"},"thumbnailUrl":"https:\/\/ozinzen.com\/blog\/wp-content\/uploads\/2016\/11\/trump-noir-et-blanc.jpg","articleSection":["Soci\u00e9t\u00e9"],"inLanguage":"fr-FR"},{"@type":"WebPage","@id":"https:\/\/ozinzen.com\/blog\/traumatismes-lies-a-lelection-de-trump-provoquent-de-nombreux-syndromes-de-stress-post-traumatique\/","url":"https:\/\/ozinzen.com\/blog\/traumatismes-lies-a-lelection-de-trump-provoquent-de-nombreux-syndromes-de-stress-post-traumatique\/","name":"Les traumatismes li\u00e9s \u00e0 l\u2019\u00e9lection de Trump provoquent de nombreux syndromes de stress post-traumatique - Ozinzen","isPartOf":{"@id":"https:\/\/ozinzen.com\/blog\/#website"},"primaryImageOfPage":{"@id":"https:\/\/ozinzen.com\/blog\/traumatismes-lies-a-lelection-de-trump-provoquent-de-nombreux-syndromes-de-stress-post-traumatique\/#primaryimage"},"image":{"@id":"https:\/\/ozinzen.com\/blog\/traumatismes-lies-a-lelection-de-trump-provoquent-de-nombreux-syndromes-de-stress-post-traumatique\/#primaryimage"},"thumbnailUrl":"https:\/\/ozinzen.com\/blog\/wp-content\/uploads\/2016\/11\/trump-noir-et-blanc.jpg","datePublished":"2016-11-12T17:18:19+00:00","dateModified":"2016-11-12T17:19:39+00:00","description":"Martyre\u00a0de cette \u00e9lection, elle \u00e9crit une lettre ouverte aux\u00a0haineux\u00a0intol\u00e9rants qui ont vot\u00e9 pour ce monstre : Cher ami qui a vot\u00e9 pour que Donald Trump","breadcrumb":{"@id":"https:\/\/ozinzen.com\/blog\/traumatismes-lies-a-lelection-de-trump-provoquent-de-nombreux-syndromes-de-stress-post-traumatique\/#breadcrumb"},"inLanguage":"fr-FR","potentialAction":[{"@type":"ReadAction","target":["https:\/\/ozinzen.com\/blog\/traumatismes-lies-a-lelection-de-trump-provoquent-de-nombreux-syndromes-de-stress-post-traumatique\/"]}]},{"@type":"ImageObject","inLanguage":"fr-FR","@id":"https:\/\/ozinzen.com\/blog\/traumatismes-lies-a-lelection-de-trump-provoquent-de-nombreux-syndromes-de-stress-post-traumatique\/#primaryimage","url":"https:\/\/ozinzen.com\/blog\/wp-content\/uploads\/2016\/11\/trump-noir-et-blanc.jpg","contentUrl":"https:\/\/ozinzen.com\/blog\/wp-content\/uploads\/2016\/11\/trump-noir-et-blanc.jpg","width":820,"height":546,"caption":"trump-noir-et-blanc"},{"@type":"BreadcrumbList","@id":"https:\/\/ozinzen.com\/blog\/traumatismes-lies-a-lelection-de-trump-provoquent-de-nombreux-syndromes-de-stress-post-traumatique\/#breadcrumb","itemListElement":[{"@type":"ListItem","position":1,"name":"Accueil","item":"https:\/\/ozinzen.com\/blog\/"},{"@type":"ListItem","position":2,"name":"Les traumatismes li\u00e9s \u00e0 l\u2019\u00e9lection de Trump provoquent de nombreux syndromes de stress post-traumatique"}]},{"@type":"WebSite","@id":"https:\/\/ozinzen.com\/blog\/#website","url":"https:\/\/ozinzen.com\/blog\/","name":"Ozinzen","description":"Mode de vie et sant\u00e9","publisher":{"@id":"https:\/\/ozinzen.com\/blog\/#organization"},"potentialAction":[{"@type":"SearchAction","target":{"@type":"EntryPoint","urlTemplate":"https:\/\/ozinzen.com\/blog\/?s={search_term_string}"},"query-input":{"@type":"PropertyValueSpecification","valueRequired":true,"valueName":"search_term_string"}}],"inLanguage":"fr-FR"},{"@type":"Organization","@id":"https:\/\/ozinzen.com\/blog\/#organization","name":"Ozinzen","url":"https:\/\/ozinzen.com\/blog\/","logo":{"@type":"ImageObject","inLanguage":"fr-FR","@id":"https:\/\/ozinzen.com\/blog\/#\/schema\/logo\/image\/","url":"https:\/\/ozinzen.com\/blog\/wp-content\/uploads\/2023\/01\/ozinzen.png","contentUrl":"https:\/\/ozinzen.com\/blog\/wp-content\/uploads\/2023\/01\/ozinzen.png","width":64,"height":64,"caption":"Ozinzen"},"image":{"@id":"https:\/\/ozinzen.com\/blog\/#\/schema\/logo\/image\/"},"sameAs":["https:\/\/x.com\/ozinzen"]},{"@type":"Person","@id":"https:\/\/ozinzen.com\/blog\/#\/schema\/person\/c3f9b942ea7cfc90188ae840a2cf2fb1","name":"Marc Sigrist","image":{"@type":"ImageObject","inLanguage":"fr-FR","@id":"https:\/\/ozinzen.com\/blog\/#\/schema\/person\/image\/","url":"https:\/\/secure.gravatar.com\/avatar\/187f82243f15c243b39ac53fcbd3ac6ae072d40425f7b43c2878b6fb120dbb31?s=96&d=mm&r=g","contentUrl":"https:\/\/secure.gravatar.com\/avatar\/187f82243f15c243b39ac53fcbd3ac6ae072d40425f7b43c2878b6fb120dbb31?s=96&d=mm&r=g","caption":"Marc Sigrist"}}]}},"amp_enabled":true,"_links":{"self":[{"href":"https:\/\/ozinzen.com\/blog\/wp-json\/wp\/v2\/posts\/7182","targetHints":{"allow":["GET"]}}],"collection":[{"href":"https:\/\/ozinzen.com\/blog\/wp-json\/wp\/v2\/posts"}],"about":[{"href":"https:\/\/ozinzen.com\/blog\/wp-json\/wp\/v2\/types\/post"}],"author":[{"embeddable":true,"href":"https:\/\/ozinzen.com\/blog\/wp-json\/wp\/v2\/users\/2"}],"replies":[{"embeddable":true,"href":"https:\/\/ozinzen.com\/blog\/wp-json\/wp\/v2\/comments?post=7182"}],"version-history":[{"count":5,"href":"https:\/\/ozinzen.com\/blog\/wp-json\/wp\/v2\/posts\/7182\/revisions"}],"predecessor-version":[{"id":7188,"href":"https:\/\/ozinzen.com\/blog\/wp-json\/wp\/v2\/posts\/7182\/revisions\/7188"}],"wp:featuredmedia":[{"embeddable":true,"href":"https:\/\/ozinzen.com\/blog\/wp-json\/wp\/v2\/media\/7183"}],"wp:attachment":[{"href":"https:\/\/ozinzen.com\/blog\/wp-json\/wp\/v2\/media?parent=7182"}],"wp:term":[{"taxonomy":"category","embeddable":true,"href":"https:\/\/ozinzen.com\/blog\/wp-json\/wp\/v2\/categories?post=7182"},{"taxonomy":"post_tag","embeddable":true,"href":"https:\/\/ozinzen.com\/blog\/wp-json\/wp\/v2\/tags?post=7182"}],"curies":[{"name":"wp","href":"https:\/\/api.w.org\/{rel}","templated":true}]}}