{"id":7618,"date":"2017-04-18T22:26:29","date_gmt":"2017-04-18T20:26:29","guid":{"rendered":"http:\/\/ozinzen.com\/blog\/?p=7618"},"modified":"2017-04-28T11:31:19","modified_gmt":"2017-04-28T09:31:19","slug":"facebook-utiliser-limage-de-vos-enfants-a-fins-publicitaires","status":"publish","type":"post","link":"https:\/\/ozinzen.com\/blog\/facebook-utiliser-limage-de-vos-enfants-a-fins-publicitaires\/","title":{"rendered":"Facebook peut utiliser l\u2019image de vos enfants \u00e0 des fins publicitaires"},"content":{"rendered":"<p><a href=\"http:\/\/ozinzen.com\/blog\/wp-content\/uploads\/2017\/04\/Facebook.jpg\"><img loading=\"lazy\" decoding=\"async\" class=\"alignnone size-full wp-image-7620\" src=\"http:\/\/ozinzen.com\/blog\/wp-content\/uploads\/2017\/04\/Facebook.jpg\" alt=\"facebook\" width=\"730\" height=\"399\" srcset=\"https:\/\/ozinzen.com\/blog\/wp-content\/uploads\/2017\/04\/Facebook.jpg 730w, https:\/\/ozinzen.com\/blog\/wp-content\/uploads\/2017\/04\/Facebook-300x164.jpg 300w\" sizes=\"auto, (max-width: 730px) 100vw, 730px\" \/><\/a><\/p>\n<p><span style=\"color: #000000;\"><strong>Facebook<\/strong> ce n&rsquo;est pas que des vid\u00e9os de meurtre diffus\u00e9es en direct.<\/span><\/p>\n<p><span style=\"color: #000000;\">Lorsque l\u2019on se cr\u00e9e un profil Facebook, les donn\u00e9es que nous transmettons deviennent la propri\u00e9t\u00e9 de l\u2019entreprise. Le r\u00e9seau social peut l\u00e9galement utiliser les photos \u00e0 des fins publicitaires.<\/span><!--more--><br \/>\n<span style=\"color: #000000;\">Vous autorisez donc Facebook \u00e0 \u00eatre r\u00e9mun\u00e9r\u00e9 par une entreprise pour afficher votre nom ou vos photos sans qu\u2019il ne vous verse aucun d\u00e9dommagement. Ce qui peut-\u00eatre un choix assum\u00e9 lorsqu\u2019ils s\u2019agit de vos photos. Moins lorsque ce sont les photos de jeunes enfants. Par ailleurs, les photos que vous postez peuvent \u00eatre une mine d\u2019informations pour les envois de publicit\u00e9s cibl\u00e9es : lieu d\u2019habitation, choix vestimentaires, lieu des vacances\u2026<\/span><\/p>\n<p><span style=\"color: #000000;\">La Commission nationale de l\u2019informatique et des libert\u00e9s (CNIL) conseille de \u00ab tagger \u00bb (identifier) les images avec mod\u00e9ration. La chercheuse Fatima Azziz, qui travaille sur la repr\u00e9sentation num\u00e9rique, d\u00e9crit le comportement vigilant qu\u2019il faudrait, en tant que parents, adopter :<\/span><br \/>\n<span style=\"color: #000000;\"> \u00ab Partager les photos dans un cercle priv\u00e9 en changeant les param\u00e8tres de confidentialit\u00e9, ne pas les \u201ctagger\u201d pour \u00e9viter une trop grande visibilit\u00e9, ne pas accompagner les photos d\u2019adresses et publier des photos lambda. \u00bb<\/span><\/p>\n<p><a href=\"http:\/\/www.lemonde.fr\/big-browser\/article\/2017\/04\/18\/a-quel-point-publier-des-photos-de-ses-enfants-sur-facebook-est-il-dangereux_5113202_4832693.html\" target=\"_blank\" rel=\"noopener noreferrer\"><strong>Lire la suite sur lemonde.fr<\/strong><\/a><\/p>\n","protected":false},"excerpt":{"rendered":"<p>Facebook ce n&rsquo;est pas que des vid\u00e9os de meurtre diffus\u00e9es en direct. Lorsque l\u2019on se cr\u00e9e un profil Facebook, les donn\u00e9es que nous transmettons deviennent la propri\u00e9t\u00e9 de l\u2019entreprise. Le r\u00e9seau social peut l\u00e9galement utiliser les photos \u00e0 des fins publicitaires.<\/p>\n","protected":false},"author":2,"featured_media":7459,"comment_status":"closed","ping_status":"closed","sticky":false,"template":"","format":"standard","meta":{"_genesis_hide_title":false,"_genesis_hide_breadcrumbs":false,"_genesis_hide_singular_image":false,"_genesis_hide_footer_widgets":false,"_genesis_custom_body_class":"","_genesis_custom_post_class":"","_genesis_layout":"","footnotes":""},"categories":[55],"tags":[],"class_list":{"0":"post-7618","1":"post","2":"type-post","3":"status-publish","4":"format-standard","5":"has-post-thumbnail","7":"category-societe","8":"entry"},"yoast_head":"<!-- This site is optimized with the Yoast SEO plugin v27.1.1 - https:\/\/yoast.com\/product\/yoast-seo-wordpress\/ -->\n<title>Facebook peut utiliser l\u2019image de vos enfants \u00e0 des fins publicitaires - Ozinzen<\/title>\n<meta name=\"description\" content=\"Facebook ce n&#039;est pas que des vid\u00e9os de meurtre diffus\u00e9es en direct. Lorsque l\u2019on se cr\u00e9e un profil Facebook, les donn\u00e9es que nous transmettons deviennent\" \/>\n<meta name=\"robots\" content=\"index, follow, max-snippet:-1, max-image-preview:large, max-video-preview:-1\" \/>\n<link rel=\"canonical\" href=\"https:\/\/ozinzen.com\/blog\/facebook-utiliser-limage-de-vos-enfants-a-fins-publicitaires\/\" \/>\n<meta property=\"og:locale\" content=\"fr_FR\" \/>\n<meta property=\"og:type\" content=\"article\" \/>\n<meta property=\"og:title\" content=\"Facebook peut utiliser l\u2019image de vos enfants \u00e0 des fins publicitaires - Ozinzen\" \/>\n<meta property=\"og:description\" content=\"Facebook ce n&#039;est pas que des vid\u00e9os de meurtre diffus\u00e9es en direct. Lorsque l\u2019on se cr\u00e9e un profil Facebook, les donn\u00e9es que nous transmettons deviennent\" \/>\n<meta property=\"og:url\" content=\"https:\/\/ozinzen.com\/blog\/facebook-utiliser-limage-de-vos-enfants-a-fins-publicitaires\/\" \/>\n<meta property=\"og:site_name\" content=\"Ozinzen\" \/>\n<meta property=\"article:published_time\" content=\"2017-04-18T20:26:29+00:00\" \/>\n<meta property=\"article:modified_time\" content=\"2017-04-28T09:31:19+00:00\" \/>\n<meta property=\"og:image\" content=\"https:\/\/ozinzen.com\/blog\/wp-content\/uploads\/2017\/02\/facebook.jpg\" \/>\n\t<meta property=\"og:image:width\" content=\"638\" \/>\n\t<meta property=\"og:image:height\" content=\"359\" \/>\n\t<meta property=\"og:image:type\" content=\"image\/jpeg\" \/>\n<meta name=\"author\" content=\"Marc Sigrist\" \/>\n<meta name=\"twitter:card\" content=\"summary_large_image\" \/>\n<meta name=\"twitter:creator\" content=\"@ozinzen\" \/>\n<meta name=\"twitter:site\" content=\"@ozinzen\" \/>\n<meta name=\"twitter:label1\" content=\"\u00c9crit par\" \/>\n\t<meta name=\"twitter:data1\" content=\"Marc Sigrist\" \/>\n\t<meta name=\"twitter:label2\" content=\"Dur\u00e9e de lecture estim\u00e9e\" \/>\n\t<meta name=\"twitter:data2\" content=\"1 minute\" \/>\n<script type=\"application\/ld+json\" class=\"yoast-schema-graph\">{\"@context\":\"https:\/\/schema.org\",\"@graph\":[{\"@type\":\"Article\",\"@id\":\"https:\/\/ozinzen.com\/blog\/facebook-utiliser-limage-de-vos-enfants-a-fins-publicitaires\/#article\",\"isPartOf\":{\"@id\":\"https:\/\/ozinzen.com\/blog\/facebook-utiliser-limage-de-vos-enfants-a-fins-publicitaires\/\"},\"author\":{\"name\":\"Marc Sigrist\",\"@id\":\"https:\/\/ozinzen.com\/blog\/#\/schema\/person\/c3f9b942ea7cfc90188ae840a2cf2fb1\"},\"headline\":\"Facebook peut utiliser l\u2019image de vos enfants \u00e0 des fins publicitaires\",\"datePublished\":\"2017-04-18T20:26:29+00:00\",\"dateModified\":\"2017-04-28T09:31:19+00:00\",\"mainEntityOfPage\":{\"@id\":\"https:\/\/ozinzen.com\/blog\/facebook-utiliser-limage-de-vos-enfants-a-fins-publicitaires\/\"},\"wordCount\":226,\"publisher\":{\"@id\":\"https:\/\/ozinzen.com\/blog\/#organization\"},\"image\":{\"@id\":\"https:\/\/ozinzen.com\/blog\/facebook-utiliser-limage-de-vos-enfants-a-fins-publicitaires\/#primaryimage\"},\"thumbnailUrl\":\"https:\/\/ozinzen.com\/blog\/wp-content\/uploads\/2017\/02\/facebook.jpg\",\"articleSection\":[\"Soci\u00e9t\u00e9\"],\"inLanguage\":\"fr-FR\"},{\"@type\":\"WebPage\",\"@id\":\"https:\/\/ozinzen.com\/blog\/facebook-utiliser-limage-de-vos-enfants-a-fins-publicitaires\/\",\"url\":\"https:\/\/ozinzen.com\/blog\/facebook-utiliser-limage-de-vos-enfants-a-fins-publicitaires\/\",\"name\":\"Facebook peut utiliser l\u2019image de vos enfants \u00e0 des fins publicitaires - Ozinzen\",\"isPartOf\":{\"@id\":\"https:\/\/ozinzen.com\/blog\/#website\"},\"primaryImageOfPage\":{\"@id\":\"https:\/\/ozinzen.com\/blog\/facebook-utiliser-limage-de-vos-enfants-a-fins-publicitaires\/#primaryimage\"},\"image\":{\"@id\":\"https:\/\/ozinzen.com\/blog\/facebook-utiliser-limage-de-vos-enfants-a-fins-publicitaires\/#primaryimage\"},\"thumbnailUrl\":\"https:\/\/ozinzen.com\/blog\/wp-content\/uploads\/2017\/02\/facebook.jpg\",\"datePublished\":\"2017-04-18T20:26:29+00:00\",\"dateModified\":\"2017-04-28T09:31:19+00:00\",\"description\":\"Facebook ce n'est pas que des vid\u00e9os de meurtre diffus\u00e9es en direct. Lorsque l\u2019on se cr\u00e9e un profil Facebook, les donn\u00e9es que nous transmettons deviennent\",\"breadcrumb\":{\"@id\":\"https:\/\/ozinzen.com\/blog\/facebook-utiliser-limage-de-vos-enfants-a-fins-publicitaires\/#breadcrumb\"},\"inLanguage\":\"fr-FR\",\"potentialAction\":[{\"@type\":\"ReadAction\",\"target\":[\"https:\/\/ozinzen.com\/blog\/facebook-utiliser-limage-de-vos-enfants-a-fins-publicitaires\/\"]}]},{\"@type\":\"ImageObject\",\"inLanguage\":\"fr-FR\",\"@id\":\"https:\/\/ozinzen.com\/blog\/facebook-utiliser-limage-de-vos-enfants-a-fins-publicitaires\/#primaryimage\",\"url\":\"https:\/\/ozinzen.com\/blog\/wp-content\/uploads\/2017\/02\/facebook.jpg\",\"contentUrl\":\"https:\/\/ozinzen.com\/blog\/wp-content\/uploads\/2017\/02\/facebook.jpg\",\"width\":638,\"height\":359,\"caption\":\"facebook\"},{\"@type\":\"BreadcrumbList\",\"@id\":\"https:\/\/ozinzen.com\/blog\/facebook-utiliser-limage-de-vos-enfants-a-fins-publicitaires\/#breadcrumb\",\"itemListElement\":[{\"@type\":\"ListItem\",\"position\":1,\"name\":\"Accueil\",\"item\":\"https:\/\/ozinzen.com\/blog\/\"},{\"@type\":\"ListItem\",\"position\":2,\"name\":\"Facebook peut utiliser l\u2019image de vos enfants \u00e0 des fins publicitaires\"}]},{\"@type\":\"WebSite\",\"@id\":\"https:\/\/ozinzen.com\/blog\/#website\",\"url\":\"https:\/\/ozinzen.com\/blog\/\",\"name\":\"Ozinzen\",\"description\":\"Mode de vie et sant\u00e9\",\"publisher\":{\"@id\":\"https:\/\/ozinzen.com\/blog\/#organization\"},\"potentialAction\":[{\"@type\":\"SearchAction\",\"target\":{\"@type\":\"EntryPoint\",\"urlTemplate\":\"https:\/\/ozinzen.com\/blog\/?s={search_term_string}\"},\"query-input\":{\"@type\":\"PropertyValueSpecification\",\"valueRequired\":true,\"valueName\":\"search_term_string\"}}],\"inLanguage\":\"fr-FR\"},{\"@type\":\"Organization\",\"@id\":\"https:\/\/ozinzen.com\/blog\/#organization\",\"name\":\"Ozinzen\",\"url\":\"https:\/\/ozinzen.com\/blog\/\",\"logo\":{\"@type\":\"ImageObject\",\"inLanguage\":\"fr-FR\",\"@id\":\"https:\/\/ozinzen.com\/blog\/#\/schema\/logo\/image\/\",\"url\":\"https:\/\/ozinzen.com\/blog\/wp-content\/uploads\/2023\/01\/ozinzen.png\",\"contentUrl\":\"https:\/\/ozinzen.com\/blog\/wp-content\/uploads\/2023\/01\/ozinzen.png\",\"width\":64,\"height\":64,\"caption\":\"Ozinzen\"},\"image\":{\"@id\":\"https:\/\/ozinzen.com\/blog\/#\/schema\/logo\/image\/\"},\"sameAs\":[\"https:\/\/x.com\/ozinzen\"]},{\"@type\":\"Person\",\"@id\":\"https:\/\/ozinzen.com\/blog\/#\/schema\/person\/c3f9b942ea7cfc90188ae840a2cf2fb1\",\"name\":\"Marc Sigrist\",\"image\":{\"@type\":\"ImageObject\",\"inLanguage\":\"fr-FR\",\"@id\":\"https:\/\/ozinzen.com\/blog\/#\/schema\/person\/image\/\",\"url\":\"https:\/\/secure.gravatar.com\/avatar\/187f82243f15c243b39ac53fcbd3ac6ae072d40425f7b43c2878b6fb120dbb31?s=96&d=mm&r=g\",\"contentUrl\":\"https:\/\/secure.gravatar.com\/avatar\/187f82243f15c243b39ac53fcbd3ac6ae072d40425f7b43c2878b6fb120dbb31?s=96&d=mm&r=g\",\"caption\":\"Marc Sigrist\"}}]}<\/script>\n<!-- \/ Yoast SEO plugin. -->","yoast_head_json":{"title":"Facebook peut utiliser l\u2019image de vos enfants \u00e0 des fins publicitaires - Ozinzen","description":"Facebook ce n'est pas que des vid\u00e9os de meurtre diffus\u00e9es en direct. Lorsque l\u2019on se cr\u00e9e un profil Facebook, les donn\u00e9es que nous transmettons deviennent","robots":{"index":"index","follow":"follow","max-snippet":"max-snippet:-1","max-image-preview":"max-image-preview:large","max-video-preview":"max-video-preview:-1"},"canonical":"https:\/\/ozinzen.com\/blog\/facebook-utiliser-limage-de-vos-enfants-a-fins-publicitaires\/","og_locale":"fr_FR","og_type":"article","og_title":"Facebook peut utiliser l\u2019image de vos enfants \u00e0 des fins publicitaires - Ozinzen","og_description":"Facebook ce n'est pas que des vid\u00e9os de meurtre diffus\u00e9es en direct. Lorsque l\u2019on se cr\u00e9e un profil Facebook, les donn\u00e9es que nous transmettons deviennent","og_url":"https:\/\/ozinzen.com\/blog\/facebook-utiliser-limage-de-vos-enfants-a-fins-publicitaires\/","og_site_name":"Ozinzen","article_published_time":"2017-04-18T20:26:29+00:00","article_modified_time":"2017-04-28T09:31:19+00:00","og_image":[{"width":638,"height":359,"url":"https:\/\/ozinzen.com\/blog\/wp-content\/uploads\/2017\/02\/facebook.jpg","type":"image\/jpeg"}],"author":"Marc Sigrist","twitter_card":"summary_large_image","twitter_creator":"@ozinzen","twitter_site":"@ozinzen","twitter_misc":{"\u00c9crit par":"Marc Sigrist","Dur\u00e9e de lecture estim\u00e9e":"1 minute"},"schema":{"@context":"https:\/\/schema.org","@graph":[{"@type":"Article","@id":"https:\/\/ozinzen.com\/blog\/facebook-utiliser-limage-de-vos-enfants-a-fins-publicitaires\/#article","isPartOf":{"@id":"https:\/\/ozinzen.com\/blog\/facebook-utiliser-limage-de-vos-enfants-a-fins-publicitaires\/"},"author":{"name":"Marc Sigrist","@id":"https:\/\/ozinzen.com\/blog\/#\/schema\/person\/c3f9b942ea7cfc90188ae840a2cf2fb1"},"headline":"Facebook peut utiliser l\u2019image de vos enfants \u00e0 des fins publicitaires","datePublished":"2017-04-18T20:26:29+00:00","dateModified":"2017-04-28T09:31:19+00:00","mainEntityOfPage":{"@id":"https:\/\/ozinzen.com\/blog\/facebook-utiliser-limage-de-vos-enfants-a-fins-publicitaires\/"},"wordCount":226,"publisher":{"@id":"https:\/\/ozinzen.com\/blog\/#organization"},"image":{"@id":"https:\/\/ozinzen.com\/blog\/facebook-utiliser-limage-de-vos-enfants-a-fins-publicitaires\/#primaryimage"},"thumbnailUrl":"https:\/\/ozinzen.com\/blog\/wp-content\/uploads\/2017\/02\/facebook.jpg","articleSection":["Soci\u00e9t\u00e9"],"inLanguage":"fr-FR"},{"@type":"WebPage","@id":"https:\/\/ozinzen.com\/blog\/facebook-utiliser-limage-de-vos-enfants-a-fins-publicitaires\/","url":"https:\/\/ozinzen.com\/blog\/facebook-utiliser-limage-de-vos-enfants-a-fins-publicitaires\/","name":"Facebook peut utiliser l\u2019image de vos enfants \u00e0 des fins publicitaires - Ozinzen","isPartOf":{"@id":"https:\/\/ozinzen.com\/blog\/#website"},"primaryImageOfPage":{"@id":"https:\/\/ozinzen.com\/blog\/facebook-utiliser-limage-de-vos-enfants-a-fins-publicitaires\/#primaryimage"},"image":{"@id":"https:\/\/ozinzen.com\/blog\/facebook-utiliser-limage-de-vos-enfants-a-fins-publicitaires\/#primaryimage"},"thumbnailUrl":"https:\/\/ozinzen.com\/blog\/wp-content\/uploads\/2017\/02\/facebook.jpg","datePublished":"2017-04-18T20:26:29+00:00","dateModified":"2017-04-28T09:31:19+00:00","description":"Facebook ce n'est pas que des vid\u00e9os de meurtre diffus\u00e9es en direct. Lorsque l\u2019on se cr\u00e9e un profil Facebook, les donn\u00e9es que nous transmettons deviennent","breadcrumb":{"@id":"https:\/\/ozinzen.com\/blog\/facebook-utiliser-limage-de-vos-enfants-a-fins-publicitaires\/#breadcrumb"},"inLanguage":"fr-FR","potentialAction":[{"@type":"ReadAction","target":["https:\/\/ozinzen.com\/blog\/facebook-utiliser-limage-de-vos-enfants-a-fins-publicitaires\/"]}]},{"@type":"ImageObject","inLanguage":"fr-FR","@id":"https:\/\/ozinzen.com\/blog\/facebook-utiliser-limage-de-vos-enfants-a-fins-publicitaires\/#primaryimage","url":"https:\/\/ozinzen.com\/blog\/wp-content\/uploads\/2017\/02\/facebook.jpg","contentUrl":"https:\/\/ozinzen.com\/blog\/wp-content\/uploads\/2017\/02\/facebook.jpg","width":638,"height":359,"caption":"facebook"},{"@type":"BreadcrumbList","@id":"https:\/\/ozinzen.com\/blog\/facebook-utiliser-limage-de-vos-enfants-a-fins-publicitaires\/#breadcrumb","itemListElement":[{"@type":"ListItem","position":1,"name":"Accueil","item":"https:\/\/ozinzen.com\/blog\/"},{"@type":"ListItem","position":2,"name":"Facebook peut utiliser l\u2019image de vos enfants \u00e0 des fins publicitaires"}]},{"@type":"WebSite","@id":"https:\/\/ozinzen.com\/blog\/#website","url":"https:\/\/ozinzen.com\/blog\/","name":"Ozinzen","description":"Mode de vie et sant\u00e9","publisher":{"@id":"https:\/\/ozinzen.com\/blog\/#organization"},"potentialAction":[{"@type":"SearchAction","target":{"@type":"EntryPoint","urlTemplate":"https:\/\/ozinzen.com\/blog\/?s={search_term_string}"},"query-input":{"@type":"PropertyValueSpecification","valueRequired":true,"valueName":"search_term_string"}}],"inLanguage":"fr-FR"},{"@type":"Organization","@id":"https:\/\/ozinzen.com\/blog\/#organization","name":"Ozinzen","url":"https:\/\/ozinzen.com\/blog\/","logo":{"@type":"ImageObject","inLanguage":"fr-FR","@id":"https:\/\/ozinzen.com\/blog\/#\/schema\/logo\/image\/","url":"https:\/\/ozinzen.com\/blog\/wp-content\/uploads\/2023\/01\/ozinzen.png","contentUrl":"https:\/\/ozinzen.com\/blog\/wp-content\/uploads\/2023\/01\/ozinzen.png","width":64,"height":64,"caption":"Ozinzen"},"image":{"@id":"https:\/\/ozinzen.com\/blog\/#\/schema\/logo\/image\/"},"sameAs":["https:\/\/x.com\/ozinzen"]},{"@type":"Person","@id":"https:\/\/ozinzen.com\/blog\/#\/schema\/person\/c3f9b942ea7cfc90188ae840a2cf2fb1","name":"Marc Sigrist","image":{"@type":"ImageObject","inLanguage":"fr-FR","@id":"https:\/\/ozinzen.com\/blog\/#\/schema\/person\/image\/","url":"https:\/\/secure.gravatar.com\/avatar\/187f82243f15c243b39ac53fcbd3ac6ae072d40425f7b43c2878b6fb120dbb31?s=96&d=mm&r=g","contentUrl":"https:\/\/secure.gravatar.com\/avatar\/187f82243f15c243b39ac53fcbd3ac6ae072d40425f7b43c2878b6fb120dbb31?s=96&d=mm&r=g","caption":"Marc Sigrist"}}]}},"amp_enabled":true,"_links":{"self":[{"href":"https:\/\/ozinzen.com\/blog\/wp-json\/wp\/v2\/posts\/7618","targetHints":{"allow":["GET"]}}],"collection":[{"href":"https:\/\/ozinzen.com\/blog\/wp-json\/wp\/v2\/posts"}],"about":[{"href":"https:\/\/ozinzen.com\/blog\/wp-json\/wp\/v2\/types\/post"}],"author":[{"embeddable":true,"href":"https:\/\/ozinzen.com\/blog\/wp-json\/wp\/v2\/users\/2"}],"replies":[{"embeddable":true,"href":"https:\/\/ozinzen.com\/blog\/wp-json\/wp\/v2\/comments?post=7618"}],"version-history":[{"count":5,"href":"https:\/\/ozinzen.com\/blog\/wp-json\/wp\/v2\/posts\/7618\/revisions"}],"predecessor-version":[{"id":7636,"href":"https:\/\/ozinzen.com\/blog\/wp-json\/wp\/v2\/posts\/7618\/revisions\/7636"}],"wp:featuredmedia":[{"embeddable":true,"href":"https:\/\/ozinzen.com\/blog\/wp-json\/wp\/v2\/media\/7459"}],"wp:attachment":[{"href":"https:\/\/ozinzen.com\/blog\/wp-json\/wp\/v2\/media?parent=7618"}],"wp:term":[{"taxonomy":"category","embeddable":true,"href":"https:\/\/ozinzen.com\/blog\/wp-json\/wp\/v2\/categories?post=7618"},{"taxonomy":"post_tag","embeddable":true,"href":"https:\/\/ozinzen.com\/blog\/wp-json\/wp\/v2\/tags?post=7618"}],"curies":[{"name":"wp","href":"https:\/\/api.w.org\/{rel}","templated":true}]}}