{"id":7737,"date":"2017-07-10T21:29:48","date_gmt":"2017-07-10T19:29:48","guid":{"rendered":"http:\/\/ozinzen.com\/blog\/?p=7737"},"modified":"2017-07-13T16:32:03","modified_gmt":"2017-07-13T14:32:03","slug":"coupe-courte-peroxydee-cest-look-tondue-tendance","status":"publish","type":"post","link":"https:\/\/ozinzen.com\/blog\/coupe-courte-peroxydee-cest-look-tondue-tendance\/","title":{"rendered":"Coupe courte peroxyd\u00e9e, c&rsquo;est le look tondue et tendance"},"content":{"rendered":"<p><a href=\"http:\/\/ozinzen.com\/blog\/wp-content\/uploads\/2017\/07\/cara-delevigne-tondue.jpg\"><img loading=\"lazy\" decoding=\"async\" class=\"alignnone size-full wp-image-7742\" src=\"http:\/\/ozinzen.com\/blog\/wp-content\/uploads\/2017\/07\/cara-delevigne-tondue.jpg\" alt=\"cara delevigne tondue\" width=\"720\" height=\"864\" srcset=\"https:\/\/ozinzen.com\/blog\/wp-content\/uploads\/2017\/07\/cara-delevigne-tondue.jpg 720w, https:\/\/ozinzen.com\/blog\/wp-content\/uploads\/2017\/07\/cara-delevigne-tondue-250x300.jpg 250w\" sizes=\"auto, (max-width: 720px) 100vw, 720px\" \/><\/a><\/p>\n<p><span style=\"color: #000000;\">Un mouton de Panurge suit b\u00eatement\u00a0ce que fait le plus grand nombre et se fond dans un mouvement collectif. L&rsquo;expression prend tout son sens avec cette mode des c\u00e9l\u00e9brit\u00e9s qui se font tondre, c\u00e9l\u00e9brit\u00e9s qui vont inspirer des troupeaux de suiveurs.<\/span><\/p>\n<p><!--more--><\/p>\n<figure id=\"attachment_7745\" aria-describedby=\"caption-attachment-7745\" style=\"width: 742px\" class=\"wp-caption alignnone\"><a href=\"http:\/\/ozinzen.com\/blog\/wp-content\/uploads\/2017\/07\/CaraDelevingne-cheveux-longs.jpg\"><img loading=\"lazy\" decoding=\"async\" class=\"wp-image-7745 size-full\" src=\"http:\/\/ozinzen.com\/blog\/wp-content\/uploads\/2017\/07\/CaraDelevingne-cheveux-longs.jpg\" alt=\"Cara+Delevingne cheveux longs\" width=\"742\" height=\"1024\" srcset=\"https:\/\/ozinzen.com\/blog\/wp-content\/uploads\/2017\/07\/CaraDelevingne-cheveux-longs.jpg 742w, https:\/\/ozinzen.com\/blog\/wp-content\/uploads\/2017\/07\/CaraDelevingne-cheveux-longs-217x300.jpg 217w\" sizes=\"auto, (max-width: 742px) 100vw, 742px\" \/><\/a><figcaption id=\"caption-attachment-7745\" class=\"wp-caption-text\"><strong>Cara Delevingne, avant<\/strong><\/figcaption><\/figure>\n<p>&nbsp;<\/p>\n<p><a href=\"http:\/\/ozinzen.com\/blog\/wp-content\/uploads\/2017\/07\/karen-gillan-cheveux-ras\u00e9s.jpg\"><img loading=\"lazy\" decoding=\"async\" class=\"alignnone size-full wp-image-7749\" src=\"http:\/\/ozinzen.com\/blog\/wp-content\/uploads\/2017\/07\/karen-gillan-cheveux-ras\u00e9s.jpg\" alt=\"karen-gillan-cheveux ras\u00e9s\" width=\"578\" height=\"300\" srcset=\"https:\/\/ozinzen.com\/blog\/wp-content\/uploads\/2017\/07\/karen-gillan-cheveux-ras\u00e9s.jpg 578w, https:\/\/ozinzen.com\/blog\/wp-content\/uploads\/2017\/07\/karen-gillan-cheveux-ras\u00e9s-300x156.jpg 300w\" sizes=\"auto, (max-width: 578px) 100vw, 578px\" \/><\/a><\/p>\n<figure id=\"attachment_7750\" aria-describedby=\"caption-attachment-7750\" style=\"width: 1042px\" class=\"wp-caption alignnone\"><a href=\"http:\/\/ozinzen.com\/blog\/wp-content\/uploads\/2017\/07\/karen-gillan-cheveux-longs.jpg\"><img loading=\"lazy\" decoding=\"async\" class=\"wp-image-7750 size-full\" src=\"http:\/\/ozinzen.com\/blog\/wp-content\/uploads\/2017\/07\/karen-gillan-cheveux-longs.jpg\" alt=\"karen-gillan-cheveux longs\" width=\"1042\" height=\"1117\" srcset=\"https:\/\/ozinzen.com\/blog\/wp-content\/uploads\/2017\/07\/karen-gillan-cheveux-longs.jpg 1042w, https:\/\/ozinzen.com\/blog\/wp-content\/uploads\/2017\/07\/karen-gillan-cheveux-longs-280x300.jpg 280w, https:\/\/ozinzen.com\/blog\/wp-content\/uploads\/2017\/07\/karen-gillan-cheveux-longs-768x823.jpg 768w, https:\/\/ozinzen.com\/blog\/wp-content\/uploads\/2017\/07\/karen-gillan-cheveux-longs-955x1024.jpg 955w\" sizes=\"auto, (max-width: 1042px) 100vw, 1042px\" \/><\/a><figcaption id=\"caption-attachment-7750\" class=\"wp-caption-text\"><strong>Karen Gillan, avant<\/strong><\/figcaption><\/figure>\n<p>&nbsp;<\/p>\n<p><a href=\"http:\/\/ozinzen.com\/blog\/wp-content\/uploads\/2017\/07\/KristenStewartcheveux-tondue.jpg\"><img loading=\"lazy\" decoding=\"async\" class=\"alignnone size-full wp-image-7751\" src=\"http:\/\/ozinzen.com\/blog\/wp-content\/uploads\/2017\/07\/KristenStewartcheveux-tondue.jpg\" alt=\"Kristen+Stewart+cheveux tondue\" width=\"690\" height=\"895\" srcset=\"https:\/\/ozinzen.com\/blog\/wp-content\/uploads\/2017\/07\/KristenStewartcheveux-tondue.jpg 690w, https:\/\/ozinzen.com\/blog\/wp-content\/uploads\/2017\/07\/KristenStewartcheveux-tondue-231x300.jpg 231w\" sizes=\"auto, (max-width: 690px) 100vw, 690px\" \/><\/a><\/p>\n<figure id=\"attachment_7752\" aria-describedby=\"caption-attachment-7752\" style=\"width: 726px\" class=\"wp-caption alignnone\"><a href=\"http:\/\/ozinzen.com\/blog\/wp-content\/uploads\/2017\/07\/KristenStewartcheveux-longs.jpg\"><img loading=\"lazy\" decoding=\"async\" class=\"wp-image-7752 size-full\" src=\"http:\/\/ozinzen.com\/blog\/wp-content\/uploads\/2017\/07\/KristenStewartcheveux-longs.jpg\" alt=\"Kristen+Stewart+cheveux longs\" width=\"726\" height=\"1024\" srcset=\"https:\/\/ozinzen.com\/blog\/wp-content\/uploads\/2017\/07\/KristenStewartcheveux-longs.jpg 726w, https:\/\/ozinzen.com\/blog\/wp-content\/uploads\/2017\/07\/KristenStewartcheveux-longs-213x300.jpg 213w\" sizes=\"auto, (max-width: 726px) 100vw, 726px\" \/><\/a><figcaption id=\"caption-attachment-7752\" class=\"wp-caption-text\"><strong>Kristen Stewart, avant<\/strong><\/figcaption><\/figure>\n<p>&nbsp;<\/p>\n<p><a href=\"http:\/\/ozinzen.com\/blog\/wp-content\/uploads\/2017\/07\/Katy_Perry_coupe-courte.jpg\"><img loading=\"lazy\" decoding=\"async\" class=\"alignnone size-full wp-image-7756\" src=\"http:\/\/ozinzen.com\/blog\/wp-content\/uploads\/2017\/07\/Katy_Perry_coupe-courte.jpg\" alt=\"Katy_Perry_coupe courte\" width=\"634\" height=\"818\" srcset=\"https:\/\/ozinzen.com\/blog\/wp-content\/uploads\/2017\/07\/Katy_Perry_coupe-courte.jpg 634w, https:\/\/ozinzen.com\/blog\/wp-content\/uploads\/2017\/07\/Katy_Perry_coupe-courte-233x300.jpg 233w\" sizes=\"auto, (max-width: 634px) 100vw, 634px\" \/><\/a><\/p>\n<figure id=\"attachment_7757\" aria-describedby=\"caption-attachment-7757\" style=\"width: 493px\" class=\"wp-caption alignnone\"><a href=\"http:\/\/ozinzen.com\/blog\/wp-content\/uploads\/2017\/07\/Katy_Perry_coupe-longue-profil.jpg\"><img loading=\"lazy\" decoding=\"async\" class=\"size-full wp-image-7757\" src=\"http:\/\/ozinzen.com\/blog\/wp-content\/uploads\/2017\/07\/Katy_Perry_coupe-longue-profil.jpg\" alt=\"Katy_Perry_coupe longue profil\" width=\"493\" height=\"594\" srcset=\"https:\/\/ozinzen.com\/blog\/wp-content\/uploads\/2017\/07\/Katy_Perry_coupe-longue-profil.jpg 493w, https:\/\/ozinzen.com\/blog\/wp-content\/uploads\/2017\/07\/Katy_Perry_coupe-longue-profil-249x300.jpg 249w\" sizes=\"auto, (max-width: 493px) 100vw, 493px\" \/><\/a><figcaption id=\"caption-attachment-7757\" class=\"wp-caption-text\"><strong>Katy Perry, avant<\/strong><\/figcaption><\/figure>\n<p>&nbsp;<\/p>\n<p><iframe loading=\"lazy\" src=\"https:\/\/www.youtube.com\/embed\/Xi4KDQsEQ-o\" width=\"560\" height=\"315\" frameborder=\"0\" allowfullscreen=\"allowfullscreen\"><\/iframe><\/p>\n","protected":false},"excerpt":{"rendered":"<p>Un mouton de Panurge suit b\u00eatement\u00a0ce que fait le plus grand nombre et se fond dans un mouvement collectif. L&rsquo;expression prend tout son sens avec cette mode des c\u00e9l\u00e9brit\u00e9s qui se font tondre, c\u00e9l\u00e9brit\u00e9s qui vont inspirer des troupeaux de suiveurs.<\/p>\n","protected":false},"author":2,"featured_media":7742,"comment_status":"closed","ping_status":"closed","sticky":false,"template":"","format":"standard","meta":{"_genesis_hide_title":false,"_genesis_hide_breadcrumbs":false,"_genesis_hide_singular_image":false,"_genesis_hide_footer_widgets":false,"_genesis_custom_body_class":"","_genesis_custom_post_class":"","_genesis_layout":"","footnotes":""},"categories":[19],"tags":[],"class_list":{"0":"post-7737","1":"post","2":"type-post","3":"status-publish","4":"format-standard","5":"has-post-thumbnail","7":"category-beaute","8":"entry"},"yoast_head":"<!-- This site is optimized with the Yoast SEO plugin v27.1.1 - https:\/\/yoast.com\/product\/yoast-seo-wordpress\/ -->\n<title>Coupe courte peroxyd\u00e9e, c&#039;est le look tondue et tendance - Ozinzen<\/title>\n<meta name=\"description\" content=\"Un mouton de Panurge suit b\u00eatement\u00a0ce que fait le plus grand nombre et se fond dans un mouvement collectif. L&#039;expression prend tout son sens avec cette\" \/>\n<meta name=\"robots\" content=\"index, follow, max-snippet:-1, max-image-preview:large, max-video-preview:-1\" \/>\n<link rel=\"canonical\" href=\"https:\/\/ozinzen.com\/blog\/coupe-courte-peroxydee-cest-look-tondue-tendance\/\" \/>\n<meta property=\"og:locale\" content=\"fr_FR\" \/>\n<meta property=\"og:type\" content=\"article\" \/>\n<meta property=\"og:title\" content=\"Coupe courte peroxyd\u00e9e, c&#039;est le look tondue et tendance - Ozinzen\" \/>\n<meta property=\"og:description\" content=\"Un mouton de Panurge suit b\u00eatement\u00a0ce que fait le plus grand nombre et se fond dans un mouvement collectif. L&#039;expression prend tout son sens avec cette\" \/>\n<meta property=\"og:url\" content=\"https:\/\/ozinzen.com\/blog\/coupe-courte-peroxydee-cest-look-tondue-tendance\/\" \/>\n<meta property=\"og:site_name\" content=\"Ozinzen\" \/>\n<meta property=\"article:published_time\" content=\"2017-07-10T19:29:48+00:00\" \/>\n<meta property=\"article:modified_time\" content=\"2017-07-13T14:32:03+00:00\" \/>\n<meta property=\"og:image\" content=\"https:\/\/ozinzen.com\/blog\/wp-content\/uploads\/2017\/07\/cara-delevigne-tondue.jpg\" \/>\n\t<meta property=\"og:image:width\" content=\"720\" \/>\n\t<meta property=\"og:image:height\" content=\"864\" \/>\n\t<meta property=\"og:image:type\" content=\"image\/jpeg\" \/>\n<meta name=\"author\" content=\"Marc Sigrist\" \/>\n<meta name=\"twitter:card\" content=\"summary_large_image\" \/>\n<meta name=\"twitter:creator\" content=\"@ozinzen\" \/>\n<meta name=\"twitter:site\" content=\"@ozinzen\" \/>\n<meta name=\"twitter:label1\" content=\"\u00c9crit par\" \/>\n\t<meta name=\"twitter:data1\" content=\"Marc Sigrist\" \/>\n<script type=\"application\/ld+json\" class=\"yoast-schema-graph\">{\"@context\":\"https:\/\/schema.org\",\"@graph\":[{\"@type\":\"Article\",\"@id\":\"https:\/\/ozinzen.com\/blog\/coupe-courte-peroxydee-cest-look-tondue-tendance\/#article\",\"isPartOf\":{\"@id\":\"https:\/\/ozinzen.com\/blog\/coupe-courte-peroxydee-cest-look-tondue-tendance\/\"},\"author\":{\"name\":\"Marc Sigrist\",\"@id\":\"https:\/\/ozinzen.com\/blog\/#\/schema\/person\/c3f9b942ea7cfc90188ae840a2cf2fb1\"},\"headline\":\"Coupe courte peroxyd\u00e9e, c&rsquo;est le look tondue et tendance\",\"datePublished\":\"2017-07-10T19:29:48+00:00\",\"dateModified\":\"2017-07-13T14:32:03+00:00\",\"mainEntityOfPage\":{\"@id\":\"https:\/\/ozinzen.com\/blog\/coupe-courte-peroxydee-cest-look-tondue-tendance\/\"},\"wordCount\":103,\"publisher\":{\"@id\":\"https:\/\/ozinzen.com\/blog\/#organization\"},\"image\":{\"@id\":\"https:\/\/ozinzen.com\/blog\/coupe-courte-peroxydee-cest-look-tondue-tendance\/#primaryimage\"},\"thumbnailUrl\":\"https:\/\/ozinzen.com\/blog\/wp-content\/uploads\/2017\/07\/cara-delevigne-tondue.jpg\",\"articleSection\":[\"beaut\u00e9\"],\"inLanguage\":\"fr-FR\"},{\"@type\":\"WebPage\",\"@id\":\"https:\/\/ozinzen.com\/blog\/coupe-courte-peroxydee-cest-look-tondue-tendance\/\",\"url\":\"https:\/\/ozinzen.com\/blog\/coupe-courte-peroxydee-cest-look-tondue-tendance\/\",\"name\":\"Coupe courte peroxyd\u00e9e, c'est le look tondue et tendance - Ozinzen\",\"isPartOf\":{\"@id\":\"https:\/\/ozinzen.com\/blog\/#website\"},\"primaryImageOfPage\":{\"@id\":\"https:\/\/ozinzen.com\/blog\/coupe-courte-peroxydee-cest-look-tondue-tendance\/#primaryimage\"},\"image\":{\"@id\":\"https:\/\/ozinzen.com\/blog\/coupe-courte-peroxydee-cest-look-tondue-tendance\/#primaryimage\"},\"thumbnailUrl\":\"https:\/\/ozinzen.com\/blog\/wp-content\/uploads\/2017\/07\/cara-delevigne-tondue.jpg\",\"datePublished\":\"2017-07-10T19:29:48+00:00\",\"dateModified\":\"2017-07-13T14:32:03+00:00\",\"description\":\"Un mouton de Panurge suit b\u00eatement\u00a0ce que fait le plus grand nombre et se fond dans un mouvement collectif. L'expression prend tout son sens avec cette\",\"breadcrumb\":{\"@id\":\"https:\/\/ozinzen.com\/blog\/coupe-courte-peroxydee-cest-look-tondue-tendance\/#breadcrumb\"},\"inLanguage\":\"fr-FR\",\"potentialAction\":[{\"@type\":\"ReadAction\",\"target\":[\"https:\/\/ozinzen.com\/blog\/coupe-courte-peroxydee-cest-look-tondue-tendance\/\"]}]},{\"@type\":\"ImageObject\",\"inLanguage\":\"fr-FR\",\"@id\":\"https:\/\/ozinzen.com\/blog\/coupe-courte-peroxydee-cest-look-tondue-tendance\/#primaryimage\",\"url\":\"https:\/\/ozinzen.com\/blog\/wp-content\/uploads\/2017\/07\/cara-delevigne-tondue.jpg\",\"contentUrl\":\"https:\/\/ozinzen.com\/blog\/wp-content\/uploads\/2017\/07\/cara-delevigne-tondue.jpg\",\"width\":720,\"height\":864,\"caption\":\"cara delevigne tondue\"},{\"@type\":\"BreadcrumbList\",\"@id\":\"https:\/\/ozinzen.com\/blog\/coupe-courte-peroxydee-cest-look-tondue-tendance\/#breadcrumb\",\"itemListElement\":[{\"@type\":\"ListItem\",\"position\":1,\"name\":\"Accueil\",\"item\":\"https:\/\/ozinzen.com\/blog\/\"},{\"@type\":\"ListItem\",\"position\":2,\"name\":\"Coupe courte peroxyd\u00e9e, c&#8217;est le look tondue et tendance\"}]},{\"@type\":\"WebSite\",\"@id\":\"https:\/\/ozinzen.com\/blog\/#website\",\"url\":\"https:\/\/ozinzen.com\/blog\/\",\"name\":\"Ozinzen\",\"description\":\"Mode de vie et sant\u00e9\",\"publisher\":{\"@id\":\"https:\/\/ozinzen.com\/blog\/#organization\"},\"potentialAction\":[{\"@type\":\"SearchAction\",\"target\":{\"@type\":\"EntryPoint\",\"urlTemplate\":\"https:\/\/ozinzen.com\/blog\/?s={search_term_string}\"},\"query-input\":{\"@type\":\"PropertyValueSpecification\",\"valueRequired\":true,\"valueName\":\"search_term_string\"}}],\"inLanguage\":\"fr-FR\"},{\"@type\":\"Organization\",\"@id\":\"https:\/\/ozinzen.com\/blog\/#organization\",\"name\":\"Ozinzen\",\"url\":\"https:\/\/ozinzen.com\/blog\/\",\"logo\":{\"@type\":\"ImageObject\",\"inLanguage\":\"fr-FR\",\"@id\":\"https:\/\/ozinzen.com\/blog\/#\/schema\/logo\/image\/\",\"url\":\"https:\/\/ozinzen.com\/blog\/wp-content\/uploads\/2023\/01\/ozinzen.png\",\"contentUrl\":\"https:\/\/ozinzen.com\/blog\/wp-content\/uploads\/2023\/01\/ozinzen.png\",\"width\":64,\"height\":64,\"caption\":\"Ozinzen\"},\"image\":{\"@id\":\"https:\/\/ozinzen.com\/blog\/#\/schema\/logo\/image\/\"},\"sameAs\":[\"https:\/\/x.com\/ozinzen\"]},{\"@type\":\"Person\",\"@id\":\"https:\/\/ozinzen.com\/blog\/#\/schema\/person\/c3f9b942ea7cfc90188ae840a2cf2fb1\",\"name\":\"Marc Sigrist\",\"image\":{\"@type\":\"ImageObject\",\"inLanguage\":\"fr-FR\",\"@id\":\"https:\/\/ozinzen.com\/blog\/#\/schema\/person\/image\/\",\"url\":\"https:\/\/secure.gravatar.com\/avatar\/187f82243f15c243b39ac53fcbd3ac6ae072d40425f7b43c2878b6fb120dbb31?s=96&d=mm&r=g\",\"contentUrl\":\"https:\/\/secure.gravatar.com\/avatar\/187f82243f15c243b39ac53fcbd3ac6ae072d40425f7b43c2878b6fb120dbb31?s=96&d=mm&r=g\",\"caption\":\"Marc Sigrist\"}}]}<\/script>\n<!-- \/ Yoast SEO plugin. -->","yoast_head_json":{"title":"Coupe courte peroxyd\u00e9e, c'est le look tondue et tendance - Ozinzen","description":"Un mouton de Panurge suit b\u00eatement\u00a0ce que fait le plus grand nombre et se fond dans un mouvement collectif. L'expression prend tout son sens avec cette","robots":{"index":"index","follow":"follow","max-snippet":"max-snippet:-1","max-image-preview":"max-image-preview:large","max-video-preview":"max-video-preview:-1"},"canonical":"https:\/\/ozinzen.com\/blog\/coupe-courte-peroxydee-cest-look-tondue-tendance\/","og_locale":"fr_FR","og_type":"article","og_title":"Coupe courte peroxyd\u00e9e, c'est le look tondue et tendance - Ozinzen","og_description":"Un mouton de Panurge suit b\u00eatement\u00a0ce que fait le plus grand nombre et se fond dans un mouvement collectif. L'expression prend tout son sens avec cette","og_url":"https:\/\/ozinzen.com\/blog\/coupe-courte-peroxydee-cest-look-tondue-tendance\/","og_site_name":"Ozinzen","article_published_time":"2017-07-10T19:29:48+00:00","article_modified_time":"2017-07-13T14:32:03+00:00","og_image":[{"width":720,"height":864,"url":"https:\/\/ozinzen.com\/blog\/wp-content\/uploads\/2017\/07\/cara-delevigne-tondue.jpg","type":"image\/jpeg"}],"author":"Marc Sigrist","twitter_card":"summary_large_image","twitter_creator":"@ozinzen","twitter_site":"@ozinzen","twitter_misc":{"\u00c9crit par":"Marc Sigrist"},"schema":{"@context":"https:\/\/schema.org","@graph":[{"@type":"Article","@id":"https:\/\/ozinzen.com\/blog\/coupe-courte-peroxydee-cest-look-tondue-tendance\/#article","isPartOf":{"@id":"https:\/\/ozinzen.com\/blog\/coupe-courte-peroxydee-cest-look-tondue-tendance\/"},"author":{"name":"Marc Sigrist","@id":"https:\/\/ozinzen.com\/blog\/#\/schema\/person\/c3f9b942ea7cfc90188ae840a2cf2fb1"},"headline":"Coupe courte peroxyd\u00e9e, c&rsquo;est le look tondue et tendance","datePublished":"2017-07-10T19:29:48+00:00","dateModified":"2017-07-13T14:32:03+00:00","mainEntityOfPage":{"@id":"https:\/\/ozinzen.com\/blog\/coupe-courte-peroxydee-cest-look-tondue-tendance\/"},"wordCount":103,"publisher":{"@id":"https:\/\/ozinzen.com\/blog\/#organization"},"image":{"@id":"https:\/\/ozinzen.com\/blog\/coupe-courte-peroxydee-cest-look-tondue-tendance\/#primaryimage"},"thumbnailUrl":"https:\/\/ozinzen.com\/blog\/wp-content\/uploads\/2017\/07\/cara-delevigne-tondue.jpg","articleSection":["beaut\u00e9"],"inLanguage":"fr-FR"},{"@type":"WebPage","@id":"https:\/\/ozinzen.com\/blog\/coupe-courte-peroxydee-cest-look-tondue-tendance\/","url":"https:\/\/ozinzen.com\/blog\/coupe-courte-peroxydee-cest-look-tondue-tendance\/","name":"Coupe courte peroxyd\u00e9e, c'est le look tondue et tendance - Ozinzen","isPartOf":{"@id":"https:\/\/ozinzen.com\/blog\/#website"},"primaryImageOfPage":{"@id":"https:\/\/ozinzen.com\/blog\/coupe-courte-peroxydee-cest-look-tondue-tendance\/#primaryimage"},"image":{"@id":"https:\/\/ozinzen.com\/blog\/coupe-courte-peroxydee-cest-look-tondue-tendance\/#primaryimage"},"thumbnailUrl":"https:\/\/ozinzen.com\/blog\/wp-content\/uploads\/2017\/07\/cara-delevigne-tondue.jpg","datePublished":"2017-07-10T19:29:48+00:00","dateModified":"2017-07-13T14:32:03+00:00","description":"Un mouton de Panurge suit b\u00eatement\u00a0ce que fait le plus grand nombre et se fond dans un mouvement collectif. L'expression prend tout son sens avec cette","breadcrumb":{"@id":"https:\/\/ozinzen.com\/blog\/coupe-courte-peroxydee-cest-look-tondue-tendance\/#breadcrumb"},"inLanguage":"fr-FR","potentialAction":[{"@type":"ReadAction","target":["https:\/\/ozinzen.com\/blog\/coupe-courte-peroxydee-cest-look-tondue-tendance\/"]}]},{"@type":"ImageObject","inLanguage":"fr-FR","@id":"https:\/\/ozinzen.com\/blog\/coupe-courte-peroxydee-cest-look-tondue-tendance\/#primaryimage","url":"https:\/\/ozinzen.com\/blog\/wp-content\/uploads\/2017\/07\/cara-delevigne-tondue.jpg","contentUrl":"https:\/\/ozinzen.com\/blog\/wp-content\/uploads\/2017\/07\/cara-delevigne-tondue.jpg","width":720,"height":864,"caption":"cara delevigne tondue"},{"@type":"BreadcrumbList","@id":"https:\/\/ozinzen.com\/blog\/coupe-courte-peroxydee-cest-look-tondue-tendance\/#breadcrumb","itemListElement":[{"@type":"ListItem","position":1,"name":"Accueil","item":"https:\/\/ozinzen.com\/blog\/"},{"@type":"ListItem","position":2,"name":"Coupe courte peroxyd\u00e9e, c&#8217;est le look tondue et tendance"}]},{"@type":"WebSite","@id":"https:\/\/ozinzen.com\/blog\/#website","url":"https:\/\/ozinzen.com\/blog\/","name":"Ozinzen","description":"Mode de vie et sant\u00e9","publisher":{"@id":"https:\/\/ozinzen.com\/blog\/#organization"},"potentialAction":[{"@type":"SearchAction","target":{"@type":"EntryPoint","urlTemplate":"https:\/\/ozinzen.com\/blog\/?s={search_term_string}"},"query-input":{"@type":"PropertyValueSpecification","valueRequired":true,"valueName":"search_term_string"}}],"inLanguage":"fr-FR"},{"@type":"Organization","@id":"https:\/\/ozinzen.com\/blog\/#organization","name":"Ozinzen","url":"https:\/\/ozinzen.com\/blog\/","logo":{"@type":"ImageObject","inLanguage":"fr-FR","@id":"https:\/\/ozinzen.com\/blog\/#\/schema\/logo\/image\/","url":"https:\/\/ozinzen.com\/blog\/wp-content\/uploads\/2023\/01\/ozinzen.png","contentUrl":"https:\/\/ozinzen.com\/blog\/wp-content\/uploads\/2023\/01\/ozinzen.png","width":64,"height":64,"caption":"Ozinzen"},"image":{"@id":"https:\/\/ozinzen.com\/blog\/#\/schema\/logo\/image\/"},"sameAs":["https:\/\/x.com\/ozinzen"]},{"@type":"Person","@id":"https:\/\/ozinzen.com\/blog\/#\/schema\/person\/c3f9b942ea7cfc90188ae840a2cf2fb1","name":"Marc Sigrist","image":{"@type":"ImageObject","inLanguage":"fr-FR","@id":"https:\/\/ozinzen.com\/blog\/#\/schema\/person\/image\/","url":"https:\/\/secure.gravatar.com\/avatar\/187f82243f15c243b39ac53fcbd3ac6ae072d40425f7b43c2878b6fb120dbb31?s=96&d=mm&r=g","contentUrl":"https:\/\/secure.gravatar.com\/avatar\/187f82243f15c243b39ac53fcbd3ac6ae072d40425f7b43c2878b6fb120dbb31?s=96&d=mm&r=g","caption":"Marc Sigrist"}}]}},"amp_enabled":true,"_links":{"self":[{"href":"https:\/\/ozinzen.com\/blog\/wp-json\/wp\/v2\/posts\/7737","targetHints":{"allow":["GET"]}}],"collection":[{"href":"https:\/\/ozinzen.com\/blog\/wp-json\/wp\/v2\/posts"}],"about":[{"href":"https:\/\/ozinzen.com\/blog\/wp-json\/wp\/v2\/types\/post"}],"author":[{"embeddable":true,"href":"https:\/\/ozinzen.com\/blog\/wp-json\/wp\/v2\/users\/2"}],"replies":[{"embeddable":true,"href":"https:\/\/ozinzen.com\/blog\/wp-json\/wp\/v2\/comments?post=7737"}],"version-history":[{"count":16,"href":"https:\/\/ozinzen.com\/blog\/wp-json\/wp\/v2\/posts\/7737\/revisions"}],"predecessor-version":[{"id":7761,"href":"https:\/\/ozinzen.com\/blog\/wp-json\/wp\/v2\/posts\/7737\/revisions\/7761"}],"wp:featuredmedia":[{"embeddable":true,"href":"https:\/\/ozinzen.com\/blog\/wp-json\/wp\/v2\/media\/7742"}],"wp:attachment":[{"href":"https:\/\/ozinzen.com\/blog\/wp-json\/wp\/v2\/media?parent=7737"}],"wp:term":[{"taxonomy":"category","embeddable":true,"href":"https:\/\/ozinzen.com\/blog\/wp-json\/wp\/v2\/categories?post=7737"},{"taxonomy":"post_tag","embeddable":true,"href":"https:\/\/ozinzen.com\/blog\/wp-json\/wp\/v2\/tags?post=7737"}],"curies":[{"name":"wp","href":"https:\/\/api.w.org\/{rel}","templated":true}]}}