{"id":7875,"date":"2017-08-28T21:47:32","date_gmt":"2017-08-28T19:47:32","guid":{"rendered":"http:\/\/ozinzen.com\/blog\/?p=7875"},"modified":"2017-08-29T22:49:59","modified_gmt":"2017-08-29T20:49:59","slug":"cette-prof-de-yoga-a-perdu-travail-etait-consideree-belle","status":"publish","type":"post","link":"https:\/\/ozinzen.com\/blog\/cette-prof-de-yoga-a-perdu-travail-etait-consideree-belle\/","title":{"rendered":"Cette prof de yoga a perdu son travail\u2026 car elle \u00e9tait consid\u00e9r\u00e9e trop belle"},"content":{"rendered":"<p><span style=\"color: #000000;\"><a href=\"http:\/\/ozinzen.com\/blog\/wp-content\/uploads\/2017\/08\/Viree-car-trop-jolie.jpg\"><img loading=\"lazy\" decoding=\"async\" class=\"alignnone size-full wp-image-7876\" src=\"http:\/\/ozinzen.com\/blog\/wp-content\/uploads\/2017\/08\/Viree-car-trop-jolie.jpg\" alt=\"Viree-car-trop-jolie\" width=\"1024\" height=\"768\" srcset=\"https:\/\/ozinzen.com\/blog\/wp-content\/uploads\/2017\/08\/Viree-car-trop-jolie.jpg 1024w, https:\/\/ozinzen.com\/blog\/wp-content\/uploads\/2017\/08\/Viree-car-trop-jolie-300x225.jpg 300w, https:\/\/ozinzen.com\/blog\/wp-content\/uploads\/2017\/08\/Viree-car-trop-jolie-768x576.jpg 768w\" sizes=\"auto, (max-width: 1024px) 100vw, 1024px\" \/><\/a><\/span><\/p>\n<p><span style=\"color: #000000;\">Une prof de yoga a \u00e9t\u00e9 renvoy\u00e9e de son travail par son chef en raison de son apparence physique. La jeune femme a \u00e9t\u00e9 consid\u00e9r\u00e9e comme \u00ab\u00a0trop belle\u00a0\u00bb par son boss. Explications.<\/span><!--more--><\/p>\n<p><span style=\"color: #000000;\">Dilek Edwards est certaine d&rsquo;avoir fait l&rsquo;objet de discrimination. Si certaines personnes sont renvoy\u00e9es de leur travail en raison de leurs incomp\u00e9tences ou pour fautes professionnelles, la jeune prof de yoga de 33 ans a \u00e9t\u00e9 vir\u00e9e&#8230; parce qu&rsquo;elle est trop belle. C&rsquo;est la femme de son patron, jalouse, qui lui aurait demand\u00e9 de se s\u00e9parer d&rsquo;elle. Dilek Edwards a engag\u00e9 des poursuites judiciaires contre son patron Charles Nicolai et sa femme Stephanie Adams, une ancienne mod\u00e8le pour le magazine Playboy.<\/span><\/p>\n<p><span style=\"color: #000000;\">Charles Nicolai aurait expliqu\u00e9 \u00e0 sa femme de 46 ans qu&rsquo;elle avait de quoi \u00eatre jalouse car son employ\u00e9e \u00e9tait \u00ab\u00a0trop jolie\u00a0\u00bb. Il n&rsquo;en fallait pas plus pour que son \u00e9pouse voit rouge. St\u00e9phanie Adams aurait d\u00e9j\u00e0 mis en garde la jeune femme : \u00ab\u00a0Restez loin de mon mari et ma famille\u00a0\u00bb lui aurait-elle dit peu avant son licenciement. Elle a assur\u00e9 que ses relations avec son boss \u00e9taient pourtant \u00ab\u00a0strictement professionnelles\u00a0\u00bb. De son c\u00f4t\u00e9, la femme jalouse a confi\u00e9 ne jamais avoir vu Dilek Edwards comme une menace pour son couple. La bataille judiciaire se poursuit entre la jeune femme et son patron.<\/span><\/p>\n","protected":false},"excerpt":{"rendered":"<p>Une prof de yoga a \u00e9t\u00e9 renvoy\u00e9e de son travail par son chef en raison de son apparence physique. La jeune femme a \u00e9t\u00e9 consid\u00e9r\u00e9e comme \u00ab\u00a0trop belle\u00a0\u00bb par son boss. Explications.<\/p>\n","protected":false},"author":2,"featured_media":7876,"comment_status":"closed","ping_status":"closed","sticky":false,"template":"","format":"standard","meta":{"_genesis_hide_title":false,"_genesis_hide_breadcrumbs":false,"_genesis_hide_singular_image":false,"_genesis_hide_footer_widgets":false,"_genesis_custom_body_class":"","_genesis_custom_post_class":"","_genesis_layout":"","footnotes":""},"categories":[55],"tags":[],"class_list":{"0":"post-7875","1":"post","2":"type-post","3":"status-publish","4":"format-standard","5":"has-post-thumbnail","7":"category-societe","8":"entry"},"yoast_head":"<!-- This site is optimized with the Yoast SEO plugin v27.1.1 - https:\/\/yoast.com\/product\/yoast-seo-wordpress\/ -->\n<title>Cette prof de yoga a perdu son travail\u2026 car elle \u00e9tait consid\u00e9r\u00e9e trop belle - Ozinzen<\/title>\n<meta name=\"description\" content=\"Une prof de yoga a \u00e9t\u00e9 renvoy\u00e9e de son travail par son chef en raison de son apparence physique. La jeune femme a \u00e9t\u00e9 consid\u00e9r\u00e9e comme &quot;trop belle&quot; par\" \/>\n<meta name=\"robots\" content=\"index, follow, max-snippet:-1, max-image-preview:large, max-video-preview:-1\" \/>\n<link rel=\"canonical\" href=\"https:\/\/ozinzen.com\/blog\/cette-prof-de-yoga-a-perdu-travail-etait-consideree-belle\/\" \/>\n<meta property=\"og:locale\" content=\"fr_FR\" \/>\n<meta property=\"og:type\" content=\"article\" \/>\n<meta property=\"og:title\" content=\"Cette prof de yoga a perdu son travail\u2026 car elle \u00e9tait consid\u00e9r\u00e9e trop belle - Ozinzen\" \/>\n<meta property=\"og:description\" content=\"Une prof de yoga a \u00e9t\u00e9 renvoy\u00e9e de son travail par son chef en raison de son apparence physique. La jeune femme a \u00e9t\u00e9 consid\u00e9r\u00e9e comme &quot;trop belle&quot; par\" \/>\n<meta property=\"og:url\" content=\"https:\/\/ozinzen.com\/blog\/cette-prof-de-yoga-a-perdu-travail-etait-consideree-belle\/\" \/>\n<meta property=\"og:site_name\" content=\"Ozinzen\" \/>\n<meta property=\"article:published_time\" content=\"2017-08-28T19:47:32+00:00\" \/>\n<meta property=\"article:modified_time\" content=\"2017-08-29T20:49:59+00:00\" \/>\n<meta property=\"og:image\" content=\"https:\/\/ozinzen.com\/blog\/wp-content\/uploads\/2017\/08\/Viree-car-trop-jolie.jpg\" \/>\n\t<meta property=\"og:image:width\" content=\"1024\" \/>\n\t<meta property=\"og:image:height\" content=\"768\" \/>\n\t<meta property=\"og:image:type\" content=\"image\/jpeg\" \/>\n<meta name=\"author\" content=\"Marc Sigrist\" \/>\n<meta name=\"twitter:card\" content=\"summary_large_image\" \/>\n<meta name=\"twitter:creator\" content=\"@ozinzen\" \/>\n<meta name=\"twitter:site\" content=\"@ozinzen\" \/>\n<meta name=\"twitter:label1\" content=\"\u00c9crit par\" \/>\n\t<meta name=\"twitter:data1\" content=\"Marc Sigrist\" \/>\n\t<meta name=\"twitter:label2\" content=\"Dur\u00e9e de lecture estim\u00e9e\" \/>\n\t<meta name=\"twitter:data2\" content=\"1 minute\" \/>\n<script type=\"application\/ld+json\" class=\"yoast-schema-graph\">{\"@context\":\"https:\/\/schema.org\",\"@graph\":[{\"@type\":\"Article\",\"@id\":\"https:\/\/ozinzen.com\/blog\/cette-prof-de-yoga-a-perdu-travail-etait-consideree-belle\/#article\",\"isPartOf\":{\"@id\":\"https:\/\/ozinzen.com\/blog\/cette-prof-de-yoga-a-perdu-travail-etait-consideree-belle\/\"},\"author\":{\"name\":\"Marc Sigrist\",\"@id\":\"https:\/\/ozinzen.com\/blog\/#\/schema\/person\/c3f9b942ea7cfc90188ae840a2cf2fb1\"},\"headline\":\"Cette prof de yoga a perdu son travail\u2026 car elle \u00e9tait consid\u00e9r\u00e9e trop belle\",\"datePublished\":\"2017-08-28T19:47:32+00:00\",\"dateModified\":\"2017-08-29T20:49:59+00:00\",\"mainEntityOfPage\":{\"@id\":\"https:\/\/ozinzen.com\/blog\/cette-prof-de-yoga-a-perdu-travail-etait-consideree-belle\/\"},\"wordCount\":241,\"publisher\":{\"@id\":\"https:\/\/ozinzen.com\/blog\/#organization\"},\"image\":{\"@id\":\"https:\/\/ozinzen.com\/blog\/cette-prof-de-yoga-a-perdu-travail-etait-consideree-belle\/#primaryimage\"},\"thumbnailUrl\":\"https:\/\/ozinzen.com\/blog\/wp-content\/uploads\/2017\/08\/Viree-car-trop-jolie.jpg\",\"articleSection\":[\"Soci\u00e9t\u00e9\"],\"inLanguage\":\"fr-FR\"},{\"@type\":\"WebPage\",\"@id\":\"https:\/\/ozinzen.com\/blog\/cette-prof-de-yoga-a-perdu-travail-etait-consideree-belle\/\",\"url\":\"https:\/\/ozinzen.com\/blog\/cette-prof-de-yoga-a-perdu-travail-etait-consideree-belle\/\",\"name\":\"Cette prof de yoga a perdu son travail\u2026 car elle \u00e9tait consid\u00e9r\u00e9e trop belle - Ozinzen\",\"isPartOf\":{\"@id\":\"https:\/\/ozinzen.com\/blog\/#website\"},\"primaryImageOfPage\":{\"@id\":\"https:\/\/ozinzen.com\/blog\/cette-prof-de-yoga-a-perdu-travail-etait-consideree-belle\/#primaryimage\"},\"image\":{\"@id\":\"https:\/\/ozinzen.com\/blog\/cette-prof-de-yoga-a-perdu-travail-etait-consideree-belle\/#primaryimage\"},\"thumbnailUrl\":\"https:\/\/ozinzen.com\/blog\/wp-content\/uploads\/2017\/08\/Viree-car-trop-jolie.jpg\",\"datePublished\":\"2017-08-28T19:47:32+00:00\",\"dateModified\":\"2017-08-29T20:49:59+00:00\",\"description\":\"Une prof de yoga a \u00e9t\u00e9 renvoy\u00e9e de son travail par son chef en raison de son apparence physique. La jeune femme a \u00e9t\u00e9 consid\u00e9r\u00e9e comme \\\"trop belle\\\" par\",\"breadcrumb\":{\"@id\":\"https:\/\/ozinzen.com\/blog\/cette-prof-de-yoga-a-perdu-travail-etait-consideree-belle\/#breadcrumb\"},\"inLanguage\":\"fr-FR\",\"potentialAction\":[{\"@type\":\"ReadAction\",\"target\":[\"https:\/\/ozinzen.com\/blog\/cette-prof-de-yoga-a-perdu-travail-etait-consideree-belle\/\"]}]},{\"@type\":\"ImageObject\",\"inLanguage\":\"fr-FR\",\"@id\":\"https:\/\/ozinzen.com\/blog\/cette-prof-de-yoga-a-perdu-travail-etait-consideree-belle\/#primaryimage\",\"url\":\"https:\/\/ozinzen.com\/blog\/wp-content\/uploads\/2017\/08\/Viree-car-trop-jolie.jpg\",\"contentUrl\":\"https:\/\/ozinzen.com\/blog\/wp-content\/uploads\/2017\/08\/Viree-car-trop-jolie.jpg\",\"width\":1024,\"height\":768,\"caption\":\"Viree-car-trop-jolie\"},{\"@type\":\"BreadcrumbList\",\"@id\":\"https:\/\/ozinzen.com\/blog\/cette-prof-de-yoga-a-perdu-travail-etait-consideree-belle\/#breadcrumb\",\"itemListElement\":[{\"@type\":\"ListItem\",\"position\":1,\"name\":\"Accueil\",\"item\":\"https:\/\/ozinzen.com\/blog\/\"},{\"@type\":\"ListItem\",\"position\":2,\"name\":\"Cette prof de yoga a perdu son travail\u2026 car elle \u00e9tait consid\u00e9r\u00e9e trop belle\"}]},{\"@type\":\"WebSite\",\"@id\":\"https:\/\/ozinzen.com\/blog\/#website\",\"url\":\"https:\/\/ozinzen.com\/blog\/\",\"name\":\"Ozinzen\",\"description\":\"Mode de vie et sant\u00e9\",\"publisher\":{\"@id\":\"https:\/\/ozinzen.com\/blog\/#organization\"},\"potentialAction\":[{\"@type\":\"SearchAction\",\"target\":{\"@type\":\"EntryPoint\",\"urlTemplate\":\"https:\/\/ozinzen.com\/blog\/?s={search_term_string}\"},\"query-input\":{\"@type\":\"PropertyValueSpecification\",\"valueRequired\":true,\"valueName\":\"search_term_string\"}}],\"inLanguage\":\"fr-FR\"},{\"@type\":\"Organization\",\"@id\":\"https:\/\/ozinzen.com\/blog\/#organization\",\"name\":\"Ozinzen\",\"url\":\"https:\/\/ozinzen.com\/blog\/\",\"logo\":{\"@type\":\"ImageObject\",\"inLanguage\":\"fr-FR\",\"@id\":\"https:\/\/ozinzen.com\/blog\/#\/schema\/logo\/image\/\",\"url\":\"https:\/\/ozinzen.com\/blog\/wp-content\/uploads\/2023\/01\/ozinzen.png\",\"contentUrl\":\"https:\/\/ozinzen.com\/blog\/wp-content\/uploads\/2023\/01\/ozinzen.png\",\"width\":64,\"height\":64,\"caption\":\"Ozinzen\"},\"image\":{\"@id\":\"https:\/\/ozinzen.com\/blog\/#\/schema\/logo\/image\/\"},\"sameAs\":[\"https:\/\/x.com\/ozinzen\"]},{\"@type\":\"Person\",\"@id\":\"https:\/\/ozinzen.com\/blog\/#\/schema\/person\/c3f9b942ea7cfc90188ae840a2cf2fb1\",\"name\":\"Marc Sigrist\",\"image\":{\"@type\":\"ImageObject\",\"inLanguage\":\"fr-FR\",\"@id\":\"https:\/\/ozinzen.com\/blog\/#\/schema\/person\/image\/\",\"url\":\"https:\/\/secure.gravatar.com\/avatar\/187f82243f15c243b39ac53fcbd3ac6ae072d40425f7b43c2878b6fb120dbb31?s=96&d=mm&r=g\",\"contentUrl\":\"https:\/\/secure.gravatar.com\/avatar\/187f82243f15c243b39ac53fcbd3ac6ae072d40425f7b43c2878b6fb120dbb31?s=96&d=mm&r=g\",\"caption\":\"Marc Sigrist\"}}]}<\/script>\n<!-- \/ Yoast SEO plugin. -->","yoast_head_json":{"title":"Cette prof de yoga a perdu son travail\u2026 car elle \u00e9tait consid\u00e9r\u00e9e trop belle - Ozinzen","description":"Une prof de yoga a \u00e9t\u00e9 renvoy\u00e9e de son travail par son chef en raison de son apparence physique. La jeune femme a \u00e9t\u00e9 consid\u00e9r\u00e9e comme \"trop belle\" par","robots":{"index":"index","follow":"follow","max-snippet":"max-snippet:-1","max-image-preview":"max-image-preview:large","max-video-preview":"max-video-preview:-1"},"canonical":"https:\/\/ozinzen.com\/blog\/cette-prof-de-yoga-a-perdu-travail-etait-consideree-belle\/","og_locale":"fr_FR","og_type":"article","og_title":"Cette prof de yoga a perdu son travail\u2026 car elle \u00e9tait consid\u00e9r\u00e9e trop belle - Ozinzen","og_description":"Une prof de yoga a \u00e9t\u00e9 renvoy\u00e9e de son travail par son chef en raison de son apparence physique. La jeune femme a \u00e9t\u00e9 consid\u00e9r\u00e9e comme \"trop belle\" par","og_url":"https:\/\/ozinzen.com\/blog\/cette-prof-de-yoga-a-perdu-travail-etait-consideree-belle\/","og_site_name":"Ozinzen","article_published_time":"2017-08-28T19:47:32+00:00","article_modified_time":"2017-08-29T20:49:59+00:00","og_image":[{"width":1024,"height":768,"url":"https:\/\/ozinzen.com\/blog\/wp-content\/uploads\/2017\/08\/Viree-car-trop-jolie.jpg","type":"image\/jpeg"}],"author":"Marc Sigrist","twitter_card":"summary_large_image","twitter_creator":"@ozinzen","twitter_site":"@ozinzen","twitter_misc":{"\u00c9crit par":"Marc Sigrist","Dur\u00e9e de lecture estim\u00e9e":"1 minute"},"schema":{"@context":"https:\/\/schema.org","@graph":[{"@type":"Article","@id":"https:\/\/ozinzen.com\/blog\/cette-prof-de-yoga-a-perdu-travail-etait-consideree-belle\/#article","isPartOf":{"@id":"https:\/\/ozinzen.com\/blog\/cette-prof-de-yoga-a-perdu-travail-etait-consideree-belle\/"},"author":{"name":"Marc Sigrist","@id":"https:\/\/ozinzen.com\/blog\/#\/schema\/person\/c3f9b942ea7cfc90188ae840a2cf2fb1"},"headline":"Cette prof de yoga a perdu son travail\u2026 car elle \u00e9tait consid\u00e9r\u00e9e trop belle","datePublished":"2017-08-28T19:47:32+00:00","dateModified":"2017-08-29T20:49:59+00:00","mainEntityOfPage":{"@id":"https:\/\/ozinzen.com\/blog\/cette-prof-de-yoga-a-perdu-travail-etait-consideree-belle\/"},"wordCount":241,"publisher":{"@id":"https:\/\/ozinzen.com\/blog\/#organization"},"image":{"@id":"https:\/\/ozinzen.com\/blog\/cette-prof-de-yoga-a-perdu-travail-etait-consideree-belle\/#primaryimage"},"thumbnailUrl":"https:\/\/ozinzen.com\/blog\/wp-content\/uploads\/2017\/08\/Viree-car-trop-jolie.jpg","articleSection":["Soci\u00e9t\u00e9"],"inLanguage":"fr-FR"},{"@type":"WebPage","@id":"https:\/\/ozinzen.com\/blog\/cette-prof-de-yoga-a-perdu-travail-etait-consideree-belle\/","url":"https:\/\/ozinzen.com\/blog\/cette-prof-de-yoga-a-perdu-travail-etait-consideree-belle\/","name":"Cette prof de yoga a perdu son travail\u2026 car elle \u00e9tait consid\u00e9r\u00e9e trop belle - Ozinzen","isPartOf":{"@id":"https:\/\/ozinzen.com\/blog\/#website"},"primaryImageOfPage":{"@id":"https:\/\/ozinzen.com\/blog\/cette-prof-de-yoga-a-perdu-travail-etait-consideree-belle\/#primaryimage"},"image":{"@id":"https:\/\/ozinzen.com\/blog\/cette-prof-de-yoga-a-perdu-travail-etait-consideree-belle\/#primaryimage"},"thumbnailUrl":"https:\/\/ozinzen.com\/blog\/wp-content\/uploads\/2017\/08\/Viree-car-trop-jolie.jpg","datePublished":"2017-08-28T19:47:32+00:00","dateModified":"2017-08-29T20:49:59+00:00","description":"Une prof de yoga a \u00e9t\u00e9 renvoy\u00e9e de son travail par son chef en raison de son apparence physique. La jeune femme a \u00e9t\u00e9 consid\u00e9r\u00e9e comme \"trop belle\" par","breadcrumb":{"@id":"https:\/\/ozinzen.com\/blog\/cette-prof-de-yoga-a-perdu-travail-etait-consideree-belle\/#breadcrumb"},"inLanguage":"fr-FR","potentialAction":[{"@type":"ReadAction","target":["https:\/\/ozinzen.com\/blog\/cette-prof-de-yoga-a-perdu-travail-etait-consideree-belle\/"]}]},{"@type":"ImageObject","inLanguage":"fr-FR","@id":"https:\/\/ozinzen.com\/blog\/cette-prof-de-yoga-a-perdu-travail-etait-consideree-belle\/#primaryimage","url":"https:\/\/ozinzen.com\/blog\/wp-content\/uploads\/2017\/08\/Viree-car-trop-jolie.jpg","contentUrl":"https:\/\/ozinzen.com\/blog\/wp-content\/uploads\/2017\/08\/Viree-car-trop-jolie.jpg","width":1024,"height":768,"caption":"Viree-car-trop-jolie"},{"@type":"BreadcrumbList","@id":"https:\/\/ozinzen.com\/blog\/cette-prof-de-yoga-a-perdu-travail-etait-consideree-belle\/#breadcrumb","itemListElement":[{"@type":"ListItem","position":1,"name":"Accueil","item":"https:\/\/ozinzen.com\/blog\/"},{"@type":"ListItem","position":2,"name":"Cette prof de yoga a perdu son travail\u2026 car elle \u00e9tait consid\u00e9r\u00e9e trop belle"}]},{"@type":"WebSite","@id":"https:\/\/ozinzen.com\/blog\/#website","url":"https:\/\/ozinzen.com\/blog\/","name":"Ozinzen","description":"Mode de vie et sant\u00e9","publisher":{"@id":"https:\/\/ozinzen.com\/blog\/#organization"},"potentialAction":[{"@type":"SearchAction","target":{"@type":"EntryPoint","urlTemplate":"https:\/\/ozinzen.com\/blog\/?s={search_term_string}"},"query-input":{"@type":"PropertyValueSpecification","valueRequired":true,"valueName":"search_term_string"}}],"inLanguage":"fr-FR"},{"@type":"Organization","@id":"https:\/\/ozinzen.com\/blog\/#organization","name":"Ozinzen","url":"https:\/\/ozinzen.com\/blog\/","logo":{"@type":"ImageObject","inLanguage":"fr-FR","@id":"https:\/\/ozinzen.com\/blog\/#\/schema\/logo\/image\/","url":"https:\/\/ozinzen.com\/blog\/wp-content\/uploads\/2023\/01\/ozinzen.png","contentUrl":"https:\/\/ozinzen.com\/blog\/wp-content\/uploads\/2023\/01\/ozinzen.png","width":64,"height":64,"caption":"Ozinzen"},"image":{"@id":"https:\/\/ozinzen.com\/blog\/#\/schema\/logo\/image\/"},"sameAs":["https:\/\/x.com\/ozinzen"]},{"@type":"Person","@id":"https:\/\/ozinzen.com\/blog\/#\/schema\/person\/c3f9b942ea7cfc90188ae840a2cf2fb1","name":"Marc Sigrist","image":{"@type":"ImageObject","inLanguage":"fr-FR","@id":"https:\/\/ozinzen.com\/blog\/#\/schema\/person\/image\/","url":"https:\/\/secure.gravatar.com\/avatar\/187f82243f15c243b39ac53fcbd3ac6ae072d40425f7b43c2878b6fb120dbb31?s=96&d=mm&r=g","contentUrl":"https:\/\/secure.gravatar.com\/avatar\/187f82243f15c243b39ac53fcbd3ac6ae072d40425f7b43c2878b6fb120dbb31?s=96&d=mm&r=g","caption":"Marc Sigrist"}}]}},"amp_enabled":true,"_links":{"self":[{"href":"https:\/\/ozinzen.com\/blog\/wp-json\/wp\/v2\/posts\/7875","targetHints":{"allow":["GET"]}}],"collection":[{"href":"https:\/\/ozinzen.com\/blog\/wp-json\/wp\/v2\/posts"}],"about":[{"href":"https:\/\/ozinzen.com\/blog\/wp-json\/wp\/v2\/types\/post"}],"author":[{"embeddable":true,"href":"https:\/\/ozinzen.com\/blog\/wp-json\/wp\/v2\/users\/2"}],"replies":[{"embeddable":true,"href":"https:\/\/ozinzen.com\/blog\/wp-json\/wp\/v2\/comments?post=7875"}],"version-history":[{"count":2,"href":"https:\/\/ozinzen.com\/blog\/wp-json\/wp\/v2\/posts\/7875\/revisions"}],"predecessor-version":[{"id":7878,"href":"https:\/\/ozinzen.com\/blog\/wp-json\/wp\/v2\/posts\/7875\/revisions\/7878"}],"wp:featuredmedia":[{"embeddable":true,"href":"https:\/\/ozinzen.com\/blog\/wp-json\/wp\/v2\/media\/7876"}],"wp:attachment":[{"href":"https:\/\/ozinzen.com\/blog\/wp-json\/wp\/v2\/media?parent=7875"}],"wp:term":[{"taxonomy":"category","embeddable":true,"href":"https:\/\/ozinzen.com\/blog\/wp-json\/wp\/v2\/categories?post=7875"},{"taxonomy":"post_tag","embeddable":true,"href":"https:\/\/ozinzen.com\/blog\/wp-json\/wp\/v2\/tags?post=7875"}],"curies":[{"name":"wp","href":"https:\/\/api.w.org\/{rel}","templated":true}]}}