{"id":8279,"date":"2018-01-29T13:33:21","date_gmt":"2018-01-29T12:33:21","guid":{"rendered":"http:\/\/ozinzen.com\/blog\/?p=8279"},"modified":"2018-02-01T08:45:09","modified_gmt":"2018-02-01T07:45:09","slug":"gerald-darmanin-ministre-2017-accuse-de-viol-faut-balancer-porc","status":"publish","type":"post","link":"https:\/\/ozinzen.com\/blog\/gerald-darmanin-ministre-2017-accuse-de-viol-faut-balancer-porc\/","title":{"rendered":"G\u00e9rald Darmanin, ministre depuis 2017, est accus\u00e9 de viol : faut-il balancer du porc ?"},"content":{"rendered":"<p><span style=\"color: #000000;\"><a style=\"color: #000000;\" href=\"http:\/\/ozinzen.com\/blog\/wp-content\/uploads\/2018\/01\/balance-ton-porc-ministre-darmanin.jpg\"><img loading=\"lazy\" decoding=\"async\" class=\"alignnone size-full wp-image-8280\" src=\"http:\/\/ozinzen.com\/blog\/wp-content\/uploads\/2018\/01\/balance-ton-porc-ministre-darmanin.jpg\" alt=\"balance ton porc ministre darmanin\" width=\"960\" height=\"639\" srcset=\"https:\/\/ozinzen.com\/blog\/wp-content\/uploads\/2018\/01\/balance-ton-porc-ministre-darmanin.jpg 960w, https:\/\/ozinzen.com\/blog\/wp-content\/uploads\/2018\/01\/balance-ton-porc-ministre-darmanin-300x200.jpg 300w, https:\/\/ozinzen.com\/blog\/wp-content\/uploads\/2018\/01\/balance-ton-porc-ministre-darmanin-768x511.jpg 768w\" sizes=\"auto, (max-width: 960px) 100vw, 960px\" \/><\/a><\/span><\/p>\n<p><span style=\"color: #000000;\">Le viol est puni de quinze ans de r\u00e9clusion criminelle.<\/span><\/p>\n<p><span style=\"color: #000000;\">Des f\u00e9ministes ont lanc\u00e9, dimanche 28 janvier, une p\u00e9tition demandant au Premier ministre, \u00c9douard Philippe, de d\u00e9mettre de ses fonctions le ministre des Comptes publics, vis\u00e9 par une enqu\u00eate pr\u00e9liminaire apr\u00e8s une accusation de viol. \u00ab\u00a0Monsieur le Premier ministre, quand un ministre est mis en cause pour viol, il ne peut pas rester au gouvernement\u00a0\u00bb, \u00e9crivent quatre f\u00e9ministes dans une p\u00e9tition lanc\u00e9e dans l&rsquo;apr\u00e8s-midi.<\/span><!--more--><\/p>\n<p><strong><span style=\"color: #000000;\">Rappel des faits\u00a0:<\/span><\/strong><\/p>\n<p><span style=\"color: #000000;\">Une femme a d\u00e9pos\u00e9 une plainte une premi\u00e8re fois contre G\u00e9rald Darmanin en juin 2017 avant qu&rsquo;elle ne soit class\u00e9e sans suite. Le parquet a rouvert l&rsquo;enqu\u00eate en janvier et entendu la plaignante jeudi.<\/span><\/p>\n<p><span style=\"color: #000000;\">Serait-ce le d\u00e9but d&rsquo;ennuis judiciaires pour le ministre de l&rsquo;Action et des Comptes public ? La justice a rouvert une enqu\u00eate pr\u00e9liminaire pour viol contre G\u00e9rald Darmanin, apr\u00e8s avoir re\u00e7u la plainte d&rsquo;une femme d\u00e9nomm\u00e9e Sophie Spatz. \u00abLa justice est \u00e0 nouveau saisie et elle doit pouvoir travailler en toute ind\u00e9pendance\u00bb, a rapidement r\u00e9agi l&rsquo;entourage d&rsquo;Edouard Philippe. Selon Le Parisien, les deux hommes se sont parl\u00e9 samedi apr\u00e8s-midi. \u00abLe premier ministre tient \u00e0 rappeler d&rsquo;une part que les r\u00e8gles fixant l&rsquo;appartenance au gouvernement sont connues et d&rsquo;autre part que M. Darmanin a toute sa confiance\u00bb, affirme-t-on \u00e0 Matignon. Pour rappel, Edouard Philippe, en pleine affaire Richard Ferrand, avait annonc\u00e9 qu&rsquo;un ministre mis en examen devait quitter le gouvernement.<\/span><\/p>\n<p><span style=\"color: #000000;\">Les faits remonteraient \u00e0 2009. La plaignante, sympathisante de l&rsquo;UMP et mari\u00e9e \u00e0 un ing\u00e9nieur, s&#8217;emploie \u00e0 l&rsquo;\u00e9poque \u00e0 vouloir nettoyer son casier judiciaire. D&rsquo;apr\u00e8s le quotidien, <strong>cette ancienne call-girl de 37 ans ne dig\u00e8re pas une condamnation de 2004 et confirm\u00e9e en appel pour \u00abchantage, appels malveillants et menace de crime\u00bb<\/strong>. \u00c0 la fin des ann\u00e9es 1990, elle s&rsquo;en \u00e9tait prise \u00e0 son compagnon de l&rsquo;\u00e9poque, l&rsquo;accusant de lui avoir vol\u00e9 de l&rsquo;argent. Lui, avait port\u00e9 plainte et elle avait \u00e9t\u00e9 condamn\u00e9e.<\/span><\/p>\n<p><span style=\"color: #000000;\">Oppos\u00e9e au traitement judiciaire qui lui a \u00e9t\u00e9 r\u00e9serv\u00e9, Sophie Spatz a alors contact\u00e9 de nombreux \u00e9lus pour faire rouvrir son dossier. Malgr\u00e9 les promesses, rien ne se passe et en mars 2009, elle d\u00e9cide de contacter l&rsquo;UMP. Elle est re\u00e7ue par G\u00e9rald Darmanin, 26 ans, alors charg\u00e9 de mission au service des affaires juridiques du parti et conseiller municipal de Tourcoing. L&rsquo;entretien se passe bien, raconte Le Monde. Le jeune \u00e9lu serait all\u00e9 dans son sens et lui aurait promis d&rsquo;\u00e9crire une lettre \u00e0 la Garde des sceaux, Rachida Dati.<\/span><\/p>\n<p><span style=\"color: #000000;\">\u00c0 peine le rendez-vous termin\u00e9, G\u00e9rald Darmanin l&rsquo;aurait recontact\u00e9 pour lui proposer un d\u00eener. Elle pr\u00e9f\u00e8re un caf\u00e9 ou un d\u00e9jeuner. Il insiste, elle accepte car elle \u00abtient \u00e0 cette lettre\u00bb. Tous deux se retrouvent au restaurant \u00abChez Fran\u00e7oise\u00bb, pr\u00e8s de l&rsquo;Assembl\u00e9e nationale. Elle raconte la sc\u00e8ne au Monde: \u00abOn aborde le dossier rapidement. Il me dit qu&rsquo;il va faire le maximum. Je suis aux anges. \u00c0 un moment, il s&rsquo;approche de moi, il met sa main sur la mienne: \u201cIl va falloir m&rsquo;aider vous aussi.\u201d Tout s&rsquo;effondre\u00bb, poursuit-elle. \u00abJe ne suis pas une gamine, j&rsquo;ai compris tout de suite\u00bb. Quelques instants plus tard, \u00abje lui dis que je vais rentrer. <strong>Mais il me demande de venir avec lui aux Chandelles, un club \u00e9changiste, car il ne peut pas y entrer seul.\u00bb<\/strong><\/span><\/p>\n<p><span style=\"color: #000000;\">Sophie Spatz le suit mais se sent prise \u00aben otage\u00bb. \u00abJe me dis que je suis oblig\u00e9e: demain, j&rsquo;aurai ma lettre\u00bb, dit-elle. Il ne se passe rien dans le club en question mais au moment o\u00f9 elle compte partir, celui-ci lui demande de venir dans sa chambre d\u2019h\u00f4tel. L\u2019avocate de la plaignante, Me Elodie Tuaillon-Hibon, d\u00e9crit la suite dans la plainte : elle est rest\u00e9e longuement enferm\u00e9e dans la salle de bains. \u00abConstatant que l&rsquo;acte \u00e9tait toujours au programme, malgr\u00e9 tous ces d\u00e9tours, elle avait d\u00fb finir par s&rsquo;y plier\u00bb. Quelques mois plus tard, en novembre 2009, G\u00e9rald Darmanin \u00e9crit la fameuse lettre tant r\u00e9clam\u00e9e \u00e0 Mich\u00e8le Alliot-Marie, devenue Garde des sceaux entre-temps. Pas de quoi apaiser Sophie Spatz qui d\u00e9cide de d\u00e9noncer les pratiques de l&rsquo;\u00e9lu aupr\u00e8s de l&rsquo;UMP mais ne porte pas plainte.<\/span><\/p>\n<p><strong><span style=\"color: #000000;\">Plainte pour d\u00e9nonciation calomnieuse<\/span><\/strong><\/p>\n<p><span style=\"color: #000000;\"><strong>Ce n&rsquo;est qu&rsquo;en mai 2017, lorsque G\u00e9rald Darmanin est nomm\u00e9 au gouvernement, qu&rsquo;elle d\u00e9cide de porter plainte.<\/strong> Son mari, lui, \u00e9crit \u00e0 Fran\u00e7ois Bayrou, alors ministre de la Justice, qui transmet le courrier au procureur. Un mois plus tard, Sophie Spatz d\u00e9pose plainte pour viol contre G\u00e9rald Darmanin. Comme c&rsquo;est le cas dans toutes les affaires d&rsquo;agression sexuelle et de viol, le procureur ouvre une enqu\u00eate pr\u00e9liminaire de mani\u00e8re automatique et la confie \u00e0 la police judiciaire. De son c\u00f4t\u00e9, le ministre d\u00e9pose une plainte pour d\u00e9nonciation calomnieuse le 17 juin 2017. Les investigations auront toutefois du mal \u00e0 avancer. \u00abLa plaignante n&rsquo;ayant pas r\u00e9pondu aux convocations des enqu\u00eateurs, cette proc\u00e9dure a fait l&rsquo;objet d&rsquo;un classement sans suite le 11 juillet 2017\u00bb, nous confirme le parquet de Paris ce samedi. Motif du classement: absence d&rsquo;infraction. Pourquoi avoir d\u00e9clin\u00e9 ces convocations? \u00abParce qu&rsquo;elle \u00e9tait mal conseill\u00e9e, et parce que son entourage tentait de l&rsquo;en dissuader, arguant qu&rsquo;elle avait en face d&rsquo;elle un homme haut plac\u00e9\u00bb, fait valoir aujourd&rsquo;hui son avocate Me Tuaillon-Hibon, dans les colonnes du Parisien.<\/span><\/p>\n<p><span style=\"color: #000000;\">Les mois passent et le 15 janvier dernier, G\u00e9rald Darmanin &#8211; qui n&rsquo;est plus membre des R\u00e9publicains &#8211; \u00e9voque cette affaire sur France Info, sans rentrer dans les d\u00e9tails. \u00abUne enqu\u00eate a \u00e9t\u00e9 ouverte par Fran\u00e7ois Molins, il y a eu des investigations. Au bout d&rsquo;un certain temps, cette enqu\u00eate ne donnant rien &#8211; \u00e9videmment, puisque tout cela est faux &#8211; elle a \u00e9t\u00e9 cl\u00f4tur\u00e9e, pour \u2018absence totale d&rsquo;infraction&rsquo;\u00bb, raconte le ministre de l&rsquo;Action et des Comptes public qui dit en avoir \u00abgard\u00e9 une blessure\u00bb. Parall\u00e8lement, Sophie Spatz, aujourd&rsquo;hui \u00e2g\u00e9e de 46 ans, adresse un nouveau courrier au procureur indiquant qu&rsquo;elle souhaite \u00eatre entendue. Cons\u00e9quence, l&rsquo;enqu\u00eate est rouverte le 22 janvier et les enqu\u00eateurs l&rsquo;interrogent le 25 janvier, c&rsquo;est-\u00e0-dire jeudi. Selon Le Monde, elle aurait \u00e9t\u00e9 entendue pendant huit heures.<\/span><\/p>\n<p><strong><span style=\"color: #000000;\">Un viol \u00abpar surprise\u00bb<\/span><\/strong><\/p>\n<p><span style=\"color: #000000;\">Pour l&rsquo;avocate de Sophie Spatz, le viol ne fait aucun doute. \u00abPsychologiquement, M. Darmanin aurait d\u00fb \u00eatre conscient qu&rsquo;elle \u00e9tait clairement dans l&rsquo;opposition\u00bb, explique Me Elodie Tuaillon-Hibon au Parisien. Juridiquement, elle consid\u00e8re que le consentement a \u00e9t\u00e9 acquis \u00abpar surprise\u00bb.<\/span><\/p>\n<p><span style=\"color: #000000;\">En face, les conseils du ministre, Mathias Chichportich et Pierre-Olivier, d\u00e9clarent au Monde que cette plainte est \u00abune grossi\u00e8re intention de nuire\u00bb de la part \u00abd&rsquo;une personne qui a d\u00e9j\u00e0 fait l&rsquo;objet d&rsquo;une condamnation p\u00e9nale pour des faits de chantage\u00bb. En r\u00e9action, Sophie Spatz, par la voix de son avocate, a d\u00e9nonc\u00e9 ces \u00absuppos\u00e9es intentions\u00bb de nuire. \u00abCes all\u00e9gations sont d\u00e9nu\u00e9es de fondement mat\u00e9riel et elles violent \u00e9galement la logique chronologique du dossier\u00bb, a r\u00e9agi Me Elodie Tuaillon-Hibon dans un bref courriel \u00e0 l&rsquo;AFP.<\/span><\/p>\n<p><span style=\"color: #000000;\">G\u00e9rald Darmanin, quant \u00e0 lui, ne s&rsquo;est pas exprim\u00e9 publiquement sur le sujet depuis la r\u00e9ouverture de l&rsquo;enqu\u00eate. Tout juste apprend-on dans le Journal du dimanche qu&rsquo;il maintient ses d\u00e9n\u00e9gations d\u00e9j\u00e0 exprim\u00e9es le 15 janvier sur France Info. L&rsquo;entourage du ministre fait savoir qu&rsquo;il fait face \u00e0 \u00abune \u00e9preuve difficile\u00bb mais qu&rsquo;il reste \u00abcombatif\u00bb. \u00abJe n&rsquo;ai aucun doute sur le fond, Il est incapable de faire \u00e7a\u00bb, d\u00e9clare un de ses soutiens dans Le Parisien . Chez Les R\u00e9publicains, un baron de la droite se montre beaucoup moins optimiste: \u00abDans le contexte actuel, je ne vois pas comment il va pouvoir tenir, m\u00eame s&rsquo;il est innocent. Il y en a qui sont sortis pour moins que \u00e7a\u00bb.<\/span><\/p>\n","protected":false},"excerpt":{"rendered":"<p>Le viol est puni de quinze ans de r\u00e9clusion criminelle. Des f\u00e9ministes ont lanc\u00e9, dimanche 28 janvier, une p\u00e9tition demandant au Premier ministre, \u00c9douard Philippe, de d\u00e9mettre de ses fonctions le ministre des Comptes publics, vis\u00e9 par une enqu\u00eate pr\u00e9liminaire apr\u00e8s une accusation de viol. \u00ab\u00a0Monsieur le Premier ministre, quand un ministre est mis en [&hellip;]<\/p>\n","protected":false},"author":2,"featured_media":8280,"comment_status":"closed","ping_status":"closed","sticky":false,"template":"","format":"standard","meta":{"_genesis_hide_title":false,"_genesis_hide_breadcrumbs":false,"_genesis_hide_singular_image":false,"_genesis_hide_footer_widgets":false,"_genesis_custom_body_class":"","_genesis_custom_post_class":"","_genesis_layout":"","footnotes":""},"categories":[55],"tags":[],"class_list":{"0":"post-8279","1":"post","2":"type-post","3":"status-publish","4":"format-standard","5":"has-post-thumbnail","7":"category-societe","8":"entry"},"yoast_head":"<!-- This site is optimized with the Yoast SEO plugin v27.1.1 - https:\/\/yoast.com\/product\/yoast-seo-wordpress\/ -->\n<title>G\u00e9rald Darmanin, ministre depuis 2017, est accus\u00e9 de viol : faut-il balancer du porc ? - Ozinzen<\/title>\n<meta name=\"description\" content=\"Le viol est puni de quinze ans de r\u00e9clusion criminelle. Des f\u00e9ministes ont lanc\u00e9, dimanche 28 janvier, une p\u00e9tition demandant au Premier ministre, \u00c9douard\" \/>\n<meta name=\"robots\" content=\"index, follow, max-snippet:-1, max-image-preview:large, max-video-preview:-1\" \/>\n<link rel=\"canonical\" href=\"https:\/\/ozinzen.com\/blog\/gerald-darmanin-ministre-2017-accuse-de-viol-faut-balancer-porc\/\" \/>\n<meta property=\"og:locale\" content=\"fr_FR\" \/>\n<meta property=\"og:type\" content=\"article\" \/>\n<meta property=\"og:title\" content=\"G\u00e9rald Darmanin, ministre depuis 2017, est accus\u00e9 de viol : faut-il balancer du porc ? - Ozinzen\" \/>\n<meta property=\"og:description\" content=\"Le viol est puni de quinze ans de r\u00e9clusion criminelle. Des f\u00e9ministes ont lanc\u00e9, dimanche 28 janvier, une p\u00e9tition demandant au Premier ministre, \u00c9douard\" \/>\n<meta property=\"og:url\" content=\"https:\/\/ozinzen.com\/blog\/gerald-darmanin-ministre-2017-accuse-de-viol-faut-balancer-porc\/\" \/>\n<meta property=\"og:site_name\" content=\"Ozinzen\" \/>\n<meta property=\"article:published_time\" content=\"2018-01-29T12:33:21+00:00\" \/>\n<meta property=\"article:modified_time\" content=\"2018-02-01T07:45:09+00:00\" \/>\n<meta property=\"og:image\" content=\"https:\/\/ozinzen.com\/blog\/wp-content\/uploads\/2018\/01\/balance-ton-porc-ministre-darmanin.jpg\" \/>\n\t<meta property=\"og:image:width\" content=\"960\" \/>\n\t<meta property=\"og:image:height\" content=\"639\" \/>\n\t<meta property=\"og:image:type\" content=\"image\/jpeg\" \/>\n<meta name=\"author\" content=\"Marc Sigrist\" \/>\n<meta name=\"twitter:card\" content=\"summary_large_image\" \/>\n<meta name=\"twitter:creator\" content=\"@ozinzen\" \/>\n<meta name=\"twitter:site\" content=\"@ozinzen\" \/>\n<meta name=\"twitter:label1\" content=\"\u00c9crit par\" \/>\n\t<meta name=\"twitter:data1\" content=\"Marc Sigrist\" \/>\n\t<meta name=\"twitter:label2\" content=\"Dur\u00e9e de lecture estim\u00e9e\" \/>\n\t<meta name=\"twitter:data2\" content=\"7 minutes\" \/>\n<script type=\"application\/ld+json\" class=\"yoast-schema-graph\">{\"@context\":\"https:\/\/schema.org\",\"@graph\":[{\"@type\":\"Article\",\"@id\":\"https:\/\/ozinzen.com\/blog\/gerald-darmanin-ministre-2017-accuse-de-viol-faut-balancer-porc\/#article\",\"isPartOf\":{\"@id\":\"https:\/\/ozinzen.com\/blog\/gerald-darmanin-ministre-2017-accuse-de-viol-faut-balancer-porc\/\"},\"author\":{\"name\":\"Marc Sigrist\",\"@id\":\"https:\/\/ozinzen.com\/blog\/#\/schema\/person\/c3f9b942ea7cfc90188ae840a2cf2fb1\"},\"headline\":\"G\u00e9rald Darmanin, ministre depuis 2017, est accus\u00e9 de viol : faut-il balancer du porc ?\",\"datePublished\":\"2018-01-29T12:33:21+00:00\",\"dateModified\":\"2018-02-01T07:45:09+00:00\",\"mainEntityOfPage\":{\"@id\":\"https:\/\/ozinzen.com\/blog\/gerald-darmanin-ministre-2017-accuse-de-viol-faut-balancer-porc\/\"},\"wordCount\":1318,\"publisher\":{\"@id\":\"https:\/\/ozinzen.com\/blog\/#organization\"},\"image\":{\"@id\":\"https:\/\/ozinzen.com\/blog\/gerald-darmanin-ministre-2017-accuse-de-viol-faut-balancer-porc\/#primaryimage\"},\"thumbnailUrl\":\"https:\/\/ozinzen.com\/blog\/wp-content\/uploads\/2018\/01\/balance-ton-porc-ministre-darmanin.jpg\",\"articleSection\":[\"Soci\u00e9t\u00e9\"],\"inLanguage\":\"fr-FR\"},{\"@type\":\"WebPage\",\"@id\":\"https:\/\/ozinzen.com\/blog\/gerald-darmanin-ministre-2017-accuse-de-viol-faut-balancer-porc\/\",\"url\":\"https:\/\/ozinzen.com\/blog\/gerald-darmanin-ministre-2017-accuse-de-viol-faut-balancer-porc\/\",\"name\":\"G\u00e9rald Darmanin, ministre depuis 2017, est accus\u00e9 de viol : faut-il balancer du porc ? - Ozinzen\",\"isPartOf\":{\"@id\":\"https:\/\/ozinzen.com\/blog\/#website\"},\"primaryImageOfPage\":{\"@id\":\"https:\/\/ozinzen.com\/blog\/gerald-darmanin-ministre-2017-accuse-de-viol-faut-balancer-porc\/#primaryimage\"},\"image\":{\"@id\":\"https:\/\/ozinzen.com\/blog\/gerald-darmanin-ministre-2017-accuse-de-viol-faut-balancer-porc\/#primaryimage\"},\"thumbnailUrl\":\"https:\/\/ozinzen.com\/blog\/wp-content\/uploads\/2018\/01\/balance-ton-porc-ministre-darmanin.jpg\",\"datePublished\":\"2018-01-29T12:33:21+00:00\",\"dateModified\":\"2018-02-01T07:45:09+00:00\",\"description\":\"Le viol est puni de quinze ans de r\u00e9clusion criminelle. Des f\u00e9ministes ont lanc\u00e9, dimanche 28 janvier, une p\u00e9tition demandant au Premier ministre, \u00c9douard\",\"breadcrumb\":{\"@id\":\"https:\/\/ozinzen.com\/blog\/gerald-darmanin-ministre-2017-accuse-de-viol-faut-balancer-porc\/#breadcrumb\"},\"inLanguage\":\"fr-FR\",\"potentialAction\":[{\"@type\":\"ReadAction\",\"target\":[\"https:\/\/ozinzen.com\/blog\/gerald-darmanin-ministre-2017-accuse-de-viol-faut-balancer-porc\/\"]}]},{\"@type\":\"ImageObject\",\"inLanguage\":\"fr-FR\",\"@id\":\"https:\/\/ozinzen.com\/blog\/gerald-darmanin-ministre-2017-accuse-de-viol-faut-balancer-porc\/#primaryimage\",\"url\":\"https:\/\/ozinzen.com\/blog\/wp-content\/uploads\/2018\/01\/balance-ton-porc-ministre-darmanin.jpg\",\"contentUrl\":\"https:\/\/ozinzen.com\/blog\/wp-content\/uploads\/2018\/01\/balance-ton-porc-ministre-darmanin.jpg\",\"width\":960,\"height\":639,\"caption\":\"balance ton porc ministre darmanin\"},{\"@type\":\"BreadcrumbList\",\"@id\":\"https:\/\/ozinzen.com\/blog\/gerald-darmanin-ministre-2017-accuse-de-viol-faut-balancer-porc\/#breadcrumb\",\"itemListElement\":[{\"@type\":\"ListItem\",\"position\":1,\"name\":\"Accueil\",\"item\":\"https:\/\/ozinzen.com\/blog\/\"},{\"@type\":\"ListItem\",\"position\":2,\"name\":\"G\u00e9rald Darmanin, ministre depuis 2017, est accus\u00e9 de viol : faut-il balancer du porc ?\"}]},{\"@type\":\"WebSite\",\"@id\":\"https:\/\/ozinzen.com\/blog\/#website\",\"url\":\"https:\/\/ozinzen.com\/blog\/\",\"name\":\"Ozinzen\",\"description\":\"Mode de vie et sant\u00e9\",\"publisher\":{\"@id\":\"https:\/\/ozinzen.com\/blog\/#organization\"},\"potentialAction\":[{\"@type\":\"SearchAction\",\"target\":{\"@type\":\"EntryPoint\",\"urlTemplate\":\"https:\/\/ozinzen.com\/blog\/?s={search_term_string}\"},\"query-input\":{\"@type\":\"PropertyValueSpecification\",\"valueRequired\":true,\"valueName\":\"search_term_string\"}}],\"inLanguage\":\"fr-FR\"},{\"@type\":\"Organization\",\"@id\":\"https:\/\/ozinzen.com\/blog\/#organization\",\"name\":\"Ozinzen\",\"url\":\"https:\/\/ozinzen.com\/blog\/\",\"logo\":{\"@type\":\"ImageObject\",\"inLanguage\":\"fr-FR\",\"@id\":\"https:\/\/ozinzen.com\/blog\/#\/schema\/logo\/image\/\",\"url\":\"https:\/\/ozinzen.com\/blog\/wp-content\/uploads\/2023\/01\/ozinzen.png\",\"contentUrl\":\"https:\/\/ozinzen.com\/blog\/wp-content\/uploads\/2023\/01\/ozinzen.png\",\"width\":64,\"height\":64,\"caption\":\"Ozinzen\"},\"image\":{\"@id\":\"https:\/\/ozinzen.com\/blog\/#\/schema\/logo\/image\/\"},\"sameAs\":[\"https:\/\/x.com\/ozinzen\"]},{\"@type\":\"Person\",\"@id\":\"https:\/\/ozinzen.com\/blog\/#\/schema\/person\/c3f9b942ea7cfc90188ae840a2cf2fb1\",\"name\":\"Marc Sigrist\",\"image\":{\"@type\":\"ImageObject\",\"inLanguage\":\"fr-FR\",\"@id\":\"https:\/\/ozinzen.com\/blog\/#\/schema\/person\/image\/\",\"url\":\"https:\/\/secure.gravatar.com\/avatar\/187f82243f15c243b39ac53fcbd3ac6ae072d40425f7b43c2878b6fb120dbb31?s=96&d=mm&r=g\",\"contentUrl\":\"https:\/\/secure.gravatar.com\/avatar\/187f82243f15c243b39ac53fcbd3ac6ae072d40425f7b43c2878b6fb120dbb31?s=96&d=mm&r=g\",\"caption\":\"Marc Sigrist\"}}]}<\/script>\n<!-- \/ Yoast SEO plugin. -->","yoast_head_json":{"title":"G\u00e9rald Darmanin, ministre depuis 2017, est accus\u00e9 de viol : faut-il balancer du porc ? - Ozinzen","description":"Le viol est puni de quinze ans de r\u00e9clusion criminelle. Des f\u00e9ministes ont lanc\u00e9, dimanche 28 janvier, une p\u00e9tition demandant au Premier ministre, \u00c9douard","robots":{"index":"index","follow":"follow","max-snippet":"max-snippet:-1","max-image-preview":"max-image-preview:large","max-video-preview":"max-video-preview:-1"},"canonical":"https:\/\/ozinzen.com\/blog\/gerald-darmanin-ministre-2017-accuse-de-viol-faut-balancer-porc\/","og_locale":"fr_FR","og_type":"article","og_title":"G\u00e9rald Darmanin, ministre depuis 2017, est accus\u00e9 de viol : faut-il balancer du porc ? - Ozinzen","og_description":"Le viol est puni de quinze ans de r\u00e9clusion criminelle. Des f\u00e9ministes ont lanc\u00e9, dimanche 28 janvier, une p\u00e9tition demandant au Premier ministre, \u00c9douard","og_url":"https:\/\/ozinzen.com\/blog\/gerald-darmanin-ministre-2017-accuse-de-viol-faut-balancer-porc\/","og_site_name":"Ozinzen","article_published_time":"2018-01-29T12:33:21+00:00","article_modified_time":"2018-02-01T07:45:09+00:00","og_image":[{"width":960,"height":639,"url":"https:\/\/ozinzen.com\/blog\/wp-content\/uploads\/2018\/01\/balance-ton-porc-ministre-darmanin.jpg","type":"image\/jpeg"}],"author":"Marc Sigrist","twitter_card":"summary_large_image","twitter_creator":"@ozinzen","twitter_site":"@ozinzen","twitter_misc":{"\u00c9crit par":"Marc Sigrist","Dur\u00e9e de lecture estim\u00e9e":"7 minutes"},"schema":{"@context":"https:\/\/schema.org","@graph":[{"@type":"Article","@id":"https:\/\/ozinzen.com\/blog\/gerald-darmanin-ministre-2017-accuse-de-viol-faut-balancer-porc\/#article","isPartOf":{"@id":"https:\/\/ozinzen.com\/blog\/gerald-darmanin-ministre-2017-accuse-de-viol-faut-balancer-porc\/"},"author":{"name":"Marc Sigrist","@id":"https:\/\/ozinzen.com\/blog\/#\/schema\/person\/c3f9b942ea7cfc90188ae840a2cf2fb1"},"headline":"G\u00e9rald Darmanin, ministre depuis 2017, est accus\u00e9 de viol : faut-il balancer du porc ?","datePublished":"2018-01-29T12:33:21+00:00","dateModified":"2018-02-01T07:45:09+00:00","mainEntityOfPage":{"@id":"https:\/\/ozinzen.com\/blog\/gerald-darmanin-ministre-2017-accuse-de-viol-faut-balancer-porc\/"},"wordCount":1318,"publisher":{"@id":"https:\/\/ozinzen.com\/blog\/#organization"},"image":{"@id":"https:\/\/ozinzen.com\/blog\/gerald-darmanin-ministre-2017-accuse-de-viol-faut-balancer-porc\/#primaryimage"},"thumbnailUrl":"https:\/\/ozinzen.com\/blog\/wp-content\/uploads\/2018\/01\/balance-ton-porc-ministre-darmanin.jpg","articleSection":["Soci\u00e9t\u00e9"],"inLanguage":"fr-FR"},{"@type":"WebPage","@id":"https:\/\/ozinzen.com\/blog\/gerald-darmanin-ministre-2017-accuse-de-viol-faut-balancer-porc\/","url":"https:\/\/ozinzen.com\/blog\/gerald-darmanin-ministre-2017-accuse-de-viol-faut-balancer-porc\/","name":"G\u00e9rald Darmanin, ministre depuis 2017, est accus\u00e9 de viol : faut-il balancer du porc ? - Ozinzen","isPartOf":{"@id":"https:\/\/ozinzen.com\/blog\/#website"},"primaryImageOfPage":{"@id":"https:\/\/ozinzen.com\/blog\/gerald-darmanin-ministre-2017-accuse-de-viol-faut-balancer-porc\/#primaryimage"},"image":{"@id":"https:\/\/ozinzen.com\/blog\/gerald-darmanin-ministre-2017-accuse-de-viol-faut-balancer-porc\/#primaryimage"},"thumbnailUrl":"https:\/\/ozinzen.com\/blog\/wp-content\/uploads\/2018\/01\/balance-ton-porc-ministre-darmanin.jpg","datePublished":"2018-01-29T12:33:21+00:00","dateModified":"2018-02-01T07:45:09+00:00","description":"Le viol est puni de quinze ans de r\u00e9clusion criminelle. Des f\u00e9ministes ont lanc\u00e9, dimanche 28 janvier, une p\u00e9tition demandant au Premier ministre, \u00c9douard","breadcrumb":{"@id":"https:\/\/ozinzen.com\/blog\/gerald-darmanin-ministre-2017-accuse-de-viol-faut-balancer-porc\/#breadcrumb"},"inLanguage":"fr-FR","potentialAction":[{"@type":"ReadAction","target":["https:\/\/ozinzen.com\/blog\/gerald-darmanin-ministre-2017-accuse-de-viol-faut-balancer-porc\/"]}]},{"@type":"ImageObject","inLanguage":"fr-FR","@id":"https:\/\/ozinzen.com\/blog\/gerald-darmanin-ministre-2017-accuse-de-viol-faut-balancer-porc\/#primaryimage","url":"https:\/\/ozinzen.com\/blog\/wp-content\/uploads\/2018\/01\/balance-ton-porc-ministre-darmanin.jpg","contentUrl":"https:\/\/ozinzen.com\/blog\/wp-content\/uploads\/2018\/01\/balance-ton-porc-ministre-darmanin.jpg","width":960,"height":639,"caption":"balance ton porc ministre darmanin"},{"@type":"BreadcrumbList","@id":"https:\/\/ozinzen.com\/blog\/gerald-darmanin-ministre-2017-accuse-de-viol-faut-balancer-porc\/#breadcrumb","itemListElement":[{"@type":"ListItem","position":1,"name":"Accueil","item":"https:\/\/ozinzen.com\/blog\/"},{"@type":"ListItem","position":2,"name":"G\u00e9rald Darmanin, ministre depuis 2017, est accus\u00e9 de viol : faut-il balancer du porc ?"}]},{"@type":"WebSite","@id":"https:\/\/ozinzen.com\/blog\/#website","url":"https:\/\/ozinzen.com\/blog\/","name":"Ozinzen","description":"Mode de vie et sant\u00e9","publisher":{"@id":"https:\/\/ozinzen.com\/blog\/#organization"},"potentialAction":[{"@type":"SearchAction","target":{"@type":"EntryPoint","urlTemplate":"https:\/\/ozinzen.com\/blog\/?s={search_term_string}"},"query-input":{"@type":"PropertyValueSpecification","valueRequired":true,"valueName":"search_term_string"}}],"inLanguage":"fr-FR"},{"@type":"Organization","@id":"https:\/\/ozinzen.com\/blog\/#organization","name":"Ozinzen","url":"https:\/\/ozinzen.com\/blog\/","logo":{"@type":"ImageObject","inLanguage":"fr-FR","@id":"https:\/\/ozinzen.com\/blog\/#\/schema\/logo\/image\/","url":"https:\/\/ozinzen.com\/blog\/wp-content\/uploads\/2023\/01\/ozinzen.png","contentUrl":"https:\/\/ozinzen.com\/blog\/wp-content\/uploads\/2023\/01\/ozinzen.png","width":64,"height":64,"caption":"Ozinzen"},"image":{"@id":"https:\/\/ozinzen.com\/blog\/#\/schema\/logo\/image\/"},"sameAs":["https:\/\/x.com\/ozinzen"]},{"@type":"Person","@id":"https:\/\/ozinzen.com\/blog\/#\/schema\/person\/c3f9b942ea7cfc90188ae840a2cf2fb1","name":"Marc Sigrist","image":{"@type":"ImageObject","inLanguage":"fr-FR","@id":"https:\/\/ozinzen.com\/blog\/#\/schema\/person\/image\/","url":"https:\/\/secure.gravatar.com\/avatar\/187f82243f15c243b39ac53fcbd3ac6ae072d40425f7b43c2878b6fb120dbb31?s=96&d=mm&r=g","contentUrl":"https:\/\/secure.gravatar.com\/avatar\/187f82243f15c243b39ac53fcbd3ac6ae072d40425f7b43c2878b6fb120dbb31?s=96&d=mm&r=g","caption":"Marc Sigrist"}}]}},"amp_enabled":true,"_links":{"self":[{"href":"https:\/\/ozinzen.com\/blog\/wp-json\/wp\/v2\/posts\/8279","targetHints":{"allow":["GET"]}}],"collection":[{"href":"https:\/\/ozinzen.com\/blog\/wp-json\/wp\/v2\/posts"}],"about":[{"href":"https:\/\/ozinzen.com\/blog\/wp-json\/wp\/v2\/types\/post"}],"author":[{"embeddable":true,"href":"https:\/\/ozinzen.com\/blog\/wp-json\/wp\/v2\/users\/2"}],"replies":[{"embeddable":true,"href":"https:\/\/ozinzen.com\/blog\/wp-json\/wp\/v2\/comments?post=8279"}],"version-history":[{"count":6,"href":"https:\/\/ozinzen.com\/blog\/wp-json\/wp\/v2\/posts\/8279\/revisions"}],"predecessor-version":[{"id":8286,"href":"https:\/\/ozinzen.com\/blog\/wp-json\/wp\/v2\/posts\/8279\/revisions\/8286"}],"wp:featuredmedia":[{"embeddable":true,"href":"https:\/\/ozinzen.com\/blog\/wp-json\/wp\/v2\/media\/8280"}],"wp:attachment":[{"href":"https:\/\/ozinzen.com\/blog\/wp-json\/wp\/v2\/media?parent=8279"}],"wp:term":[{"taxonomy":"category","embeddable":true,"href":"https:\/\/ozinzen.com\/blog\/wp-json\/wp\/v2\/categories?post=8279"},{"taxonomy":"post_tag","embeddable":true,"href":"https:\/\/ozinzen.com\/blog\/wp-json\/wp\/v2\/tags?post=8279"}],"curies":[{"name":"wp","href":"https:\/\/api.w.org\/{rel}","templated":true}]}}