{"id":8524,"date":"2018-05-27T19:17:03","date_gmt":"2018-05-27T17:17:03","guid":{"rendered":"https:\/\/ozinzen.com\/blog\/?p=8524"},"modified":"2018-05-29T20:37:55","modified_gmt":"2018-05-29T18:37:55","slug":"morgan-freeman-se-defend-contre-les-accusations-dharcelements-sexuels-lancees-par-cnn","status":"publish","type":"post","link":"https:\/\/ozinzen.com\/blog\/morgan-freeman-se-defend-contre-les-accusations-dharcelements-sexuels-lancees-par-cnn\/","title":{"rendered":"Morgan Freeman se d\u00e9fend contre les accusations de harc\u00e8lements sexuels lanc\u00e9es par CNN"},"content":{"rendered":"<p><span style=\"color: #000000;\"><a style=\"color: #000000;\" href=\"https:\/\/ozinzen.com\/blog\/wp-content\/uploads\/2018\/05\/morgan-freeman-3.jpg\"><img loading=\"lazy\" decoding=\"async\" class=\"alignnone size-full wp-image-8525\" src=\"https:\/\/ozinzen.com\/blog\/wp-content\/uploads\/2018\/05\/morgan-freeman-3.jpg\" alt=\"morgan-freeman\" width=\"1209\" height=\"669\" srcset=\"https:\/\/ozinzen.com\/blog\/wp-content\/uploads\/2018\/05\/morgan-freeman-3.jpg 1209w, https:\/\/ozinzen.com\/blog\/wp-content\/uploads\/2018\/05\/morgan-freeman-3-300x166.jpg 300w, https:\/\/ozinzen.com\/blog\/wp-content\/uploads\/2018\/05\/morgan-freeman-3-768x425.jpg 768w, https:\/\/ozinzen.com\/blog\/wp-content\/uploads\/2018\/05\/morgan-freeman-3-1024x567.jpg 1024w\" sizes=\"auto, (max-width: 1209px) 100vw, 1209px\" \/><\/a><\/span><span style=\"color: #000000;\">Dans un communiqu\u00e9 publi\u00e9 samedi, l\u2019acteur de 80 ans d\u00e9clare\u00a0: \u00abJe suis d\u00e9vast\u00e9 par l&rsquo;id\u00e9e que 80 ann\u00e9es de vie risquent d&rsquo;\u00eatre d\u00e9truites, en un battement de cils, par les informations sorties dans les m\u00e9dias jeudi\u00bb, a-t-il \u00e9crit, avant de confier que son cas n\u2019avait rien \u00e0 voir avec les \u00abhorribles affaires de violence sexuelle\u00bb qui ont \u00e9clat\u00e9 dans les m\u00e9dias depuis l\u2019\u00e9closion de l\u2019affaire Harvey Weinstein, le producteur d\u00e9chu accus\u00e9 de harc\u00e8lement ou agressions sexuelles par environ 100 femmes.<\/span><!--more--><\/p>\n<p><span style=\"color: #000000;\">\u00a0\u00abJe reconnais que je ressens le besoin de mettre les femmes et les hommes \u00e0 l&rsquo;aise autour de moi et de les faire se sentir appr\u00e9ci\u00e9s. De ce fait, j&rsquo;essaie souvent de rire avec les femmes et de les complimenter, d&rsquo;une mani\u00e8re qui me semblait \u00eatre badine et amusante. Mais mon intention n&rsquo;\u00e9tait clairement pas toujours comprise. Et c&rsquo;est pour cela que je me suis excus\u00e9 jeudi et continuerai de m&rsquo;excuser aupr\u00e8s de quiconque a pu \u00eatre touch\u00e9 par mon comportement, m\u00eame s&rsquo;il n&rsquo;\u00e9tait pas volontaire.\u00bb, a ajout\u00e9 celui qui a remport\u00e9 l\u2019oscar du meilleur second r\u00f4le en 2005 pour sa performance dans \u00abMillion Dollar Baby\u00bb.<\/span><\/p>\n<p><strong><span style=\"color: #000000;\">\u00ab\u00a0Je n&rsquo;ai jamais agress\u00e9 aucune femme\u00a0\u00bb<\/span><\/strong><\/p>\n<p><span style=\"color: #000000;\">Avant de marteler, une nouvelle fois, qu\u2019il n\u2019est pas un Harvey Weinstein bis : \u00abMais je veux aussi \u00eatre clair: je n&rsquo;ai jamais cr\u00e9\u00e9 d&rsquo;environnement de travail dangereux. Je n&rsquo;ai jamais agress\u00e9 aucune femme. Je n&rsquo;ai jamais offert de travail ou de promotion en \u00e9change d&rsquo;un acte sexuel. Toutes les d\u00e9clarations laissant croire que j&rsquo;ai pu faire cela sont compl\u00e8tement fausses.\u00bb.<\/span><\/p>\n<p><span style=\"color: #000000;\">CNN a interrog\u00e9 de nombreuses personnes durant 6 mois pour recueillir des accusations contre Morgan Freeman. Au total, parmi toutes les personnes interrog\u00e9es \u00a0par CNN dans le cadre de son \u00ab\u00a0enqu\u00eate\u00a0\u00bb contre Morgan Freeman, huit disent avoir \u00e9t\u00e9 victimes de harc\u00e8lement et huit autres affirment avoir assist\u00e9 \u00e0 des actes inappropri\u00e9s. Une jeune assistante de production qui a travaill\u00e9 en 2015 sur le tournage du film \u00abBraquage \u00e0 l&rsquo;ancienne\u00bb a affirm\u00e9 que Freeman l&rsquo;a touch\u00e9e en bas du dos, faisait des commentaires sur sa silhouette ou sa tenue. L&rsquo;acteur de \u00abBatman Begins\u00bb aurait un jour essay\u00e9 \u00e0 multiples reprises \u00abde lever ma jupe et demandait si je portais des sous-v\u00eatements\u00bb, a-t-elle racont\u00e9e, cit\u00e9e anonymement par CNN.<\/span><\/p>\n<p><span style=\"color: #000000;\">La journaliste de CNN Chlo\u00e9 Melas a d\u00e9cid\u00e9 de lancer une enqu\u00eate contre Morgan Freeman apr\u00e8s l\u2019avoir rencontr\u00e9 pour une interview.<\/span><\/p>\n<p><span style=\"color: #000000;\">Chlo\u00e9 Melas (\u00e0 droite ci-dessous) a pr\u00e9sent\u00e9 la vid\u00e9o de cette interview sur CNN, en montrant le moment o\u00f9 elle affirme que Freeman l&rsquo;a harcel\u00e9e lors d&rsquo;une conf\u00e9rence de presse. <strong>Dans cette vid\u00e9o, l\u2019acteur Michael Caine parle d\u2019une ancienne gaffe qu\u2019il avait trouv\u00e9e amusante. Freeman r\u00e9pond alors en disant : \u00abJ&rsquo;aurais aim\u00e9 \u00eatre l\u00e0.\u00bb Pour une raison \u00e9trange, Chlo\u00e9 Melas consid\u00e8re le commentaire de Freeman comme sexuel.<\/strong> Pourtant Freeman parlait \u00e0 Caine et non \u00e0 Melas comme on peut le voir dans la vid\u00e9o.<\/span><\/p>\n<p><iframe loading=\"lazy\" src=\"https:\/\/www.youtube.com\/embed\/cYBTkNiLpKQ\" width=\"560\" height=\"315\" frameborder=\"0\" allowfullscreen=\"allowfullscreen\"><\/iframe><\/p>\n<p><span style=\"color: #000000;\">Malgr\u00e9 ses excuses publiques jeudi dernier, Morgan Freeman continue de perdre des contrats publicitaires. Des marques comme Visa ou TransLink (une soci\u00e9t\u00e9 de transport canadien) ont ainsi d\u00e9cid\u00e9 de mettre fin \u00e0 leur collaboration avec l\u2019acteur.<\/span><\/p>\n<p><span style=\"color: #000000;\">Accus\u00e9 d\u2019avoir eu un comportement inappropri\u00e9 avec huit femmes, l\u2019acteur am\u00e9ricain pourrait \u00e9galement perdre son Screen Actors Guild Award, re\u00e7u en janvier dernier, pour le r\u00e9compens\u00e9 de l\u2019ensemble de sa carri\u00e8re.<\/span><\/p>\n<p><span style=\"color: #000000;\">\u00ab Ce sont des all\u00e9gations fortes et d\u00e9vastatrices et contraires \u00e0 toutes les garanties que nous prenons pour garantir un environnement de travail s\u00fbr pour les professionnels de l\u2019industrie du cin\u00e9ma \u00bb explique le porte-parole du SAG, le syndicat des acteurs du cin\u00e9ma et de la t\u00e9l\u00e9vision am\u00e9ricain.<\/span><\/p>\n","protected":false},"excerpt":{"rendered":"<p>Dans un communiqu\u00e9 publi\u00e9 samedi, l\u2019acteur de 80 ans d\u00e9clare\u00a0: \u00abJe suis d\u00e9vast\u00e9 par l&rsquo;id\u00e9e que 80 ann\u00e9es de vie risquent d&rsquo;\u00eatre d\u00e9truites, en un battement de cils, par les informations sorties dans les m\u00e9dias jeudi\u00bb, a-t-il \u00e9crit, avant de confier que son cas n\u2019avait rien \u00e0 voir avec les \u00abhorribles affaires de violence sexuelle\u00bb [&hellip;]<\/p>\n","protected":false},"author":2,"featured_media":8525,"comment_status":"closed","ping_status":"closed","sticky":false,"template":"","format":"standard","meta":{"_genesis_hide_title":false,"_genesis_hide_breadcrumbs":false,"_genesis_hide_singular_image":false,"_genesis_hide_footer_widgets":false,"_genesis_custom_body_class":"","_genesis_custom_post_class":"","_genesis_layout":"","footnotes":""},"categories":[55],"tags":[],"class_list":{"0":"post-8524","1":"post","2":"type-post","3":"status-publish","4":"format-standard","5":"has-post-thumbnail","7":"category-societe","8":"entry"},"yoast_head":"<!-- This site is optimized with the Yoast SEO plugin v27.1.1 - https:\/\/yoast.com\/product\/yoast-seo-wordpress\/ -->\n<title>Morgan Freeman se d\u00e9fend contre les accusations de harc\u00e8lements sexuels lanc\u00e9es par CNN - Ozinzen<\/title>\n<meta name=\"description\" content=\"Dans un communiqu\u00e9 publi\u00e9 samedi, l\u2019acteur de 80 ans d\u00e9clare\u00a0: \u00abJe suis d\u00e9vast\u00e9 par l&#039;id\u00e9e que 80 ann\u00e9es de vie risquent d&#039;\u00eatre d\u00e9truites, en un battement\" \/>\n<meta name=\"robots\" content=\"index, follow, max-snippet:-1, max-image-preview:large, max-video-preview:-1\" \/>\n<link rel=\"canonical\" href=\"https:\/\/ozinzen.com\/blog\/morgan-freeman-se-defend-contre-les-accusations-dharcelements-sexuels-lancees-par-cnn\/\" \/>\n<meta property=\"og:locale\" content=\"fr_FR\" \/>\n<meta property=\"og:type\" content=\"article\" \/>\n<meta property=\"og:title\" content=\"Morgan Freeman se d\u00e9fend contre les accusations de harc\u00e8lements sexuels lanc\u00e9es par CNN - Ozinzen\" \/>\n<meta property=\"og:description\" content=\"Dans un communiqu\u00e9 publi\u00e9 samedi, l\u2019acteur de 80 ans d\u00e9clare\u00a0: \u00abJe suis d\u00e9vast\u00e9 par l&#039;id\u00e9e que 80 ann\u00e9es de vie risquent d&#039;\u00eatre d\u00e9truites, en un battement\" \/>\n<meta property=\"og:url\" content=\"https:\/\/ozinzen.com\/blog\/morgan-freeman-se-defend-contre-les-accusations-dharcelements-sexuels-lancees-par-cnn\/\" \/>\n<meta property=\"og:site_name\" content=\"Ozinzen\" \/>\n<meta property=\"article:published_time\" content=\"2018-05-27T17:17:03+00:00\" \/>\n<meta property=\"article:modified_time\" content=\"2018-05-29T18:37:55+00:00\" \/>\n<meta property=\"og:image\" content=\"https:\/\/ozinzen.com\/blog\/wp-content\/uploads\/2018\/05\/morgan-freeman-3.jpg\" \/>\n\t<meta property=\"og:image:width\" content=\"1209\" \/>\n\t<meta property=\"og:image:height\" content=\"669\" \/>\n\t<meta property=\"og:image:type\" content=\"image\/jpeg\" \/>\n<meta name=\"author\" content=\"Marc Sigrist\" \/>\n<meta name=\"twitter:card\" content=\"summary_large_image\" \/>\n<meta name=\"twitter:creator\" content=\"@ozinzen\" \/>\n<meta name=\"twitter:site\" content=\"@ozinzen\" \/>\n<meta name=\"twitter:label1\" content=\"\u00c9crit par\" \/>\n\t<meta name=\"twitter:data1\" content=\"Marc Sigrist\" \/>\n\t<meta name=\"twitter:label2\" content=\"Dur\u00e9e de lecture estim\u00e9e\" \/>\n\t<meta name=\"twitter:data2\" content=\"3 minutes\" \/>\n<script type=\"application\/ld+json\" class=\"yoast-schema-graph\">{\"@context\":\"https:\/\/schema.org\",\"@graph\":[{\"@type\":\"Article\",\"@id\":\"https:\/\/ozinzen.com\/blog\/morgan-freeman-se-defend-contre-les-accusations-dharcelements-sexuels-lancees-par-cnn\/#article\",\"isPartOf\":{\"@id\":\"https:\/\/ozinzen.com\/blog\/morgan-freeman-se-defend-contre-les-accusations-dharcelements-sexuels-lancees-par-cnn\/\"},\"author\":{\"name\":\"Marc Sigrist\",\"@id\":\"https:\/\/ozinzen.com\/blog\/#\/schema\/person\/c3f9b942ea7cfc90188ae840a2cf2fb1\"},\"headline\":\"Morgan Freeman se d\u00e9fend contre les accusations de harc\u00e8lements sexuels lanc\u00e9es par CNN\",\"datePublished\":\"2018-05-27T17:17:03+00:00\",\"dateModified\":\"2018-05-29T18:37:55+00:00\",\"mainEntityOfPage\":{\"@id\":\"https:\/\/ozinzen.com\/blog\/morgan-freeman-se-defend-contre-les-accusations-dharcelements-sexuels-lancees-par-cnn\/\"},\"wordCount\":655,\"publisher\":{\"@id\":\"https:\/\/ozinzen.com\/blog\/#organization\"},\"image\":{\"@id\":\"https:\/\/ozinzen.com\/blog\/morgan-freeman-se-defend-contre-les-accusations-dharcelements-sexuels-lancees-par-cnn\/#primaryimage\"},\"thumbnailUrl\":\"https:\/\/ozinzen.com\/blog\/wp-content\/uploads\/2018\/05\/morgan-freeman-3.jpg\",\"articleSection\":[\"Soci\u00e9t\u00e9\"],\"inLanguage\":\"fr-FR\"},{\"@type\":\"WebPage\",\"@id\":\"https:\/\/ozinzen.com\/blog\/morgan-freeman-se-defend-contre-les-accusations-dharcelements-sexuels-lancees-par-cnn\/\",\"url\":\"https:\/\/ozinzen.com\/blog\/morgan-freeman-se-defend-contre-les-accusations-dharcelements-sexuels-lancees-par-cnn\/\",\"name\":\"Morgan Freeman se d\u00e9fend contre les accusations de harc\u00e8lements sexuels lanc\u00e9es par CNN - Ozinzen\",\"isPartOf\":{\"@id\":\"https:\/\/ozinzen.com\/blog\/#website\"},\"primaryImageOfPage\":{\"@id\":\"https:\/\/ozinzen.com\/blog\/morgan-freeman-se-defend-contre-les-accusations-dharcelements-sexuels-lancees-par-cnn\/#primaryimage\"},\"image\":{\"@id\":\"https:\/\/ozinzen.com\/blog\/morgan-freeman-se-defend-contre-les-accusations-dharcelements-sexuels-lancees-par-cnn\/#primaryimage\"},\"thumbnailUrl\":\"https:\/\/ozinzen.com\/blog\/wp-content\/uploads\/2018\/05\/morgan-freeman-3.jpg\",\"datePublished\":\"2018-05-27T17:17:03+00:00\",\"dateModified\":\"2018-05-29T18:37:55+00:00\",\"description\":\"Dans un communiqu\u00e9 publi\u00e9 samedi, l\u2019acteur de 80 ans d\u00e9clare\u00a0: \u00abJe suis d\u00e9vast\u00e9 par l'id\u00e9e que 80 ann\u00e9es de vie risquent d'\u00eatre d\u00e9truites, en un battement\",\"breadcrumb\":{\"@id\":\"https:\/\/ozinzen.com\/blog\/morgan-freeman-se-defend-contre-les-accusations-dharcelements-sexuels-lancees-par-cnn\/#breadcrumb\"},\"inLanguage\":\"fr-FR\",\"potentialAction\":[{\"@type\":\"ReadAction\",\"target\":[\"https:\/\/ozinzen.com\/blog\/morgan-freeman-se-defend-contre-les-accusations-dharcelements-sexuels-lancees-par-cnn\/\"]}]},{\"@type\":\"ImageObject\",\"inLanguage\":\"fr-FR\",\"@id\":\"https:\/\/ozinzen.com\/blog\/morgan-freeman-se-defend-contre-les-accusations-dharcelements-sexuels-lancees-par-cnn\/#primaryimage\",\"url\":\"https:\/\/ozinzen.com\/blog\/wp-content\/uploads\/2018\/05\/morgan-freeman-3.jpg\",\"contentUrl\":\"https:\/\/ozinzen.com\/blog\/wp-content\/uploads\/2018\/05\/morgan-freeman-3.jpg\",\"width\":1209,\"height\":669,\"caption\":\"morgan-freeman\"},{\"@type\":\"BreadcrumbList\",\"@id\":\"https:\/\/ozinzen.com\/blog\/morgan-freeman-se-defend-contre-les-accusations-dharcelements-sexuels-lancees-par-cnn\/#breadcrumb\",\"itemListElement\":[{\"@type\":\"ListItem\",\"position\":1,\"name\":\"Accueil\",\"item\":\"https:\/\/ozinzen.com\/blog\/\"},{\"@type\":\"ListItem\",\"position\":2,\"name\":\"Morgan Freeman se d\u00e9fend contre les accusations de harc\u00e8lements sexuels lanc\u00e9es par CNN\"}]},{\"@type\":\"WebSite\",\"@id\":\"https:\/\/ozinzen.com\/blog\/#website\",\"url\":\"https:\/\/ozinzen.com\/blog\/\",\"name\":\"Ozinzen\",\"description\":\"Mode de vie et sant\u00e9\",\"publisher\":{\"@id\":\"https:\/\/ozinzen.com\/blog\/#organization\"},\"potentialAction\":[{\"@type\":\"SearchAction\",\"target\":{\"@type\":\"EntryPoint\",\"urlTemplate\":\"https:\/\/ozinzen.com\/blog\/?s={search_term_string}\"},\"query-input\":{\"@type\":\"PropertyValueSpecification\",\"valueRequired\":true,\"valueName\":\"search_term_string\"}}],\"inLanguage\":\"fr-FR\"},{\"@type\":\"Organization\",\"@id\":\"https:\/\/ozinzen.com\/blog\/#organization\",\"name\":\"Ozinzen\",\"url\":\"https:\/\/ozinzen.com\/blog\/\",\"logo\":{\"@type\":\"ImageObject\",\"inLanguage\":\"fr-FR\",\"@id\":\"https:\/\/ozinzen.com\/blog\/#\/schema\/logo\/image\/\",\"url\":\"https:\/\/ozinzen.com\/blog\/wp-content\/uploads\/2023\/01\/ozinzen.png\",\"contentUrl\":\"https:\/\/ozinzen.com\/blog\/wp-content\/uploads\/2023\/01\/ozinzen.png\",\"width\":64,\"height\":64,\"caption\":\"Ozinzen\"},\"image\":{\"@id\":\"https:\/\/ozinzen.com\/blog\/#\/schema\/logo\/image\/\"},\"sameAs\":[\"https:\/\/x.com\/ozinzen\"]},{\"@type\":\"Person\",\"@id\":\"https:\/\/ozinzen.com\/blog\/#\/schema\/person\/c3f9b942ea7cfc90188ae840a2cf2fb1\",\"name\":\"Marc Sigrist\",\"image\":{\"@type\":\"ImageObject\",\"inLanguage\":\"fr-FR\",\"@id\":\"https:\/\/ozinzen.com\/blog\/#\/schema\/person\/image\/\",\"url\":\"https:\/\/secure.gravatar.com\/avatar\/187f82243f15c243b39ac53fcbd3ac6ae072d40425f7b43c2878b6fb120dbb31?s=96&d=mm&r=g\",\"contentUrl\":\"https:\/\/secure.gravatar.com\/avatar\/187f82243f15c243b39ac53fcbd3ac6ae072d40425f7b43c2878b6fb120dbb31?s=96&d=mm&r=g\",\"caption\":\"Marc Sigrist\"}}]}<\/script>\n<!-- \/ Yoast SEO plugin. -->","yoast_head_json":{"title":"Morgan Freeman se d\u00e9fend contre les accusations de harc\u00e8lements sexuels lanc\u00e9es par CNN - Ozinzen","description":"Dans un communiqu\u00e9 publi\u00e9 samedi, l\u2019acteur de 80 ans d\u00e9clare\u00a0: \u00abJe suis d\u00e9vast\u00e9 par l'id\u00e9e que 80 ann\u00e9es de vie risquent d'\u00eatre d\u00e9truites, en un battement","robots":{"index":"index","follow":"follow","max-snippet":"max-snippet:-1","max-image-preview":"max-image-preview:large","max-video-preview":"max-video-preview:-1"},"canonical":"https:\/\/ozinzen.com\/blog\/morgan-freeman-se-defend-contre-les-accusations-dharcelements-sexuels-lancees-par-cnn\/","og_locale":"fr_FR","og_type":"article","og_title":"Morgan Freeman se d\u00e9fend contre les accusations de harc\u00e8lements sexuels lanc\u00e9es par CNN - Ozinzen","og_description":"Dans un communiqu\u00e9 publi\u00e9 samedi, l\u2019acteur de 80 ans d\u00e9clare\u00a0: \u00abJe suis d\u00e9vast\u00e9 par l'id\u00e9e que 80 ann\u00e9es de vie risquent d'\u00eatre d\u00e9truites, en un battement","og_url":"https:\/\/ozinzen.com\/blog\/morgan-freeman-se-defend-contre-les-accusations-dharcelements-sexuels-lancees-par-cnn\/","og_site_name":"Ozinzen","article_published_time":"2018-05-27T17:17:03+00:00","article_modified_time":"2018-05-29T18:37:55+00:00","og_image":[{"width":1209,"height":669,"url":"https:\/\/ozinzen.com\/blog\/wp-content\/uploads\/2018\/05\/morgan-freeman-3.jpg","type":"image\/jpeg"}],"author":"Marc Sigrist","twitter_card":"summary_large_image","twitter_creator":"@ozinzen","twitter_site":"@ozinzen","twitter_misc":{"\u00c9crit par":"Marc Sigrist","Dur\u00e9e de lecture estim\u00e9e":"3 minutes"},"schema":{"@context":"https:\/\/schema.org","@graph":[{"@type":"Article","@id":"https:\/\/ozinzen.com\/blog\/morgan-freeman-se-defend-contre-les-accusations-dharcelements-sexuels-lancees-par-cnn\/#article","isPartOf":{"@id":"https:\/\/ozinzen.com\/blog\/morgan-freeman-se-defend-contre-les-accusations-dharcelements-sexuels-lancees-par-cnn\/"},"author":{"name":"Marc Sigrist","@id":"https:\/\/ozinzen.com\/blog\/#\/schema\/person\/c3f9b942ea7cfc90188ae840a2cf2fb1"},"headline":"Morgan Freeman se d\u00e9fend contre les accusations de harc\u00e8lements sexuels lanc\u00e9es par CNN","datePublished":"2018-05-27T17:17:03+00:00","dateModified":"2018-05-29T18:37:55+00:00","mainEntityOfPage":{"@id":"https:\/\/ozinzen.com\/blog\/morgan-freeman-se-defend-contre-les-accusations-dharcelements-sexuels-lancees-par-cnn\/"},"wordCount":655,"publisher":{"@id":"https:\/\/ozinzen.com\/blog\/#organization"},"image":{"@id":"https:\/\/ozinzen.com\/blog\/morgan-freeman-se-defend-contre-les-accusations-dharcelements-sexuels-lancees-par-cnn\/#primaryimage"},"thumbnailUrl":"https:\/\/ozinzen.com\/blog\/wp-content\/uploads\/2018\/05\/morgan-freeman-3.jpg","articleSection":["Soci\u00e9t\u00e9"],"inLanguage":"fr-FR"},{"@type":"WebPage","@id":"https:\/\/ozinzen.com\/blog\/morgan-freeman-se-defend-contre-les-accusations-dharcelements-sexuels-lancees-par-cnn\/","url":"https:\/\/ozinzen.com\/blog\/morgan-freeman-se-defend-contre-les-accusations-dharcelements-sexuels-lancees-par-cnn\/","name":"Morgan Freeman se d\u00e9fend contre les accusations de harc\u00e8lements sexuels lanc\u00e9es par CNN - Ozinzen","isPartOf":{"@id":"https:\/\/ozinzen.com\/blog\/#website"},"primaryImageOfPage":{"@id":"https:\/\/ozinzen.com\/blog\/morgan-freeman-se-defend-contre-les-accusations-dharcelements-sexuels-lancees-par-cnn\/#primaryimage"},"image":{"@id":"https:\/\/ozinzen.com\/blog\/morgan-freeman-se-defend-contre-les-accusations-dharcelements-sexuels-lancees-par-cnn\/#primaryimage"},"thumbnailUrl":"https:\/\/ozinzen.com\/blog\/wp-content\/uploads\/2018\/05\/morgan-freeman-3.jpg","datePublished":"2018-05-27T17:17:03+00:00","dateModified":"2018-05-29T18:37:55+00:00","description":"Dans un communiqu\u00e9 publi\u00e9 samedi, l\u2019acteur de 80 ans d\u00e9clare\u00a0: \u00abJe suis d\u00e9vast\u00e9 par l'id\u00e9e que 80 ann\u00e9es de vie risquent d'\u00eatre d\u00e9truites, en un battement","breadcrumb":{"@id":"https:\/\/ozinzen.com\/blog\/morgan-freeman-se-defend-contre-les-accusations-dharcelements-sexuels-lancees-par-cnn\/#breadcrumb"},"inLanguage":"fr-FR","potentialAction":[{"@type":"ReadAction","target":["https:\/\/ozinzen.com\/blog\/morgan-freeman-se-defend-contre-les-accusations-dharcelements-sexuels-lancees-par-cnn\/"]}]},{"@type":"ImageObject","inLanguage":"fr-FR","@id":"https:\/\/ozinzen.com\/blog\/morgan-freeman-se-defend-contre-les-accusations-dharcelements-sexuels-lancees-par-cnn\/#primaryimage","url":"https:\/\/ozinzen.com\/blog\/wp-content\/uploads\/2018\/05\/morgan-freeman-3.jpg","contentUrl":"https:\/\/ozinzen.com\/blog\/wp-content\/uploads\/2018\/05\/morgan-freeman-3.jpg","width":1209,"height":669,"caption":"morgan-freeman"},{"@type":"BreadcrumbList","@id":"https:\/\/ozinzen.com\/blog\/morgan-freeman-se-defend-contre-les-accusations-dharcelements-sexuels-lancees-par-cnn\/#breadcrumb","itemListElement":[{"@type":"ListItem","position":1,"name":"Accueil","item":"https:\/\/ozinzen.com\/blog\/"},{"@type":"ListItem","position":2,"name":"Morgan Freeman se d\u00e9fend contre les accusations de harc\u00e8lements sexuels lanc\u00e9es par CNN"}]},{"@type":"WebSite","@id":"https:\/\/ozinzen.com\/blog\/#website","url":"https:\/\/ozinzen.com\/blog\/","name":"Ozinzen","description":"Mode de vie et sant\u00e9","publisher":{"@id":"https:\/\/ozinzen.com\/blog\/#organization"},"potentialAction":[{"@type":"SearchAction","target":{"@type":"EntryPoint","urlTemplate":"https:\/\/ozinzen.com\/blog\/?s={search_term_string}"},"query-input":{"@type":"PropertyValueSpecification","valueRequired":true,"valueName":"search_term_string"}}],"inLanguage":"fr-FR"},{"@type":"Organization","@id":"https:\/\/ozinzen.com\/blog\/#organization","name":"Ozinzen","url":"https:\/\/ozinzen.com\/blog\/","logo":{"@type":"ImageObject","inLanguage":"fr-FR","@id":"https:\/\/ozinzen.com\/blog\/#\/schema\/logo\/image\/","url":"https:\/\/ozinzen.com\/blog\/wp-content\/uploads\/2023\/01\/ozinzen.png","contentUrl":"https:\/\/ozinzen.com\/blog\/wp-content\/uploads\/2023\/01\/ozinzen.png","width":64,"height":64,"caption":"Ozinzen"},"image":{"@id":"https:\/\/ozinzen.com\/blog\/#\/schema\/logo\/image\/"},"sameAs":["https:\/\/x.com\/ozinzen"]},{"@type":"Person","@id":"https:\/\/ozinzen.com\/blog\/#\/schema\/person\/c3f9b942ea7cfc90188ae840a2cf2fb1","name":"Marc Sigrist","image":{"@type":"ImageObject","inLanguage":"fr-FR","@id":"https:\/\/ozinzen.com\/blog\/#\/schema\/person\/image\/","url":"https:\/\/secure.gravatar.com\/avatar\/187f82243f15c243b39ac53fcbd3ac6ae072d40425f7b43c2878b6fb120dbb31?s=96&d=mm&r=g","contentUrl":"https:\/\/secure.gravatar.com\/avatar\/187f82243f15c243b39ac53fcbd3ac6ae072d40425f7b43c2878b6fb120dbb31?s=96&d=mm&r=g","caption":"Marc Sigrist"}}]}},"amp_enabled":true,"_links":{"self":[{"href":"https:\/\/ozinzen.com\/blog\/wp-json\/wp\/v2\/posts\/8524","targetHints":{"allow":["GET"]}}],"collection":[{"href":"https:\/\/ozinzen.com\/blog\/wp-json\/wp\/v2\/posts"}],"about":[{"href":"https:\/\/ozinzen.com\/blog\/wp-json\/wp\/v2\/types\/post"}],"author":[{"embeddable":true,"href":"https:\/\/ozinzen.com\/blog\/wp-json\/wp\/v2\/users\/2"}],"replies":[{"embeddable":true,"href":"https:\/\/ozinzen.com\/blog\/wp-json\/wp\/v2\/comments?post=8524"}],"version-history":[{"count":9,"href":"https:\/\/ozinzen.com\/blog\/wp-json\/wp\/v2\/posts\/8524\/revisions"}],"predecessor-version":[{"id":8534,"href":"https:\/\/ozinzen.com\/blog\/wp-json\/wp\/v2\/posts\/8524\/revisions\/8534"}],"wp:featuredmedia":[{"embeddable":true,"href":"https:\/\/ozinzen.com\/blog\/wp-json\/wp\/v2\/media\/8525"}],"wp:attachment":[{"href":"https:\/\/ozinzen.com\/blog\/wp-json\/wp\/v2\/media?parent=8524"}],"wp:term":[{"taxonomy":"category","embeddable":true,"href":"https:\/\/ozinzen.com\/blog\/wp-json\/wp\/v2\/categories?post=8524"},{"taxonomy":"post_tag","embeddable":true,"href":"https:\/\/ozinzen.com\/blog\/wp-json\/wp\/v2\/tags?post=8524"}],"curies":[{"name":"wp","href":"https:\/\/api.w.org\/{rel}","templated":true}]}}