{"id":8560,"date":"2018-06-06T15:57:03","date_gmt":"2018-06-06T13:57:03","guid":{"rendered":"https:\/\/ozinzen.com\/blog\/?p=8560"},"modified":"2018-06-08T19:22:54","modified_gmt":"2018-06-08T17:22:54","slug":"la-ministre-de-la-culture-proclame-que-les-hommes-blancs-de-plus-de-50-ans-sont-trop-presents-a-la-television","status":"publish","type":"post","link":"https:\/\/ozinzen.com\/blog\/la-ministre-de-la-culture-proclame-que-les-hommes-blancs-de-plus-de-50-ans-sont-trop-presents-a-la-television\/","title":{"rendered":"La ministre de la Culture proclame que les hommes blancs de plus de 50 ans sont trop pr\u00e9sents \u00e0 la t\u00e9l\u00e9vision"},"content":{"rendered":"<p><a href=\"https:\/\/ozinzen.com\/blog\/wp-content\/uploads\/2018\/06\/fran\u00e7oise-nyssen.jpg\"><img loading=\"lazy\" decoding=\"async\" class=\"alignnone size-full wp-image-8562\" src=\"https:\/\/ozinzen.com\/blog\/wp-content\/uploads\/2018\/06\/fran\u00e7oise-nyssen.jpg\" alt=\"fran\u00e7oise nyssen\" width=\"474\" height=\"236\" srcset=\"https:\/\/ozinzen.com\/blog\/wp-content\/uploads\/2018\/06\/fran\u00e7oise-nyssen.jpg 474w, https:\/\/ozinzen.com\/blog\/wp-content\/uploads\/2018\/06\/fran\u00e7oise-nyssen-300x149.jpg 300w\" sizes=\"auto, (max-width: 474px) 100vw, 474px\" \/><\/a><\/p>\n<p><span style=\"color: #000000;\">L&rsquo;homme blanc de plus de cinquante ans, voil\u00e0 l&rsquo;ennemi !<\/span><\/p>\n<p><span style=\"color: #000000;\">Le lundi 4 juin, Fran\u00e7oise Nyssen pr\u00e9sentait \u00e0 la presse son plan de r\u00e9forme pour l&rsquo;audiovisuel public. Dans une pr\u00e9sentation d&rsquo;un peu moins de vingt minutes, la ministre de la Culture a notamment salu\u00e9 les propos de Delphine Ernotte (Pr\u00e9sidente de France T\u00e9l\u00e9visions) prononc\u00e9s en septembre 2015. <\/span><\/p>\n<p><span style=\"color: #000000;\">\u00ab\u00a0On a une t\u00e9l\u00e9vision d&rsquo;hommes blancs de plus de 50 ans et \u00e7a, il va falloir que \u00e7a change\u00a0\u00bb, avait annonc\u00e9 Delphine Ernotte, plaidant pour plus de diversit\u00e9 \u00e0 l&rsquo;antenne. Les propos de la pr\u00e9sidente de France T\u00e9l\u00e9visions avaient\u00a0 suscit\u00e9 de nombreux commentaires, relanc\u00e9s r\u00e9guli\u00e8rement par l&rsquo;\u00e9limination d&rsquo;animateurs \u00ab\u00a0blancs de plus de cinquante ans\u00a0\u00bb.<\/span><!--more--><\/p>\n<p><span style=\"color: #000000;\">\u00ab\u00a0Ce m\u00e9dia engag\u00e9 doit \u00eatre le miroir de nos diff\u00e9rences, d&rsquo;un sexe et de l&rsquo;autre, ou des deux, de toutes les couleurs, de toutes les origines, les urbains, les ruraux, de toutes les diff\u00e9rences\u00a0\u00bb, a d\u00e9clar\u00e9 la ministre de la Culture, \u00e0 propos de l&rsquo;audiovisuel public. \u00ab\u00a0Le pays des Lumi\u00e8res, sur ce sujet de la diversit\u00e9, est hautement r\u00e9actionnaire\u00a0\u00bb, a ajout\u00e9 la ministre de la Culture, chargeant le service public audiovisuel de \u00ab\u00a0changer les mentalit\u00e9s sur le terrain\u00a0\u00bb.<\/span><\/p>\n<p><span style=\"color: #000000;\">\u00ab\u00a0Delphine, tu as d\u00fb te sentir bien seule lorsque tu portais un constat, \u00e0 la fois \u00e9vident et courageux. Tu sais : &lsquo;l&rsquo;homme blanc de plus de 50 ans&rsquo;. Vous vous en souvenez ?\u00a0\u00bb, a interrog\u00e9 la ministre de la Culture en regardant la patronne de France T\u00e9l\u00e9visions. Et de lancer : \u00ab\u00a0Tu n&rsquo;est plus seule ! Je porterai cette exigence avec autant de passion qu&rsquo;au sein de mon minist\u00e8re. Je n&rsquo;aurai pas de tabou\u00a0\u00bb, a pr\u00e9venu Fran\u00e7oise Nyssen.\u00a0<\/span><\/p>\n<p><strong><span style=\"color: #999999;\">D\u00e9bat sur C News :<\/span><\/strong><\/p>\n<p><iframe loading=\"lazy\" src=\"https:\/\/www.youtube.com\/embed\/L5VkxdJJrOw?start=100\" width=\"560\" height=\"315\" frameborder=\"0\" allowfullscreen=\"allowfullscreen\"><\/iframe><\/p>\n","protected":false},"excerpt":{"rendered":"<p>L&rsquo;homme blanc de plus de cinquante ans, voil\u00e0 l&rsquo;ennemi ! Le lundi 4 juin, Fran\u00e7oise Nyssen pr\u00e9sentait \u00e0 la presse son plan de r\u00e9forme pour l&rsquo;audiovisuel public. Dans une pr\u00e9sentation d&rsquo;un peu moins de vingt minutes, la ministre de la Culture a notamment salu\u00e9 les propos de Delphine Ernotte (Pr\u00e9sidente de France T\u00e9l\u00e9visions) prononc\u00e9s en [&hellip;]<\/p>\n","protected":false},"author":2,"featured_media":8562,"comment_status":"closed","ping_status":"closed","sticky":false,"template":"","format":"standard","meta":{"_genesis_hide_title":false,"_genesis_hide_breadcrumbs":false,"_genesis_hide_singular_image":false,"_genesis_hide_footer_widgets":false,"_genesis_custom_body_class":"","_genesis_custom_post_class":"","_genesis_layout":"","footnotes":""},"categories":[55],"tags":[],"class_list":{"0":"post-8560","1":"post","2":"type-post","3":"status-publish","4":"format-standard","5":"has-post-thumbnail","7":"category-societe","8":"entry"},"yoast_head":"<!-- This site is optimized with the Yoast SEO plugin v27.1.1 - https:\/\/yoast.com\/product\/yoast-seo-wordpress\/ -->\n<title>La ministre de la Culture proclame que les hommes blancs de plus de 50 ans sont trop pr\u00e9sents \u00e0 la t\u00e9l\u00e9vision - Ozinzen<\/title>\n<meta name=\"description\" content=\"L&#039;homme blanc de plus de cinquante ans, voil\u00e0 l&#039;ennemi ! Le lundi 4 juin, Fran\u00e7oise Nyssen pr\u00e9sentait \u00e0 la presse son plan de r\u00e9forme pour l&#039;audiovisuel\" \/>\n<meta name=\"robots\" content=\"index, follow, max-snippet:-1, max-image-preview:large, max-video-preview:-1\" \/>\n<link rel=\"canonical\" href=\"https:\/\/ozinzen.com\/blog\/la-ministre-de-la-culture-proclame-que-les-hommes-blancs-de-plus-de-50-ans-sont-trop-presents-a-la-television\/\" \/>\n<meta property=\"og:locale\" content=\"fr_FR\" \/>\n<meta property=\"og:type\" content=\"article\" \/>\n<meta property=\"og:title\" content=\"La ministre de la Culture proclame que les hommes blancs de plus de 50 ans sont trop pr\u00e9sents \u00e0 la t\u00e9l\u00e9vision - Ozinzen\" \/>\n<meta property=\"og:description\" content=\"L&#039;homme blanc de plus de cinquante ans, voil\u00e0 l&#039;ennemi ! Le lundi 4 juin, Fran\u00e7oise Nyssen pr\u00e9sentait \u00e0 la presse son plan de r\u00e9forme pour l&#039;audiovisuel\" \/>\n<meta property=\"og:url\" content=\"https:\/\/ozinzen.com\/blog\/la-ministre-de-la-culture-proclame-que-les-hommes-blancs-de-plus-de-50-ans-sont-trop-presents-a-la-television\/\" \/>\n<meta property=\"og:site_name\" content=\"Ozinzen\" \/>\n<meta property=\"article:published_time\" content=\"2018-06-06T13:57:03+00:00\" \/>\n<meta property=\"article:modified_time\" content=\"2018-06-08T17:22:54+00:00\" \/>\n<meta property=\"og:image\" content=\"https:\/\/ozinzen.com\/blog\/wp-content\/uploads\/2018\/06\/fran\u00e7oise-nyssen.jpg\" \/>\n\t<meta property=\"og:image:width\" content=\"474\" \/>\n\t<meta property=\"og:image:height\" content=\"236\" \/>\n\t<meta property=\"og:image:type\" content=\"image\/jpeg\" \/>\n<meta name=\"author\" content=\"Marc Sigrist\" \/>\n<meta name=\"twitter:card\" content=\"summary_large_image\" \/>\n<meta name=\"twitter:creator\" content=\"@ozinzen\" \/>\n<meta name=\"twitter:site\" content=\"@ozinzen\" \/>\n<meta name=\"twitter:label1\" content=\"\u00c9crit par\" \/>\n\t<meta name=\"twitter:data1\" content=\"Marc Sigrist\" \/>\n\t<meta name=\"twitter:label2\" content=\"Dur\u00e9e de lecture estim\u00e9e\" \/>\n\t<meta name=\"twitter:data2\" content=\"1 minute\" \/>\n<script type=\"application\/ld+json\" class=\"yoast-schema-graph\">{\"@context\":\"https:\/\/schema.org\",\"@graph\":[{\"@type\":\"Article\",\"@id\":\"https:\/\/ozinzen.com\/blog\/la-ministre-de-la-culture-proclame-que-les-hommes-blancs-de-plus-de-50-ans-sont-trop-presents-a-la-television\/#article\",\"isPartOf\":{\"@id\":\"https:\/\/ozinzen.com\/blog\/la-ministre-de-la-culture-proclame-que-les-hommes-blancs-de-plus-de-50-ans-sont-trop-presents-a-la-television\/\"},\"author\":{\"name\":\"Marc Sigrist\",\"@id\":\"https:\/\/ozinzen.com\/blog\/#\/schema\/person\/c3f9b942ea7cfc90188ae840a2cf2fb1\"},\"headline\":\"La ministre de la Culture proclame que les hommes blancs de plus de 50 ans sont trop pr\u00e9sents \u00e0 la t\u00e9l\u00e9vision\",\"datePublished\":\"2018-06-06T13:57:03+00:00\",\"dateModified\":\"2018-06-08T17:22:54+00:00\",\"mainEntityOfPage\":{\"@id\":\"https:\/\/ozinzen.com\/blog\/la-ministre-de-la-culture-proclame-que-les-hommes-blancs-de-plus-de-50-ans-sont-trop-presents-a-la-television\/\"},\"wordCount\":311,\"publisher\":{\"@id\":\"https:\/\/ozinzen.com\/blog\/#organization\"},\"image\":{\"@id\":\"https:\/\/ozinzen.com\/blog\/la-ministre-de-la-culture-proclame-que-les-hommes-blancs-de-plus-de-50-ans-sont-trop-presents-a-la-television\/#primaryimage\"},\"thumbnailUrl\":\"https:\/\/ozinzen.com\/blog\/wp-content\/uploads\/2018\/06\/fran\u00e7oise-nyssen.jpg\",\"articleSection\":[\"Soci\u00e9t\u00e9\"],\"inLanguage\":\"fr-FR\"},{\"@type\":\"WebPage\",\"@id\":\"https:\/\/ozinzen.com\/blog\/la-ministre-de-la-culture-proclame-que-les-hommes-blancs-de-plus-de-50-ans-sont-trop-presents-a-la-television\/\",\"url\":\"https:\/\/ozinzen.com\/blog\/la-ministre-de-la-culture-proclame-que-les-hommes-blancs-de-plus-de-50-ans-sont-trop-presents-a-la-television\/\",\"name\":\"La ministre de la Culture proclame que les hommes blancs de plus de 50 ans sont trop pr\u00e9sents \u00e0 la t\u00e9l\u00e9vision - Ozinzen\",\"isPartOf\":{\"@id\":\"https:\/\/ozinzen.com\/blog\/#website\"},\"primaryImageOfPage\":{\"@id\":\"https:\/\/ozinzen.com\/blog\/la-ministre-de-la-culture-proclame-que-les-hommes-blancs-de-plus-de-50-ans-sont-trop-presents-a-la-television\/#primaryimage\"},\"image\":{\"@id\":\"https:\/\/ozinzen.com\/blog\/la-ministre-de-la-culture-proclame-que-les-hommes-blancs-de-plus-de-50-ans-sont-trop-presents-a-la-television\/#primaryimage\"},\"thumbnailUrl\":\"https:\/\/ozinzen.com\/blog\/wp-content\/uploads\/2018\/06\/fran\u00e7oise-nyssen.jpg\",\"datePublished\":\"2018-06-06T13:57:03+00:00\",\"dateModified\":\"2018-06-08T17:22:54+00:00\",\"description\":\"L'homme blanc de plus de cinquante ans, voil\u00e0 l'ennemi ! Le lundi 4 juin, Fran\u00e7oise Nyssen pr\u00e9sentait \u00e0 la presse son plan de r\u00e9forme pour l'audiovisuel\",\"breadcrumb\":{\"@id\":\"https:\/\/ozinzen.com\/blog\/la-ministre-de-la-culture-proclame-que-les-hommes-blancs-de-plus-de-50-ans-sont-trop-presents-a-la-television\/#breadcrumb\"},\"inLanguage\":\"fr-FR\",\"potentialAction\":[{\"@type\":\"ReadAction\",\"target\":[\"https:\/\/ozinzen.com\/blog\/la-ministre-de-la-culture-proclame-que-les-hommes-blancs-de-plus-de-50-ans-sont-trop-presents-a-la-television\/\"]}]},{\"@type\":\"ImageObject\",\"inLanguage\":\"fr-FR\",\"@id\":\"https:\/\/ozinzen.com\/blog\/la-ministre-de-la-culture-proclame-que-les-hommes-blancs-de-plus-de-50-ans-sont-trop-presents-a-la-television\/#primaryimage\",\"url\":\"https:\/\/ozinzen.com\/blog\/wp-content\/uploads\/2018\/06\/fran\u00e7oise-nyssen.jpg\",\"contentUrl\":\"https:\/\/ozinzen.com\/blog\/wp-content\/uploads\/2018\/06\/fran\u00e7oise-nyssen.jpg\",\"width\":474,\"height\":236,\"caption\":\"fran\u00e7oise nyssen\"},{\"@type\":\"BreadcrumbList\",\"@id\":\"https:\/\/ozinzen.com\/blog\/la-ministre-de-la-culture-proclame-que-les-hommes-blancs-de-plus-de-50-ans-sont-trop-presents-a-la-television\/#breadcrumb\",\"itemListElement\":[{\"@type\":\"ListItem\",\"position\":1,\"name\":\"Accueil\",\"item\":\"https:\/\/ozinzen.com\/blog\/\"},{\"@type\":\"ListItem\",\"position\":2,\"name\":\"La ministre de la Culture proclame que les hommes blancs de plus de 50 ans sont trop pr\u00e9sents \u00e0 la t\u00e9l\u00e9vision\"}]},{\"@type\":\"WebSite\",\"@id\":\"https:\/\/ozinzen.com\/blog\/#website\",\"url\":\"https:\/\/ozinzen.com\/blog\/\",\"name\":\"Ozinzen\",\"description\":\"Mode de vie et sant\u00e9\",\"publisher\":{\"@id\":\"https:\/\/ozinzen.com\/blog\/#organization\"},\"potentialAction\":[{\"@type\":\"SearchAction\",\"target\":{\"@type\":\"EntryPoint\",\"urlTemplate\":\"https:\/\/ozinzen.com\/blog\/?s={search_term_string}\"},\"query-input\":{\"@type\":\"PropertyValueSpecification\",\"valueRequired\":true,\"valueName\":\"search_term_string\"}}],\"inLanguage\":\"fr-FR\"},{\"@type\":\"Organization\",\"@id\":\"https:\/\/ozinzen.com\/blog\/#organization\",\"name\":\"Ozinzen\",\"url\":\"https:\/\/ozinzen.com\/blog\/\",\"logo\":{\"@type\":\"ImageObject\",\"inLanguage\":\"fr-FR\",\"@id\":\"https:\/\/ozinzen.com\/blog\/#\/schema\/logo\/image\/\",\"url\":\"https:\/\/ozinzen.com\/blog\/wp-content\/uploads\/2023\/01\/ozinzen.png\",\"contentUrl\":\"https:\/\/ozinzen.com\/blog\/wp-content\/uploads\/2023\/01\/ozinzen.png\",\"width\":64,\"height\":64,\"caption\":\"Ozinzen\"},\"image\":{\"@id\":\"https:\/\/ozinzen.com\/blog\/#\/schema\/logo\/image\/\"},\"sameAs\":[\"https:\/\/x.com\/ozinzen\"]},{\"@type\":\"Person\",\"@id\":\"https:\/\/ozinzen.com\/blog\/#\/schema\/person\/c3f9b942ea7cfc90188ae840a2cf2fb1\",\"name\":\"Marc Sigrist\",\"image\":{\"@type\":\"ImageObject\",\"inLanguage\":\"fr-FR\",\"@id\":\"https:\/\/ozinzen.com\/blog\/#\/schema\/person\/image\/\",\"url\":\"https:\/\/secure.gravatar.com\/avatar\/187f82243f15c243b39ac53fcbd3ac6ae072d40425f7b43c2878b6fb120dbb31?s=96&d=mm&r=g\",\"contentUrl\":\"https:\/\/secure.gravatar.com\/avatar\/187f82243f15c243b39ac53fcbd3ac6ae072d40425f7b43c2878b6fb120dbb31?s=96&d=mm&r=g\",\"caption\":\"Marc Sigrist\"}}]}<\/script>\n<!-- \/ Yoast SEO plugin. -->","yoast_head_json":{"title":"La ministre de la Culture proclame que les hommes blancs de plus de 50 ans sont trop pr\u00e9sents \u00e0 la t\u00e9l\u00e9vision - Ozinzen","description":"L'homme blanc de plus de cinquante ans, voil\u00e0 l'ennemi ! Le lundi 4 juin, Fran\u00e7oise Nyssen pr\u00e9sentait \u00e0 la presse son plan de r\u00e9forme pour l'audiovisuel","robots":{"index":"index","follow":"follow","max-snippet":"max-snippet:-1","max-image-preview":"max-image-preview:large","max-video-preview":"max-video-preview:-1"},"canonical":"https:\/\/ozinzen.com\/blog\/la-ministre-de-la-culture-proclame-que-les-hommes-blancs-de-plus-de-50-ans-sont-trop-presents-a-la-television\/","og_locale":"fr_FR","og_type":"article","og_title":"La ministre de la Culture proclame que les hommes blancs de plus de 50 ans sont trop pr\u00e9sents \u00e0 la t\u00e9l\u00e9vision - Ozinzen","og_description":"L'homme blanc de plus de cinquante ans, voil\u00e0 l'ennemi ! Le lundi 4 juin, Fran\u00e7oise Nyssen pr\u00e9sentait \u00e0 la presse son plan de r\u00e9forme pour l'audiovisuel","og_url":"https:\/\/ozinzen.com\/blog\/la-ministre-de-la-culture-proclame-que-les-hommes-blancs-de-plus-de-50-ans-sont-trop-presents-a-la-television\/","og_site_name":"Ozinzen","article_published_time":"2018-06-06T13:57:03+00:00","article_modified_time":"2018-06-08T17:22:54+00:00","og_image":[{"width":474,"height":236,"url":"https:\/\/ozinzen.com\/blog\/wp-content\/uploads\/2018\/06\/fran\u00e7oise-nyssen.jpg","type":"image\/jpeg"}],"author":"Marc Sigrist","twitter_card":"summary_large_image","twitter_creator":"@ozinzen","twitter_site":"@ozinzen","twitter_misc":{"\u00c9crit par":"Marc Sigrist","Dur\u00e9e de lecture estim\u00e9e":"1 minute"},"schema":{"@context":"https:\/\/schema.org","@graph":[{"@type":"Article","@id":"https:\/\/ozinzen.com\/blog\/la-ministre-de-la-culture-proclame-que-les-hommes-blancs-de-plus-de-50-ans-sont-trop-presents-a-la-television\/#article","isPartOf":{"@id":"https:\/\/ozinzen.com\/blog\/la-ministre-de-la-culture-proclame-que-les-hommes-blancs-de-plus-de-50-ans-sont-trop-presents-a-la-television\/"},"author":{"name":"Marc Sigrist","@id":"https:\/\/ozinzen.com\/blog\/#\/schema\/person\/c3f9b942ea7cfc90188ae840a2cf2fb1"},"headline":"La ministre de la Culture proclame que les hommes blancs de plus de 50 ans sont trop pr\u00e9sents \u00e0 la t\u00e9l\u00e9vision","datePublished":"2018-06-06T13:57:03+00:00","dateModified":"2018-06-08T17:22:54+00:00","mainEntityOfPage":{"@id":"https:\/\/ozinzen.com\/blog\/la-ministre-de-la-culture-proclame-que-les-hommes-blancs-de-plus-de-50-ans-sont-trop-presents-a-la-television\/"},"wordCount":311,"publisher":{"@id":"https:\/\/ozinzen.com\/blog\/#organization"},"image":{"@id":"https:\/\/ozinzen.com\/blog\/la-ministre-de-la-culture-proclame-que-les-hommes-blancs-de-plus-de-50-ans-sont-trop-presents-a-la-television\/#primaryimage"},"thumbnailUrl":"https:\/\/ozinzen.com\/blog\/wp-content\/uploads\/2018\/06\/fran\u00e7oise-nyssen.jpg","articleSection":["Soci\u00e9t\u00e9"],"inLanguage":"fr-FR"},{"@type":"WebPage","@id":"https:\/\/ozinzen.com\/blog\/la-ministre-de-la-culture-proclame-que-les-hommes-blancs-de-plus-de-50-ans-sont-trop-presents-a-la-television\/","url":"https:\/\/ozinzen.com\/blog\/la-ministre-de-la-culture-proclame-que-les-hommes-blancs-de-plus-de-50-ans-sont-trop-presents-a-la-television\/","name":"La ministre de la Culture proclame que les hommes blancs de plus de 50 ans sont trop pr\u00e9sents \u00e0 la t\u00e9l\u00e9vision - Ozinzen","isPartOf":{"@id":"https:\/\/ozinzen.com\/blog\/#website"},"primaryImageOfPage":{"@id":"https:\/\/ozinzen.com\/blog\/la-ministre-de-la-culture-proclame-que-les-hommes-blancs-de-plus-de-50-ans-sont-trop-presents-a-la-television\/#primaryimage"},"image":{"@id":"https:\/\/ozinzen.com\/blog\/la-ministre-de-la-culture-proclame-que-les-hommes-blancs-de-plus-de-50-ans-sont-trop-presents-a-la-television\/#primaryimage"},"thumbnailUrl":"https:\/\/ozinzen.com\/blog\/wp-content\/uploads\/2018\/06\/fran\u00e7oise-nyssen.jpg","datePublished":"2018-06-06T13:57:03+00:00","dateModified":"2018-06-08T17:22:54+00:00","description":"L'homme blanc de plus de cinquante ans, voil\u00e0 l'ennemi ! Le lundi 4 juin, Fran\u00e7oise Nyssen pr\u00e9sentait \u00e0 la presse son plan de r\u00e9forme pour l'audiovisuel","breadcrumb":{"@id":"https:\/\/ozinzen.com\/blog\/la-ministre-de-la-culture-proclame-que-les-hommes-blancs-de-plus-de-50-ans-sont-trop-presents-a-la-television\/#breadcrumb"},"inLanguage":"fr-FR","potentialAction":[{"@type":"ReadAction","target":["https:\/\/ozinzen.com\/blog\/la-ministre-de-la-culture-proclame-que-les-hommes-blancs-de-plus-de-50-ans-sont-trop-presents-a-la-television\/"]}]},{"@type":"ImageObject","inLanguage":"fr-FR","@id":"https:\/\/ozinzen.com\/blog\/la-ministre-de-la-culture-proclame-que-les-hommes-blancs-de-plus-de-50-ans-sont-trop-presents-a-la-television\/#primaryimage","url":"https:\/\/ozinzen.com\/blog\/wp-content\/uploads\/2018\/06\/fran\u00e7oise-nyssen.jpg","contentUrl":"https:\/\/ozinzen.com\/blog\/wp-content\/uploads\/2018\/06\/fran\u00e7oise-nyssen.jpg","width":474,"height":236,"caption":"fran\u00e7oise nyssen"},{"@type":"BreadcrumbList","@id":"https:\/\/ozinzen.com\/blog\/la-ministre-de-la-culture-proclame-que-les-hommes-blancs-de-plus-de-50-ans-sont-trop-presents-a-la-television\/#breadcrumb","itemListElement":[{"@type":"ListItem","position":1,"name":"Accueil","item":"https:\/\/ozinzen.com\/blog\/"},{"@type":"ListItem","position":2,"name":"La ministre de la Culture proclame que les hommes blancs de plus de 50 ans sont trop pr\u00e9sents \u00e0 la t\u00e9l\u00e9vision"}]},{"@type":"WebSite","@id":"https:\/\/ozinzen.com\/blog\/#website","url":"https:\/\/ozinzen.com\/blog\/","name":"Ozinzen","description":"Mode de vie et sant\u00e9","publisher":{"@id":"https:\/\/ozinzen.com\/blog\/#organization"},"potentialAction":[{"@type":"SearchAction","target":{"@type":"EntryPoint","urlTemplate":"https:\/\/ozinzen.com\/blog\/?s={search_term_string}"},"query-input":{"@type":"PropertyValueSpecification","valueRequired":true,"valueName":"search_term_string"}}],"inLanguage":"fr-FR"},{"@type":"Organization","@id":"https:\/\/ozinzen.com\/blog\/#organization","name":"Ozinzen","url":"https:\/\/ozinzen.com\/blog\/","logo":{"@type":"ImageObject","inLanguage":"fr-FR","@id":"https:\/\/ozinzen.com\/blog\/#\/schema\/logo\/image\/","url":"https:\/\/ozinzen.com\/blog\/wp-content\/uploads\/2023\/01\/ozinzen.png","contentUrl":"https:\/\/ozinzen.com\/blog\/wp-content\/uploads\/2023\/01\/ozinzen.png","width":64,"height":64,"caption":"Ozinzen"},"image":{"@id":"https:\/\/ozinzen.com\/blog\/#\/schema\/logo\/image\/"},"sameAs":["https:\/\/x.com\/ozinzen"]},{"@type":"Person","@id":"https:\/\/ozinzen.com\/blog\/#\/schema\/person\/c3f9b942ea7cfc90188ae840a2cf2fb1","name":"Marc Sigrist","image":{"@type":"ImageObject","inLanguage":"fr-FR","@id":"https:\/\/ozinzen.com\/blog\/#\/schema\/person\/image\/","url":"https:\/\/secure.gravatar.com\/avatar\/187f82243f15c243b39ac53fcbd3ac6ae072d40425f7b43c2878b6fb120dbb31?s=96&d=mm&r=g","contentUrl":"https:\/\/secure.gravatar.com\/avatar\/187f82243f15c243b39ac53fcbd3ac6ae072d40425f7b43c2878b6fb120dbb31?s=96&d=mm&r=g","caption":"Marc Sigrist"}}]}},"amp_enabled":true,"_links":{"self":[{"href":"https:\/\/ozinzen.com\/blog\/wp-json\/wp\/v2\/posts\/8560","targetHints":{"allow":["GET"]}}],"collection":[{"href":"https:\/\/ozinzen.com\/blog\/wp-json\/wp\/v2\/posts"}],"about":[{"href":"https:\/\/ozinzen.com\/blog\/wp-json\/wp\/v2\/types\/post"}],"author":[{"embeddable":true,"href":"https:\/\/ozinzen.com\/blog\/wp-json\/wp\/v2\/users\/2"}],"replies":[{"embeddable":true,"href":"https:\/\/ozinzen.com\/blog\/wp-json\/wp\/v2\/comments?post=8560"}],"version-history":[{"count":9,"href":"https:\/\/ozinzen.com\/blog\/wp-json\/wp\/v2\/posts\/8560\/revisions"}],"predecessor-version":[{"id":8575,"href":"https:\/\/ozinzen.com\/blog\/wp-json\/wp\/v2\/posts\/8560\/revisions\/8575"}],"wp:featuredmedia":[{"embeddable":true,"href":"https:\/\/ozinzen.com\/blog\/wp-json\/wp\/v2\/media\/8562"}],"wp:attachment":[{"href":"https:\/\/ozinzen.com\/blog\/wp-json\/wp\/v2\/media?parent=8560"}],"wp:term":[{"taxonomy":"category","embeddable":true,"href":"https:\/\/ozinzen.com\/blog\/wp-json\/wp\/v2\/categories?post=8560"},{"taxonomy":"post_tag","embeddable":true,"href":"https:\/\/ozinzen.com\/blog\/wp-json\/wp\/v2\/tags?post=8560"}],"curies":[{"name":"wp","href":"https:\/\/api.w.org\/{rel}","templated":true}]}}