{"id":8842,"date":"2018-08-20T20:06:34","date_gmt":"2018-08-20T18:06:34","guid":{"rendered":"https:\/\/ozinzen.com\/blog\/?p=8842"},"modified":"2018-08-30T20:57:52","modified_gmt":"2018-08-30T18:57:52","slug":"asia-argento-porte-parole-du-mouvement-de-denonciation-metoo-est-accusee-dagression-sexuelle-sur-mineur-et-davoir-achete-son-silence-contre-380-000-dollars","status":"publish","type":"post","link":"https:\/\/ozinzen.com\/blog\/asia-argento-porte-parole-du-mouvement-de-denonciation-metoo-est-accusee-dagression-sexuelle-sur-mineur-et-davoir-achete-son-silence-contre-380-000-dollars\/","title":{"rendered":"Asia Argento, porte-parole du mouvement de d\u00e9nonciation #MeToo, est accus\u00e9e d\u2019agression sexuelle sur mineur et d\u2019avoir achet\u00e9 son silence contre 380.000 dollars"},"content":{"rendered":"<p><span style=\"color: #000000;\"><a style=\"color: #000000;\" href=\"https:\/\/ozinzen.com\/blog\/wp-content\/uploads\/2018\/08\/asia-argento-viol-jimmy-bennett.jpg\"><img loading=\"lazy\" decoding=\"async\" class=\"alignnone size-full wp-image-8843\" src=\"https:\/\/ozinzen.com\/blog\/wp-content\/uploads\/2018\/08\/asia-argento-viol-jimmy-bennett.jpg\" alt=\"asia argento viol jimmy-bennett\" width=\"638\" height=\"425\" srcset=\"https:\/\/ozinzen.com\/blog\/wp-content\/uploads\/2018\/08\/asia-argento-viol-jimmy-bennett.jpg 638w, https:\/\/ozinzen.com\/blog\/wp-content\/uploads\/2018\/08\/asia-argento-viol-jimmy-bennett-300x200.jpg 300w\" sizes=\"auto, (max-width: 638px) 100vw, 638px\" \/><\/a><\/span><\/p>\n<p><span style=\"color: #000000;\">En 2013, Asia Argento aurait agress\u00e9 sexuellement l\u2019adolescent Jimmy Bennett, 17 ans \u00e0 l&rsquo;\u00e9poque. Elle lui aurait ensuite vers\u00e9 380.000 dollars.<\/span><!--more--><\/p>\n<p><span style=\"color: #000000;\"><strong>Elle est le fer de lance du mouvement #MeToo.<\/strong> Asia Argento fait partie des premi\u00e8res com\u00e9diennes \u00e0 avoir d\u00e9nonc\u00e9 Harvey Weinstein en octobre 2017. Pourtant le New York Times vient de r\u00e9v\u00e9ler qu&rsquo;elle aurait vers\u00e9 de l&rsquo;argent \u00e0 un adolescent affirmant avoir \u00e9t\u00e9 agress\u00e9 sexuellement.<\/span><\/p>\n<p><span style=\"color: #000000;\">Les faits seraient survenus en 2013 dans une chambre d&rsquo;h\u00f4tel en Californie. Selon le New York Times qui a eu acc\u00e8s \u00e0 plusieurs documents confidentiels, Asia Argento aurait vers\u00e9 380.000 dollars pour faire taire le com\u00e9dien et musicien am\u00e9ricain.<\/span><\/p>\n<p><span style=\"color: #000000;\">Cinq ans plus tard, Jimmy Bennett, aujourd&rsquo;hui \u00e2g\u00e9 de 22 ans, r\u00e9clame 3,5 millions de dollars de dommages et int\u00e9r\u00eats pour s&rsquo;\u00eatre vu \u00abinfliger de mani\u00e8re intentionnelle une d\u00e9tresse \u00e9motionnelle et des pertes de salaire suite \u00e0 une agression sexuelle\u00bb.<\/span><\/p>\n<p><span style=\"color: #000000;\">Selon le jeune homme, Asia Argento l&rsquo;aurait fait venir le 9 mai 2013 dans son h\u00f4tel \u00e0 Marina Del Rey, en Californie. La fille du r\u00e9alisateur Dario Argento est alors \u00e2g\u00e9e de 37 ans, soit vingt ans de plus que lui. Elle lui aurait ensuite fait boire de l&rsquo;alcool avant de l&#8217;embrasser, de le pousser sur le lit, de le d\u00e9shabiller et d&rsquo;avoir des rapports sexuels avec lui.<\/span><\/p>\n<p><span style=\"color: #000000;\"><strong>Une photo publi\u00e9e en 2013 sur le compte Instagram d&rsquo;Asia Argento immortalise cette rencontre, l\u00e9gend\u00e9e ainsi : \u00abMon fils, mon amour pour toujours.\u00bb<\/strong> Une phrase qui fait r\u00e9f\u00e9rence \u00e0 leurs r\u00f4les respectifs dans Le Livre de J\u00e9r\u00e9mie, r\u00e9alis\u00e9 par l&rsquo;actrice en 2005 et dans lequel elle joue la m\u00e8re instable et lui, son fils.<\/span><\/p>\n<p><span style=\"color: #000000;\">L&rsquo;action en justice de Jimmy Bennett a \u00e9t\u00e9 lanc\u00e9e un mois apr\u00e8s que les accusations d&rsquo;Asia Argento contre Harvey Weinstein ont \u00e9t\u00e9 rendues publiques. Toujours selon le New York Times, son avocat a indiqu\u00e9 que son client s&rsquo;\u00e9tait souvenu de cet \u00e9pisode apr\u00e8s avoir vu l&rsquo;actrice se pr\u00e9senter comme une victime d&rsquo;agression sexuelle.<\/span><\/p>\n<p><strong><span style=\"color: #000000;\">\u00ab\u00a0Je n\u2019ai pas r\u00e9alis\u00e9 que l\u00e0, j\u2019allais me faire violer\u00a0\u00bb<\/span><\/strong><\/p>\n<p><span style=\"color: #000000;\">C&rsquo;\u00e9tait le 10 octobre 2017, dans les colonnes du New Yorker. Asia Argento d\u00e9clare avoir \u00e9t\u00e9 viol\u00e9e par Harvey Weinstein en 1997, alors qu&rsquo;elle est \u00e2g\u00e9e de 21 ans. L&rsquo;actrice raconte le producteur am\u00e9ricain aurait pratiqu\u00e9 un cunnilingus dans une chambre d&rsquo;h\u00f4tel de la C\u00f4te d&rsquo;Azur. \u00abCela ne s&rsquo;arr\u00eatait pas. C&rsquo;\u00e9tait un cauchemar\u00bb, explique-t-elle alors au magazine am\u00e9ricain, \u00e9voquant un \u00abtraumatisme horrible\u00bb.<\/span><\/p>\n<p><span style=\"color: #000000;\">Une prise de parole qu&rsquo;elle r\u00e9it\u00e8re face \u00e0 la cam\u00e9ra d&rsquo;Envoy\u00e9 Sp\u00e9cial, le 26 octobre suivant. \u00ab<strong>Il est all\u00e9 dans la salle de bains, et il est sorti en peignoir avec une lotion \u00e0 la main.<\/strong> Maintenant, on sait que c\u2019\u00e9tait \u00e7a, son modus operandi, explique-t-elle au journaliste de l\u2019\u00e9mission. Mais \u00e0 l\u2019\u00e9poque, je n\u2019en savais rien. Pour moi, c\u2019\u00e9tait juste la sc\u00e8ne la plus absurde que je n\u2019avais jamais vue. Je ne savais pas s\u2019il plaisantait. J\u2019\u00e9tais effray\u00e9e. Et il \u00e9tait l\u00e0, comme un ours. Je lui ai dit : \u00ab\u00a0Tu plaisantes. Je ne suis pas ce que tu crois\u00a0\u00bb. Il m\u2019a dit \u00ab\u00a0non, non, je veux juste un massage pour me d\u00e9tendre\u00a0\u00bb. Je n\u2019ai pas r\u00e9alis\u00e9 que l\u00e0, j\u2019allais me faire violer. Je n\u2019avais jamais imagin\u00e9 que quelqu\u2019un pourrait me faire \u00e7a\u00bb.<\/span><\/p>\n<p><span style=\"color: #000000;\"><strong>Asia Argento explique avoir eu d&rsquo;autres relations sexuelles avec le producteur Harvey Weinstein durant les cinq ann\u00e9es qui suivront.<\/strong> Elle les qualifie de \u00abconsenties\u00bb mais s&rsquo;est dite \u00aboblig\u00e9e\u00bb de c\u00e9der \u00e0 ses avances par crainte qu&rsquo;il ne \u00abl&rsquo;\u00e9crase\u00bb. Dans l&rsquo;\u00e9mission pr\u00e9sent\u00e9e par \u00c9lise Lucet, elle poursuit : \u00abIl \u00e9tait la quintessence du pouvoir. (&#8230;) Les gens me disent : \u00ab\u00a0Tu ne l&rsquo;as pas d\u00e9nonc\u00e9 parce que tu avais peur pour ton film\u00a0\u00bb. Oui j\u2019avais peur pour le film que j\u2019avais fait. \u00c0 l\u2019\u00e9poque, ce film \u00e9tait tout pour moi. Mon p\u00e8re me disait \u00ab\u00a0Avec ce film, Asia, tu vas gagner un Oscar\u00a0\u00bb\u00bb.<\/span><\/p>\n<p><strong><span style=\"color: #000000;\">\u00ab\u00a0Elle aurait d\u00fb dire non\u00a0\u00bb<\/span><\/strong><\/p>\n<p><span style=\"color: #000000;\">Si Asia Argento appara\u00eet alors comme une figure de proue de la fronde anti-Weinstein, l&rsquo;actrice est loin de faire l&rsquo;unanimit\u00e9 en Italie, son pays natal. Journalistes et personnalit\u00e9s publiques italiennes lui reprochent d&rsquo;avoir attendu vingt ans pour \u00e9voquer les faits. \u00c0 l&rsquo;instar de la militante LGBT Vladimir Luxuria qui lui reproche de ne pas avoir refus\u00e9 ses avances, ou de l&rsquo;actrice Maria Grazia Cucinotta qui explique avoir \u00absouvent dit non\u00bb, et n&rsquo;en \u00eatre \u00abpas morte\u00bb.<\/span><\/p>\n<p><span style=\"color: #000000;\">Malgr\u00e9 les nombreux soutiens qu&rsquo;elle re\u00e7oit en retour, et parmi eux, celui de son compagnon de l&rsquo;\u00e9poque, le chef Anthony Bourdain, Asia Argento s&rsquo;envole pour Berlin. \u00abJ&rsquo;irai en Italie en vacances, mais je n&rsquo;y retournerai que lorsque le contexte sera meilleur pour mener les batailles avec toutes les autres femmes\u00bb, explique-t-elle alors.<\/span><\/p>\n<p><span style=\"color: #000000;\"><strong>Outre Atlantique, elle poursuit son offensive.<\/strong> En novembre dernier, elle encourage l&rsquo;actrice Uma Thurman \u00e0 prendre elle aussi la parole. \u00abCh\u00e8re Uma Thurman, (&#8230;) nous avons besoin de ta voix puissante\u00bb, poste-t-elle sur son compte Twitter. Une pri\u00e8re entendue. Le 3 f\u00e9vrier 2018, l&rsquo;actrice de 48 ans r\u00e9v\u00e8le avoir elle aussi \u00e9t\u00e9 viol\u00e9e par Harvey Weinstein.<\/span><\/p>\n<p><span style=\"color: #000000;\">Mais de nouveau, les attaques au vitriol pleuvent. Lors d\u2019une conf\u00e9rence donn\u00e9e au Women\u2019s World Summit, le 12 avril, Asia Argento raconte avoir \u00e9t\u00e9 trait\u00e9e de \u00abpute, menteuse, tra\u00eetresse, opportuniste.\u00bb<\/span><\/p>\n<p><span style=\"color: #000000;\">Asia Argento continue ses accusations \u00e0 la c\u00e9r\u00e9monie de cl\u00f4ture du Festival de Cannes, le 19 mai. Face au parterre de c\u00e9l\u00e9brit\u00e9s, Asia Argento l&rsquo;assure, Harvey Weinstein \u00abne sera plus le bienvenu\u00bb sur la croisette, et de rappeler son calvaire : \u00abEn 1997, j&rsquo;ai \u00e9t\u00e9 viol\u00e9e par Harvey Weinstein, ici \u00e0 Cannes. J&rsquo;avais 21 ans. Ce festival \u00e9tait sa chasse gard\u00e9e.\u00bb<\/span><\/p>\n<p><span style=\"color: #000000;\">Le 8 juin, le suicide de son \u00ab\u00a0compagnon\u00a0\u00bb, le chef Anthony Bourdain, est annonc\u00e9 dans la presse. \u00abAnthony donnait tout ce qu&rsquo;il avait dans ce qu&rsquo;il faisait. Son esprit brillant et intr\u00e9pide a touch\u00e9 et inspir\u00e9 tant de gens, et sa g\u00e9n\u00e9rosit\u00e9 n&rsquo;a connu aucune limite. C&rsquo;\u00e9tait mon amour, mon roc, mon protecteur. Je suis plus que d\u00e9vast\u00e9e\u00bb, partage-t-elle sur Twitter.<\/span><\/p>\n","protected":false},"excerpt":{"rendered":"<p>En 2013, Asia Argento aurait agress\u00e9 sexuellement l\u2019adolescent Jimmy Bennett, 17 ans \u00e0 l&rsquo;\u00e9poque. Elle lui aurait ensuite vers\u00e9 380.000 dollars.<\/p>\n","protected":false},"author":2,"featured_media":8843,"comment_status":"closed","ping_status":"closed","sticky":false,"template":"","format":"standard","meta":{"_genesis_hide_title":false,"_genesis_hide_breadcrumbs":false,"_genesis_hide_singular_image":false,"_genesis_hide_footer_widgets":false,"_genesis_custom_body_class":"","_genesis_custom_post_class":"","_genesis_layout":"","footnotes":""},"categories":[55],"tags":[],"class_list":{"0":"post-8842","1":"post","2":"type-post","3":"status-publish","4":"format-standard","5":"has-post-thumbnail","7":"category-societe","8":"entry"},"yoast_head":"<!-- This site is optimized with the Yoast SEO plugin v27.1.1 - https:\/\/yoast.com\/product\/yoast-seo-wordpress\/ -->\n<title>Asia Argento, porte-parole du mouvement de d\u00e9nonciation #MeToo, est accus\u00e9e d\u2019agression sexuelle sur mineur et d\u2019avoir achet\u00e9 son silence contre 380.000 dollars - Ozinzen<\/title>\n<meta name=\"description\" content=\"En 2013, Asia Argento aurait agress\u00e9 sexuellement l\u2019adolescent Jimmy Bennett, 17 ans \u00e0 l&#039;\u00e9poque. Elle lui aurait ensuite vers\u00e9 380.000 dollars. Elle est\" \/>\n<meta name=\"robots\" content=\"index, follow, max-snippet:-1, max-image-preview:large, max-video-preview:-1\" \/>\n<link rel=\"canonical\" href=\"https:\/\/ozinzen.com\/blog\/asia-argento-porte-parole-du-mouvement-de-denonciation-metoo-est-accusee-dagression-sexuelle-sur-mineur-et-davoir-achete-son-silence-contre-380-000-dollars\/\" \/>\n<meta property=\"og:locale\" content=\"fr_FR\" \/>\n<meta property=\"og:type\" content=\"article\" \/>\n<meta property=\"og:title\" content=\"Asia Argento, porte-parole du mouvement de d\u00e9nonciation #MeToo, est accus\u00e9e d\u2019agression sexuelle sur mineur et d\u2019avoir achet\u00e9 son silence contre 380.000 dollars - Ozinzen\" \/>\n<meta property=\"og:description\" content=\"En 2013, Asia Argento aurait agress\u00e9 sexuellement l\u2019adolescent Jimmy Bennett, 17 ans \u00e0 l&#039;\u00e9poque. Elle lui aurait ensuite vers\u00e9 380.000 dollars. Elle est\" \/>\n<meta property=\"og:url\" content=\"https:\/\/ozinzen.com\/blog\/asia-argento-porte-parole-du-mouvement-de-denonciation-metoo-est-accusee-dagression-sexuelle-sur-mineur-et-davoir-achete-son-silence-contre-380-000-dollars\/\" \/>\n<meta property=\"og:site_name\" content=\"Ozinzen\" \/>\n<meta property=\"article:published_time\" content=\"2018-08-20T18:06:34+00:00\" \/>\n<meta property=\"article:modified_time\" content=\"2018-08-30T18:57:52+00:00\" \/>\n<meta property=\"og:image\" content=\"https:\/\/ozinzen.com\/blog\/wp-content\/uploads\/2018\/08\/asia-argento-viol-jimmy-bennett.jpg\" \/>\n\t<meta property=\"og:image:width\" content=\"638\" \/>\n\t<meta property=\"og:image:height\" content=\"425\" \/>\n\t<meta property=\"og:image:type\" content=\"image\/jpeg\" \/>\n<meta name=\"author\" content=\"Marc Sigrist\" \/>\n<meta name=\"twitter:card\" content=\"summary_large_image\" \/>\n<meta name=\"twitter:creator\" content=\"@ozinzen\" \/>\n<meta name=\"twitter:site\" content=\"@ozinzen\" \/>\n<meta name=\"twitter:label1\" content=\"\u00c9crit par\" \/>\n\t<meta name=\"twitter:data1\" content=\"Marc Sigrist\" \/>\n\t<meta name=\"twitter:label2\" content=\"Dur\u00e9e de lecture estim\u00e9e\" \/>\n\t<meta name=\"twitter:data2\" content=\"5 minutes\" \/>\n<script type=\"application\/ld+json\" class=\"yoast-schema-graph\">{\"@context\":\"https:\/\/schema.org\",\"@graph\":[{\"@type\":\"Article\",\"@id\":\"https:\/\/ozinzen.com\/blog\/asia-argento-porte-parole-du-mouvement-de-denonciation-metoo-est-accusee-dagression-sexuelle-sur-mineur-et-davoir-achete-son-silence-contre-380-000-dollars\/#article\",\"isPartOf\":{\"@id\":\"https:\/\/ozinzen.com\/blog\/asia-argento-porte-parole-du-mouvement-de-denonciation-metoo-est-accusee-dagression-sexuelle-sur-mineur-et-davoir-achete-son-silence-contre-380-000-dollars\/\"},\"author\":{\"name\":\"Marc Sigrist\",\"@id\":\"https:\/\/ozinzen.com\/blog\/#\/schema\/person\/c3f9b942ea7cfc90188ae840a2cf2fb1\"},\"headline\":\"Asia Argento, porte-parole du mouvement de d\u00e9nonciation #MeToo, est accus\u00e9e d\u2019agression sexuelle sur mineur et d\u2019avoir achet\u00e9 son silence contre 380.000 dollars\",\"datePublished\":\"2018-08-20T18:06:34+00:00\",\"dateModified\":\"2018-08-30T18:57:52+00:00\",\"mainEntityOfPage\":{\"@id\":\"https:\/\/ozinzen.com\/blog\/asia-argento-porte-parole-du-mouvement-de-denonciation-metoo-est-accusee-dagression-sexuelle-sur-mineur-et-davoir-achete-son-silence-contre-380-000-dollars\/\"},\"wordCount\":1056,\"publisher\":{\"@id\":\"https:\/\/ozinzen.com\/blog\/#organization\"},\"image\":{\"@id\":\"https:\/\/ozinzen.com\/blog\/asia-argento-porte-parole-du-mouvement-de-denonciation-metoo-est-accusee-dagression-sexuelle-sur-mineur-et-davoir-achete-son-silence-contre-380-000-dollars\/#primaryimage\"},\"thumbnailUrl\":\"https:\/\/ozinzen.com\/blog\/wp-content\/uploads\/2018\/08\/asia-argento-viol-jimmy-bennett.jpg\",\"articleSection\":[\"Soci\u00e9t\u00e9\"],\"inLanguage\":\"fr-FR\"},{\"@type\":\"WebPage\",\"@id\":\"https:\/\/ozinzen.com\/blog\/asia-argento-porte-parole-du-mouvement-de-denonciation-metoo-est-accusee-dagression-sexuelle-sur-mineur-et-davoir-achete-son-silence-contre-380-000-dollars\/\",\"url\":\"https:\/\/ozinzen.com\/blog\/asia-argento-porte-parole-du-mouvement-de-denonciation-metoo-est-accusee-dagression-sexuelle-sur-mineur-et-davoir-achete-son-silence-contre-380-000-dollars\/\",\"name\":\"Asia Argento, porte-parole du mouvement de d\u00e9nonciation #MeToo, est accus\u00e9e d\u2019agression sexuelle sur mineur et d\u2019avoir achet\u00e9 son silence contre 380.000 dollars - Ozinzen\",\"isPartOf\":{\"@id\":\"https:\/\/ozinzen.com\/blog\/#website\"},\"primaryImageOfPage\":{\"@id\":\"https:\/\/ozinzen.com\/blog\/asia-argento-porte-parole-du-mouvement-de-denonciation-metoo-est-accusee-dagression-sexuelle-sur-mineur-et-davoir-achete-son-silence-contre-380-000-dollars\/#primaryimage\"},\"image\":{\"@id\":\"https:\/\/ozinzen.com\/blog\/asia-argento-porte-parole-du-mouvement-de-denonciation-metoo-est-accusee-dagression-sexuelle-sur-mineur-et-davoir-achete-son-silence-contre-380-000-dollars\/#primaryimage\"},\"thumbnailUrl\":\"https:\/\/ozinzen.com\/blog\/wp-content\/uploads\/2018\/08\/asia-argento-viol-jimmy-bennett.jpg\",\"datePublished\":\"2018-08-20T18:06:34+00:00\",\"dateModified\":\"2018-08-30T18:57:52+00:00\",\"description\":\"En 2013, Asia Argento aurait agress\u00e9 sexuellement l\u2019adolescent Jimmy Bennett, 17 ans \u00e0 l'\u00e9poque. Elle lui aurait ensuite vers\u00e9 380.000 dollars. Elle est\",\"breadcrumb\":{\"@id\":\"https:\/\/ozinzen.com\/blog\/asia-argento-porte-parole-du-mouvement-de-denonciation-metoo-est-accusee-dagression-sexuelle-sur-mineur-et-davoir-achete-son-silence-contre-380-000-dollars\/#breadcrumb\"},\"inLanguage\":\"fr-FR\",\"potentialAction\":[{\"@type\":\"ReadAction\",\"target\":[\"https:\/\/ozinzen.com\/blog\/asia-argento-porte-parole-du-mouvement-de-denonciation-metoo-est-accusee-dagression-sexuelle-sur-mineur-et-davoir-achete-son-silence-contre-380-000-dollars\/\"]}]},{\"@type\":\"ImageObject\",\"inLanguage\":\"fr-FR\",\"@id\":\"https:\/\/ozinzen.com\/blog\/asia-argento-porte-parole-du-mouvement-de-denonciation-metoo-est-accusee-dagression-sexuelle-sur-mineur-et-davoir-achete-son-silence-contre-380-000-dollars\/#primaryimage\",\"url\":\"https:\/\/ozinzen.com\/blog\/wp-content\/uploads\/2018\/08\/asia-argento-viol-jimmy-bennett.jpg\",\"contentUrl\":\"https:\/\/ozinzen.com\/blog\/wp-content\/uploads\/2018\/08\/asia-argento-viol-jimmy-bennett.jpg\",\"width\":638,\"height\":425,\"caption\":\"asia argento viol jimmy-bennett\"},{\"@type\":\"BreadcrumbList\",\"@id\":\"https:\/\/ozinzen.com\/blog\/asia-argento-porte-parole-du-mouvement-de-denonciation-metoo-est-accusee-dagression-sexuelle-sur-mineur-et-davoir-achete-son-silence-contre-380-000-dollars\/#breadcrumb\",\"itemListElement\":[{\"@type\":\"ListItem\",\"position\":1,\"name\":\"Accueil\",\"item\":\"https:\/\/ozinzen.com\/blog\/\"},{\"@type\":\"ListItem\",\"position\":2,\"name\":\"Asia Argento, porte-parole du mouvement de d\u00e9nonciation #MeToo, est accus\u00e9e d\u2019agression sexuelle sur mineur et d\u2019avoir achet\u00e9 son silence contre 380.000 dollars\"}]},{\"@type\":\"WebSite\",\"@id\":\"https:\/\/ozinzen.com\/blog\/#website\",\"url\":\"https:\/\/ozinzen.com\/blog\/\",\"name\":\"Ozinzen\",\"description\":\"Mode de vie et sant\u00e9\",\"publisher\":{\"@id\":\"https:\/\/ozinzen.com\/blog\/#organization\"},\"potentialAction\":[{\"@type\":\"SearchAction\",\"target\":{\"@type\":\"EntryPoint\",\"urlTemplate\":\"https:\/\/ozinzen.com\/blog\/?s={search_term_string}\"},\"query-input\":{\"@type\":\"PropertyValueSpecification\",\"valueRequired\":true,\"valueName\":\"search_term_string\"}}],\"inLanguage\":\"fr-FR\"},{\"@type\":\"Organization\",\"@id\":\"https:\/\/ozinzen.com\/blog\/#organization\",\"name\":\"Ozinzen\",\"url\":\"https:\/\/ozinzen.com\/blog\/\",\"logo\":{\"@type\":\"ImageObject\",\"inLanguage\":\"fr-FR\",\"@id\":\"https:\/\/ozinzen.com\/blog\/#\/schema\/logo\/image\/\",\"url\":\"https:\/\/ozinzen.com\/blog\/wp-content\/uploads\/2023\/01\/ozinzen.png\",\"contentUrl\":\"https:\/\/ozinzen.com\/blog\/wp-content\/uploads\/2023\/01\/ozinzen.png\",\"width\":64,\"height\":64,\"caption\":\"Ozinzen\"},\"image\":{\"@id\":\"https:\/\/ozinzen.com\/blog\/#\/schema\/logo\/image\/\"},\"sameAs\":[\"https:\/\/x.com\/ozinzen\"]},{\"@type\":\"Person\",\"@id\":\"https:\/\/ozinzen.com\/blog\/#\/schema\/person\/c3f9b942ea7cfc90188ae840a2cf2fb1\",\"name\":\"Marc Sigrist\",\"image\":{\"@type\":\"ImageObject\",\"inLanguage\":\"fr-FR\",\"@id\":\"https:\/\/ozinzen.com\/blog\/#\/schema\/person\/image\/\",\"url\":\"https:\/\/secure.gravatar.com\/avatar\/187f82243f15c243b39ac53fcbd3ac6ae072d40425f7b43c2878b6fb120dbb31?s=96&d=mm&r=g\",\"contentUrl\":\"https:\/\/secure.gravatar.com\/avatar\/187f82243f15c243b39ac53fcbd3ac6ae072d40425f7b43c2878b6fb120dbb31?s=96&d=mm&r=g\",\"caption\":\"Marc Sigrist\"}}]}<\/script>\n<!-- \/ Yoast SEO plugin. -->","yoast_head_json":{"title":"Asia Argento, porte-parole du mouvement de d\u00e9nonciation #MeToo, est accus\u00e9e d\u2019agression sexuelle sur mineur et d\u2019avoir achet\u00e9 son silence contre 380.000 dollars - Ozinzen","description":"En 2013, Asia Argento aurait agress\u00e9 sexuellement l\u2019adolescent Jimmy Bennett, 17 ans \u00e0 l'\u00e9poque. Elle lui aurait ensuite vers\u00e9 380.000 dollars. Elle est","robots":{"index":"index","follow":"follow","max-snippet":"max-snippet:-1","max-image-preview":"max-image-preview:large","max-video-preview":"max-video-preview:-1"},"canonical":"https:\/\/ozinzen.com\/blog\/asia-argento-porte-parole-du-mouvement-de-denonciation-metoo-est-accusee-dagression-sexuelle-sur-mineur-et-davoir-achete-son-silence-contre-380-000-dollars\/","og_locale":"fr_FR","og_type":"article","og_title":"Asia Argento, porte-parole du mouvement de d\u00e9nonciation #MeToo, est accus\u00e9e d\u2019agression sexuelle sur mineur et d\u2019avoir achet\u00e9 son silence contre 380.000 dollars - Ozinzen","og_description":"En 2013, Asia Argento aurait agress\u00e9 sexuellement l\u2019adolescent Jimmy Bennett, 17 ans \u00e0 l'\u00e9poque. Elle lui aurait ensuite vers\u00e9 380.000 dollars. Elle est","og_url":"https:\/\/ozinzen.com\/blog\/asia-argento-porte-parole-du-mouvement-de-denonciation-metoo-est-accusee-dagression-sexuelle-sur-mineur-et-davoir-achete-son-silence-contre-380-000-dollars\/","og_site_name":"Ozinzen","article_published_time":"2018-08-20T18:06:34+00:00","article_modified_time":"2018-08-30T18:57:52+00:00","og_image":[{"width":638,"height":425,"url":"https:\/\/ozinzen.com\/blog\/wp-content\/uploads\/2018\/08\/asia-argento-viol-jimmy-bennett.jpg","type":"image\/jpeg"}],"author":"Marc Sigrist","twitter_card":"summary_large_image","twitter_creator":"@ozinzen","twitter_site":"@ozinzen","twitter_misc":{"\u00c9crit par":"Marc Sigrist","Dur\u00e9e de lecture estim\u00e9e":"5 minutes"},"schema":{"@context":"https:\/\/schema.org","@graph":[{"@type":"Article","@id":"https:\/\/ozinzen.com\/blog\/asia-argento-porte-parole-du-mouvement-de-denonciation-metoo-est-accusee-dagression-sexuelle-sur-mineur-et-davoir-achete-son-silence-contre-380-000-dollars\/#article","isPartOf":{"@id":"https:\/\/ozinzen.com\/blog\/asia-argento-porte-parole-du-mouvement-de-denonciation-metoo-est-accusee-dagression-sexuelle-sur-mineur-et-davoir-achete-son-silence-contre-380-000-dollars\/"},"author":{"name":"Marc Sigrist","@id":"https:\/\/ozinzen.com\/blog\/#\/schema\/person\/c3f9b942ea7cfc90188ae840a2cf2fb1"},"headline":"Asia Argento, porte-parole du mouvement de d\u00e9nonciation #MeToo, est accus\u00e9e d\u2019agression sexuelle sur mineur et d\u2019avoir achet\u00e9 son silence contre 380.000 dollars","datePublished":"2018-08-20T18:06:34+00:00","dateModified":"2018-08-30T18:57:52+00:00","mainEntityOfPage":{"@id":"https:\/\/ozinzen.com\/blog\/asia-argento-porte-parole-du-mouvement-de-denonciation-metoo-est-accusee-dagression-sexuelle-sur-mineur-et-davoir-achete-son-silence-contre-380-000-dollars\/"},"wordCount":1056,"publisher":{"@id":"https:\/\/ozinzen.com\/blog\/#organization"},"image":{"@id":"https:\/\/ozinzen.com\/blog\/asia-argento-porte-parole-du-mouvement-de-denonciation-metoo-est-accusee-dagression-sexuelle-sur-mineur-et-davoir-achete-son-silence-contre-380-000-dollars\/#primaryimage"},"thumbnailUrl":"https:\/\/ozinzen.com\/blog\/wp-content\/uploads\/2018\/08\/asia-argento-viol-jimmy-bennett.jpg","articleSection":["Soci\u00e9t\u00e9"],"inLanguage":"fr-FR"},{"@type":"WebPage","@id":"https:\/\/ozinzen.com\/blog\/asia-argento-porte-parole-du-mouvement-de-denonciation-metoo-est-accusee-dagression-sexuelle-sur-mineur-et-davoir-achete-son-silence-contre-380-000-dollars\/","url":"https:\/\/ozinzen.com\/blog\/asia-argento-porte-parole-du-mouvement-de-denonciation-metoo-est-accusee-dagression-sexuelle-sur-mineur-et-davoir-achete-son-silence-contre-380-000-dollars\/","name":"Asia Argento, porte-parole du mouvement de d\u00e9nonciation #MeToo, est accus\u00e9e d\u2019agression sexuelle sur mineur et d\u2019avoir achet\u00e9 son silence contre 380.000 dollars - Ozinzen","isPartOf":{"@id":"https:\/\/ozinzen.com\/blog\/#website"},"primaryImageOfPage":{"@id":"https:\/\/ozinzen.com\/blog\/asia-argento-porte-parole-du-mouvement-de-denonciation-metoo-est-accusee-dagression-sexuelle-sur-mineur-et-davoir-achete-son-silence-contre-380-000-dollars\/#primaryimage"},"image":{"@id":"https:\/\/ozinzen.com\/blog\/asia-argento-porte-parole-du-mouvement-de-denonciation-metoo-est-accusee-dagression-sexuelle-sur-mineur-et-davoir-achete-son-silence-contre-380-000-dollars\/#primaryimage"},"thumbnailUrl":"https:\/\/ozinzen.com\/blog\/wp-content\/uploads\/2018\/08\/asia-argento-viol-jimmy-bennett.jpg","datePublished":"2018-08-20T18:06:34+00:00","dateModified":"2018-08-30T18:57:52+00:00","description":"En 2013, Asia Argento aurait agress\u00e9 sexuellement l\u2019adolescent Jimmy Bennett, 17 ans \u00e0 l'\u00e9poque. Elle lui aurait ensuite vers\u00e9 380.000 dollars. Elle est","breadcrumb":{"@id":"https:\/\/ozinzen.com\/blog\/asia-argento-porte-parole-du-mouvement-de-denonciation-metoo-est-accusee-dagression-sexuelle-sur-mineur-et-davoir-achete-son-silence-contre-380-000-dollars\/#breadcrumb"},"inLanguage":"fr-FR","potentialAction":[{"@type":"ReadAction","target":["https:\/\/ozinzen.com\/blog\/asia-argento-porte-parole-du-mouvement-de-denonciation-metoo-est-accusee-dagression-sexuelle-sur-mineur-et-davoir-achete-son-silence-contre-380-000-dollars\/"]}]},{"@type":"ImageObject","inLanguage":"fr-FR","@id":"https:\/\/ozinzen.com\/blog\/asia-argento-porte-parole-du-mouvement-de-denonciation-metoo-est-accusee-dagression-sexuelle-sur-mineur-et-davoir-achete-son-silence-contre-380-000-dollars\/#primaryimage","url":"https:\/\/ozinzen.com\/blog\/wp-content\/uploads\/2018\/08\/asia-argento-viol-jimmy-bennett.jpg","contentUrl":"https:\/\/ozinzen.com\/blog\/wp-content\/uploads\/2018\/08\/asia-argento-viol-jimmy-bennett.jpg","width":638,"height":425,"caption":"asia argento viol jimmy-bennett"},{"@type":"BreadcrumbList","@id":"https:\/\/ozinzen.com\/blog\/asia-argento-porte-parole-du-mouvement-de-denonciation-metoo-est-accusee-dagression-sexuelle-sur-mineur-et-davoir-achete-son-silence-contre-380-000-dollars\/#breadcrumb","itemListElement":[{"@type":"ListItem","position":1,"name":"Accueil","item":"https:\/\/ozinzen.com\/blog\/"},{"@type":"ListItem","position":2,"name":"Asia Argento, porte-parole du mouvement de d\u00e9nonciation #MeToo, est accus\u00e9e d\u2019agression sexuelle sur mineur et d\u2019avoir achet\u00e9 son silence contre 380.000 dollars"}]},{"@type":"WebSite","@id":"https:\/\/ozinzen.com\/blog\/#website","url":"https:\/\/ozinzen.com\/blog\/","name":"Ozinzen","description":"Mode de vie et sant\u00e9","publisher":{"@id":"https:\/\/ozinzen.com\/blog\/#organization"},"potentialAction":[{"@type":"SearchAction","target":{"@type":"EntryPoint","urlTemplate":"https:\/\/ozinzen.com\/blog\/?s={search_term_string}"},"query-input":{"@type":"PropertyValueSpecification","valueRequired":true,"valueName":"search_term_string"}}],"inLanguage":"fr-FR"},{"@type":"Organization","@id":"https:\/\/ozinzen.com\/blog\/#organization","name":"Ozinzen","url":"https:\/\/ozinzen.com\/blog\/","logo":{"@type":"ImageObject","inLanguage":"fr-FR","@id":"https:\/\/ozinzen.com\/blog\/#\/schema\/logo\/image\/","url":"https:\/\/ozinzen.com\/blog\/wp-content\/uploads\/2023\/01\/ozinzen.png","contentUrl":"https:\/\/ozinzen.com\/blog\/wp-content\/uploads\/2023\/01\/ozinzen.png","width":64,"height":64,"caption":"Ozinzen"},"image":{"@id":"https:\/\/ozinzen.com\/blog\/#\/schema\/logo\/image\/"},"sameAs":["https:\/\/x.com\/ozinzen"]},{"@type":"Person","@id":"https:\/\/ozinzen.com\/blog\/#\/schema\/person\/c3f9b942ea7cfc90188ae840a2cf2fb1","name":"Marc Sigrist","image":{"@type":"ImageObject","inLanguage":"fr-FR","@id":"https:\/\/ozinzen.com\/blog\/#\/schema\/person\/image\/","url":"https:\/\/secure.gravatar.com\/avatar\/187f82243f15c243b39ac53fcbd3ac6ae072d40425f7b43c2878b6fb120dbb31?s=96&d=mm&r=g","contentUrl":"https:\/\/secure.gravatar.com\/avatar\/187f82243f15c243b39ac53fcbd3ac6ae072d40425f7b43c2878b6fb120dbb31?s=96&d=mm&r=g","caption":"Marc Sigrist"}}]}},"amp_enabled":true,"_links":{"self":[{"href":"https:\/\/ozinzen.com\/blog\/wp-json\/wp\/v2\/posts\/8842","targetHints":{"allow":["GET"]}}],"collection":[{"href":"https:\/\/ozinzen.com\/blog\/wp-json\/wp\/v2\/posts"}],"about":[{"href":"https:\/\/ozinzen.com\/blog\/wp-json\/wp\/v2\/types\/post"}],"author":[{"embeddable":true,"href":"https:\/\/ozinzen.com\/blog\/wp-json\/wp\/v2\/users\/2"}],"replies":[{"embeddable":true,"href":"https:\/\/ozinzen.com\/blog\/wp-json\/wp\/v2\/comments?post=8842"}],"version-history":[{"count":8,"href":"https:\/\/ozinzen.com\/blog\/wp-json\/wp\/v2\/posts\/8842\/revisions"}],"predecessor-version":[{"id":8851,"href":"https:\/\/ozinzen.com\/blog\/wp-json\/wp\/v2\/posts\/8842\/revisions\/8851"}],"wp:featuredmedia":[{"embeddable":true,"href":"https:\/\/ozinzen.com\/blog\/wp-json\/wp\/v2\/media\/8843"}],"wp:attachment":[{"href":"https:\/\/ozinzen.com\/blog\/wp-json\/wp\/v2\/media?parent=8842"}],"wp:term":[{"taxonomy":"category","embeddable":true,"href":"https:\/\/ozinzen.com\/blog\/wp-json\/wp\/v2\/categories?post=8842"},{"taxonomy":"post_tag","embeddable":true,"href":"https:\/\/ozinzen.com\/blog\/wp-json\/wp\/v2\/tags?post=8842"}],"curies":[{"name":"wp","href":"https:\/\/api.w.org\/{rel}","templated":true}]}}