{"id":8941,"date":"2018-09-17T21:50:03","date_gmt":"2018-09-17T19:50:03","guid":{"rendered":"https:\/\/ozinzen.com\/blog\/?p=8941"},"modified":"2018-09-23T20:47:34","modified_gmt":"2018-09-23T18:47:34","slug":"asia-argento-menace-rose-mcgowan-de-poursuite-judiciaire-les-deux-principales-figures-du-mouvement-metoo-sont-fachees","status":"publish","type":"post","link":"https:\/\/ozinzen.com\/blog\/asia-argento-menace-rose-mcgowan-de-poursuite-judiciaire-les-deux-principales-figures-du-mouvement-metoo-sont-fachees\/","title":{"rendered":"Asia Argento menace Rose McGowan de poursuite judiciaire : les deux principales figures du mouvement #MeToo sont f\u00e2ch\u00e9es"},"content":{"rendered":"<p><a href=\"https:\/\/ozinzen.com\/blog\/wp-content\/uploads\/2018\/09\/Asia-Argento-Rose-McGowan.jpg\"><img loading=\"lazy\" decoding=\"async\" class=\"alignnone size-full wp-image-8943\" src=\"https:\/\/ozinzen.com\/blog\/wp-content\/uploads\/2018\/09\/Asia-Argento-Rose-McGowan.jpg\" alt=\"Asia Argento Rose McGowan\" width=\"474\" height=\"355\" srcset=\"https:\/\/ozinzen.com\/blog\/wp-content\/uploads\/2018\/09\/Asia-Argento-Rose-McGowan.jpg 474w, https:\/\/ozinzen.com\/blog\/wp-content\/uploads\/2018\/09\/Asia-Argento-Rose-McGowan-300x225.jpg 300w\" sizes=\"auto, (max-width: 474px) 100vw, 474px\" \/><\/a><\/p>\n<p><span style=\"color: #000000;\">Elles \u00e9taient amies, il semblerait que leur relation soit d\u00e9sormais durablement endommag\u00e9e. <strong>Asia Argento<\/strong>, l&rsquo;une des figures de proue du mouvement #MeToo, accus\u00e9e de viol par un jeune acteur, a lanc\u00e9 un ultimatum \u00e0 son amie <strong>Rose McGowan<\/strong>, elle aussi figure du mouvement. Cette derni\u00e8re a 24h pour se r\u00e9tracter apr\u00e8s les propos qu&rsquo;elle a tenus le 27 ao\u00fbt dernier sur l&rsquo;affaire Jimmy Bennet.<\/span><!--more--><\/p>\n<p><span style=\"color: #000000;\">\u00ab\u00a0Cher Rose McGowan, c&rsquo;est avec grand regret que je te donne 24h pour te r\u00e9tracter et t&rsquo;excuser pour les horribles mensonges que tu as prof\u00e9r\u00e9s contre moi dans ta d\u00e9claration du 27 ao\u00fbt. Si tu ne parviens pas \u00e0 r\u00e9gler ce probl\u00e8me, je n&rsquo;aurai d&rsquo;autre choix que de prendre des mesures juridiques imm\u00e9diates\u00a0\u00bb, \u00e9crit-elle dans un tweet publi\u00e9 ce lundi 17 septembre sur son compte.<\/span><\/p>\n<p><span style=\"color: #000000;\">Le 27 ao\u00fbt dernier, Rose McGowan, acolyte d&rsquo;Asia Argento depuis l&rsquo;affaire Weinstein dans laquelle elles se d\u00e9clarent toutes deux victimes, a pris ses distances avec l&rsquo;actrice italienne. Cette derni\u00e8re est accus\u00e9e de viol par l&rsquo;acteur Jimmy Bennet, de 20 ans son cadet.<\/span><\/p>\n<p><span style=\"color: #000000;\">Alors que l&rsquo;actrice a formellement ni\u00e9 ces accusations, Rose McGowan affirme avoir eu acc\u00e8s \u00e0 des informations contradictoires. L&rsquo;actrice de la s\u00e9rie \u00ab\u00a0Charmed\u00a0\u00bb fr\u00e9quente depuis le mois de juillet le mannequin non-binaire Rain Dove. Asia Argento aurait expliqu\u00e9 \u00e0 ce dernier, par SMS, avoir couch\u00e9 avec Jimmy Bennett, et avoir re\u00e7u r\u00e9guli\u00e8rement des photos nues de lui.<\/span><\/p>\n<p><span style=\"color: #000000;\">Dans le communiqu\u00e9 du 27 ao\u00fbt, Rose McGowan a reproch\u00e9 \u00e0 son ex-amie de ne pas avoir fait part de ces images aux autorit\u00e9s et aux parents du jeune gar\u00e7on. L&rsquo;actrice am\u00e9ricaine a indiqu\u00e9 qu&rsquo;elle a encourag\u00e9 le mannequin \u00e0 d\u00e9voiler les messages d&rsquo;Asia Argento \u00e0 la police. \u00ab\u00a0Je n&rsquo;ai pas perdu de temps. Ce n&rsquo;\u00e9tait pas une d\u00e9cision difficile\u00a0\u00bb, \u00e9crivait-elle. \u00ab\u00a0Ce qui \u00e9tait difficile, c&rsquo;\u00e9tait de r\u00e9aliser que tout ce que le mouvement MeToo repr\u00e9sente \u00e9tait menac\u00e9.\u00a0\u00bb<\/span><\/p>\n<p><span style=\"color: #000000;\">Rose McGowan avait profit\u00e9 de sa d\u00e9claration pour r\u00e9it\u00e9rer son soutien \u00e0 toutes les victimes d&rsquo;abus sexuels et \u00e9galement adresser un message personnel \u00e0 Asia Argento: \u00ab\u00a0Asie tu \u00e9tais mon amie. Je t&rsquo;aimais&#8230; Fais le bon choix. Sois honn\u00eate. Sois juste. Laisse la justice suivre son cours. Sois la personne que tu aurais aim\u00e9 que Harvey Weinstein soit.\u00a0\u00bb<\/span><\/p>\n<p><span style=\"color: #000000;\">Le 7 septembre dernier, le mannequin Rain Dove est revenu sur ses propos, expliquant qu&rsquo;il avait mal interpr\u00e9t\u00e9 ce que lui avait dit Asia Argento. Il avait en effet compris que les photos re\u00e7ues dataient de l&rsquo;\u00e9poque o\u00f9 Jimmy Bennet avait 12 ans, alors qu&rsquo;il en avait en r\u00e9alit\u00e9 17.<\/span><\/p>\n<p><span style=\"color: #000000;\">Asia Argento a r\u00e9agi \u00e0 ces excuses -depuis effac\u00e9es- en d\u00e9clarant sur twitter: \u00ab\u00a0C&rsquo;est dommage que Rose McGowan ne soit pas pr\u00eate \u00e0 accepter le fait qu&rsquo;elle a tort. Rain Dove a accept\u00e9 son erreur, mais son tweet a \u00e9t\u00e9 supprim\u00e9. La d\u00e9claration de Rose continue \u00e0 faire courir de fausses rumeurs.\u00a0\u00bb<\/span><\/p>\n<p><a href=\"https:\/\/www.huffingtonpost.fr\/2018\/09\/17\/asia-argento-donne-24h-a-rose-mcgowan-pour-lui-presenter-des-excuses_a_23529743\/\" target=\"_blank\" rel=\"noopener\"><strong>Extrait du\u00a0huffingtonpost.fr<\/strong><\/a><\/p>\n","protected":false},"excerpt":{"rendered":"<p>Elles \u00e9taient amies, il semblerait que leur relation soit d\u00e9sormais durablement endommag\u00e9e. Asia Argento, l&rsquo;une des figures de proue du mouvement #MeToo, accus\u00e9e de viol par un jeune acteur, a lanc\u00e9 un ultimatum \u00e0 son amie Rose McGowan, elle aussi figure du mouvement. Cette derni\u00e8re a 24h pour se r\u00e9tracter apr\u00e8s les propos qu&rsquo;elle a [&hellip;]<\/p>\n","protected":false},"author":2,"featured_media":8943,"comment_status":"closed","ping_status":"closed","sticky":false,"template":"","format":"standard","meta":{"_genesis_hide_title":false,"_genesis_hide_breadcrumbs":false,"_genesis_hide_singular_image":false,"_genesis_hide_footer_widgets":false,"_genesis_custom_body_class":"","_genesis_custom_post_class":"","_genesis_layout":"","footnotes":""},"categories":[55],"tags":[],"class_list":{"0":"post-8941","1":"post","2":"type-post","3":"status-publish","4":"format-standard","5":"has-post-thumbnail","7":"category-societe","8":"entry"},"yoast_head":"<!-- This site is optimized with the Yoast SEO plugin v27.1.1 - https:\/\/yoast.com\/product\/yoast-seo-wordpress\/ -->\n<title>Asia Argento menace Rose McGowan de poursuite judiciaire : les deux principales figures du mouvement #MeToo sont f\u00e2ch\u00e9es - Ozinzen<\/title>\n<meta name=\"description\" content=\"Elles \u00e9taient amies, il semblerait que leur relation soit d\u00e9sormais durablement endommag\u00e9e. Asia Argento, l&#039;une des figures de proue du mouvement #MeToo,\" \/>\n<meta name=\"robots\" content=\"index, follow, max-snippet:-1, max-image-preview:large, max-video-preview:-1\" \/>\n<link rel=\"canonical\" href=\"https:\/\/ozinzen.com\/blog\/asia-argento-menace-rose-mcgowan-de-poursuite-judiciaire-les-deux-principales-figures-du-mouvement-metoo-sont-fachees\/\" \/>\n<meta property=\"og:locale\" content=\"fr_FR\" \/>\n<meta property=\"og:type\" content=\"article\" \/>\n<meta property=\"og:title\" content=\"Asia Argento menace Rose McGowan de poursuite judiciaire : les deux principales figures du mouvement #MeToo sont f\u00e2ch\u00e9es - Ozinzen\" \/>\n<meta property=\"og:description\" content=\"Elles \u00e9taient amies, il semblerait que leur relation soit d\u00e9sormais durablement endommag\u00e9e. Asia Argento, l&#039;une des figures de proue du mouvement #MeToo,\" \/>\n<meta property=\"og:url\" content=\"https:\/\/ozinzen.com\/blog\/asia-argento-menace-rose-mcgowan-de-poursuite-judiciaire-les-deux-principales-figures-du-mouvement-metoo-sont-fachees\/\" \/>\n<meta property=\"og:site_name\" content=\"Ozinzen\" \/>\n<meta property=\"article:published_time\" content=\"2018-09-17T19:50:03+00:00\" \/>\n<meta property=\"article:modified_time\" content=\"2018-09-23T18:47:34+00:00\" \/>\n<meta property=\"og:image\" content=\"https:\/\/ozinzen.com\/blog\/wp-content\/uploads\/2018\/09\/Asia-Argento-Rose-McGowan.jpg\" \/>\n\t<meta property=\"og:image:width\" content=\"474\" \/>\n\t<meta property=\"og:image:height\" content=\"355\" \/>\n\t<meta property=\"og:image:type\" content=\"image\/jpeg\" \/>\n<meta name=\"author\" content=\"Marc Sigrist\" \/>\n<meta name=\"twitter:card\" content=\"summary_large_image\" \/>\n<meta name=\"twitter:creator\" content=\"@ozinzen\" \/>\n<meta name=\"twitter:site\" content=\"@ozinzen\" \/>\n<meta name=\"twitter:label1\" content=\"\u00c9crit par\" \/>\n\t<meta name=\"twitter:data1\" content=\"Marc Sigrist\" \/>\n\t<meta name=\"twitter:label2\" content=\"Dur\u00e9e de lecture estim\u00e9e\" \/>\n\t<meta name=\"twitter:data2\" content=\"2 minutes\" \/>\n<script type=\"application\/ld+json\" class=\"yoast-schema-graph\">{\"@context\":\"https:\/\/schema.org\",\"@graph\":[{\"@type\":\"Article\",\"@id\":\"https:\/\/ozinzen.com\/blog\/asia-argento-menace-rose-mcgowan-de-poursuite-judiciaire-les-deux-principales-figures-du-mouvement-metoo-sont-fachees\/#article\",\"isPartOf\":{\"@id\":\"https:\/\/ozinzen.com\/blog\/asia-argento-menace-rose-mcgowan-de-poursuite-judiciaire-les-deux-principales-figures-du-mouvement-metoo-sont-fachees\/\"},\"author\":{\"name\":\"Marc Sigrist\",\"@id\":\"https:\/\/ozinzen.com\/blog\/#\/schema\/person\/c3f9b942ea7cfc90188ae840a2cf2fb1\"},\"headline\":\"Asia Argento menace Rose McGowan de poursuite judiciaire : les deux principales figures du mouvement #MeToo sont f\u00e2ch\u00e9es\",\"datePublished\":\"2018-09-17T19:50:03+00:00\",\"dateModified\":\"2018-09-23T18:47:34+00:00\",\"mainEntityOfPage\":{\"@id\":\"https:\/\/ozinzen.com\/blog\/asia-argento-menace-rose-mcgowan-de-poursuite-judiciaire-les-deux-principales-figures-du-mouvement-metoo-sont-fachees\/\"},\"wordCount\":516,\"publisher\":{\"@id\":\"https:\/\/ozinzen.com\/blog\/#organization\"},\"image\":{\"@id\":\"https:\/\/ozinzen.com\/blog\/asia-argento-menace-rose-mcgowan-de-poursuite-judiciaire-les-deux-principales-figures-du-mouvement-metoo-sont-fachees\/#primaryimage\"},\"thumbnailUrl\":\"https:\/\/ozinzen.com\/blog\/wp-content\/uploads\/2018\/09\/Asia-Argento-Rose-McGowan.jpg\",\"articleSection\":[\"Soci\u00e9t\u00e9\"],\"inLanguage\":\"fr-FR\"},{\"@type\":\"WebPage\",\"@id\":\"https:\/\/ozinzen.com\/blog\/asia-argento-menace-rose-mcgowan-de-poursuite-judiciaire-les-deux-principales-figures-du-mouvement-metoo-sont-fachees\/\",\"url\":\"https:\/\/ozinzen.com\/blog\/asia-argento-menace-rose-mcgowan-de-poursuite-judiciaire-les-deux-principales-figures-du-mouvement-metoo-sont-fachees\/\",\"name\":\"Asia Argento menace Rose McGowan de poursuite judiciaire : les deux principales figures du mouvement #MeToo sont f\u00e2ch\u00e9es - Ozinzen\",\"isPartOf\":{\"@id\":\"https:\/\/ozinzen.com\/blog\/#website\"},\"primaryImageOfPage\":{\"@id\":\"https:\/\/ozinzen.com\/blog\/asia-argento-menace-rose-mcgowan-de-poursuite-judiciaire-les-deux-principales-figures-du-mouvement-metoo-sont-fachees\/#primaryimage\"},\"image\":{\"@id\":\"https:\/\/ozinzen.com\/blog\/asia-argento-menace-rose-mcgowan-de-poursuite-judiciaire-les-deux-principales-figures-du-mouvement-metoo-sont-fachees\/#primaryimage\"},\"thumbnailUrl\":\"https:\/\/ozinzen.com\/blog\/wp-content\/uploads\/2018\/09\/Asia-Argento-Rose-McGowan.jpg\",\"datePublished\":\"2018-09-17T19:50:03+00:00\",\"dateModified\":\"2018-09-23T18:47:34+00:00\",\"description\":\"Elles \u00e9taient amies, il semblerait que leur relation soit d\u00e9sormais durablement endommag\u00e9e. Asia Argento, l'une des figures de proue du mouvement #MeToo,\",\"breadcrumb\":{\"@id\":\"https:\/\/ozinzen.com\/blog\/asia-argento-menace-rose-mcgowan-de-poursuite-judiciaire-les-deux-principales-figures-du-mouvement-metoo-sont-fachees\/#breadcrumb\"},\"inLanguage\":\"fr-FR\",\"potentialAction\":[{\"@type\":\"ReadAction\",\"target\":[\"https:\/\/ozinzen.com\/blog\/asia-argento-menace-rose-mcgowan-de-poursuite-judiciaire-les-deux-principales-figures-du-mouvement-metoo-sont-fachees\/\"]}]},{\"@type\":\"ImageObject\",\"inLanguage\":\"fr-FR\",\"@id\":\"https:\/\/ozinzen.com\/blog\/asia-argento-menace-rose-mcgowan-de-poursuite-judiciaire-les-deux-principales-figures-du-mouvement-metoo-sont-fachees\/#primaryimage\",\"url\":\"https:\/\/ozinzen.com\/blog\/wp-content\/uploads\/2018\/09\/Asia-Argento-Rose-McGowan.jpg\",\"contentUrl\":\"https:\/\/ozinzen.com\/blog\/wp-content\/uploads\/2018\/09\/Asia-Argento-Rose-McGowan.jpg\",\"width\":474,\"height\":355,\"caption\":\"Asia Argento Rose McGowan\"},{\"@type\":\"BreadcrumbList\",\"@id\":\"https:\/\/ozinzen.com\/blog\/asia-argento-menace-rose-mcgowan-de-poursuite-judiciaire-les-deux-principales-figures-du-mouvement-metoo-sont-fachees\/#breadcrumb\",\"itemListElement\":[{\"@type\":\"ListItem\",\"position\":1,\"name\":\"Accueil\",\"item\":\"https:\/\/ozinzen.com\/blog\/\"},{\"@type\":\"ListItem\",\"position\":2,\"name\":\"Asia Argento menace Rose McGowan de poursuite judiciaire : les deux principales figures du mouvement #MeToo sont f\u00e2ch\u00e9es\"}]},{\"@type\":\"WebSite\",\"@id\":\"https:\/\/ozinzen.com\/blog\/#website\",\"url\":\"https:\/\/ozinzen.com\/blog\/\",\"name\":\"Ozinzen\",\"description\":\"Mode de vie et sant\u00e9\",\"publisher\":{\"@id\":\"https:\/\/ozinzen.com\/blog\/#organization\"},\"potentialAction\":[{\"@type\":\"SearchAction\",\"target\":{\"@type\":\"EntryPoint\",\"urlTemplate\":\"https:\/\/ozinzen.com\/blog\/?s={search_term_string}\"},\"query-input\":{\"@type\":\"PropertyValueSpecification\",\"valueRequired\":true,\"valueName\":\"search_term_string\"}}],\"inLanguage\":\"fr-FR\"},{\"@type\":\"Organization\",\"@id\":\"https:\/\/ozinzen.com\/blog\/#organization\",\"name\":\"Ozinzen\",\"url\":\"https:\/\/ozinzen.com\/blog\/\",\"logo\":{\"@type\":\"ImageObject\",\"inLanguage\":\"fr-FR\",\"@id\":\"https:\/\/ozinzen.com\/blog\/#\/schema\/logo\/image\/\",\"url\":\"https:\/\/ozinzen.com\/blog\/wp-content\/uploads\/2023\/01\/ozinzen.png\",\"contentUrl\":\"https:\/\/ozinzen.com\/blog\/wp-content\/uploads\/2023\/01\/ozinzen.png\",\"width\":64,\"height\":64,\"caption\":\"Ozinzen\"},\"image\":{\"@id\":\"https:\/\/ozinzen.com\/blog\/#\/schema\/logo\/image\/\"},\"sameAs\":[\"https:\/\/x.com\/ozinzen\"]},{\"@type\":\"Person\",\"@id\":\"https:\/\/ozinzen.com\/blog\/#\/schema\/person\/c3f9b942ea7cfc90188ae840a2cf2fb1\",\"name\":\"Marc Sigrist\",\"image\":{\"@type\":\"ImageObject\",\"inLanguage\":\"fr-FR\",\"@id\":\"https:\/\/ozinzen.com\/blog\/#\/schema\/person\/image\/\",\"url\":\"https:\/\/secure.gravatar.com\/avatar\/187f82243f15c243b39ac53fcbd3ac6ae072d40425f7b43c2878b6fb120dbb31?s=96&d=mm&r=g\",\"contentUrl\":\"https:\/\/secure.gravatar.com\/avatar\/187f82243f15c243b39ac53fcbd3ac6ae072d40425f7b43c2878b6fb120dbb31?s=96&d=mm&r=g\",\"caption\":\"Marc Sigrist\"}}]}<\/script>\n<!-- \/ Yoast SEO plugin. -->","yoast_head_json":{"title":"Asia Argento menace Rose McGowan de poursuite judiciaire : les deux principales figures du mouvement #MeToo sont f\u00e2ch\u00e9es - Ozinzen","description":"Elles \u00e9taient amies, il semblerait que leur relation soit d\u00e9sormais durablement endommag\u00e9e. Asia Argento, l'une des figures de proue du mouvement #MeToo,","robots":{"index":"index","follow":"follow","max-snippet":"max-snippet:-1","max-image-preview":"max-image-preview:large","max-video-preview":"max-video-preview:-1"},"canonical":"https:\/\/ozinzen.com\/blog\/asia-argento-menace-rose-mcgowan-de-poursuite-judiciaire-les-deux-principales-figures-du-mouvement-metoo-sont-fachees\/","og_locale":"fr_FR","og_type":"article","og_title":"Asia Argento menace Rose McGowan de poursuite judiciaire : les deux principales figures du mouvement #MeToo sont f\u00e2ch\u00e9es - Ozinzen","og_description":"Elles \u00e9taient amies, il semblerait que leur relation soit d\u00e9sormais durablement endommag\u00e9e. Asia Argento, l'une des figures de proue du mouvement #MeToo,","og_url":"https:\/\/ozinzen.com\/blog\/asia-argento-menace-rose-mcgowan-de-poursuite-judiciaire-les-deux-principales-figures-du-mouvement-metoo-sont-fachees\/","og_site_name":"Ozinzen","article_published_time":"2018-09-17T19:50:03+00:00","article_modified_time":"2018-09-23T18:47:34+00:00","og_image":[{"width":474,"height":355,"url":"https:\/\/ozinzen.com\/blog\/wp-content\/uploads\/2018\/09\/Asia-Argento-Rose-McGowan.jpg","type":"image\/jpeg"}],"author":"Marc Sigrist","twitter_card":"summary_large_image","twitter_creator":"@ozinzen","twitter_site":"@ozinzen","twitter_misc":{"\u00c9crit par":"Marc Sigrist","Dur\u00e9e de lecture estim\u00e9e":"2 minutes"},"schema":{"@context":"https:\/\/schema.org","@graph":[{"@type":"Article","@id":"https:\/\/ozinzen.com\/blog\/asia-argento-menace-rose-mcgowan-de-poursuite-judiciaire-les-deux-principales-figures-du-mouvement-metoo-sont-fachees\/#article","isPartOf":{"@id":"https:\/\/ozinzen.com\/blog\/asia-argento-menace-rose-mcgowan-de-poursuite-judiciaire-les-deux-principales-figures-du-mouvement-metoo-sont-fachees\/"},"author":{"name":"Marc Sigrist","@id":"https:\/\/ozinzen.com\/blog\/#\/schema\/person\/c3f9b942ea7cfc90188ae840a2cf2fb1"},"headline":"Asia Argento menace Rose McGowan de poursuite judiciaire : les deux principales figures du mouvement #MeToo sont f\u00e2ch\u00e9es","datePublished":"2018-09-17T19:50:03+00:00","dateModified":"2018-09-23T18:47:34+00:00","mainEntityOfPage":{"@id":"https:\/\/ozinzen.com\/blog\/asia-argento-menace-rose-mcgowan-de-poursuite-judiciaire-les-deux-principales-figures-du-mouvement-metoo-sont-fachees\/"},"wordCount":516,"publisher":{"@id":"https:\/\/ozinzen.com\/blog\/#organization"},"image":{"@id":"https:\/\/ozinzen.com\/blog\/asia-argento-menace-rose-mcgowan-de-poursuite-judiciaire-les-deux-principales-figures-du-mouvement-metoo-sont-fachees\/#primaryimage"},"thumbnailUrl":"https:\/\/ozinzen.com\/blog\/wp-content\/uploads\/2018\/09\/Asia-Argento-Rose-McGowan.jpg","articleSection":["Soci\u00e9t\u00e9"],"inLanguage":"fr-FR"},{"@type":"WebPage","@id":"https:\/\/ozinzen.com\/blog\/asia-argento-menace-rose-mcgowan-de-poursuite-judiciaire-les-deux-principales-figures-du-mouvement-metoo-sont-fachees\/","url":"https:\/\/ozinzen.com\/blog\/asia-argento-menace-rose-mcgowan-de-poursuite-judiciaire-les-deux-principales-figures-du-mouvement-metoo-sont-fachees\/","name":"Asia Argento menace Rose McGowan de poursuite judiciaire : les deux principales figures du mouvement #MeToo sont f\u00e2ch\u00e9es - Ozinzen","isPartOf":{"@id":"https:\/\/ozinzen.com\/blog\/#website"},"primaryImageOfPage":{"@id":"https:\/\/ozinzen.com\/blog\/asia-argento-menace-rose-mcgowan-de-poursuite-judiciaire-les-deux-principales-figures-du-mouvement-metoo-sont-fachees\/#primaryimage"},"image":{"@id":"https:\/\/ozinzen.com\/blog\/asia-argento-menace-rose-mcgowan-de-poursuite-judiciaire-les-deux-principales-figures-du-mouvement-metoo-sont-fachees\/#primaryimage"},"thumbnailUrl":"https:\/\/ozinzen.com\/blog\/wp-content\/uploads\/2018\/09\/Asia-Argento-Rose-McGowan.jpg","datePublished":"2018-09-17T19:50:03+00:00","dateModified":"2018-09-23T18:47:34+00:00","description":"Elles \u00e9taient amies, il semblerait que leur relation soit d\u00e9sormais durablement endommag\u00e9e. Asia Argento, l'une des figures de proue du mouvement #MeToo,","breadcrumb":{"@id":"https:\/\/ozinzen.com\/blog\/asia-argento-menace-rose-mcgowan-de-poursuite-judiciaire-les-deux-principales-figures-du-mouvement-metoo-sont-fachees\/#breadcrumb"},"inLanguage":"fr-FR","potentialAction":[{"@type":"ReadAction","target":["https:\/\/ozinzen.com\/blog\/asia-argento-menace-rose-mcgowan-de-poursuite-judiciaire-les-deux-principales-figures-du-mouvement-metoo-sont-fachees\/"]}]},{"@type":"ImageObject","inLanguage":"fr-FR","@id":"https:\/\/ozinzen.com\/blog\/asia-argento-menace-rose-mcgowan-de-poursuite-judiciaire-les-deux-principales-figures-du-mouvement-metoo-sont-fachees\/#primaryimage","url":"https:\/\/ozinzen.com\/blog\/wp-content\/uploads\/2018\/09\/Asia-Argento-Rose-McGowan.jpg","contentUrl":"https:\/\/ozinzen.com\/blog\/wp-content\/uploads\/2018\/09\/Asia-Argento-Rose-McGowan.jpg","width":474,"height":355,"caption":"Asia Argento Rose McGowan"},{"@type":"BreadcrumbList","@id":"https:\/\/ozinzen.com\/blog\/asia-argento-menace-rose-mcgowan-de-poursuite-judiciaire-les-deux-principales-figures-du-mouvement-metoo-sont-fachees\/#breadcrumb","itemListElement":[{"@type":"ListItem","position":1,"name":"Accueil","item":"https:\/\/ozinzen.com\/blog\/"},{"@type":"ListItem","position":2,"name":"Asia Argento menace Rose McGowan de poursuite judiciaire : les deux principales figures du mouvement #MeToo sont f\u00e2ch\u00e9es"}]},{"@type":"WebSite","@id":"https:\/\/ozinzen.com\/blog\/#website","url":"https:\/\/ozinzen.com\/blog\/","name":"Ozinzen","description":"Mode de vie et sant\u00e9","publisher":{"@id":"https:\/\/ozinzen.com\/blog\/#organization"},"potentialAction":[{"@type":"SearchAction","target":{"@type":"EntryPoint","urlTemplate":"https:\/\/ozinzen.com\/blog\/?s={search_term_string}"},"query-input":{"@type":"PropertyValueSpecification","valueRequired":true,"valueName":"search_term_string"}}],"inLanguage":"fr-FR"},{"@type":"Organization","@id":"https:\/\/ozinzen.com\/blog\/#organization","name":"Ozinzen","url":"https:\/\/ozinzen.com\/blog\/","logo":{"@type":"ImageObject","inLanguage":"fr-FR","@id":"https:\/\/ozinzen.com\/blog\/#\/schema\/logo\/image\/","url":"https:\/\/ozinzen.com\/blog\/wp-content\/uploads\/2023\/01\/ozinzen.png","contentUrl":"https:\/\/ozinzen.com\/blog\/wp-content\/uploads\/2023\/01\/ozinzen.png","width":64,"height":64,"caption":"Ozinzen"},"image":{"@id":"https:\/\/ozinzen.com\/blog\/#\/schema\/logo\/image\/"},"sameAs":["https:\/\/x.com\/ozinzen"]},{"@type":"Person","@id":"https:\/\/ozinzen.com\/blog\/#\/schema\/person\/c3f9b942ea7cfc90188ae840a2cf2fb1","name":"Marc Sigrist","image":{"@type":"ImageObject","inLanguage":"fr-FR","@id":"https:\/\/ozinzen.com\/blog\/#\/schema\/person\/image\/","url":"https:\/\/secure.gravatar.com\/avatar\/187f82243f15c243b39ac53fcbd3ac6ae072d40425f7b43c2878b6fb120dbb31?s=96&d=mm&r=g","contentUrl":"https:\/\/secure.gravatar.com\/avatar\/187f82243f15c243b39ac53fcbd3ac6ae072d40425f7b43c2878b6fb120dbb31?s=96&d=mm&r=g","caption":"Marc Sigrist"}}]}},"amp_enabled":true,"_links":{"self":[{"href":"https:\/\/ozinzen.com\/blog\/wp-json\/wp\/v2\/posts\/8941","targetHints":{"allow":["GET"]}}],"collection":[{"href":"https:\/\/ozinzen.com\/blog\/wp-json\/wp\/v2\/posts"}],"about":[{"href":"https:\/\/ozinzen.com\/blog\/wp-json\/wp\/v2\/types\/post"}],"author":[{"embeddable":true,"href":"https:\/\/ozinzen.com\/blog\/wp-json\/wp\/v2\/users\/2"}],"replies":[{"embeddable":true,"href":"https:\/\/ozinzen.com\/blog\/wp-json\/wp\/v2\/comments?post=8941"}],"version-history":[{"count":3,"href":"https:\/\/ozinzen.com\/blog\/wp-json\/wp\/v2\/posts\/8941\/revisions"}],"predecessor-version":[{"id":8945,"href":"https:\/\/ozinzen.com\/blog\/wp-json\/wp\/v2\/posts\/8941\/revisions\/8945"}],"wp:featuredmedia":[{"embeddable":true,"href":"https:\/\/ozinzen.com\/blog\/wp-json\/wp\/v2\/media\/8943"}],"wp:attachment":[{"href":"https:\/\/ozinzen.com\/blog\/wp-json\/wp\/v2\/media?parent=8941"}],"wp:term":[{"taxonomy":"category","embeddable":true,"href":"https:\/\/ozinzen.com\/blog\/wp-json\/wp\/v2\/categories?post=8941"},{"taxonomy":"post_tag","embeddable":true,"href":"https:\/\/ozinzen.com\/blog\/wp-json\/wp\/v2\/tags?post=8941"}],"curies":[{"name":"wp","href":"https:\/\/api.w.org\/{rel}","templated":true}]}}