{"id":9003,"date":"2018-10-03T18:33:31","date_gmt":"2018-10-03T16:33:31","guid":{"rendered":"https:\/\/ozinzen.com\/blog\/?p=9003"},"modified":"2018-10-09T20:25:44","modified_gmt":"2018-10-09T18:25:44","slug":"marc-olivier-fogiel-pere-de-deux-enfants-par-gpa-lensemble-ca-a-du-couter-environ-100-000-euros","status":"publish","type":"post","link":"https:\/\/ozinzen.com\/blog\/marc-olivier-fogiel-pere-de-deux-enfants-par-gpa-lensemble-ca-a-du-couter-environ-100-000-euros\/","title":{"rendered":"Marc-Olivier Fogiel, p\u00e8re de deux enfants par GPA : \u00ab L&rsquo;ensemble, \u00e7a a d\u00fb co\u00fbter environ 100 000 euros \u00bb"},"content":{"rendered":"<p><span style=\"color: #000000;\"><a style=\"color: #000000;\" href=\"https:\/\/ozinzen.com\/blog\/wp-content\/uploads\/2018\/10\/marc-olivier-fogiel.jpg\"><img loading=\"lazy\" decoding=\"async\" class=\"alignnone size-full wp-image-9004\" src=\"https:\/\/ozinzen.com\/blog\/wp-content\/uploads\/2018\/10\/marc-olivier-fogiel.jpg\" alt=\"Marc-Olivier Fogiel\" width=\"1260\" height=\"712\" srcset=\"https:\/\/ozinzen.com\/blog\/wp-content\/uploads\/2018\/10\/marc-olivier-fogiel.jpg 1260w, https:\/\/ozinzen.com\/blog\/wp-content\/uploads\/2018\/10\/marc-olivier-fogiel-300x170.jpg 300w, https:\/\/ozinzen.com\/blog\/wp-content\/uploads\/2018\/10\/marc-olivier-fogiel-768x434.jpg 768w, https:\/\/ozinzen.com\/blog\/wp-content\/uploads\/2018\/10\/marc-olivier-fogiel-1024x579.jpg 1024w\" sizes=\"auto, (max-width: 1260px) 100vw, 1260px\" \/><\/a><\/span><\/p>\n<p><span style=\"color: #000000;\">La volont\u00e9 du gouvernement d&rsquo;\u00e9largir l&rsquo;acc\u00e8s \u00e0 la procr\u00e9ation m\u00e9dicalement assist\u00e9e (PMA) \u00e0 toutes les femmes a suscit\u00e9 de vives r\u00e9actions, notamment dans les rangs de la Manif pour tous et chez certains catholiques. Apr\u00e8s la PMA, \u00ab\u00a0on aboutira \u00e0 la GPA\u00a0\u00bb, d\u00e9clare des opposants.<\/span><!--more--><\/p>\n<p><iframe loading=\"lazy\" src=\"https:\/\/www.youtube.com\/embed\/7TyN6r6dsPM\" width=\"560\" height=\"315\" frameborder=\"0\" allowfullscreen=\"allowfullscreen\"><\/iframe><\/p>\n<p><span style=\"color: #000000;\">C&rsquo;est dans ce contexte que Marc-Olivier Fogiel publie Qu&rsquo;est-ce qu&rsquo;elle a ma famille. Dans ce livre, l&rsquo;animateur de RTL Soir se confie sur la naissance de ses deux filles, Lily et Mila. Invit\u00e9 de l&rsquo;\u00e9mission Sept \u00e0 Huit sur TF1 dimanche 30 septembre, le journaliste a racont\u00e9 avec \u00e9motion comment il a r\u00e9ussi \u00e0 construire sa famille avec son compagnon, notamment en ayant recours \u00e0 la gestation pour autrui (GPA).<\/span><\/p>\n<p><span style=\"color: #000000;\">\u00ab\u00a0Si vous me demandez ce que je suis d&rsquo;abord, explique Marc-Olivier Fogiel dans un extrait de l&rsquo;interview, je suis d&rsquo;abord papa\u00a0\u00bb. Sans tabou, l&rsquo;animateur \u00e9voque le co\u00fbt des deux GPA qui ont eu lieu aux \u00c9tats-Unis : \u00ab\u00a0L&rsquo;ensemble, \u00e7a a d\u00fb co\u00fbter environ 100 000 euros. Mais l&rsquo;argent ne va \u00e9videmment pas \u00e0 la m\u00e8re porteuse ni \u00e0 la donneuse d&rsquo;ovocyte, mais c&rsquo;est pour l&rsquo;ensemble du processus\u00a0\u00bb, pr\u00e9cise-t-il. \u00ab\u00a0L&rsquo;histoire est extr\u00eamement simple. Mes filles savent comment elles sont n\u00e9es. Pleins de gens leur demandent, (l&rsquo;a\u00een\u00e9e) r\u00e9pond &lsquo;tu vois bien que j&rsquo;ai deux papas'\u00a0\u00bb, ajoute l&rsquo;animateur.<\/span><\/p>\n<p><span style=\"color: #000000;\">Surtout, Marc-Olivier Fogiel r\u00e9p\u00e8te son bonheur d&rsquo;\u00eatre le p\u00e8re des deux petites filles : \u00ab\u00a0Depuis qu&rsquo;elles sont n\u00e9es je pleure tous les jours. \u00c0 cause des \u00e9motions du quotidien. Avant, je ne pleurais pas beaucoup\u00a0\u00bb.<\/span><\/p>\n<p><span style=\"color: #000000;\">Dans un avis rendu mardi 25 septembre, le Comit\u00e9 d&rsquo;\u00e9thique (CCNE) a estim\u00e9 que la procr\u00e9ation m\u00e9dicalement assist\u00e9e (PMA) devait \u00eatre ouverte aux couples de femmes et aux femmes seules pour \u00ab\u00a0pallier une souffrance\u00a0\u00bb qui \u00ab\u00a0doit \u00eatre prise en compte\u00a0\u00bb. Une d\u00e9claration qui va dans le sens du gouvernement, lequel souhaite \u00ab\u00a0aller jusqu&rsquo;au bout\u00a0\u00bb sur ce qu&rsquo;il consid\u00e8re \u00eatre \u00ab\u00a0une mesure de justice\u00a0\u00bb.<\/span><\/p>\n<p><span style=\"color: #000000;\">La future mise en place de la GPA s\u2019inscrit dans le contexte plus large du d\u00e9veloppement d\u2019une m\u00e9decine \u00e0 deux vitesses, o\u00f9 les plus riches pourront acheter des m\u00e8res porteuses et avoir acc\u00e8s \u00e0 des soins co\u00fbteux, et du d\u00e9veloppement de la marchandisation du corps humain en raison de la globalisation de l\u2019\u00e9conomie. Par exemple, certaines femmes vivant dans des pays pauvres doivent vendre leurs cheveux pour survivre, leurs cheveux seront ensuite utilis\u00e9s par des femmes d\u2019autres pays afin d\u2019avoir des extensions.<\/span><\/p>\n","protected":false},"excerpt":{"rendered":"<p>La volont\u00e9 du gouvernement d&rsquo;\u00e9largir l&rsquo;acc\u00e8s \u00e0 la procr\u00e9ation m\u00e9dicalement assist\u00e9e (PMA) \u00e0 toutes les femmes a suscit\u00e9 de vives r\u00e9actions, notamment dans les rangs de la Manif pour tous et chez certains catholiques. Apr\u00e8s la PMA, \u00ab\u00a0on aboutira \u00e0 la GPA\u00a0\u00bb, d\u00e9clare des opposants.<\/p>\n","protected":false},"author":2,"featured_media":9004,"comment_status":"closed","ping_status":"closed","sticky":false,"template":"","format":"standard","meta":{"_genesis_hide_title":false,"_genesis_hide_breadcrumbs":false,"_genesis_hide_singular_image":false,"_genesis_hide_footer_widgets":false,"_genesis_custom_body_class":"","_genesis_custom_post_class":"","_genesis_layout":"","footnotes":""},"categories":[55],"tags":[],"class_list":{"0":"post-9003","1":"post","2":"type-post","3":"status-publish","4":"format-standard","5":"has-post-thumbnail","7":"category-societe","8":"entry"},"yoast_head":"<!-- This site is optimized with the Yoast SEO plugin v27.1.1 - https:\/\/yoast.com\/product\/yoast-seo-wordpress\/ -->\n<title>Marc-Olivier Fogiel, p\u00e8re de deux enfants par GPA : \u00ab L&#039;ensemble, \u00e7a a d\u00fb co\u00fbter environ 100 000 euros \u00bb - Ozinzen<\/title>\n<meta name=\"description\" content=\"La volont\u00e9 du gouvernement d&#039;\u00e9largir l&#039;acc\u00e8s \u00e0 la procr\u00e9ation m\u00e9dicalement assist\u00e9e (PMA) \u00e0 toutes les femmes a suscit\u00e9 de vives r\u00e9actions, notamment dans\" \/>\n<meta name=\"robots\" content=\"index, follow, max-snippet:-1, max-image-preview:large, max-video-preview:-1\" \/>\n<link rel=\"canonical\" href=\"https:\/\/ozinzen.com\/blog\/marc-olivier-fogiel-pere-de-deux-enfants-par-gpa-lensemble-ca-a-du-couter-environ-100-000-euros\/\" \/>\n<meta property=\"og:locale\" content=\"fr_FR\" \/>\n<meta property=\"og:type\" content=\"article\" \/>\n<meta property=\"og:title\" content=\"Marc-Olivier Fogiel, p\u00e8re de deux enfants par GPA : \u00ab L&#039;ensemble, \u00e7a a d\u00fb co\u00fbter environ 100 000 euros \u00bb - Ozinzen\" \/>\n<meta property=\"og:description\" content=\"La volont\u00e9 du gouvernement d&#039;\u00e9largir l&#039;acc\u00e8s \u00e0 la procr\u00e9ation m\u00e9dicalement assist\u00e9e (PMA) \u00e0 toutes les femmes a suscit\u00e9 de vives r\u00e9actions, notamment dans\" \/>\n<meta property=\"og:url\" content=\"https:\/\/ozinzen.com\/blog\/marc-olivier-fogiel-pere-de-deux-enfants-par-gpa-lensemble-ca-a-du-couter-environ-100-000-euros\/\" \/>\n<meta property=\"og:site_name\" content=\"Ozinzen\" \/>\n<meta property=\"article:published_time\" content=\"2018-10-03T16:33:31+00:00\" \/>\n<meta property=\"article:modified_time\" content=\"2018-10-09T18:25:44+00:00\" \/>\n<meta property=\"og:image\" content=\"https:\/\/ozinzen.com\/blog\/wp-content\/uploads\/2018\/10\/marc-olivier-fogiel.jpg\" \/>\n\t<meta property=\"og:image:width\" content=\"1260\" \/>\n\t<meta property=\"og:image:height\" content=\"712\" \/>\n\t<meta property=\"og:image:type\" content=\"image\/jpeg\" \/>\n<meta name=\"author\" content=\"Marc Sigrist\" \/>\n<meta name=\"twitter:card\" content=\"summary_large_image\" \/>\n<meta name=\"twitter:creator\" content=\"@ozinzen\" \/>\n<meta name=\"twitter:site\" content=\"@ozinzen\" \/>\n<meta name=\"twitter:label1\" content=\"\u00c9crit par\" \/>\n\t<meta name=\"twitter:data1\" content=\"Marc Sigrist\" \/>\n\t<meta name=\"twitter:label2\" content=\"Dur\u00e9e de lecture estim\u00e9e\" \/>\n\t<meta name=\"twitter:data2\" content=\"2 minutes\" \/>\n<script type=\"application\/ld+json\" class=\"yoast-schema-graph\">{\"@context\":\"https:\/\/schema.org\",\"@graph\":[{\"@type\":\"Article\",\"@id\":\"https:\/\/ozinzen.com\/blog\/marc-olivier-fogiel-pere-de-deux-enfants-par-gpa-lensemble-ca-a-du-couter-environ-100-000-euros\/#article\",\"isPartOf\":{\"@id\":\"https:\/\/ozinzen.com\/blog\/marc-olivier-fogiel-pere-de-deux-enfants-par-gpa-lensemble-ca-a-du-couter-environ-100-000-euros\/\"},\"author\":{\"name\":\"Marc Sigrist\",\"@id\":\"https:\/\/ozinzen.com\/blog\/#\/schema\/person\/c3f9b942ea7cfc90188ae840a2cf2fb1\"},\"headline\":\"Marc-Olivier Fogiel, p\u00e8re de deux enfants par GPA : \u00ab L&rsquo;ensemble, \u00e7a a d\u00fb co\u00fbter environ 100 000 euros \u00bb\",\"datePublished\":\"2018-10-03T16:33:31+00:00\",\"dateModified\":\"2018-10-09T18:25:44+00:00\",\"mainEntityOfPage\":{\"@id\":\"https:\/\/ozinzen.com\/blog\/marc-olivier-fogiel-pere-de-deux-enfants-par-gpa-lensemble-ca-a-du-couter-environ-100-000-euros\/\"},\"wordCount\":432,\"publisher\":{\"@id\":\"https:\/\/ozinzen.com\/blog\/#organization\"},\"image\":{\"@id\":\"https:\/\/ozinzen.com\/blog\/marc-olivier-fogiel-pere-de-deux-enfants-par-gpa-lensemble-ca-a-du-couter-environ-100-000-euros\/#primaryimage\"},\"thumbnailUrl\":\"https:\/\/ozinzen.com\/blog\/wp-content\/uploads\/2018\/10\/marc-olivier-fogiel.jpg\",\"articleSection\":[\"Soci\u00e9t\u00e9\"],\"inLanguage\":\"fr-FR\"},{\"@type\":\"WebPage\",\"@id\":\"https:\/\/ozinzen.com\/blog\/marc-olivier-fogiel-pere-de-deux-enfants-par-gpa-lensemble-ca-a-du-couter-environ-100-000-euros\/\",\"url\":\"https:\/\/ozinzen.com\/blog\/marc-olivier-fogiel-pere-de-deux-enfants-par-gpa-lensemble-ca-a-du-couter-environ-100-000-euros\/\",\"name\":\"Marc-Olivier Fogiel, p\u00e8re de deux enfants par GPA : \u00ab L'ensemble, \u00e7a a d\u00fb co\u00fbter environ 100 000 euros \u00bb - Ozinzen\",\"isPartOf\":{\"@id\":\"https:\/\/ozinzen.com\/blog\/#website\"},\"primaryImageOfPage\":{\"@id\":\"https:\/\/ozinzen.com\/blog\/marc-olivier-fogiel-pere-de-deux-enfants-par-gpa-lensemble-ca-a-du-couter-environ-100-000-euros\/#primaryimage\"},\"image\":{\"@id\":\"https:\/\/ozinzen.com\/blog\/marc-olivier-fogiel-pere-de-deux-enfants-par-gpa-lensemble-ca-a-du-couter-environ-100-000-euros\/#primaryimage\"},\"thumbnailUrl\":\"https:\/\/ozinzen.com\/blog\/wp-content\/uploads\/2018\/10\/marc-olivier-fogiel.jpg\",\"datePublished\":\"2018-10-03T16:33:31+00:00\",\"dateModified\":\"2018-10-09T18:25:44+00:00\",\"description\":\"La volont\u00e9 du gouvernement d'\u00e9largir l'acc\u00e8s \u00e0 la procr\u00e9ation m\u00e9dicalement assist\u00e9e (PMA) \u00e0 toutes les femmes a suscit\u00e9 de vives r\u00e9actions, notamment dans\",\"breadcrumb\":{\"@id\":\"https:\/\/ozinzen.com\/blog\/marc-olivier-fogiel-pere-de-deux-enfants-par-gpa-lensemble-ca-a-du-couter-environ-100-000-euros\/#breadcrumb\"},\"inLanguage\":\"fr-FR\",\"potentialAction\":[{\"@type\":\"ReadAction\",\"target\":[\"https:\/\/ozinzen.com\/blog\/marc-olivier-fogiel-pere-de-deux-enfants-par-gpa-lensemble-ca-a-du-couter-environ-100-000-euros\/\"]}]},{\"@type\":\"ImageObject\",\"inLanguage\":\"fr-FR\",\"@id\":\"https:\/\/ozinzen.com\/blog\/marc-olivier-fogiel-pere-de-deux-enfants-par-gpa-lensemble-ca-a-du-couter-environ-100-000-euros\/#primaryimage\",\"url\":\"https:\/\/ozinzen.com\/blog\/wp-content\/uploads\/2018\/10\/marc-olivier-fogiel.jpg\",\"contentUrl\":\"https:\/\/ozinzen.com\/blog\/wp-content\/uploads\/2018\/10\/marc-olivier-fogiel.jpg\",\"width\":1260,\"height\":712,\"caption\":\"Marc-Olivier Fogiel\"},{\"@type\":\"BreadcrumbList\",\"@id\":\"https:\/\/ozinzen.com\/blog\/marc-olivier-fogiel-pere-de-deux-enfants-par-gpa-lensemble-ca-a-du-couter-environ-100-000-euros\/#breadcrumb\",\"itemListElement\":[{\"@type\":\"ListItem\",\"position\":1,\"name\":\"Accueil\",\"item\":\"https:\/\/ozinzen.com\/blog\/\"},{\"@type\":\"ListItem\",\"position\":2,\"name\":\"Marc-Olivier Fogiel, p\u00e8re de deux enfants par GPA : \u00ab L&#8217;ensemble, \u00e7a a d\u00fb co\u00fbter environ 100 000 euros \u00bb\"}]},{\"@type\":\"WebSite\",\"@id\":\"https:\/\/ozinzen.com\/blog\/#website\",\"url\":\"https:\/\/ozinzen.com\/blog\/\",\"name\":\"Ozinzen\",\"description\":\"Mode de vie et sant\u00e9\",\"publisher\":{\"@id\":\"https:\/\/ozinzen.com\/blog\/#organization\"},\"potentialAction\":[{\"@type\":\"SearchAction\",\"target\":{\"@type\":\"EntryPoint\",\"urlTemplate\":\"https:\/\/ozinzen.com\/blog\/?s={search_term_string}\"},\"query-input\":{\"@type\":\"PropertyValueSpecification\",\"valueRequired\":true,\"valueName\":\"search_term_string\"}}],\"inLanguage\":\"fr-FR\"},{\"@type\":\"Organization\",\"@id\":\"https:\/\/ozinzen.com\/blog\/#organization\",\"name\":\"Ozinzen\",\"url\":\"https:\/\/ozinzen.com\/blog\/\",\"logo\":{\"@type\":\"ImageObject\",\"inLanguage\":\"fr-FR\",\"@id\":\"https:\/\/ozinzen.com\/blog\/#\/schema\/logo\/image\/\",\"url\":\"https:\/\/ozinzen.com\/blog\/wp-content\/uploads\/2023\/01\/ozinzen.png\",\"contentUrl\":\"https:\/\/ozinzen.com\/blog\/wp-content\/uploads\/2023\/01\/ozinzen.png\",\"width\":64,\"height\":64,\"caption\":\"Ozinzen\"},\"image\":{\"@id\":\"https:\/\/ozinzen.com\/blog\/#\/schema\/logo\/image\/\"},\"sameAs\":[\"https:\/\/x.com\/ozinzen\"]},{\"@type\":\"Person\",\"@id\":\"https:\/\/ozinzen.com\/blog\/#\/schema\/person\/c3f9b942ea7cfc90188ae840a2cf2fb1\",\"name\":\"Marc Sigrist\",\"image\":{\"@type\":\"ImageObject\",\"inLanguage\":\"fr-FR\",\"@id\":\"https:\/\/ozinzen.com\/blog\/#\/schema\/person\/image\/\",\"url\":\"https:\/\/secure.gravatar.com\/avatar\/187f82243f15c243b39ac53fcbd3ac6ae072d40425f7b43c2878b6fb120dbb31?s=96&d=mm&r=g\",\"contentUrl\":\"https:\/\/secure.gravatar.com\/avatar\/187f82243f15c243b39ac53fcbd3ac6ae072d40425f7b43c2878b6fb120dbb31?s=96&d=mm&r=g\",\"caption\":\"Marc Sigrist\"}}]}<\/script>\n<!-- \/ Yoast SEO plugin. -->","yoast_head_json":{"title":"Marc-Olivier Fogiel, p\u00e8re de deux enfants par GPA : \u00ab L'ensemble, \u00e7a a d\u00fb co\u00fbter environ 100 000 euros \u00bb - Ozinzen","description":"La volont\u00e9 du gouvernement d'\u00e9largir l'acc\u00e8s \u00e0 la procr\u00e9ation m\u00e9dicalement assist\u00e9e (PMA) \u00e0 toutes les femmes a suscit\u00e9 de vives r\u00e9actions, notamment dans","robots":{"index":"index","follow":"follow","max-snippet":"max-snippet:-1","max-image-preview":"max-image-preview:large","max-video-preview":"max-video-preview:-1"},"canonical":"https:\/\/ozinzen.com\/blog\/marc-olivier-fogiel-pere-de-deux-enfants-par-gpa-lensemble-ca-a-du-couter-environ-100-000-euros\/","og_locale":"fr_FR","og_type":"article","og_title":"Marc-Olivier Fogiel, p\u00e8re de deux enfants par GPA : \u00ab L'ensemble, \u00e7a a d\u00fb co\u00fbter environ 100 000 euros \u00bb - Ozinzen","og_description":"La volont\u00e9 du gouvernement d'\u00e9largir l'acc\u00e8s \u00e0 la procr\u00e9ation m\u00e9dicalement assist\u00e9e (PMA) \u00e0 toutes les femmes a suscit\u00e9 de vives r\u00e9actions, notamment dans","og_url":"https:\/\/ozinzen.com\/blog\/marc-olivier-fogiel-pere-de-deux-enfants-par-gpa-lensemble-ca-a-du-couter-environ-100-000-euros\/","og_site_name":"Ozinzen","article_published_time":"2018-10-03T16:33:31+00:00","article_modified_time":"2018-10-09T18:25:44+00:00","og_image":[{"width":1260,"height":712,"url":"https:\/\/ozinzen.com\/blog\/wp-content\/uploads\/2018\/10\/marc-olivier-fogiel.jpg","type":"image\/jpeg"}],"author":"Marc Sigrist","twitter_card":"summary_large_image","twitter_creator":"@ozinzen","twitter_site":"@ozinzen","twitter_misc":{"\u00c9crit par":"Marc Sigrist","Dur\u00e9e de lecture estim\u00e9e":"2 minutes"},"schema":{"@context":"https:\/\/schema.org","@graph":[{"@type":"Article","@id":"https:\/\/ozinzen.com\/blog\/marc-olivier-fogiel-pere-de-deux-enfants-par-gpa-lensemble-ca-a-du-couter-environ-100-000-euros\/#article","isPartOf":{"@id":"https:\/\/ozinzen.com\/blog\/marc-olivier-fogiel-pere-de-deux-enfants-par-gpa-lensemble-ca-a-du-couter-environ-100-000-euros\/"},"author":{"name":"Marc Sigrist","@id":"https:\/\/ozinzen.com\/blog\/#\/schema\/person\/c3f9b942ea7cfc90188ae840a2cf2fb1"},"headline":"Marc-Olivier Fogiel, p\u00e8re de deux enfants par GPA : \u00ab L&rsquo;ensemble, \u00e7a a d\u00fb co\u00fbter environ 100 000 euros \u00bb","datePublished":"2018-10-03T16:33:31+00:00","dateModified":"2018-10-09T18:25:44+00:00","mainEntityOfPage":{"@id":"https:\/\/ozinzen.com\/blog\/marc-olivier-fogiel-pere-de-deux-enfants-par-gpa-lensemble-ca-a-du-couter-environ-100-000-euros\/"},"wordCount":432,"publisher":{"@id":"https:\/\/ozinzen.com\/blog\/#organization"},"image":{"@id":"https:\/\/ozinzen.com\/blog\/marc-olivier-fogiel-pere-de-deux-enfants-par-gpa-lensemble-ca-a-du-couter-environ-100-000-euros\/#primaryimage"},"thumbnailUrl":"https:\/\/ozinzen.com\/blog\/wp-content\/uploads\/2018\/10\/marc-olivier-fogiel.jpg","articleSection":["Soci\u00e9t\u00e9"],"inLanguage":"fr-FR"},{"@type":"WebPage","@id":"https:\/\/ozinzen.com\/blog\/marc-olivier-fogiel-pere-de-deux-enfants-par-gpa-lensemble-ca-a-du-couter-environ-100-000-euros\/","url":"https:\/\/ozinzen.com\/blog\/marc-olivier-fogiel-pere-de-deux-enfants-par-gpa-lensemble-ca-a-du-couter-environ-100-000-euros\/","name":"Marc-Olivier Fogiel, p\u00e8re de deux enfants par GPA : \u00ab L'ensemble, \u00e7a a d\u00fb co\u00fbter environ 100 000 euros \u00bb - Ozinzen","isPartOf":{"@id":"https:\/\/ozinzen.com\/blog\/#website"},"primaryImageOfPage":{"@id":"https:\/\/ozinzen.com\/blog\/marc-olivier-fogiel-pere-de-deux-enfants-par-gpa-lensemble-ca-a-du-couter-environ-100-000-euros\/#primaryimage"},"image":{"@id":"https:\/\/ozinzen.com\/blog\/marc-olivier-fogiel-pere-de-deux-enfants-par-gpa-lensemble-ca-a-du-couter-environ-100-000-euros\/#primaryimage"},"thumbnailUrl":"https:\/\/ozinzen.com\/blog\/wp-content\/uploads\/2018\/10\/marc-olivier-fogiel.jpg","datePublished":"2018-10-03T16:33:31+00:00","dateModified":"2018-10-09T18:25:44+00:00","description":"La volont\u00e9 du gouvernement d'\u00e9largir l'acc\u00e8s \u00e0 la procr\u00e9ation m\u00e9dicalement assist\u00e9e (PMA) \u00e0 toutes les femmes a suscit\u00e9 de vives r\u00e9actions, notamment dans","breadcrumb":{"@id":"https:\/\/ozinzen.com\/blog\/marc-olivier-fogiel-pere-de-deux-enfants-par-gpa-lensemble-ca-a-du-couter-environ-100-000-euros\/#breadcrumb"},"inLanguage":"fr-FR","potentialAction":[{"@type":"ReadAction","target":["https:\/\/ozinzen.com\/blog\/marc-olivier-fogiel-pere-de-deux-enfants-par-gpa-lensemble-ca-a-du-couter-environ-100-000-euros\/"]}]},{"@type":"ImageObject","inLanguage":"fr-FR","@id":"https:\/\/ozinzen.com\/blog\/marc-olivier-fogiel-pere-de-deux-enfants-par-gpa-lensemble-ca-a-du-couter-environ-100-000-euros\/#primaryimage","url":"https:\/\/ozinzen.com\/blog\/wp-content\/uploads\/2018\/10\/marc-olivier-fogiel.jpg","contentUrl":"https:\/\/ozinzen.com\/blog\/wp-content\/uploads\/2018\/10\/marc-olivier-fogiel.jpg","width":1260,"height":712,"caption":"Marc-Olivier Fogiel"},{"@type":"BreadcrumbList","@id":"https:\/\/ozinzen.com\/blog\/marc-olivier-fogiel-pere-de-deux-enfants-par-gpa-lensemble-ca-a-du-couter-environ-100-000-euros\/#breadcrumb","itemListElement":[{"@type":"ListItem","position":1,"name":"Accueil","item":"https:\/\/ozinzen.com\/blog\/"},{"@type":"ListItem","position":2,"name":"Marc-Olivier Fogiel, p\u00e8re de deux enfants par GPA : \u00ab L&#8217;ensemble, \u00e7a a d\u00fb co\u00fbter environ 100 000 euros \u00bb"}]},{"@type":"WebSite","@id":"https:\/\/ozinzen.com\/blog\/#website","url":"https:\/\/ozinzen.com\/blog\/","name":"Ozinzen","description":"Mode de vie et sant\u00e9","publisher":{"@id":"https:\/\/ozinzen.com\/blog\/#organization"},"potentialAction":[{"@type":"SearchAction","target":{"@type":"EntryPoint","urlTemplate":"https:\/\/ozinzen.com\/blog\/?s={search_term_string}"},"query-input":{"@type":"PropertyValueSpecification","valueRequired":true,"valueName":"search_term_string"}}],"inLanguage":"fr-FR"},{"@type":"Organization","@id":"https:\/\/ozinzen.com\/blog\/#organization","name":"Ozinzen","url":"https:\/\/ozinzen.com\/blog\/","logo":{"@type":"ImageObject","inLanguage":"fr-FR","@id":"https:\/\/ozinzen.com\/blog\/#\/schema\/logo\/image\/","url":"https:\/\/ozinzen.com\/blog\/wp-content\/uploads\/2023\/01\/ozinzen.png","contentUrl":"https:\/\/ozinzen.com\/blog\/wp-content\/uploads\/2023\/01\/ozinzen.png","width":64,"height":64,"caption":"Ozinzen"},"image":{"@id":"https:\/\/ozinzen.com\/blog\/#\/schema\/logo\/image\/"},"sameAs":["https:\/\/x.com\/ozinzen"]},{"@type":"Person","@id":"https:\/\/ozinzen.com\/blog\/#\/schema\/person\/c3f9b942ea7cfc90188ae840a2cf2fb1","name":"Marc Sigrist","image":{"@type":"ImageObject","inLanguage":"fr-FR","@id":"https:\/\/ozinzen.com\/blog\/#\/schema\/person\/image\/","url":"https:\/\/secure.gravatar.com\/avatar\/187f82243f15c243b39ac53fcbd3ac6ae072d40425f7b43c2878b6fb120dbb31?s=96&d=mm&r=g","contentUrl":"https:\/\/secure.gravatar.com\/avatar\/187f82243f15c243b39ac53fcbd3ac6ae072d40425f7b43c2878b6fb120dbb31?s=96&d=mm&r=g","caption":"Marc Sigrist"}}]}},"amp_enabled":true,"_links":{"self":[{"href":"https:\/\/ozinzen.com\/blog\/wp-json\/wp\/v2\/posts\/9003","targetHints":{"allow":["GET"]}}],"collection":[{"href":"https:\/\/ozinzen.com\/blog\/wp-json\/wp\/v2\/posts"}],"about":[{"href":"https:\/\/ozinzen.com\/blog\/wp-json\/wp\/v2\/types\/post"}],"author":[{"embeddable":true,"href":"https:\/\/ozinzen.com\/blog\/wp-json\/wp\/v2\/users\/2"}],"replies":[{"embeddable":true,"href":"https:\/\/ozinzen.com\/blog\/wp-json\/wp\/v2\/comments?post=9003"}],"version-history":[{"count":6,"href":"https:\/\/ozinzen.com\/blog\/wp-json\/wp\/v2\/posts\/9003\/revisions"}],"predecessor-version":[{"id":9034,"href":"https:\/\/ozinzen.com\/blog\/wp-json\/wp\/v2\/posts\/9003\/revisions\/9034"}],"wp:featuredmedia":[{"embeddable":true,"href":"https:\/\/ozinzen.com\/blog\/wp-json\/wp\/v2\/media\/9004"}],"wp:attachment":[{"href":"https:\/\/ozinzen.com\/blog\/wp-json\/wp\/v2\/media?parent=9003"}],"wp:term":[{"taxonomy":"category","embeddable":true,"href":"https:\/\/ozinzen.com\/blog\/wp-json\/wp\/v2\/categories?post=9003"},{"taxonomy":"post_tag","embeddable":true,"href":"https:\/\/ozinzen.com\/blog\/wp-json\/wp\/v2\/tags?post=9003"}],"curies":[{"name":"wp","href":"https:\/\/api.w.org\/{rel}","templated":true}]}}