{"id":9937,"date":"2019-07-04T16:14:38","date_gmt":"2019-07-04T14:14:38","guid":{"rendered":"https:\/\/ozinzen.com\/blog\/?p=9937"},"modified":"2019-07-04T16:17:26","modified_gmt":"2019-07-04T14:17:26","slug":"bella-thorne-ancienne-enfant-star-de-disney-jai-ete-agressee-sexuellement-de-6-a-14-ans-tout-le-monde-autour-de-moi-la-vu-et-na-rien-fait","status":"publish","type":"post","link":"https:\/\/ozinzen.com\/blog\/bella-thorne-ancienne-enfant-star-de-disney-jai-ete-agressee-sexuellement-de-6-a-14-ans-tout-le-monde-autour-de-moi-la-vu-et-na-rien-fait\/","title":{"rendered":"Bella Thorne, ancienne enfant star de Disney : \u00ab\u00a0j&rsquo;ai \u00e9t\u00e9 agress\u00e9e sexuellement de 6 \u00e0 14 ans, tout le monde autour de moi l\u2019a vu et n&rsquo;a rien fait\u00a0\u00bb"},"content":{"rendered":"\n<figure class=\"wp-block-image\"><img loading=\"lazy\" decoding=\"async\" width=\"474\" height=\"276\" src=\"https:\/\/ozinzen.com\/blog\/wp-content\/uploads\/2019\/07\/bella-thorne.jpeg\" alt=\"\" class=\"wp-image-9938\" srcset=\"https:\/\/ozinzen.com\/blog\/wp-content\/uploads\/2019\/07\/bella-thorne.jpeg 474w, https:\/\/ozinzen.com\/blog\/wp-content\/uploads\/2019\/07\/bella-thorne-300x175.jpeg 300w\" sizes=\"auto, (max-width: 474px) 100vw, 474px\" \/><\/figure>\n\n\n\n<p><strong>Bella Thorne<\/strong>, ancienne vedette de Disney, affirme qu&rsquo;elle a \u00e9t\u00e9 agress\u00e9e sexuellement et maltrait\u00e9e physiquement pendant ses ann\u00e9es d&rsquo;enfant-actrice, et ceux qui l&rsquo;entouraient n&rsquo;ont rien fait pour la d\u00e9fendre.<\/p>\n\n\n\n<!--more-->\n\n\n\n<p>L&rsquo;ancienne actrice de <strong>Shake it Up<\/strong> a fait des d\u00e9clarations explosives lors d&rsquo;un entretien sur la cha\u00eene BUILD, parlant de son nouveau livre <strong>The Life of a Wannabe Mogul: Mental Disarray<\/strong> et de sa transition d&rsquo;une enfant star de Disney \u00e0 une actrice adulte.<\/p>\n\n\n\n<p>\u00ab\u00a0Se faire\nagresser sexuellement \u00e0 partir de l&rsquo;\u00e2ge de six ans et jusqu&rsquo;\u00e0\nl&rsquo;\u00e2ge de quatorze ans, est une terrible situation \u00ab\u00a0, a d\u00e9clar\u00e9\nl&rsquo;actrice. \u00ab\u00a0Tu es tout le temps maltrait\u00e9e physiquement. C&rsquo;est\nplus difficile que d&rsquo;avoir des paparazzi qui te suivent depuis que tu\nas 12 ans.\u00a0\u00bb<\/p>\n\n\n\n<p>Thorne, qui n&rsquo;a pas donn\u00e9 le nom de ses agresseurs, a dit qu&rsquo;il \u00e9tait difficile de supporter les paparazzi qui la suivaient constamment, alors qu&rsquo;elle \u00e9tait victime de violence physique \u00e0 l&rsquo;\u00e9poque.<\/p>\n\n\n\n<p>\u00ab\u00a0J&rsquo;\u00e9tais encore agress\u00e9e quand les paparazzi me suivaient\u00a0\u00bb poursuit-elle, disant qu&rsquo;il \u00e9tait difficile de voir les gens autour d&rsquo;elle voir ce qui se passait et ne rien faire \u00e0 ce sujet. \u00ab\u00a0C&rsquo;est donc assez difficile dans mon esprit de penser \u00e0 mes photos dans les magazines, et tout le monde pensant me conna\u00eetre et parler de moi, mais n&rsquo;ayant aucune id\u00e9e du type de mauvais traitements que je subissais encore \u00e0 l&rsquo;\u00e9poque \u2013 alors que tout le monde autour de moi l&rsquo;a vu et n&rsquo;a rien fait\u00a0\u00bb.<\/p>\n\n\n\n<figure class=\"wp-block-embed-youtube wp-block-embed is-type-video is-provider-youtube wp-embed-aspect-16-9 wp-has-aspect-ratio\"><div class=\"wp-block-embed__wrapper\">\n<iframe loading=\"lazy\" title=\"Bella Thorne Speaks On Her Book, &quot;The Life of a Wannabe Mogul: A Mental Disarray&quot;\" width=\"500\" height=\"281\" src=\"https:\/\/www.youtube.com\/embed\/O5BYwCiBIBE?feature=oembed\" frameborder=\"0\" allow=\"accelerometer; autoplay; clipboard-write; encrypted-media; gyroscope; picture-in-picture; web-share\" referrerpolicy=\"strict-origin-when-cross-origin\" allowfullscreen><\/iframe>\n<\/div><\/figure>\n","protected":false},"excerpt":{"rendered":"<p>Bella Thorne, ancienne vedette de Disney, affirme qu&rsquo;elle a \u00e9t\u00e9 agress\u00e9e sexuellement et maltrait\u00e9e physiquement pendant ses ann\u00e9es d&rsquo;enfant-actrice, et ceux qui l&rsquo;entouraient n&rsquo;ont rien fait pour la d\u00e9fendre.<\/p>\n","protected":false},"author":2,"featured_media":9938,"comment_status":"closed","ping_status":"closed","sticky":false,"template":"","format":"standard","meta":{"_genesis_hide_title":false,"_genesis_hide_breadcrumbs":false,"_genesis_hide_singular_image":false,"_genesis_hide_footer_widgets":false,"_genesis_custom_body_class":"","_genesis_custom_post_class":"","_genesis_layout":"","footnotes":""},"categories":[55],"tags":[],"class_list":{"0":"post-9937","1":"post","2":"type-post","3":"status-publish","4":"format-standard","5":"has-post-thumbnail","7":"category-societe","8":"entry"},"yoast_head":"<!-- This site is optimized with the Yoast SEO plugin v27.1.1 - https:\/\/yoast.com\/product\/yoast-seo-wordpress\/ -->\n<title>Bella Thorne, ancienne enfant star de Disney : &quot;j&#039;ai \u00e9t\u00e9 agress\u00e9e sexuellement de 6 \u00e0 14 ans, tout le monde autour de moi l\u2019a vu et n&#039;a rien fait&quot; - Ozinzen<\/title>\n<meta name=\"description\" content=\"Bella Thorne, ancienne vedette de Disney, affirme qu&#039;elle a \u00e9t\u00e9 agress\u00e9e sexuellement et maltrait\u00e9e physiquement pendant ses ann\u00e9es d&#039;enfant-actrice, et\" \/>\n<meta name=\"robots\" content=\"index, follow, max-snippet:-1, max-image-preview:large, max-video-preview:-1\" \/>\n<link rel=\"canonical\" href=\"https:\/\/ozinzen.com\/blog\/bella-thorne-ancienne-enfant-star-de-disney-jai-ete-agressee-sexuellement-de-6-a-14-ans-tout-le-monde-autour-de-moi-la-vu-et-na-rien-fait\/\" \/>\n<meta property=\"og:locale\" content=\"fr_FR\" \/>\n<meta property=\"og:type\" content=\"article\" \/>\n<meta property=\"og:title\" content=\"Bella Thorne, ancienne enfant star de Disney : &quot;j&#039;ai \u00e9t\u00e9 agress\u00e9e sexuellement de 6 \u00e0 14 ans, tout le monde autour de moi l\u2019a vu et n&#039;a rien fait&quot; - Ozinzen\" \/>\n<meta property=\"og:description\" content=\"Bella Thorne, ancienne vedette de Disney, affirme qu&#039;elle a \u00e9t\u00e9 agress\u00e9e sexuellement et maltrait\u00e9e physiquement pendant ses ann\u00e9es d&#039;enfant-actrice, et\" \/>\n<meta property=\"og:url\" content=\"https:\/\/ozinzen.com\/blog\/bella-thorne-ancienne-enfant-star-de-disney-jai-ete-agressee-sexuellement-de-6-a-14-ans-tout-le-monde-autour-de-moi-la-vu-et-na-rien-fait\/\" \/>\n<meta property=\"og:site_name\" content=\"Ozinzen\" \/>\n<meta property=\"article:published_time\" content=\"2019-07-04T14:14:38+00:00\" \/>\n<meta property=\"article:modified_time\" content=\"2019-07-04T14:17:26+00:00\" \/>\n<meta property=\"og:image\" content=\"https:\/\/ozinzen.com\/blog\/wp-content\/uploads\/2019\/07\/bella-thorne.jpeg\" \/>\n\t<meta property=\"og:image:width\" content=\"474\" \/>\n\t<meta property=\"og:image:height\" content=\"276\" \/>\n\t<meta property=\"og:image:type\" content=\"image\/jpeg\" \/>\n<meta name=\"author\" content=\"Marc Sigrist\" \/>\n<meta name=\"twitter:card\" content=\"summary_large_image\" \/>\n<meta name=\"twitter:creator\" content=\"@ozinzen\" \/>\n<meta name=\"twitter:site\" content=\"@ozinzen\" \/>\n<meta name=\"twitter:label1\" content=\"\u00c9crit par\" \/>\n\t<meta name=\"twitter:data1\" content=\"Marc Sigrist\" \/>\n\t<meta name=\"twitter:label2\" content=\"Dur\u00e9e de lecture estim\u00e9e\" \/>\n\t<meta name=\"twitter:data2\" content=\"1 minute\" \/>\n<script type=\"application\/ld+json\" class=\"yoast-schema-graph\">{\"@context\":\"https:\/\/schema.org\",\"@graph\":[{\"@type\":\"Article\",\"@id\":\"https:\/\/ozinzen.com\/blog\/bella-thorne-ancienne-enfant-star-de-disney-jai-ete-agressee-sexuellement-de-6-a-14-ans-tout-le-monde-autour-de-moi-la-vu-et-na-rien-fait\/#article\",\"isPartOf\":{\"@id\":\"https:\/\/ozinzen.com\/blog\/bella-thorne-ancienne-enfant-star-de-disney-jai-ete-agressee-sexuellement-de-6-a-14-ans-tout-le-monde-autour-de-moi-la-vu-et-na-rien-fait\/\"},\"author\":{\"name\":\"Marc Sigrist\",\"@id\":\"https:\/\/ozinzen.com\/blog\/#\/schema\/person\/c3f9b942ea7cfc90188ae840a2cf2fb1\"},\"headline\":\"Bella Thorne, ancienne enfant star de Disney : \u00ab\u00a0j&rsquo;ai \u00e9t\u00e9 agress\u00e9e sexuellement de 6 \u00e0 14 ans, tout le monde autour de moi l\u2019a vu et n&rsquo;a rien fait\u00a0\u00bb\",\"datePublished\":\"2019-07-04T14:14:38+00:00\",\"dateModified\":\"2019-07-04T14:17:26+00:00\",\"mainEntityOfPage\":{\"@id\":\"https:\/\/ozinzen.com\/blog\/bella-thorne-ancienne-enfant-star-de-disney-jai-ete-agressee-sexuellement-de-6-a-14-ans-tout-le-monde-autour-de-moi-la-vu-et-na-rien-fait\/\"},\"wordCount\":279,\"publisher\":{\"@id\":\"https:\/\/ozinzen.com\/blog\/#organization\"},\"image\":{\"@id\":\"https:\/\/ozinzen.com\/blog\/bella-thorne-ancienne-enfant-star-de-disney-jai-ete-agressee-sexuellement-de-6-a-14-ans-tout-le-monde-autour-de-moi-la-vu-et-na-rien-fait\/#primaryimage\"},\"thumbnailUrl\":\"https:\/\/ozinzen.com\/blog\/wp-content\/uploads\/2019\/07\/bella-thorne.jpeg\",\"articleSection\":[\"Soci\u00e9t\u00e9\"],\"inLanguage\":\"fr-FR\"},{\"@type\":\"WebPage\",\"@id\":\"https:\/\/ozinzen.com\/blog\/bella-thorne-ancienne-enfant-star-de-disney-jai-ete-agressee-sexuellement-de-6-a-14-ans-tout-le-monde-autour-de-moi-la-vu-et-na-rien-fait\/\",\"url\":\"https:\/\/ozinzen.com\/blog\/bella-thorne-ancienne-enfant-star-de-disney-jai-ete-agressee-sexuellement-de-6-a-14-ans-tout-le-monde-autour-de-moi-la-vu-et-na-rien-fait\/\",\"name\":\"Bella Thorne, ancienne enfant star de Disney : \\\"j'ai \u00e9t\u00e9 agress\u00e9e sexuellement de 6 \u00e0 14 ans, tout le monde autour de moi l\u2019a vu et n'a rien fait\\\" - Ozinzen\",\"isPartOf\":{\"@id\":\"https:\/\/ozinzen.com\/blog\/#website\"},\"primaryImageOfPage\":{\"@id\":\"https:\/\/ozinzen.com\/blog\/bella-thorne-ancienne-enfant-star-de-disney-jai-ete-agressee-sexuellement-de-6-a-14-ans-tout-le-monde-autour-de-moi-la-vu-et-na-rien-fait\/#primaryimage\"},\"image\":{\"@id\":\"https:\/\/ozinzen.com\/blog\/bella-thorne-ancienne-enfant-star-de-disney-jai-ete-agressee-sexuellement-de-6-a-14-ans-tout-le-monde-autour-de-moi-la-vu-et-na-rien-fait\/#primaryimage\"},\"thumbnailUrl\":\"https:\/\/ozinzen.com\/blog\/wp-content\/uploads\/2019\/07\/bella-thorne.jpeg\",\"datePublished\":\"2019-07-04T14:14:38+00:00\",\"dateModified\":\"2019-07-04T14:17:26+00:00\",\"description\":\"Bella Thorne, ancienne vedette de Disney, affirme qu'elle a \u00e9t\u00e9 agress\u00e9e sexuellement et maltrait\u00e9e physiquement pendant ses ann\u00e9es d'enfant-actrice, et\",\"breadcrumb\":{\"@id\":\"https:\/\/ozinzen.com\/blog\/bella-thorne-ancienne-enfant-star-de-disney-jai-ete-agressee-sexuellement-de-6-a-14-ans-tout-le-monde-autour-de-moi-la-vu-et-na-rien-fait\/#breadcrumb\"},\"inLanguage\":\"fr-FR\",\"potentialAction\":[{\"@type\":\"ReadAction\",\"target\":[\"https:\/\/ozinzen.com\/blog\/bella-thorne-ancienne-enfant-star-de-disney-jai-ete-agressee-sexuellement-de-6-a-14-ans-tout-le-monde-autour-de-moi-la-vu-et-na-rien-fait\/\"]}]},{\"@type\":\"ImageObject\",\"inLanguage\":\"fr-FR\",\"@id\":\"https:\/\/ozinzen.com\/blog\/bella-thorne-ancienne-enfant-star-de-disney-jai-ete-agressee-sexuellement-de-6-a-14-ans-tout-le-monde-autour-de-moi-la-vu-et-na-rien-fait\/#primaryimage\",\"url\":\"https:\/\/ozinzen.com\/blog\/wp-content\/uploads\/2019\/07\/bella-thorne.jpeg\",\"contentUrl\":\"https:\/\/ozinzen.com\/blog\/wp-content\/uploads\/2019\/07\/bella-thorne.jpeg\",\"width\":474,\"height\":276},{\"@type\":\"BreadcrumbList\",\"@id\":\"https:\/\/ozinzen.com\/blog\/bella-thorne-ancienne-enfant-star-de-disney-jai-ete-agressee-sexuellement-de-6-a-14-ans-tout-le-monde-autour-de-moi-la-vu-et-na-rien-fait\/#breadcrumb\",\"itemListElement\":[{\"@type\":\"ListItem\",\"position\":1,\"name\":\"Accueil\",\"item\":\"https:\/\/ozinzen.com\/blog\/\"},{\"@type\":\"ListItem\",\"position\":2,\"name\":\"Bella Thorne, ancienne enfant star de Disney : &#8220;j&#8217;ai \u00e9t\u00e9 agress\u00e9e sexuellement de 6 \u00e0 14 ans, tout le monde autour de moi l\u2019a vu et n&#8217;a rien fait&#8221;\"}]},{\"@type\":\"WebSite\",\"@id\":\"https:\/\/ozinzen.com\/blog\/#website\",\"url\":\"https:\/\/ozinzen.com\/blog\/\",\"name\":\"Ozinzen\",\"description\":\"Mode de vie et sant\u00e9\",\"publisher\":{\"@id\":\"https:\/\/ozinzen.com\/blog\/#organization\"},\"potentialAction\":[{\"@type\":\"SearchAction\",\"target\":{\"@type\":\"EntryPoint\",\"urlTemplate\":\"https:\/\/ozinzen.com\/blog\/?s={search_term_string}\"},\"query-input\":{\"@type\":\"PropertyValueSpecification\",\"valueRequired\":true,\"valueName\":\"search_term_string\"}}],\"inLanguage\":\"fr-FR\"},{\"@type\":\"Organization\",\"@id\":\"https:\/\/ozinzen.com\/blog\/#organization\",\"name\":\"Ozinzen\",\"url\":\"https:\/\/ozinzen.com\/blog\/\",\"logo\":{\"@type\":\"ImageObject\",\"inLanguage\":\"fr-FR\",\"@id\":\"https:\/\/ozinzen.com\/blog\/#\/schema\/logo\/image\/\",\"url\":\"https:\/\/ozinzen.com\/blog\/wp-content\/uploads\/2023\/01\/ozinzen.png\",\"contentUrl\":\"https:\/\/ozinzen.com\/blog\/wp-content\/uploads\/2023\/01\/ozinzen.png\",\"width\":64,\"height\":64,\"caption\":\"Ozinzen\"},\"image\":{\"@id\":\"https:\/\/ozinzen.com\/blog\/#\/schema\/logo\/image\/\"},\"sameAs\":[\"https:\/\/x.com\/ozinzen\"]},{\"@type\":\"Person\",\"@id\":\"https:\/\/ozinzen.com\/blog\/#\/schema\/person\/c3f9b942ea7cfc90188ae840a2cf2fb1\",\"name\":\"Marc Sigrist\",\"image\":{\"@type\":\"ImageObject\",\"inLanguage\":\"fr-FR\",\"@id\":\"https:\/\/ozinzen.com\/blog\/#\/schema\/person\/image\/\",\"url\":\"https:\/\/secure.gravatar.com\/avatar\/187f82243f15c243b39ac53fcbd3ac6ae072d40425f7b43c2878b6fb120dbb31?s=96&d=mm&r=g\",\"contentUrl\":\"https:\/\/secure.gravatar.com\/avatar\/187f82243f15c243b39ac53fcbd3ac6ae072d40425f7b43c2878b6fb120dbb31?s=96&d=mm&r=g\",\"caption\":\"Marc Sigrist\"}}]}<\/script>\n<!-- \/ Yoast SEO plugin. -->","yoast_head_json":{"title":"Bella Thorne, ancienne enfant star de Disney : \"j'ai \u00e9t\u00e9 agress\u00e9e sexuellement de 6 \u00e0 14 ans, tout le monde autour de moi l\u2019a vu et n'a rien fait\" - Ozinzen","description":"Bella Thorne, ancienne vedette de Disney, affirme qu'elle a \u00e9t\u00e9 agress\u00e9e sexuellement et maltrait\u00e9e physiquement pendant ses ann\u00e9es d'enfant-actrice, et","robots":{"index":"index","follow":"follow","max-snippet":"max-snippet:-1","max-image-preview":"max-image-preview:large","max-video-preview":"max-video-preview:-1"},"canonical":"https:\/\/ozinzen.com\/blog\/bella-thorne-ancienne-enfant-star-de-disney-jai-ete-agressee-sexuellement-de-6-a-14-ans-tout-le-monde-autour-de-moi-la-vu-et-na-rien-fait\/","og_locale":"fr_FR","og_type":"article","og_title":"Bella Thorne, ancienne enfant star de Disney : \"j'ai \u00e9t\u00e9 agress\u00e9e sexuellement de 6 \u00e0 14 ans, tout le monde autour de moi l\u2019a vu et n'a rien fait\" - Ozinzen","og_description":"Bella Thorne, ancienne vedette de Disney, affirme qu'elle a \u00e9t\u00e9 agress\u00e9e sexuellement et maltrait\u00e9e physiquement pendant ses ann\u00e9es d'enfant-actrice, et","og_url":"https:\/\/ozinzen.com\/blog\/bella-thorne-ancienne-enfant-star-de-disney-jai-ete-agressee-sexuellement-de-6-a-14-ans-tout-le-monde-autour-de-moi-la-vu-et-na-rien-fait\/","og_site_name":"Ozinzen","article_published_time":"2019-07-04T14:14:38+00:00","article_modified_time":"2019-07-04T14:17:26+00:00","og_image":[{"width":474,"height":276,"url":"https:\/\/ozinzen.com\/blog\/wp-content\/uploads\/2019\/07\/bella-thorne.jpeg","type":"image\/jpeg"}],"author":"Marc Sigrist","twitter_card":"summary_large_image","twitter_creator":"@ozinzen","twitter_site":"@ozinzen","twitter_misc":{"\u00c9crit par":"Marc Sigrist","Dur\u00e9e de lecture estim\u00e9e":"1 minute"},"schema":{"@context":"https:\/\/schema.org","@graph":[{"@type":"Article","@id":"https:\/\/ozinzen.com\/blog\/bella-thorne-ancienne-enfant-star-de-disney-jai-ete-agressee-sexuellement-de-6-a-14-ans-tout-le-monde-autour-de-moi-la-vu-et-na-rien-fait\/#article","isPartOf":{"@id":"https:\/\/ozinzen.com\/blog\/bella-thorne-ancienne-enfant-star-de-disney-jai-ete-agressee-sexuellement-de-6-a-14-ans-tout-le-monde-autour-de-moi-la-vu-et-na-rien-fait\/"},"author":{"name":"Marc Sigrist","@id":"https:\/\/ozinzen.com\/blog\/#\/schema\/person\/c3f9b942ea7cfc90188ae840a2cf2fb1"},"headline":"Bella Thorne, ancienne enfant star de Disney : \u00ab\u00a0j&rsquo;ai \u00e9t\u00e9 agress\u00e9e sexuellement de 6 \u00e0 14 ans, tout le monde autour de moi l\u2019a vu et n&rsquo;a rien fait\u00a0\u00bb","datePublished":"2019-07-04T14:14:38+00:00","dateModified":"2019-07-04T14:17:26+00:00","mainEntityOfPage":{"@id":"https:\/\/ozinzen.com\/blog\/bella-thorne-ancienne-enfant-star-de-disney-jai-ete-agressee-sexuellement-de-6-a-14-ans-tout-le-monde-autour-de-moi-la-vu-et-na-rien-fait\/"},"wordCount":279,"publisher":{"@id":"https:\/\/ozinzen.com\/blog\/#organization"},"image":{"@id":"https:\/\/ozinzen.com\/blog\/bella-thorne-ancienne-enfant-star-de-disney-jai-ete-agressee-sexuellement-de-6-a-14-ans-tout-le-monde-autour-de-moi-la-vu-et-na-rien-fait\/#primaryimage"},"thumbnailUrl":"https:\/\/ozinzen.com\/blog\/wp-content\/uploads\/2019\/07\/bella-thorne.jpeg","articleSection":["Soci\u00e9t\u00e9"],"inLanguage":"fr-FR"},{"@type":"WebPage","@id":"https:\/\/ozinzen.com\/blog\/bella-thorne-ancienne-enfant-star-de-disney-jai-ete-agressee-sexuellement-de-6-a-14-ans-tout-le-monde-autour-de-moi-la-vu-et-na-rien-fait\/","url":"https:\/\/ozinzen.com\/blog\/bella-thorne-ancienne-enfant-star-de-disney-jai-ete-agressee-sexuellement-de-6-a-14-ans-tout-le-monde-autour-de-moi-la-vu-et-na-rien-fait\/","name":"Bella Thorne, ancienne enfant star de Disney : \"j'ai \u00e9t\u00e9 agress\u00e9e sexuellement de 6 \u00e0 14 ans, tout le monde autour de moi l\u2019a vu et n'a rien fait\" - Ozinzen","isPartOf":{"@id":"https:\/\/ozinzen.com\/blog\/#website"},"primaryImageOfPage":{"@id":"https:\/\/ozinzen.com\/blog\/bella-thorne-ancienne-enfant-star-de-disney-jai-ete-agressee-sexuellement-de-6-a-14-ans-tout-le-monde-autour-de-moi-la-vu-et-na-rien-fait\/#primaryimage"},"image":{"@id":"https:\/\/ozinzen.com\/blog\/bella-thorne-ancienne-enfant-star-de-disney-jai-ete-agressee-sexuellement-de-6-a-14-ans-tout-le-monde-autour-de-moi-la-vu-et-na-rien-fait\/#primaryimage"},"thumbnailUrl":"https:\/\/ozinzen.com\/blog\/wp-content\/uploads\/2019\/07\/bella-thorne.jpeg","datePublished":"2019-07-04T14:14:38+00:00","dateModified":"2019-07-04T14:17:26+00:00","description":"Bella Thorne, ancienne vedette de Disney, affirme qu'elle a \u00e9t\u00e9 agress\u00e9e sexuellement et maltrait\u00e9e physiquement pendant ses ann\u00e9es d'enfant-actrice, et","breadcrumb":{"@id":"https:\/\/ozinzen.com\/blog\/bella-thorne-ancienne-enfant-star-de-disney-jai-ete-agressee-sexuellement-de-6-a-14-ans-tout-le-monde-autour-de-moi-la-vu-et-na-rien-fait\/#breadcrumb"},"inLanguage":"fr-FR","potentialAction":[{"@type":"ReadAction","target":["https:\/\/ozinzen.com\/blog\/bella-thorne-ancienne-enfant-star-de-disney-jai-ete-agressee-sexuellement-de-6-a-14-ans-tout-le-monde-autour-de-moi-la-vu-et-na-rien-fait\/"]}]},{"@type":"ImageObject","inLanguage":"fr-FR","@id":"https:\/\/ozinzen.com\/blog\/bella-thorne-ancienne-enfant-star-de-disney-jai-ete-agressee-sexuellement-de-6-a-14-ans-tout-le-monde-autour-de-moi-la-vu-et-na-rien-fait\/#primaryimage","url":"https:\/\/ozinzen.com\/blog\/wp-content\/uploads\/2019\/07\/bella-thorne.jpeg","contentUrl":"https:\/\/ozinzen.com\/blog\/wp-content\/uploads\/2019\/07\/bella-thorne.jpeg","width":474,"height":276},{"@type":"BreadcrumbList","@id":"https:\/\/ozinzen.com\/blog\/bella-thorne-ancienne-enfant-star-de-disney-jai-ete-agressee-sexuellement-de-6-a-14-ans-tout-le-monde-autour-de-moi-la-vu-et-na-rien-fait\/#breadcrumb","itemListElement":[{"@type":"ListItem","position":1,"name":"Accueil","item":"https:\/\/ozinzen.com\/blog\/"},{"@type":"ListItem","position":2,"name":"Bella Thorne, ancienne enfant star de Disney : &#8220;j&#8217;ai \u00e9t\u00e9 agress\u00e9e sexuellement de 6 \u00e0 14 ans, tout le monde autour de moi l\u2019a vu et n&#8217;a rien fait&#8221;"}]},{"@type":"WebSite","@id":"https:\/\/ozinzen.com\/blog\/#website","url":"https:\/\/ozinzen.com\/blog\/","name":"Ozinzen","description":"Mode de vie et sant\u00e9","publisher":{"@id":"https:\/\/ozinzen.com\/blog\/#organization"},"potentialAction":[{"@type":"SearchAction","target":{"@type":"EntryPoint","urlTemplate":"https:\/\/ozinzen.com\/blog\/?s={search_term_string}"},"query-input":{"@type":"PropertyValueSpecification","valueRequired":true,"valueName":"search_term_string"}}],"inLanguage":"fr-FR"},{"@type":"Organization","@id":"https:\/\/ozinzen.com\/blog\/#organization","name":"Ozinzen","url":"https:\/\/ozinzen.com\/blog\/","logo":{"@type":"ImageObject","inLanguage":"fr-FR","@id":"https:\/\/ozinzen.com\/blog\/#\/schema\/logo\/image\/","url":"https:\/\/ozinzen.com\/blog\/wp-content\/uploads\/2023\/01\/ozinzen.png","contentUrl":"https:\/\/ozinzen.com\/blog\/wp-content\/uploads\/2023\/01\/ozinzen.png","width":64,"height":64,"caption":"Ozinzen"},"image":{"@id":"https:\/\/ozinzen.com\/blog\/#\/schema\/logo\/image\/"},"sameAs":["https:\/\/x.com\/ozinzen"]},{"@type":"Person","@id":"https:\/\/ozinzen.com\/blog\/#\/schema\/person\/c3f9b942ea7cfc90188ae840a2cf2fb1","name":"Marc Sigrist","image":{"@type":"ImageObject","inLanguage":"fr-FR","@id":"https:\/\/ozinzen.com\/blog\/#\/schema\/person\/image\/","url":"https:\/\/secure.gravatar.com\/avatar\/187f82243f15c243b39ac53fcbd3ac6ae072d40425f7b43c2878b6fb120dbb31?s=96&d=mm&r=g","contentUrl":"https:\/\/secure.gravatar.com\/avatar\/187f82243f15c243b39ac53fcbd3ac6ae072d40425f7b43c2878b6fb120dbb31?s=96&d=mm&r=g","caption":"Marc Sigrist"}}]}},"amp_enabled":true,"_links":{"self":[{"href":"https:\/\/ozinzen.com\/blog\/wp-json\/wp\/v2\/posts\/9937","targetHints":{"allow":["GET"]}}],"collection":[{"href":"https:\/\/ozinzen.com\/blog\/wp-json\/wp\/v2\/posts"}],"about":[{"href":"https:\/\/ozinzen.com\/blog\/wp-json\/wp\/v2\/types\/post"}],"author":[{"embeddable":true,"href":"https:\/\/ozinzen.com\/blog\/wp-json\/wp\/v2\/users\/2"}],"replies":[{"embeddable":true,"href":"https:\/\/ozinzen.com\/blog\/wp-json\/wp\/v2\/comments?post=9937"}],"version-history":[{"count":5,"href":"https:\/\/ozinzen.com\/blog\/wp-json\/wp\/v2\/posts\/9937\/revisions"}],"predecessor-version":[{"id":9944,"href":"https:\/\/ozinzen.com\/blog\/wp-json\/wp\/v2\/posts\/9937\/revisions\/9944"}],"wp:featuredmedia":[{"embeddable":true,"href":"https:\/\/ozinzen.com\/blog\/wp-json\/wp\/v2\/media\/9938"}],"wp:attachment":[{"href":"https:\/\/ozinzen.com\/blog\/wp-json\/wp\/v2\/media?parent=9937"}],"wp:term":[{"taxonomy":"category","embeddable":true,"href":"https:\/\/ozinzen.com\/blog\/wp-json\/wp\/v2\/categories?post=9937"},{"taxonomy":"post_tag","embeddable":true,"href":"https:\/\/ozinzen.com\/blog\/wp-json\/wp\/v2\/tags?post=9937"}],"curies":[{"name":"wp","href":"https:\/\/api.w.org\/{rel}","templated":true}]}}